{"id":9351,"date":"2024-01-06T07:03:19","date_gmt":"2024-01-06T05:03:19","guid":{"rendered":"https:\/\/toukiela.com\/leffet-veuf-explication-de-la-fin-le-destin-de-marc-et-theo-revele-dans-le-roman-leffet-veuf-ecrit-par-francois-salvaing-la-fin-laisse-place-a-une-certaine-ambiguite-quant-a\/"},"modified":"2024-01-06T07:03:20","modified_gmt":"2024-01-06T05:03:20","slug":"leffet-veuf-explication-de-la-fin-le-destin-de-marc-et-theo-revele-dans-le-roman-leffet-veuf-ecrit-par-francois-salvaing-la-fin-laisse-place-a-une-certaine-ambiguite-quant-a","status":"publish","type":"post","link":"https:\/\/toukiela.com\/es\/leffet-veuf-explicacion-del-fin-del-desierto-de-marc-y-del-desvelo-en-la-novela-leffet-veuf-escrito-por-francois-salvaing-el-fin-del-desvelo-en-la-novela-2\/","title":{"rendered":"El efecto viuda: \u00a1Explicaci\u00f3n del final! \u00a1Revelado el destino de Marc y Theo!<br \/>\n<br \/>\nEn la novela L'Effet Veuf, escrita por Fran\u00e7ois Salvaing, el final deja cierta ambig\u00fcedad sobre el destino de los protagonistas, Marc y Theo. He aqu\u00ed un intento de explicar lo que les ocurre.<br \/>\n<br \/>\nA lo largo de la historia, seguimos la evoluci\u00f3n de la relaci\u00f3n entre Marc, un anciano viudo, y Theo, un joven que se encuentra viviendo con \u00e9l tras la muerte de su madre. Marc, que se ha sentido solo desde la muerte de su esposa, encuentra en Theo una presencia reconfortante y una nueva raz\u00f3n para vivir.<br \/>\n<br \/>\nSin embargo, la novela no nos da una respuesta clara sobre la naturaleza exacta de la relaci\u00f3n entre Marc y Theo. \u00bfSe trata simplemente de una amistad profunda y sincera, o tiene tambi\u00e9n una dimensi\u00f3n rom\u00e1ntica?<br \/>\n<br \/>\nEl final de la novela sugiere que Marc est\u00e1 a punto de marcharse, dejando atr\u00e1s a Theo. Decide ponerse en camino, sin dar ninguna explicaci\u00f3n ni a Theo ni a los lectores. Esta repentina decisi\u00f3n puede interpretarse de diferentes maneras.<br \/>\n<br \/>\nAlgunos lectores pueden ver en esta marcha el deseo de Marc de recuperar su libertad, de librarse del peso de la responsabilidad que sent\u00eda hacia Theo. Tambi\u00e9n podr\u00eda ser una forma de protegerse emocionalmente, evitando involucrarse m\u00e1s en una relaci\u00f3n que podr\u00eda ser ambigua o dif\u00edcil de definir.<br \/>\n<br \/>\nOtros podr\u00edan interpretar esta marcha como una se\u00f1al de que Marc se ha dado cuenta por fin de que no puede llenar con Theo el vac\u00edo dejado por su mujer, y que debe seguir avanzando solo para encontrar su propio camino hacia la recuperaci\u00f3n.<br \/>\n<br \/>\nEn cuanto a Theo, su reacci\u00f3n ante la marcha de Marc est\u00e1 abierta a interpretaciones. Es concebible que sienta cierta pena y p\u00e9rdida, tras haber desarrollado un fuerte afecto por Marc. Sin embargo, tambi\u00e9n es posible que comprenda y acepte la decisi\u00f3n de Marc, sabiendo que es importante para \u00e9l seguir su propio camino.<br \/>\n<br \/>\nEn \u00faltima instancia, el final de L'Effet Veuf deja cierta incertidumbre sobre el futuro de los personajes. Esto permite a los lectores cuestionarse la naturaleza de sus sentimientos y el significado de su relaci\u00f3n. Sin embargo, es importante subrayar que cada lector puede interpretar el final y el destino de Marc y Theo de manera diferente, seg\u00fan su propia comprensi\u00f3n y experiencia."},"content":{"rendered":"<p><em><\/em><\/p>\n<h2>ART\u00cdCULOS RELACIONADOS<\/h2>\n<p><\/p>\n<p>Hay muchos art\u00edculos sobre el tema. Entre ellos, \"The Widow Effect: Who are Pat &amp; Redmond? Mort\", que explora los personajes de Pat y Redmond en la serie \"El efecto viuda\". Este \u00faltimo art\u00edculo analiza su identidad y destino en la serie.<\/p>\n<p><\/p>\n<p>Otro art\u00edculo interesante es \"The Sun Brothers Season 1: \u00bfEst\u00e1 inspirada en una historia real? Se trata de un an\u00e1lisis de la primera temporada de la serie \"The Sun Brothers\" y sus posibles v\u00ednculos con hechos reales.<\/p>\n<p><\/p>\n<p>Por \u00faltimo, 'Gloutons &amp; Dragons Season 2: What's the Netflix release date?' es un art\u00edculo que analiza la segunda temporada de la serie 'Gloutons &amp; Dragons' y cu\u00e1ndo estar\u00e1 disponible en Netflix.<\/p>\n<h2>M\u00c1S DEL AUTOR<\/h2>\n<p><\/p>\n<p>Adem\u00e1s de los art\u00edculos relacionados, tambi\u00e9n puede consultar otras obras del autor. Estos art\u00edculos abarcan una amplia gama de temas y le permitir\u00e1n descubrir distintas facetas de su obra.<\/p>","protected":false},"excerpt":{"rendered":"","protected":false},"author":1,"featured_media":9353,"comment_status":"open","ping_status":"open","sticky":false,"template":"","format":"standard","meta":{"_seopress_robots_primary_cat":"","_seopress_titles_title":"","_seopress_titles_desc":"","_seopress_robots_index":"","footnotes":""},"categories":[645],"tags":[],"class_list":["post-9351","post","type-post","status-publish","format-standard","has-post-thumbnail","hentry","category-netflix","generate-columns","tablet-grid-50","mobile-grid-100","grid-parent","grid-50"],"_links":{"self":[{"href":"https:\/\/toukiela.com\/es\/wp-json\/wp\/v2\/posts\/9351","targetHints":{"allow":["GET"]}}],"collection":[{"href":"https:\/\/toukiela.com\/es\/wp-json\/wp\/v2\/posts"}],"about":[{"href":"https:\/\/toukiela.com\/es\/wp-json\/wp\/v2\/types\/post"}],"author":[{"embeddable":true,"href":"https:\/\/toukiela.com\/es\/wp-json\/wp\/v2\/users\/1"}],"replies":[{"embeddable":true,"href":"https:\/\/toukiela.com\/es\/wp-json\/wp\/v2\/comments?post=9351"}],"version-history":[{"count":1,"href":"https:\/\/toukiela.com\/es\/wp-json\/wp\/v2\/posts\/9351\/revisions"}],"predecessor-version":[{"id":9352,"href":"https:\/\/toukiela.com\/es\/wp-json\/wp\/v2\/posts\/9351\/revisions\/9352"}],"wp:featuredmedia":[{"embeddable":true,"href":"https:\/\/toukiela.com\/es\/wp-json\/wp\/v2\/media\/9353"}],"wp:attachment":[{"href":"https:\/\/toukiela.com\/es\/wp-json\/wp\/v2\/media?parent=9351"}],"wp:term":[{"taxonomy":"category","embeddable":true,"href":"https:\/\/toukiela.com\/es\/wp-json\/wp\/v2\/categories?post=9351"},{"taxonomy":"post_tag","embeddable":true,"href":"https:\/\/toukiela.com\/es\/wp-json\/wp\/v2\/tags?post=9351"}],"curies":[{"name":"wp","href":"https:\/\/api.w.org\/{rel}","templated":true}]}}