{"id":9293,"date":"2024-01-04T13:09:43","date_gmt":"2024-01-04T11:09:43","guid":{"rendered":"https:\/\/toukiela.com\/les-freres-sun-saison-1-ou-a-t-elle-ete-filmee\/"},"modified":"2024-01-04T13:09:44","modified_gmt":"2024-01-04T11:09:44","slug":"les-freres-sun-saison-1-ou-a-t-elle-ete-filmee","status":"publish","type":"post","link":"https:\/\/toukiela.com\/es\/les-freres-sun-saison-1-ou-a-t-elle-ete-filmee\/","title":{"rendered":"Les Fr\u00e8res Sun Saison 1 : O\u00f9 a-t-elle \u00e9t\u00e9 film\u00e9e ?"},"content":{"rendered":"<p><em><\/em><\/p>\n<h2>Le Cercle des Neiges : Est-ce inspir\u00e9 d\u2019une histoire vraie ?<\/h2>\n<p>\nLe film \u00ab\u00a0Le Cercle des Neiges\u00a0\u00bb est-il bas\u00e9 sur une histoire r\u00e9elle ? C\u2019est une question que beaucoup de gens se posent. Le film, qui a \u00e9t\u00e9 publi\u00e9 r\u00e9cemment, a suscit\u00e9 beaucoup d\u2019int\u00e9r\u00eat et de curiosit\u00e9. Il raconte l\u2019histoire d\u2019un groupe d\u2019amis qui partent en exp\u00e9dition dans les montagnes enneig\u00e9es. Mais est-ce que cette histoire est tir\u00e9e de faits r\u00e9els ou est-ce simplement une cr\u00e9ation de l\u2019imagination des sc\u00e9naristes ? <\/p>\n<h2>Le Cercle des Neiges : O\u00f9 a-t-il \u00e9t\u00e9 film\u00e9 ? Lieux de tournage !<\/h2>\n<p>\nUn autre aspect int\u00e9ressant du film \u00ab\u00a0Le Cercle des Neiges\u00a0\u00bb est les lieux de tournage. Les paysages \u00e0 couper le souffle qui apparaissent dans le film ont attir\u00e9 l\u2019attention de nombreux spectateurs. Mais o\u00f9 ces sc\u00e8nes ont-elles \u00e9t\u00e9 tourn\u00e9es ? Quels sont les endroits r\u00e9els qui ont servi de d\u00e9cor au film ? Si vous \u00eates curieux de le savoir, continuez \u00e0 lire pour d\u00e9couvrir les lieux de tournage de \u00ab\u00a0Le Cercle des Neiges\u00a0\u00bb. <\/p>\n<h2>Rivi\u00e8re Perdue Saison 2 : Quelle date de sortie TF1 ?<\/h2>\n<p>\nEnfin, un autre sujet dont on parle beaucoup en ce moment est la saison 2 de la s\u00e9rie \u00ab\u00a0Rivi\u00e8re Perdue\u00a0\u00bb. Les fans de la s\u00e9rie attendent avec impatience la sortie de la deuxi\u00e8me saison, mais la date de sortie n\u2019a pas encore \u00e9t\u00e9 annonc\u00e9e. Alors, quand est-ce que la saison 2 de \u00ab\u00a0Rivi\u00e8re Perdue\u00a0\u00bb sera diffus\u00e9e sur TF1 ? Les fans devront attendre un peu plus longtemps pour le savoir. En attendant, ils peuvent se consoler en regardant la premi\u00e8re saison en rediffusion.<\/p>","protected":false},"excerpt":{"rendered":"","protected":false},"author":1,"featured_media":9295,"comment_status":"open","ping_status":"open","sticky":false,"template":"","format":"standard","meta":{"_seopress_robots_primary_cat":"","_seopress_titles_title":"","_seopress_titles_desc":"","_seopress_robots_index":"","footnotes":""},"categories":[645],"tags":[],"class_list":["post-9293","post","type-post","status-publish","format-standard","has-post-thumbnail","hentry","category-netflix","generate-columns","tablet-grid-50","mobile-grid-100","grid-parent","grid-50"],"_links":{"self":[{"href":"https:\/\/toukiela.com\/es\/wp-json\/wp\/v2\/posts\/9293","targetHints":{"allow":["GET"]}}],"collection":[{"href":"https:\/\/toukiela.com\/es\/wp-json\/wp\/v2\/posts"}],"about":[{"href":"https:\/\/toukiela.com\/es\/wp-json\/wp\/v2\/types\/post"}],"author":[{"embeddable":true,"href":"https:\/\/toukiela.com\/es\/wp-json\/wp\/v2\/users\/1"}],"replies":[{"embeddable":true,"href":"https:\/\/toukiela.com\/es\/wp-json\/wp\/v2\/comments?post=9293"}],"version-history":[{"count":1,"href":"https:\/\/toukiela.com\/es\/wp-json\/wp\/v2\/posts\/9293\/revisions"}],"predecessor-version":[{"id":9294,"href":"https:\/\/toukiela.com\/es\/wp-json\/wp\/v2\/posts\/9293\/revisions\/9294"}],"wp:featuredmedia":[{"embeddable":true,"href":"https:\/\/toukiela.com\/es\/wp-json\/wp\/v2\/media\/9295"}],"wp:attachment":[{"href":"https:\/\/toukiela.com\/es\/wp-json\/wp\/v2\/media?parent=9293"}],"wp:term":[{"taxonomy":"category","embeddable":true,"href":"https:\/\/toukiela.com\/es\/wp-json\/wp\/v2\/categories?post=9293"},{"taxonomy":"post_tag","embeddable":true,"href":"https:\/\/toukiela.com\/es\/wp-json\/wp\/v2\/tags?post=9293"}],"curies":[{"name":"wp","href":"https:\/\/api.w.org\/{rel}","templated":true}]}}