{"id":9197,"date":"2024-01-01T07:03:08","date_gmt":"2024-01-01T05:03:08","guid":{"rendered":"https:\/\/toukiela.com\/demain-tout-commence-explication-de-la-fin-gloria-est-elle-vraiment-morte\/"},"modified":"2024-01-01T07:03:09","modified_gmt":"2024-01-01T05:03:09","slug":"demain-tout-commence-explication-de-la-fin-gloria-est-elle-vraiment-morte","status":"publish","type":"post","link":"https:\/\/toukiela.com\/es\/manana-todo-empieza-explicacion-del-fin-de-gloria-esta-muerta-de-verdad\/","title":{"rendered":"Ma\u00f1ana empieza todo: \u00a1Explicaci\u00f3n del final! \u00bfEst\u00e1 Gloria realmente muerta?"},"content":{"rendered":"<p><em><\/em><\/p>\n<h2>Snow Circle: \u00bfCu\u00e1l es la fecha y hora de estreno en Netflix?<\/h2>\n<p><\/p>\n<p>El C\u00edrculo de Nieve es una pel\u00edcula muy esperada que pronto estar\u00e1 disponible en Netflix. Los fans est\u00e1n impacientes por conocer la fecha y hora de su estreno. Por desgracia, esta informaci\u00f3n a\u00fan no se ha hecho p\u00fablica. As\u00ed que tendremos que esperar un poco m\u00e1s para poder disfrutar de esta nueva pel\u00edcula en la plataforma de streaming. Mientras tanto, los espectadores pueden consolarse viendo otros contenidos disponibles en Netflix.<\/p>\n<h2>Sauve qui P\u00e9cho Temporada 3 Episodio 8: \u00bfCu\u00e1l es la fecha y hora de estreno?<\/h2>\n<p><\/p>\n<p>Los fans de la serie Sauve qui P\u00e9cho esperan con impaciencia el estreno del pr\u00f3ximo episodio de la tercera temporada. Por desgracia, a\u00fan no se ha anunciado la fecha ni la hora de su estreno. As\u00ed que tendremos que esperar un poco m\u00e1s para saber m\u00e1s sobre las aventuras de los personajes. Mientras tanto, los fans pueden volver a ver los episodios anteriores para meterse de nuevo en el ambiente de la serie.<\/p>\n<h2>Berl\u00edn Temporada 1: \u00bfD\u00f3nde puedes seguir al reparto en Instagram?<\/h2>\n<p><\/p>\n<p>La primera temporada de la serie Berl\u00edn ha cautivado a muchos espectadores. Algunos de ellos quieren ahora seguir a los actores de la serie en Instagram para saber m\u00e1s sobre su vida cotidiana. Por desgracia, no hay una lista oficial de las cuentas de Instagram de los actores. Sin embargo, los fans pueden buscar en la plataforma los perfiles de los actores y seguirlos para no perderse ninguna de sus novedades.<\/p>","protected":false},"excerpt":{"rendered":"","protected":false},"author":1,"featured_media":9199,"comment_status":"open","ping_status":"open","sticky":false,"template":"","format":"standard","meta":{"_seopress_robots_primary_cat":"","_seopress_titles_title":"","_seopress_titles_desc":"","_seopress_robots_index":"","footnotes":""},"categories":[645],"tags":[],"class_list":["post-9197","post","type-post","status-publish","format-standard","has-post-thumbnail","hentry","category-netflix","generate-columns","tablet-grid-50","mobile-grid-100","grid-parent","grid-50"],"_links":{"self":[{"href":"https:\/\/toukiela.com\/es\/wp-json\/wp\/v2\/posts\/9197","targetHints":{"allow":["GET"]}}],"collection":[{"href":"https:\/\/toukiela.com\/es\/wp-json\/wp\/v2\/posts"}],"about":[{"href":"https:\/\/toukiela.com\/es\/wp-json\/wp\/v2\/types\/post"}],"author":[{"embeddable":true,"href":"https:\/\/toukiela.com\/es\/wp-json\/wp\/v2\/users\/1"}],"replies":[{"embeddable":true,"href":"https:\/\/toukiela.com\/es\/wp-json\/wp\/v2\/comments?post=9197"}],"version-history":[{"count":1,"href":"https:\/\/toukiela.com\/es\/wp-json\/wp\/v2\/posts\/9197\/revisions"}],"predecessor-version":[{"id":9198,"href":"https:\/\/toukiela.com\/es\/wp-json\/wp\/v2\/posts\/9197\/revisions\/9198"}],"wp:featuredmedia":[{"embeddable":true,"href":"https:\/\/toukiela.com\/es\/wp-json\/wp\/v2\/media\/9199"}],"wp:attachment":[{"href":"https:\/\/toukiela.com\/es\/wp-json\/wp\/v2\/media?parent=9197"}],"wp:term":[{"taxonomy":"category","embeddable":true,"href":"https:\/\/toukiela.com\/es\/wp-json\/wp\/v2\/categories?post=9197"},{"taxonomy":"post_tag","embeddable":true,"href":"https:\/\/toukiela.com\/es\/wp-json\/wp\/v2\/tags?post=9197"}],"curies":[{"name":"wp","href":"https:\/\/api.w.org\/{rel}","templated":true}]}}