{"id":8354,"date":"2023-12-03T18:35:11","date_gmt":"2023-12-03T16:35:11","guid":{"rendered":"https:\/\/toukiela.com\/devoilee-la-chronologie-explosive-du-licenciement-de-sam-altman-dopenai-et-ses-consequences-inattendues\/"},"modified":"2023-12-03T18:35:12","modified_gmt":"2023-12-03T16:35:12","slug":"devoilee-la-chronologie-explosive-du-licenciement-de-sam-altman-dopenai-et-ses-consequences-inattendues","status":"publish","type":"post","link":"https:\/\/toukiela.com\/es\/devoilee-la-chronologie-explosive-du-licenciement-de-sam-altman-dopenai-et-ses-consequences-inattendues\/","title":{"rendered":"D\u00e9voil\u00e9e : La chronologie explosive du licenciement de Sam Altman d&rsquo;OpenAI et ses cons\u00e9quences inattendues !"},"content":{"rendered":"<p><em><\/em><\/p>\n<div>\n<div id=\"ez-toc-container\" class=\"ez-toc-v2_0_82_2 counter-hierarchy ez-toc-counter ez-toc-grey ez-toc-container-direction\">\n<p class=\"ez-toc-title\" style=\"cursor:inherit\">Contenido<\/p>\n<label for=\"ez-toc-cssicon-toggle-item-69f1ecdf72935\" class=\"ez-toc-cssicon-toggle-label\"><span class=\"\"><span class=\"eztoc-hide\" style=\"display:none;\">Toggle<\/span><span class=\"ez-toc-icon-toggle-span\"><svg style=\"fill: #999;color:#999\" xmlns=\"http:\/\/www.w3.org\/2000\/svg\" class=\"list-377408\" width=\"20px\" height=\"20px\" viewbox=\"0 0 24 24\" fill=\"none\"><path d=\"M6 6H4v2h2V6zm14 0H8v2h12V6zM4 11h2v2H4v-2zm16 0H8v2h12v-2zM4 16h2v2H4v-2zm16 0H8v2h12v-2z\" fill=\"currentColor\"><\/path><\/svg><svg style=\"fill: #999;color:#999\" class=\"arrow-unsorted-368013\" xmlns=\"http:\/\/www.w3.org\/2000\/svg\" width=\"10px\" height=\"10px\" viewbox=\"0 0 24 24\" version=\"1.2\" baseprofile=\"tiny\"><path d=\"M18.2 9.3l-6.2-6.3-6.2 6.3c-.2.2-.3.4-.3.7s.1.5.3.7c.2.2.4.3.7.3h11c.3 0 .5-.1.7-.3.2-.2.3-.5.3-.7s-.1-.5-.3-.7zM5.8 14.7l6.2 6.3 6.2-6.3c.2-.2.3-.5.3-.7s-.1-.5-.3-.7c-.2-.2-.4-.3-.7-.3h-11c-.3 0-.5.1-.7.3-.2.2-.3.5-.3.7s.1.5.3.7z\"\/><\/svg><\/span><\/span><\/label><input type=\"checkbox\"  id=\"ez-toc-cssicon-toggle-item-69f1ecdf72935\"  aria-label=\"Alternar\" \/><nav><ul class='ez-toc-list ez-toc-list-level-1' ><li class='ez-toc-page-1 ez-toc-heading-level-2'><a class=\"ez-toc-link ez-toc-heading-1\" href=\"https:\/\/toukiela.com\/es\/devoilee-la-chronologie-explosive-du-licenciement-de-sam-altman-dopenai-et-ses-consequences-inattendues\/#Chronologie_du_licenciement_de_Sam_Altman_dOpenAI\" >Chronologie du licenciement de Sam Altman d\u2019OpenAI<\/a><ul class='ez-toc-list-level-3' ><li class='ez-toc-heading-level-3'><a class=\"ez-toc-link ez-toc-heading-2\" href=\"https:\/\/toukiela.com\/es\/devoilee-la-chronologie-explosive-du-licenciement-de-sam-altman-dopenai-et-ses-consequences-inattendues\/#29_novembre\" >29 novembre<\/a><\/li><li class='ez-toc-page-1 ez-toc-heading-level-3'><a class=\"ez-toc-link ez-toc-heading-3\" href=\"https:\/\/toukiela.com\/es\/devoilee-la-chronologie-explosive-du-licenciement-de-sam-altman-dopenai-et-ses-consequences-inattendues\/#Microsoft_obtient_un_observateur_du_conseil_dadministration\" >Microsoft obtient un observateur du conseil d\u2019administration<\/a><\/li><li class='ez-toc-page-1 ez-toc-heading-level-3'><a class=\"ez-toc-link ez-toc-heading-4\" href=\"https:\/\/toukiela.com\/es\/devoilee-la-chronologie-explosive-du-licenciement-de-sam-altman-dopenai-et-ses-consequences-inattendues\/#21_novembre\" >21 novembre<\/a><\/li><li class='ez-toc-page-1 ez-toc-heading-level-3'><a class=\"ez-toc-link ez-toc-heading-5\" href=\"https:\/\/toukiela.com\/es\/devoilee-la-chronologie-explosive-du-licenciement-de-sam-altman-dopenai-et-ses-consequences-inattendues\/#Sam_Altman_et_OpenAI_trouvent_un_accord_pour_son_retour_en_tant_que_PDG_et_composition_du_nouveau_conseil_%C2%AB_initial_%C2%BB\" >Sam Altman et OpenAI trouvent un accord pour son retour en tant que PDG et composition du nouveau conseil \u00ab initial \u00bb<\/a><\/li><li class='ez-toc-page-1 ez-toc-heading-level-3'><a class=\"ez-toc-link ez-toc-heading-6\" href=\"https:\/\/toukiela.com\/es\/devoilee-la-chronologie-explosive-du-licenciement-de-sam-altman-dopenai-et-ses-consequences-inattendues\/#Negociations_entre_Altman_et_le_conseil_dadministration\" >N\u00e9gociations entre Altman et le conseil d\u2019administration<\/a><\/li><li class='ez-toc-page-1 ez-toc-heading-level-3'><a class=\"ez-toc-link ez-toc-heading-7\" href=\"https:\/\/toukiela.com\/es\/devoilee-la-chronologie-explosive-du-licenciement-de-sam-altman-dopenai-et-ses-consequences-inattendues\/#Tensions_au_sein_du_conseil_dadministration\" >Tensions au sein du conseil d\u2019administration<\/a><\/li><li class='ez-toc-page-1 ez-toc-heading-level-3'><a class=\"ez-toc-link ez-toc-heading-8\" href=\"https:\/\/toukiela.com\/es\/devoilee-la-chronologie-explosive-du-licenciement-de-sam-altman-dopenai-et-ses-consequences-inattendues\/#20_novembre\" >20 novembre<\/a><\/li><li class='ez-toc-page-1 ez-toc-heading-level-3'><a class=\"ez-toc-link ez-toc-heading-9\" href=\"https:\/\/toukiela.com\/es\/devoilee-la-chronologie-explosive-du-licenciement-de-sam-altman-dopenai-et-ses-consequences-inattendues\/#Altman_rejoint_Microsoft\" >Altman rejoint Microsoft<\/a><\/li><li class='ez-toc-page-1 ez-toc-heading-level-3'><a class=\"ez-toc-link ez-toc-heading-10\" href=\"https:\/\/toukiela.com\/es\/devoilee-la-chronologie-explosive-du-licenciement-de-sam-altman-dopenai-et-ses-consequences-inattendues\/#Mea_culpa_de_Sutskever\" >Mea culpa de Sutskever<\/a><\/li><li class='ez-toc-page-1 ez-toc-heading-level-3'><a class=\"ez-toc-link ez-toc-heading-11\" href=\"https:\/\/toukiela.com\/es\/devoilee-la-chronologie-explosive-du-licenciement-de-sam-altman-dopenai-et-ses-consequences-inattendues\/#Menace_de_demission_des_employes\" >Menace de d\u00e9mission des employ\u00e9s<\/a><\/li><li class='ez-toc-page-1 ez-toc-heading-level-3'><a class=\"ez-toc-link ez-toc-heading-12\" href=\"https:\/\/toukiela.com\/es\/devoilee-la-chronologie-explosive-du-licenciement-de-sam-altman-dopenai-et-ses-consequences-inattendues\/#Altman_et_Brockman_envisagent_un_retour\" >Altman et Brockman envisagent un retour<\/a><\/li><li class='ez-toc-page-1 ez-toc-heading-level-3'><a class=\"ez-toc-link ez-toc-heading-13\" href=\"https:\/\/toukiela.com\/es\/devoilee-la-chronologie-explosive-du-licenciement-de-sam-altman-dopenai-et-ses-consequences-inattendues\/#Le_conseil_dadministration_dOpenAI_envisage_une_fusion\" >Le conseil d\u2019administration d\u2019OpenAI envisage une fusion<\/a><\/li><li class='ez-toc-page-1 ez-toc-heading-level-3'><a class=\"ez-toc-link ez-toc-heading-14\" href=\"https:\/\/toukiela.com\/es\/devoilee-la-chronologie-explosive-du-licenciement-de-sam-altman-dopenai-et-ses-consequences-inattendues\/#19_novembre\" >19 novembre<\/a><\/li><li class='ez-toc-page-1 ez-toc-heading-level-3'><a class=\"ez-toc-link ez-toc-heading-15\" href=\"https:\/\/toukiela.com\/es\/devoilee-la-chronologie-explosive-du-licenciement-de-sam-altman-dopenai-et-ses-consequences-inattendues\/#Altman_rencontre_le_siege_dOpenAI\" >Altman rencontre le si\u00e8ge d\u2019OpenAI<\/a><\/li><li class='ez-toc-page-1 ez-toc-heading-level-3'><a class=\"ez-toc-link ez-toc-heading-16\" href=\"https:\/\/toukiela.com\/es\/devoilee-la-chronologie-explosive-du-licenciement-de-sam-altman-dopenai-et-ses-consequences-inattendues\/#Les_negociations_du_conseil_dadministration_rencontrent_des_obstacles\" >Les n\u00e9gociations du conseil d\u2019administration rencontrent des obstacles<\/a><\/li><li class='ez-toc-page-1 ez-toc-heading-level-3'><a class=\"ez-toc-link ez-toc-heading-17\" href=\"https:\/\/toukiela.com\/es\/devoilee-la-chronologie-explosive-du-licenciement-de-sam-altman-dopenai-et-ses-consequences-inattendues\/#Altman_exclu_Shear_nomme\" >Altman exclu, Shear nomm\u00e9<\/a><\/li><li class='ez-toc-page-1 ez-toc-heading-level-3'><a class=\"ez-toc-link ez-toc-heading-18\" href=\"https:\/\/toukiela.com\/es\/devoilee-la-chronologie-explosive-du-licenciement-de-sam-altman-dopenai-et-ses-consequences-inattendues\/#Des_chercheurs_seniors_dOpenAI_demissionnent\" >Des chercheurs seniors d\u2019OpenAI d\u00e9missionnent<\/a><\/li><li class='ez-toc-page-1 ez-toc-heading-level-3'><a class=\"ez-toc-link ez-toc-heading-19\" href=\"https:\/\/toukiela.com\/es\/devoilee-la-chronologie-explosive-du-licenciement-de-sam-altman-dopenai-et-ses-consequences-inattendues\/#16_novembre\" >16 novembre<\/a><\/li><li class='ez-toc-page-1 ez-toc-heading-level-3'><a class=\"ez-toc-link ez-toc-heading-20\" href=\"https:\/\/toukiela.com\/es\/devoilee-la-chronologie-explosive-du-licenciement-de-sam-altman-dopenai-et-ses-consequences-inattendues\/#Ilya_Sutskever_prend_rendez-vous_avec_Altman\" >Ilya Sutskever prend rendez-vous avec Altman<\/a><\/li><li class='ez-toc-page-1 ez-toc-heading-level-3'><a class=\"ez-toc-link ez-toc-heading-21\" href=\"https:\/\/toukiela.com\/es\/devoilee-la-chronologie-explosive-du-licenciement-de-sam-altman-dopenai-et-ses-consequences-inattendues\/#Murati_informee_du_licenciement_dAltman\" >Murati inform\u00e9e du licenciement d\u2019Altman<\/a><\/li><\/ul><\/li><\/ul><\/nav><\/div>\n<h2><span class=\"ez-toc-section\" id=\"Chronologie_du_licenciement_de_Sam_Altman_dOpenAI\"><\/span>Chronologie du licenciement de Sam Altman d\u2019OpenAI<span class=\"ez-toc-section-end\"><\/span><\/h2>\n<h3><span class=\"ez-toc-section\" id=\"29_novembre\"><\/span>29 novembre<span class=\"ez-toc-section-end\"><\/span><\/h3>\n<h3><span class=\"ez-toc-section\" id=\"Microsoft_obtient_un_observateur_du_conseil_dadministration\"><\/span>Microsoft obtient un observateur du conseil d\u2019administration<span class=\"ez-toc-section-end\"><\/span><\/h3>\n<p>Microsoft obtiendra une repr\u00e9sentation au sein du nouveau conseil d\u2019administration initial sous la forme d\u2019un observateur sans droit de vote, a annonc\u00e9 OpenAI. Il n\u2019\u00e9tait pas imm\u00e9diatement clair qui pourrait \u00eatre cet observateur, mais il ne participera pas officiellement aux d\u00e9cisions du conseil.<\/p>\n<h3><span class=\"ez-toc-section\" id=\"21_novembre\"><\/span>21 novembre<span class=\"ez-toc-section-end\"><\/span><\/h3>\n<h3><span class=\"ez-toc-section\" id=\"Sam_Altman_et_OpenAI_trouvent_un_accord_pour_son_retour_en_tant_que_PDG_et_composition_du_nouveau_conseil_%C2%AB_initial_%C2%BB\"><\/span>Sam Altman et OpenAI trouvent un accord pour son retour en tant que PDG et composition du nouveau conseil \u00ab initial \u00bb<span class=\"ez-toc-section-end\"><\/span><\/h3>\n<p>Lors d\u2019une annonce tardive, OpenAI a r\u00e9v\u00e9l\u00e9 que lui et Altman \u00ab sont parvenus \u00e0 un accord de principe \u00bb pour son retour en tant que PDG de l\u2019entreprise. En plus du retour d\u2019Altman, le nouveau conseil comprendra l\u2019ancien PDG de Salesforce, Bret Taylor, l\u2019ancien secr\u00e9taire du Tr\u00e9sor des \u00c9tats-Unis, Larry Summers, et le fondateur de Quora, Adam D\u2019Angelo.<\/p>\n<p>Altman a \u00e9galement publi\u00e9 un message sur le nouvel accord, donnant ainsi un aper\u00e7u de la montagne russe que nous avons tous v\u00e9cue depuis l\u2019annonce de son licenciement vendredi. Selon lui, sa d\u00e9cision de rejoindre Microsoft le dimanche \u00ab \u00e9tait la meilleure voie pour moi et l\u2019\u00e9quipe \u00bb. Depuis lors, la composition du nouveau conseil et le soutien de Microsoft semblent avoir suffi pour le ramener dans l\u2019entreprise d\u2019IA qu\u2019il a cofond\u00e9e.<\/p>\n<h3><span class=\"ez-toc-section\" id=\"Negociations_entre_Altman_et_le_conseil_dadministration\"><\/span>N\u00e9gociations entre Altman et le conseil d\u2019administration<span class=\"ez-toc-section-end\"><\/span><\/h3>\n<p>Le conseil d\u2019administration d\u2019OpenAI serait en pourparlers avec Sam Altman, ancien pr\u00e9sident de Y Combinator et cofondateur d\u2019OpenAI, pour qu\u2019il revienne en tant que PDG d\u00e8s cette semaine. C\u2019est ce que rapporte Bloomberg, citant des sources proches du dossier, qui indiquent que des discussions sont en cours entre Adam D\u2019Angelo, PDG de Quora et membre actuel du conseil d\u2019administration d\u2019OpenAI, Altman, et \u00e9ventuellement d\u2019autres membres du conseil.<\/p>\n<h3><span class=\"ez-toc-section\" id=\"Tensions_au_sein_du_conseil_dadministration\"><\/span>Tensions au sein du conseil d\u2019administration<span class=\"ez-toc-section-end\"><\/span><\/h3>\n<p>The New York Times rapporte qu\u2019avant son licenciement, Sam Altman a tent\u00e9 de pousser Helen Toner, membre du conseil d\u2019administration, \u00e0 partir parce qu\u2019il pensait qu\u2019un article qu\u2019elle avait co-\u00e9crit \u00e9tait excessivement critique envers OpenAI. Cela, entre autres probl\u00e8mes, a conduit \u00e0 la situation actuelle d\u2019OpenAI. Le Times indique \u00e9galement que les n\u00e9gociations pour r\u00e9embaucher Altman se poursuivent, mais qu\u2019il reste un point majeur de d\u00e9saccord, \u00e0 savoir les \u00ab balises de s\u00e9curit\u00e9 \u00bb destin\u00e9es \u00e0 am\u00e9liorer la communication d\u2019Altman avec le conseil d\u2019administration.<\/p>\n<h3><span class=\"ez-toc-section\" id=\"20_novembre\"><\/span>20 novembre<span class=\"ez-toc-section-end\"><\/span><\/h3>\n<h3><span class=\"ez-toc-section\" id=\"Altman_rejoint_Microsoft\"><\/span>Altman rejoint Microsoft<span class=\"ez-toc-section-end\"><\/span><\/h3>\n<p>Sam Altman, Greg Brockman et leurs coll\u00e8gues annoncent qu\u2019ils rejoindront Microsoft pour diriger une nouvelle \u00e9quipe de recherche en IA. Nadella laisse la porte ouverte \u00e0 d\u2019autres employ\u00e9s d\u2019OpenAI, en leur assurant les ressources dont ils ont besoin s\u2019ils choisissent de le rejoindre.<\/p>\n<h3><span class=\"ez-toc-section\" id=\"Mea_culpa_de_Sutskever\"><\/span>Mea culpa de Sutskever<span class=\"ez-toc-section-end\"><\/span><\/h3>\n<p>Sutskever publie un article sur X dans lequel il exprime des regrets quant \u00e0 sa d\u00e9cision de licencier Altman et affirme qu\u2019il fera tout ce qui est en son pouvoir pour le r\u00e9int\u00e9grer en tant que PDG.<\/p>\n<h3><span class=\"ez-toc-section\" id=\"Menace_de_demission_des_employes\"><\/span>Menace de d\u00e9mission des employ\u00e9s<span class=\"ez-toc-section-end\"><\/span><\/h3>\n<p>Pr\u00e8s de 500 des quelque 770 employ\u00e9s d\u2019OpenAI, dont Sutskever lui-m\u00eame, publient une lettre indiquant qu\u2019ils pourraient d\u00e9missionner si le conseil d\u2019administration de la start-up ne d\u00e9missionne pas et ne r\u00e9int\u00e8gre pas Altman. Plus tard lundi, ce nombre est pass\u00e9 \u00e0 plus de 650.<\/p>\n<h3><span class=\"ez-toc-section\" id=\"Altman_et_Brockman_envisagent_un_retour\"><\/span>Altman et Brockman envisagent un retour<span class=\"ez-toc-section-end\"><\/span><\/h3>\n<p>Comme le rapporte The Verge, le d\u00e9part d\u2019Altman pour Microsoft n\u2019est pas d\u00e9finitif et tant Altman que Brockman sont toujours dispos\u00e9s \u00e0 revenir chez OpenAI. Cependant, cela d\u00e9pendra du d\u00e9part des membres restants du conseil d\u2019administration qui les ont licenci\u00e9s.<\/p>\n<h3><span class=\"ez-toc-section\" id=\"Le_conseil_dadministration_dOpenAI_envisage_une_fusion\"><\/span>Le conseil d\u2019administration d\u2019OpenAI envisage une fusion<span class=\"ez-toc-section-end\"><\/span><\/h3>\n<p>Le conseil d\u2019administration d\u2019OpenAI a approch\u00e9 Dario Amodei, cofondateur et PDG du d\u00e9veloppeur de mod\u00e8les linguistiques de grande envergure rival Anthropic, pour une \u00e9ventuelle fusion des deux entreprises, selon The Information. Cette approche faisait partie des efforts d\u2019OpenAI pour persuader Amodei de remplacer Altman en tant que PDG, mais Amodei a rapidement refus\u00e9 l\u2019offre.<\/p>\n<h3><span class=\"ez-toc-section\" id=\"19_novembre\"><\/span>19 novembre<span class=\"ez-toc-section-end\"><\/span><\/h3>\n<h3><span class=\"ez-toc-section\" id=\"Altman_rencontre_le_siege_dOpenAI\"><\/span>Altman rencontre le si\u00e8ge d\u2019OpenAI<span class=\"ez-toc-section-end\"><\/span><\/h3>\n<p>Selon The Information, Altman devrait rencontrer le si\u00e8ge d\u2019OpenAI \u00e0 San Francisco, alors que les dirigeants d\u2019OpenAI font pression pour qu\u2019il soit r\u00e9int\u00e9gr\u00e9 en tant que PDG. Brockman a \u00e9t\u00e9 invit\u00e9 \u00e0 se joindre \u00e0 eux, mais il n\u2019est pas certain s\u2019il acceptera cette invitation.<\/p>\n<h3><span class=\"ez-toc-section\" id=\"Les_negociations_du_conseil_dadministration_rencontrent_des_obstacles\"><\/span>Les n\u00e9gociations du conseil d\u2019administration rencontrent des obstacles<span class=\"ez-toc-section-end\"><\/span><\/h3>\n<p>Bloomberg rapporte que Lightcap et Murati, entre autres, exercent une pression sur le conseil d\u2019administration pour r\u00e9int\u00e9grer Altman. Mais sans surprise, les directeurs r\u00e9sistent. \u00c0 la mi-journ\u00e9e dimanche, le conseil n\u2019avait pas d\u00e9missionn\u00e9 par crainte de qui pourrait les remplacer et il examinait les candidatures. L\u2019une des nouvelles recrues possibles pourrait \u00eatre Bret Taylor, co-PDG de Salesforce.<\/p>\n<h3><span class=\"ez-toc-section\" id=\"Altman_exclu_Shear_nomme\"><\/span>Altman exclu, Shear nomm\u00e9<span class=\"ez-toc-section-end\"><\/span><\/h3>\n<p>Altman ne reviendra pas en tant que PDG, selon un rapport de The Information citant un m\u00e9mo interne envoy\u00e9 par Sutskever. Pendant que la recherche d\u2019un nouveau PDG permanent se poursuit, OpenAI a nomm\u00e9 Emmett Shear, co-fondateur du site de streaming vid\u00e9o Twitch, en tant que PDG par int\u00e9rim, rempla\u00e7ant Murati.<\/p>\n<h3><span class=\"ez-toc-section\" id=\"Des_chercheurs_seniors_dOpenAI_demissionnent\"><\/span>Des chercheurs seniors d\u2019OpenAI d\u00e9missionnent<span class=\"ez-toc-section-end\"><\/span><\/h3>\n<p>Trois chercheurs seniors d\u2019OpenAI d\u00e9missionnent apr\u00e8s Brockman, dont le directeur de la recherche Jakub Pachocki et le responsable de la pr\u00e9paration Aleksander Madry.<\/p>\n<h3><span class=\"ez-toc-section\" id=\"16_novembre\"><\/span>16 novembre<span class=\"ez-toc-section-end\"><\/span><\/h3>\n<h3><span class=\"ez-toc-section\" id=\"Ilya_Sutskever_prend_rendez-vous_avec_Altman\"><\/span>Ilya Sutskever prend rendez-vous avec Altman<span class=\"ez-toc-section-end\"><\/span><\/h3>\n<p>Selon un message sur X (anciennement Twitter) de Brockman, Ilya Sutskever, scientifique en chef chez OpenAI et cofondateur, a envoy\u00e9 un SMS \u00e0 Altman jeudi soir pour fixer un rendez-vous vendredi midi.<\/p>\n<h3><span class=\"ez-toc-section\" id=\"Murati_informee_du_licenciement_dAltman\"><\/span>Murati inform\u00e9e du licenciement d\u2019Altman<span class=\"ez-toc-section-end\"><\/span><\/h3>\n<p>Brockman affirme que Mira Murati, CTO d\u2019OpenAI et maintenant PDG par int\u00e9rim, a \u00e9t\u00e9 inform\u00e9e jeudi soir que Altman serait licenci\u00e9.<\/p>\n<\/div>\n<p><script async src=\"%5C%22https:\/\/platform.twitter.com\/widgets.js%5C%22\" charset='\\\"utf-8\\\"'><\/script><\/p>","protected":false},"excerpt":{"rendered":"","protected":false},"author":1,"featured_media":8356,"comment_status":"open","ping_status":"open","sticky":false,"template":"","format":"standard","meta":{"_seopress_robots_primary_cat":"","_seopress_titles_title":"","_seopress_titles_desc":"","_seopress_robots_index":"","footnotes":""},"categories":[608],"tags":[],"class_list":["post-8354","post","type-post","status-publish","format-standard","has-post-thumbnail","hentry","category-actualite-intelligence-artificielle","generate-columns","tablet-grid-50","mobile-grid-100","grid-parent","grid-50"],"_links":{"self":[{"href":"https:\/\/toukiela.com\/es\/wp-json\/wp\/v2\/posts\/8354","targetHints":{"allow":["GET"]}}],"collection":[{"href":"https:\/\/toukiela.com\/es\/wp-json\/wp\/v2\/posts"}],"about":[{"href":"https:\/\/toukiela.com\/es\/wp-json\/wp\/v2\/types\/post"}],"author":[{"embeddable":true,"href":"https:\/\/toukiela.com\/es\/wp-json\/wp\/v2\/users\/1"}],"replies":[{"embeddable":true,"href":"https:\/\/toukiela.com\/es\/wp-json\/wp\/v2\/comments?post=8354"}],"version-history":[{"count":1,"href":"https:\/\/toukiela.com\/es\/wp-json\/wp\/v2\/posts\/8354\/revisions"}],"predecessor-version":[{"id":8355,"href":"https:\/\/toukiela.com\/es\/wp-json\/wp\/v2\/posts\/8354\/revisions\/8355"}],"wp:featuredmedia":[{"embeddable":true,"href":"https:\/\/toukiela.com\/es\/wp-json\/wp\/v2\/media\/8356"}],"wp:attachment":[{"href":"https:\/\/toukiela.com\/es\/wp-json\/wp\/v2\/media?parent=8354"}],"wp:term":[{"taxonomy":"category","embeddable":true,"href":"https:\/\/toukiela.com\/es\/wp-json\/wp\/v2\/categories?post=8354"},{"taxonomy":"post_tag","embeddable":true,"href":"https:\/\/toukiela.com\/es\/wp-json\/wp\/v2\/tags?post=8354"}],"curies":[{"name":"wp","href":"https:\/\/api.w.org\/{rel}","templated":true}]}}