{"id":8135,"date":"2023-11-26T16:01:15","date_gmt":"2023-11-26T14:01:15","guid":{"rendered":"https:\/\/toukiela.com\/scandale-chez-openai-decouvrez-la-chronologie-explosive-du-licenciement-de-sam-altman-et-ses-consequences-desastreuses\/"},"modified":"2023-11-26T16:01:16","modified_gmt":"2023-11-26T14:01:16","slug":"scandale-chez-openai-decouvrez-la-chronologie-explosive-du-licenciement-de-sam-altman-et-ses-consequences-desastreuses","status":"publish","type":"post","link":"https:\/\/toukiela.com\/es\/scandale-chez-openai-decouvrez-la-chronologie-explosive-du-licenciement-de-sam-altman-et-ses-consequences-desastreuses\/","title":{"rendered":"Scandale chez OpenAI : D\u00e9couvrez la chronologie explosive du licenciement de Sam Altman et ses cons\u00e9quences d\u00e9sastreuses"},"content":{"rendered":"<p><em><\/em><\/p>\n<div id=\"ez-toc-container\" class=\"ez-toc-v2_0_82_2 counter-hierarchy ez-toc-counter ez-toc-grey ez-toc-container-direction\">\n<p class=\"ez-toc-title\" style=\"cursor:inherit\">Contenido<\/p>\n<label for=\"ez-toc-cssicon-toggle-item-69f1e2cdbecad\" class=\"ez-toc-cssicon-toggle-label\"><span class=\"\"><span class=\"eztoc-hide\" style=\"display:none;\">Toggle<\/span><span class=\"ez-toc-icon-toggle-span\"><svg style=\"fill: #999;color:#999\" xmlns=\"http:\/\/www.w3.org\/2000\/svg\" class=\"list-377408\" width=\"20px\" height=\"20px\" viewbox=\"0 0 24 24\" fill=\"none\"><path d=\"M6 6H4v2h2V6zm14 0H8v2h12V6zM4 11h2v2H4v-2zm16 0H8v2h12v-2zM4 16h2v2H4v-2zm16 0H8v2h12v-2z\" fill=\"currentColor\"><\/path><\/svg><svg style=\"fill: #999;color:#999\" class=\"arrow-unsorted-368013\" xmlns=\"http:\/\/www.w3.org\/2000\/svg\" width=\"10px\" height=\"10px\" viewbox=\"0 0 24 24\" version=\"1.2\" baseprofile=\"tiny\"><path d=\"M18.2 9.3l-6.2-6.3-6.2 6.3c-.2.2-.3.4-.3.7s.1.5.3.7c.2.2.4.3.7.3h11c.3 0 .5-.1.7-.3.2-.2.3-.5.3-.7s-.1-.5-.3-.7zM5.8 14.7l6.2 6.3 6.2-6.3c.2-.2.3-.5.3-.7s-.1-.5-.3-.7c-.2-.2-.4-.3-.7-.3h-11c-.3 0-.5.1-.7.3-.2.2-.3.5-.3.7s.1.5.3.7z\"\/><\/svg><\/span><\/span><\/label><input type=\"checkbox\"  id=\"ez-toc-cssicon-toggle-item-69f1e2cdbecad\"  aria-label=\"Alternar\" \/><nav><ul class='ez-toc-list ez-toc-list-level-1' ><li class='ez-toc-page-1 ez-toc-heading-level-2'><a class=\"ez-toc-link ez-toc-heading-1\" href=\"https:\/\/toukiela.com\/es\/scandale-chez-openai-decouvrez-la-chronologie-explosive-du-licenciement-de-sam-altman-et-ses-consequences-desastreuses\/#Chronologie_du_licenciement_de_Sam_Altman_dOpenAI\" >Chronologie du licenciement de Sam Altman d\u2019OpenAI<\/a><ul class='ez-toc-list-level-3' ><li class='ez-toc-heading-level-3'><a class=\"ez-toc-link ez-toc-heading-2\" href=\"https:\/\/toukiela.com\/es\/scandale-chez-openai-decouvrez-la-chronologie-explosive-du-licenciement-de-sam-altman-et-ses-consequences-desastreuses\/#21_novembre\" >21 novembre<\/a><\/li><li class='ez-toc-page-1 ez-toc-heading-level-3'><a class=\"ez-toc-link ez-toc-heading-3\" href=\"https:\/\/toukiela.com\/es\/scandale-chez-openai-decouvrez-la-chronologie-explosive-du-licenciement-de-sam-altman-et-ses-consequences-desastreuses\/#Sam_Altman_et_OpenAI_trouvent_un_accord_sur_son_retour_en_tant_que_PDG_et_sur_le_nouveau_conseil_dadministration\" >Sam Altman et OpenAI trouvent un accord sur son retour en tant que PDG et sur le nouveau conseil d\u2019administration<\/a><\/li><li class='ez-toc-page-1 ez-toc-heading-level-3'><a class=\"ez-toc-link ez-toc-heading-4\" href=\"https:\/\/toukiela.com\/es\/scandale-chez-openai-decouvrez-la-chronologie-explosive-du-licenciement-de-sam-altman-et-ses-consequences-desastreuses\/#Altman_et_le_conseil_dadministration_en_discussion\" >Altman et le conseil d\u2019administration en discussion<\/a><\/li><li class='ez-toc-page-1 ez-toc-heading-level-3'><a class=\"ez-toc-link ez-toc-heading-5\" href=\"https:\/\/toukiela.com\/es\/scandale-chez-openai-decouvrez-la-chronologie-explosive-du-licenciement-de-sam-altman-et-ses-consequences-desastreuses\/#Les_tensions_au_sein_du_conseil_dadministration_eclatent\" >Les tensions au sein du conseil d\u2019administration \u00e9clatent<\/a><\/li><li class='ez-toc-page-1 ez-toc-heading-level-3'><a class=\"ez-toc-link ez-toc-heading-6\" href=\"https:\/\/toukiela.com\/es\/scandale-chez-openai-decouvrez-la-chronologie-explosive-du-licenciement-de-sam-altman-et-ses-consequences-desastreuses\/#20_novembre\" >20 novembre<\/a><\/li><li class='ez-toc-page-1 ez-toc-heading-level-3'><a class=\"ez-toc-link ez-toc-heading-7\" href=\"https:\/\/toukiela.com\/es\/scandale-chez-openai-decouvrez-la-chronologie-explosive-du-licenciement-de-sam-altman-et-ses-consequences-desastreuses\/#Altman_rejoint_Microsoft\" >Altman rejoint Microsoft<\/a><\/li><li class='ez-toc-page-1 ez-toc-heading-level-3'><a class=\"ez-toc-link ez-toc-heading-8\" href=\"https:\/\/toukiela.com\/es\/scandale-chez-openai-decouvrez-la-chronologie-explosive-du-licenciement-de-sam-altman-et-ses-consequences-desastreuses\/#Les_excuses_de_Sutskever\" >Les excuses de Sutskever<\/a><\/li><li class='ez-toc-page-1 ez-toc-heading-level-3'><a class=\"ez-toc-link ez-toc-heading-9\" href=\"https:\/\/toukiela.com\/es\/scandale-chez-openai-decouvrez-la-chronologie-explosive-du-licenciement-de-sam-altman-et-ses-consequences-desastreuses\/#Les_employes_menacent_de_demissionner\" >Les employ\u00e9s menacent de d\u00e9missionner<\/a><\/li><li class='ez-toc-page-1 ez-toc-heading-level-3'><a class=\"ez-toc-link ez-toc-heading-10\" href=\"https:\/\/toukiela.com\/es\/scandale-chez-openai-decouvrez-la-chronologie-explosive-du-licenciement-de-sam-altman-et-ses-consequences-desastreuses\/#Altman_et_Brockman_envisagent_un_retour\" >Altman et Brockman envisagent un retour<\/a><\/li><li class='ez-toc-page-1 ez-toc-heading-level-3'><a class=\"ez-toc-link ez-toc-heading-11\" href=\"https:\/\/toukiela.com\/es\/scandale-chez-openai-decouvrez-la-chronologie-explosive-du-licenciement-de-sam-altman-et-ses-consequences-desastreuses\/#Le_conseil_dadministration_dOpenAI_envisage_une_fusion\" >Le conseil d\u2019administration d\u2019OpenAI envisage une fusion<\/a><\/li><li class='ez-toc-page-1 ez-toc-heading-level-3'><a class=\"ez-toc-link ez-toc-heading-12\" href=\"https:\/\/toukiela.com\/es\/scandale-chez-openai-decouvrez-la-chronologie-explosive-du-licenciement-de-sam-altman-et-ses-consequences-desastreuses\/#19_novembre\" >19 novembre<\/a><\/li><li class='ez-toc-page-1 ez-toc-heading-level-3'><a class=\"ez-toc-link ez-toc-heading-13\" href=\"https:\/\/toukiela.com\/es\/scandale-chez-openai-decouvrez-la-chronologie-explosive-du-licenciement-de-sam-altman-et-ses-consequences-desastreuses\/#Altman_doit_se_rendre_au_siege_dOpenAI\" >Altman doit se rendre au si\u00e8ge d\u2019OpenAI<\/a><\/li><li class='ez-toc-page-1 ez-toc-heading-level-3'><a class=\"ez-toc-link ez-toc-heading-14\" href=\"https:\/\/toukiela.com\/es\/scandale-chez-openai-decouvrez-la-chronologie-explosive-du-licenciement-de-sam-altman-et-ses-consequences-desastreuses\/#Les_negociations_avec_le_conseil_dadministration_rencontrent_des_difficultes\" >Les n\u00e9gociations avec le conseil d\u2019administration rencontrent des difficult\u00e9s<\/a><\/li><li class='ez-toc-page-1 ez-toc-heading-level-3'><a class=\"ez-toc-link ez-toc-heading-15\" href=\"https:\/\/toukiela.com\/es\/scandale-chez-openai-decouvrez-la-chronologie-explosive-du-licenciement-de-sam-altman-et-ses-consequences-desastreuses\/#Altman_ecarte_Shear_nomme\" >Altman \u00e9cart\u00e9, Shear nomm\u00e9<\/a><\/li><li class='ez-toc-page-1 ez-toc-heading-level-3'><a class=\"ez-toc-link ez-toc-heading-16\" href=\"https:\/\/toukiela.com\/es\/scandale-chez-openai-decouvrez-la-chronologie-explosive-du-licenciement-de-sam-altman-et-ses-consequences-desastreuses\/#Des_chercheurs_seniors_dOpenAI_demissionnent\" >Des chercheurs seniors d\u2019OpenAI d\u00e9missionnent<\/a><\/li><li class='ez-toc-page-1 ez-toc-heading-level-3'><a class=\"ez-toc-link ez-toc-heading-17\" href=\"https:\/\/toukiela.com\/es\/scandale-chez-openai-decouvrez-la-chronologie-explosive-du-licenciement-de-sam-altman-et-ses-consequences-desastreuses\/#16_novembre\" >16 novembre<\/a><\/li><li class='ez-toc-page-1 ez-toc-heading-level-3'><a class=\"ez-toc-link ez-toc-heading-18\" href=\"https:\/\/toukiela.com\/es\/scandale-chez-openai-decouvrez-la-chronologie-explosive-du-licenciement-de-sam-altman-et-ses-consequences-desastreuses\/#Ilya_Sutskever_fixe_un_appel_avec_Altman\" >Ilya Sutskever fixe un appel avec Altman<\/a><\/li><li class='ez-toc-page-1 ez-toc-heading-level-3'><a class=\"ez-toc-link ez-toc-heading-19\" href=\"https:\/\/toukiela.com\/es\/scandale-chez-openai-decouvrez-la-chronologie-explosive-du-licenciement-de-sam-altman-et-ses-consequences-desastreuses\/#Murati_informee_du_licenciement_dAltman\" >Murati inform\u00e9e du licenciement d\u2019Altman<\/a><\/li><\/ul><\/li><\/ul><\/nav><\/div>\n<h2><span class=\"ez-toc-section\" id=\"Chronologie_du_licenciement_de_Sam_Altman_dOpenAI\"><\/span>Chronologie du licenciement de Sam Altman d\u2019OpenAI<span class=\"ez-toc-section-end\"><\/span><\/h2>\n<h3><span class=\"ez-toc-section\" id=\"21_novembre\"><\/span>21 novembre<span class=\"ez-toc-section-end\"><\/span><\/h3>\n<h3><span class=\"ez-toc-section\" id=\"Sam_Altman_et_OpenAI_trouvent_un_accord_sur_son_retour_en_tant_que_PDG_et_sur_le_nouveau_conseil_dadministration\"><\/span>Sam Altman et OpenAI trouvent un accord sur son retour en tant que PDG et sur le nouveau conseil d\u2019administration<span class=\"ez-toc-section-end\"><\/span><\/h3>\n<p>Lors d\u2019une annonce tardive, OpenAI r\u00e9v\u00e8le qu\u2019elle et Altman \u00ab\u00a0ont trouv\u00e9 un accord de principe\u00a0\u00bb pour son retour en tant que PDG de l\u2019entreprise. En plus du retour d\u2019Altman, son nouveau conseil d\u2019administration \u00ab\u00a0initial\u00a0\u00bb comprendra l\u2019ancien directeur g\u00e9n\u00e9ral de Salesforce, Bret Taylor, l\u2019ancien secr\u00e9taire am\u00e9ricain au Tr\u00e9sor, Larry Summers, et le fondateur de Quora, Adam D\u2019Angelo.<\/p>\n<p>Altman a \u00e9galement publi\u00e9 un message sur le nouvel accord, donnant un aper\u00e7u des rebondissements depuis l\u2019annonce de son licenciement vendredi. Selon lui, sa d\u00e9cision de rejoindre Microsoft le dimanche \u00e9tait \u00ab\u00a0le meilleur choix pour lui et son \u00e9quipe\u00a0\u00bb. Depuis lors, la composition du nouveau conseil d\u2019administration et le soutien de Microsoft semblent avoir suffi \u00e0 le ramener au sein de l\u2019entreprise d\u2019IA qu\u2019il a cofond\u00e9e.<\/p>\n<h3><span class=\"ez-toc-section\" id=\"Altman_et_le_conseil_dadministration_en_discussion\"><\/span>Altman et le conseil d\u2019administration en discussion<span class=\"ez-toc-section-end\"><\/span><\/h3>\n<p>Le conseil d\u2019administration d\u2019OpenAI serait en discussion avec Sam Altman, ancien pr\u00e9sident d\u2019Y Combinator et cofondateur d\u2019OpenAI, pour qu\u2019il revienne en tant que PDG d\u00e8s cette semaine. C\u2019est ce que rapporte Bloomberg, citant des sources proches du sujet, selon lesquelles des discussions sont en cours entre Adam D\u2019Angelo, PDG de Quora et membre actuel du conseil d\u2019administration d\u2019OpenAI, et Altman, ainsi que d\u2019autres membres du conseil d\u2019administration.<\/p>\n<h3><span class=\"ez-toc-section\" id=\"Les_tensions_au_sein_du_conseil_dadministration_eclatent\"><\/span>Les tensions au sein du conseil d\u2019administration \u00e9clatent<span class=\"ez-toc-section-end\"><\/span><\/h3>\n<p>Le New York Times rapporte que, avant son licenciement, Sam Altman a tent\u00e9 de faire partir la membre du conseil d\u2019administration Helen Toner parce qu\u2019il pensait qu\u2019un article qu\u2019elle avait co-\u00e9crit \u00e9tait trop critique envers OpenAI. Cela, entre autres probl\u00e8mes, a conduit \u00e0 la situation actuelle d\u2019OpenAI. Selon le Times, les n\u00e9gociations pour r\u00e9embaucher Altman se poursuivent, mais un point majeur reste en suspens : les \u00ab\u00a0garde-fous\u00a0\u00bb destin\u00e9s \u00e0 am\u00e9liorer la communication d\u2019Altman avec le conseil d\u2019administration.<\/p>\n<h3><span class=\"ez-toc-section\" id=\"20_novembre\"><\/span>20 novembre<span class=\"ez-toc-section-end\"><\/span><\/h3>\n<h3><span class=\"ez-toc-section\" id=\"Altman_rejoint_Microsoft\"><\/span>Altman rejoint Microsoft<span class=\"ez-toc-section-end\"><\/span><\/h3>\n<p>Sam Altman, Greg Brockman et leurs coll\u00e8gues annoncent qu\u2019ils rejoindront Microsoft pour diriger une nouvelle \u00e9quipe de recherche en intelligence artificielle. Nadella laisse la porte ouverte aux autres employ\u00e9s d\u2019OpenAI, en leur disant qu\u2019ils auront les ressources n\u00e9cessaires s\u2019ils choisissent de rejoindre Microsoft.<\/p>\n<h3><span class=\"ez-toc-section\" id=\"Les_excuses_de_Sutskever\"><\/span>Les excuses de Sutskever<span class=\"ez-toc-section-end\"><\/span><\/h3>\n<p>Sutskever publie un article sur X dans lequel il exprime des regrets quant \u00e0 sa d\u00e9cision de licencier Altman et assure qu\u2019il fera tout son possible pour le r\u00e9tablir en tant que PDG.<\/p>\n<h3><span class=\"ez-toc-section\" id=\"Les_employes_menacent_de_demissionner\"><\/span>Les employ\u00e9s menacent de d\u00e9missionner<span class=\"ez-toc-section-end\"><\/span><\/h3>\n<p>Pr\u00e8s de 500 des quelque 770 employ\u00e9s d\u2019OpenAI, y compris, remarquablement, Sutskever, publient une lettre indiquant qu\u2019ils pourraient d\u00e9missionner \u00e0 moins que le conseil d\u2019administration de la start-up ne d\u00e9missionne et ne r\u00e9installe Altman. Plus tard, ce nombre est pass\u00e9 \u00e0 plus de 650.<\/p>\n<h3><span class=\"ez-toc-section\" id=\"Altman_et_Brockman_envisagent_un_retour\"><\/span>Altman et Brockman envisagent un retour<span class=\"ez-toc-section-end\"><\/span><\/h3>\n<p>Comme le rapporte The Verge, le d\u00e9part de Altman pour Microsoft n\u2019est pas d\u00e9finitif, et Altman et Brockman sont toujours pr\u00eats \u00e0 revenir chez OpenAI. Cependant, cela d\u00e9pend du d\u00e9part des membres restants du conseil d\u2019administration qui l\u2019ont initialement licenci\u00e9.<\/p>\n<h3><span class=\"ez-toc-section\" id=\"Le_conseil_dadministration_dOpenAI_envisage_une_fusion\"><\/span>Le conseil d\u2019administration d\u2019OpenAI envisage une fusion<span class=\"ez-toc-section-end\"><\/span><\/h3>\n<p>Le conseil d\u2019administration d\u2019OpenAI a approch\u00e9 Dario Amodei, cofondateur et PDG d\u2019Anthropic, un d\u00e9veloppeur rival de grands mod\u00e8les linguistiques, \u00e0 propos d\u2019une fusion \u00e9ventuelle des deux entreprises, rapporte The Information. Cette approche faisait partie des efforts d\u2019OpenAI pour persuader Amodei de remplacer Altman en tant que PDG, mais Amodei a rapidement refus\u00e9 l\u2019offre de PDG.<\/p>\n<h3><span class=\"ez-toc-section\" id=\"19_novembre\"><\/span>19 novembre<span class=\"ez-toc-section-end\"><\/span><\/h3>\n<h3><span class=\"ez-toc-section\" id=\"Altman_doit_se_rendre_au_siege_dOpenAI\"><\/span>Altman doit se rendre au si\u00e8ge d\u2019OpenAI<span class=\"ez-toc-section-end\"><\/span><\/h3>\n<p>Selon The Information, Altman est cens\u00e9 se rendre au si\u00e8ge de San Francisco d\u2019OpenAI alors que les dirigeants de l\u2019entreprise poussent pour qu\u2019il soit r\u00e9int\u00e9gr\u00e9 en tant que PDG. Brockman a \u00e9t\u00e9 invit\u00e9 \u00e0 se joindre \u00e0 eux, mais il n\u2019est pas certain qu\u2019il accepte cette invitation.<\/p>\n<h3><span class=\"ez-toc-section\" id=\"Les_negociations_avec_le_conseil_dadministration_rencontrent_des_difficultes\"><\/span>Les n\u00e9gociations avec le conseil d\u2019administration rencontrent des difficult\u00e9s<span class=\"ez-toc-section-end\"><\/span><\/h3>\n<p>Selon Bloomberg, Lightcap et Murati, entre autres, exercent une pression sur le conseil d\u2019administration pour r\u00e9int\u00e9grer Altman. Mais sans surprise, les administrateurs r\u00e9sistent. \u00c0 la mi-journ\u00e9e dimanche, le conseil n\u2019avait pas d\u00e9missionn\u00e9 par crainte de la personne qui pourrait les remplacer et il examinait les candidatures. L\u2019un des nouveaux membres possibles pourrait \u00eatre Bret Taylor, co-PDG de Salesforce.<\/p>\n<h3><span class=\"ez-toc-section\" id=\"Altman_ecarte_Shear_nomme\"><\/span>Altman \u00e9cart\u00e9, Shear nomm\u00e9<span class=\"ez-toc-section-end\"><\/span><\/h3>\n<p>Altman ne reviendra pas en tant que PDG, selon un rapport de The Information citant un m\u00e9mo interne envoy\u00e9 par Sutskever. Tandis que la recherche d\u2019un nouveau PDG permanent se poursuit, OpenAI a nomm\u00e9 Emmett Shear, cofondateur du site de streaming vid\u00e9o Twitch, en tant que PDG par int\u00e9rim, rempla\u00e7ant Murati.<\/p>\n<h3><span class=\"ez-toc-section\" id=\"Des_chercheurs_seniors_dOpenAI_demissionnent\"><\/span>Des chercheurs seniors d\u2019OpenAI d\u00e9missionnent<span class=\"ez-toc-section-end\"><\/span><\/h3>\n<p>Trois chercheurs seniors d\u2019OpenAI d\u00e9missionnent apr\u00e8s Brockman, dont le directeur de la recherche Jakub Pachocki et le responsable de la pr\u00e9paration Aleksander Madry.<\/p>\n<h3><span class=\"ez-toc-section\" id=\"16_novembre\"><\/span>16 novembre<span class=\"ez-toc-section-end\"><\/span><\/h3>\n<h3><span class=\"ez-toc-section\" id=\"Ilya_Sutskever_fixe_un_appel_avec_Altman\"><\/span>Ilya Sutskever fixe un appel avec Altman<span class=\"ez-toc-section-end\"><\/span><\/h3>\n<p>Selon un message sur X (anciennement Twitter) de Brockman, Ilya Sutskever, le scientifique en chef d\u2019OpenAI et cofondateur, a envoy\u00e9 un SMS \u00e0 Altman jeudi soir pour fixer un appel vendredi \u00e0 midi.<\/p>\n<h3><span class=\"ez-toc-section\" id=\"Murati_informee_du_licenciement_dAltman\"><\/span>Murati inform\u00e9e du licenciement d\u2019Altman<span class=\"ez-toc-section-end\"><\/span><\/h3>\n<p>Brockman affirme que Mira Murati, directrice technique d\u2019OpenAI et actuelle PDG par int\u00e9rim, a \u00e9t\u00e9 inform\u00e9e jeudi soir que Altman serait licenci\u00e9.<\/p>","protected":false},"excerpt":{"rendered":"","protected":false},"author":1,"featured_media":8137,"comment_status":"open","ping_status":"open","sticky":false,"template":"","format":"standard","meta":{"_seopress_robots_primary_cat":"","_seopress_titles_title":"","_seopress_titles_desc":"","_seopress_robots_index":"","footnotes":""},"categories":[608],"tags":[],"class_list":["post-8135","post","type-post","status-publish","format-standard","has-post-thumbnail","hentry","category-actualite-intelligence-artificielle","generate-columns","tablet-grid-50","mobile-grid-100","grid-parent","grid-50"],"_links":{"self":[{"href":"https:\/\/toukiela.com\/es\/wp-json\/wp\/v2\/posts\/8135","targetHints":{"allow":["GET"]}}],"collection":[{"href":"https:\/\/toukiela.com\/es\/wp-json\/wp\/v2\/posts"}],"about":[{"href":"https:\/\/toukiela.com\/es\/wp-json\/wp\/v2\/types\/post"}],"author":[{"embeddable":true,"href":"https:\/\/toukiela.com\/es\/wp-json\/wp\/v2\/users\/1"}],"replies":[{"embeddable":true,"href":"https:\/\/toukiela.com\/es\/wp-json\/wp\/v2\/comments?post=8135"}],"version-history":[{"count":1,"href":"https:\/\/toukiela.com\/es\/wp-json\/wp\/v2\/posts\/8135\/revisions"}],"predecessor-version":[{"id":8136,"href":"https:\/\/toukiela.com\/es\/wp-json\/wp\/v2\/posts\/8135\/revisions\/8136"}],"wp:featuredmedia":[{"embeddable":true,"href":"https:\/\/toukiela.com\/es\/wp-json\/wp\/v2\/media\/8137"}],"wp:attachment":[{"href":"https:\/\/toukiela.com\/es\/wp-json\/wp\/v2\/media?parent=8135"}],"wp:term":[{"taxonomy":"category","embeddable":true,"href":"https:\/\/toukiela.com\/es\/wp-json\/wp\/v2\/categories?post=8135"},{"taxonomy":"post_tag","embeddable":true,"href":"https:\/\/toukiela.com\/es\/wp-json\/wp\/v2\/tags?post=8135"}],"curies":[{"name":"wp","href":"https:\/\/api.w.org\/{rel}","templated":true}]}}