{"id":7699,"date":"2023-11-11T17:03:52","date_gmt":"2023-11-11T15:03:52","guid":{"rendered":"https:\/\/toukiela.com\/la-fin-des-marvels-et-sa-scene-post-generique-expliquees-une-legere-modification-du-titre-pour-lunicite\/"},"modified":"2023-11-11T17:03:52","modified_gmt":"2023-11-11T15:03:52","slug":"la-fin-des-marvels-et-sa-scene-post-generique-expliquees-une-legere-modification-du-titre-pour-lunicite","status":"publish","type":"post","link":"https:\/\/toukiela.com\/es\/la-fin-des-marvels-et-sa-scene-post-generique-expliquees-une-legere-modification-du-titre-pour-lunicite\/","title":{"rendered":"La fin des Marvels et sa sc\u00e8ne post-g\u00e9n\u00e9rique expliqu\u00e9es : une l\u00e9g\u00e8re modification du titre pour l&rsquo;unicit\u00e9"},"content":{"rendered":"<p><em><\/em><\/p>\n<p> Vous avez \u00e9t\u00e9 captiv\u00e9 par le film de super-h\u00e9ros \u00ab\u00a0The Marvels\u00a0\u00bb, mais vous \u00eates rest\u00e9 perplexe face \u00e0 sa fin myst\u00e9rieuse et sa sc\u00e8ne post-g\u00e9n\u00e9rique ? Vous n\u2019\u00eates pas seul. Le final du film a laiss\u00e9 de nombreux spectateurs dans le flou, en particulier ceux qui ne sont pas familiers avec le monde de Marvel. Dans cet article, nous allons vous d\u00e9voiler tous les secrets de la fin de ce film \u00e9pique et de sa sc\u00e8ne post-g\u00e9n\u00e9rique. Attention, cet article contient des spoilers ! <\/p>\n<h2>D\u00e9chiffrer la fin de The Marvels<\/h2>\n<p> Le film \u00ab\u00a0The Marvels\u00a0\u00bb, qui sortira en salles le 8 novembre 2023, promet d\u2019\u00eatre un voyage chaotique \u00e0 travers les \u00e9toiles. Le film met en sc\u00e8ne trois des personnages principaux de Marvel, \u00e0 savoir Captain Marvel\/Carol Danvers (interpr\u00e9t\u00e9e par Brie Larson), Monica Rambeau (jou\u00e9e par Teyonah Parris) et Ms. Marvel\/Kamala Khan (incarn\u00e9e par Iman Vellani). Le trio part \u00e0 la recherche d\u2019une plan\u00e8te \u00e0 bord d\u2019un vaisseau spatial. <\/p>\n<p>La fin du film est marqu\u00e9e par un affrontement \u00e9pique entre nos h\u00e9ro\u00efnes et le m\u00e9chant Dar-Benn. Malgr\u00e9 leurs efforts, elles ne parviennent pas \u00e0 vaincre Dar-Benn et sa force surhumaine. Toutefois, un d\u00e9bris de taille cons\u00e9quente tombe sur Dar-Benn, le blessant gravement. Dans un \u00e9lan de compassion, Carol d\u00e9cide de le lib\u00e9rer et lui promet de restaurer Hala, sa plan\u00e8te natale.<\/p>\n<p> Cependant, Dar-Benn, bien d\u00e9cid\u00e9 \u00e0 \u00e9liminer Carol, profite de cette situation pour voler le bracelet de Kamala, fusionnant ainsi leurs pouvoirs. Malgr\u00e9 les avertissements de son conseiller, Dar-Benn lib\u00e8re l\u2019\u00e9nergie des bracelets, ce qui la r\u00e9duit \u00e0 n\u00e9ant. <\/p>\n<p> Apr\u00e8s la mort de Dar-Benn, Carol reste fid\u00e8le \u00e0 sa promesse et se rend sur Hala pour restaurer son soleil. Elle y parvient en quelques instants, offrant aux Krees de Hala leur premier lever de soleil depuis longtemps. <\/p>\n<p> La fin du film laisse \u00e9galement pr\u00e9sager la formation d\u2019une nouvelle \u00e9quipe de super-h\u00e9ros, les Young Avengers. En effet, Kamala, bien que discr\u00e8te et peu intimidante, approche Kate Bishop pour constituer une \u00e9quipe.<\/p>\n<h2>Comprendre la sc\u00e8ne de milieu de g\u00e9n\u00e9rique de The Marvels<\/h2>\n<p> La sc\u00e8ne de milieu de g\u00e9n\u00e9rique de \u00ab\u00a0The Marvels\u00a0\u00bb apporte des informations suppl\u00e9mentaires sur la nouvelle r\u00e9alit\u00e9 dans laquelle Dar-Benn a ouvert un portail. On d\u00e9couvre alors Monica Rambeau, branch\u00e9e \u00e0 une perfusion m\u00e9dicale, dans un lieu non pr\u00e9cis\u00e9. \u00c0 sa grande surprise, elle voit sa m\u00e8re, Maria Rambeau, qui semble d\u00e9sorient\u00e9e et l\u2019appelle \u00ab\u00a0maman\u00a0\u00bb. <\/p>\n<p> Plus surprenant encore, Beast, membre des X-Men et interpr\u00e9t\u00e9 par Kelsey Grammar, r\u00e9v\u00e8le que Maria est en r\u00e9alit\u00e9 le h\u00e9ros Binary. Il est probable que cette version de Binary soit une variante de Maria Rambeau plut\u00f4t que de Carol Danvers, comme cela a \u00e9t\u00e9 le cas avec le Captain Marvel de la Terre 838 dans Doctor Strange 2. <\/p>\n<h2>Interpr\u00e9ter la sc\u00e8ne post-g\u00e9n\u00e9rique de The Marvels<\/h2>\n<p> Bien que \u00ab\u00a0The Marvels\u00a0\u00bb ne propose pas de sc\u00e8ne post-g\u00e9n\u00e9rique \u00e0 proprement parler, on peut entendre des sons de flerkens \u00e0 la toute fin du g\u00e9n\u00e9rique. Ces sons rappellent une des sc\u00e8nes les plus comiques du film, o\u00f9 les h\u00e9ros utilisent les flerkens pour \u00e9vacuer la station spatiale SABER. <\/p>\n<p> Cette sc\u00e8ne post-g\u00e9n\u00e9rique est une petite blague \u00e0 l\u2019attention des fans de Marvel, \u00e0 l\u2019instar de la sc\u00e8ne post-g\u00e9n\u00e9rique d\u2019Avengers : Endgame o\u00f9 l\u2019on pouvait entendre le son de l\u2019armure d\u2019Iron Man, en hommage au h\u00e9ros qui a inaugur\u00e9 l\u2019univers cin\u00e9matographique de Marvel. <\/p>\n<p> Nous esp\u00e9rons que cet article vous a aid\u00e9 \u00e0 mieux comprendre la fin de \u00ab\u00a0The Marvels\u00a0\u00bb et sa sc\u00e8ne post-g\u00e9n\u00e9rique. En attendant la sortie du film, restez connect\u00e9 sur Toukiela pour vous tenir au courant des derni\u00e8res actualit\u00e9s sur l\u2019univers Marvel. <\/p>","protected":false},"excerpt":{"rendered":"","protected":false},"author":1,"featured_media":7704,"comment_status":"open","ping_status":"open","sticky":false,"template":"","format":"standard","meta":{"_seopress_robots_primary_cat":"","_seopress_titles_title":"","_seopress_titles_desc":"","_seopress_robots_index":"","footnotes":""},"categories":[644],"tags":[],"class_list":["post-7699","post","type-post","status-publish","format-standard","has-post-thumbnail","hentry","category-series","generate-columns","tablet-grid-50","mobile-grid-100","grid-parent","grid-50"],"_links":{"self":[{"href":"https:\/\/toukiela.com\/es\/wp-json\/wp\/v2\/posts\/7699","targetHints":{"allow":["GET"]}}],"collection":[{"href":"https:\/\/toukiela.com\/es\/wp-json\/wp\/v2\/posts"}],"about":[{"href":"https:\/\/toukiela.com\/es\/wp-json\/wp\/v2\/types\/post"}],"author":[{"embeddable":true,"href":"https:\/\/toukiela.com\/es\/wp-json\/wp\/v2\/users\/1"}],"replies":[{"embeddable":true,"href":"https:\/\/toukiela.com\/es\/wp-json\/wp\/v2\/comments?post=7699"}],"version-history":[{"count":1,"href":"https:\/\/toukiela.com\/es\/wp-json\/wp\/v2\/posts\/7699\/revisions"}],"predecessor-version":[{"id":7700,"href":"https:\/\/toukiela.com\/es\/wp-json\/wp\/v2\/posts\/7699\/revisions\/7700"}],"wp:featuredmedia":[{"embeddable":true,"href":"https:\/\/toukiela.com\/es\/wp-json\/wp\/v2\/media\/7704"}],"wp:attachment":[{"href":"https:\/\/toukiela.com\/es\/wp-json\/wp\/v2\/media?parent=7699"}],"wp:term":[{"taxonomy":"category","embeddable":true,"href":"https:\/\/toukiela.com\/es\/wp-json\/wp\/v2\/categories?post=7699"},{"taxonomy":"post_tag","embeddable":true,"href":"https:\/\/toukiela.com\/es\/wp-json\/wp\/v2\/tags?post=7699"}],"curies":[{"name":"wp","href":"https:\/\/api.w.org\/{rel}","templated":true}]}}