{"id":7625,"date":"2023-11-09T07:04:03","date_gmt":"2023-11-09T05:04:03","guid":{"rendered":"https:\/\/toukiela.com\/le-mauvais-camp-saison-1-ou-a-t-il-ete-filme-lieux-de-tournage-exclusifs\/"},"modified":"2023-11-09T07:04:04","modified_gmt":"2023-11-09T05:04:04","slug":"le-mauvais-camp-saison-1-ou-a-t-il-ete-filme-lieux-de-tournage-exclusifs","status":"publish","type":"post","link":"https:\/\/toukiela.com\/es\/the-bad-camp-season-1-or-was-it-filmed-exclusive-shooting-locations\/","title":{"rendered":"Le Mauvais Camp Temporada 1: \u00bfD\u00f3nde se rod\u00f3? Lugares de rodaje exclusivos"},"content":{"rendered":"<p><em><\/em><\/p>\n<h2>Descubra los lugares de rodaje de la primera temporada de Le Mauvais Camp en Netflix.<\/h2>\n<p>\u00a1Le Mauvais Camp ya est\u00e1 disponible en Netflix! Si quieres saber d\u00f3nde se rod\u00f3 Le Mauvais Camp, \u00a1sigue leyendo! Tras el \u00e9xito de la serie polic\u00edaca holandesa Infiltrados, Netflix ha lanzado una precuela titulada Ferry en 2021, que ofrece informaci\u00f3n sobre el protagonista de la serie, Ferry Bouman.<\/p>\n<p>Ahora, en 2023, la plataforma de streaming ofrece una secuela de la pel\u00edcula, titulada El Campamento Malo, que explora el pasado del famoso Ferry Bouman tal y como aparece en Infiltrados. Para una explicaci\u00f3n del final, lee esto.<\/p>\n<p>Tras los acontecimientos de la pel\u00edcula de 2021, en la que Ferry mat\u00f3 a su antiguo jefe Brink por su amante Danielle, Le Mauvais Camp narra las acciones de este hombre en Brabante, que le convirtieron en el mayor traficante de \u00e9xtasis de la regi\u00f3n. Lleno de acci\u00f3n y drama, Le Mauvais Camp es un buen complemento para los aficionados al g\u00e9nero polic\u00edaco. Pero, \u00bfd\u00f3nde se rod\u00f3 Le Mauvais Camp en Netflix? \u00a1Te lo contamos todo!<\/p>\n<h2>\u00bfD\u00f3nde se rod\u00f3 Le Mauvais Camp en Netflix?<\/h2>\n<p>La serie Le Mauvais Camp se rod\u00f3 \u00edntegramente en los Pa\u00edses Bajos, sobre todo en el sur del pa\u00eds. A continuaci\u00f3n te presentamos los lugares concretos donde se rod\u00f3 la serie.<\/p>\n<p>La mayor parte de la pel\u00edcula se rod\u00f3 en la ciudad de Eindhoven y sus alrededores, al sur de los Pa\u00edses Bajos, en Brabante Septentrional. El protagonista de la pel\u00edcula, Ferry, es originario de esta regi\u00f3n, y el director opt\u00f3 por rodar all\u00ed la mayor\u00eda de las escenas.<\/p>\n<p>Una de las principales localizaciones utilizadas en El campamento malo es el camping al que Ferry acude con la esperanza de atrapar a Jason Kant. Jason Kant vive en un camping llamado Camping Zonnedauw, y aunque hay un camping con el mismo nombre en la cercana Grashoek, no creemos que el director rodara la serie all\u00ed. Para saber cu\u00e1ndo se estrenar\u00e1 la segunda temporada, sigue leyendo.<\/p>\n<p>En el caso de Ferry, el director probablemente eligi\u00f3 rodar en un camping llamado Vakantiepark Prinsenmeer, en la provincia de Brabante Septentrional. Varias escenas se rodaron en la capital holandesa, Amsterdam, en la parte occidental de los Pa\u00edses Bajos. El jefe de Ferry, Ralph Brink, vive en Amsterdam, y las primeras escenas se rodaron en la ciudad y sus alrededores.<\/p>\n<p>The post Le Mauvais Camp Temporada 1: \u00bfD\u00f3nde se rod\u00f3? Lugares de rodaje appeared first on.<\/p>","protected":false},"excerpt":{"rendered":"","protected":false},"author":1,"featured_media":7627,"comment_status":"open","ping_status":"open","sticky":false,"template":"","format":"standard","meta":{"_seopress_robots_primary_cat":"","_seopress_titles_title":"","_seopress_titles_desc":"","_seopress_robots_index":"","footnotes":""},"categories":[645],"tags":[],"class_list":["post-7625","post","type-post","status-publish","format-standard","has-post-thumbnail","hentry","category-netflix","generate-columns","tablet-grid-50","mobile-grid-100","grid-parent","grid-50"],"_links":{"self":[{"href":"https:\/\/toukiela.com\/es\/wp-json\/wp\/v2\/posts\/7625","targetHints":{"allow":["GET"]}}],"collection":[{"href":"https:\/\/toukiela.com\/es\/wp-json\/wp\/v2\/posts"}],"about":[{"href":"https:\/\/toukiela.com\/es\/wp-json\/wp\/v2\/types\/post"}],"author":[{"embeddable":true,"href":"https:\/\/toukiela.com\/es\/wp-json\/wp\/v2\/users\/1"}],"replies":[{"embeddable":true,"href":"https:\/\/toukiela.com\/es\/wp-json\/wp\/v2\/comments?post=7625"}],"version-history":[{"count":1,"href":"https:\/\/toukiela.com\/es\/wp-json\/wp\/v2\/posts\/7625\/revisions"}],"predecessor-version":[{"id":7626,"href":"https:\/\/toukiela.com\/es\/wp-json\/wp\/v2\/posts\/7625\/revisions\/7626"}],"wp:featuredmedia":[{"embeddable":true,"href":"https:\/\/toukiela.com\/es\/wp-json\/wp\/v2\/media\/7627"}],"wp:attachment":[{"href":"https:\/\/toukiela.com\/es\/wp-json\/wp\/v2\/media?parent=7625"}],"wp:term":[{"taxonomy":"category","embeddable":true,"href":"https:\/\/toukiela.com\/es\/wp-json\/wp\/v2\/categories?post=7625"},{"taxonomy":"post_tag","embeddable":true,"href":"https:\/\/toukiela.com\/es\/wp-json\/wp\/v2\/tags?post=7625"}],"curies":[{"name":"wp","href":"https:\/\/api.w.org\/{rel}","templated":true}]}}