{"id":7551,"date":"2023-11-06T07:02:37","date_gmt":"2023-11-06T05:02:37","guid":{"rendered":"https:\/\/toukiela.com\/fin-de-lattaque-des-titans-eren-est-il-vraiment-mort-explications\/"},"modified":"2023-11-06T07:02:37","modified_gmt":"2023-11-06T05:02:37","slug":"fin-de-lattaque-des-titans-eren-est-il-vraiment-mort-explications","status":"publish","type":"post","link":"https:\/\/toukiela.com\/es\/fin-de-lattaque-des-titans-eren-est-il-vraiment-mort-explications\/","title":{"rendered":"Fin de L&rsquo;Attaque des Titans : Eren est-il vraiment mort ? Explications !"},"content":{"rendered":"<p><em><\/em><\/p>\n<p>Pr\u00e9parez-vous \u00e0 plonger dans le d\u00e9nouement intense de l\u2019Attaque des Titans ! Attention, cet article contient de nombreux spoilers ! Vous \u00eates pr\u00eat ? Alors, c\u2019est parti ! <\/p>\n<h2>Comprendre la conclusion de l\u2019Attaque des Titans<\/h2>\n<p>L\u2019Attaque des Titans, cette s\u00e9rie anim\u00e9e disponible sur Toukiela, a su nous tenir en haleine tout au long de ses \u00e9pisodes. De l\u2019apparition des Titans \u00e0 la riposte du Survey Corp, en passant par la d\u00e9couverte des humains avec la capacit\u00e9 de se transformer en Titans et la r\u00e9v\u00e9lation de la v\u00e9rit\u00e9 sur le monde ext\u00e9rieur aux murs, chaque \u00e9pisode r\u00e9v\u00e9lait des surprises. Et le final de la s\u00e9rie ne fait pas exception.<\/p>\n<p>Dans cet ultime \u00e9pisode, les fans ont \u00e9t\u00e9 t\u00e9moins du face \u00e0 face tant attendu entre l\u2019\u00e9quipe h\u00e9t\u00e9roclite et Eren, le dernier \u00ab\u00a0grand m\u00e9chant\u00a0\u00bb de la s\u00e9rie. Alors, prenez des chips, des sodas ou tout autre encas qui vous fait plaisir et d\u00e9couvrez <strong>l\u2019interpr\u00e9tation de la fin de l\u2019Attaque des Titans<\/strong> !<\/p>\n<h2>Interpr\u00e9tation de la conclusion de l\u2019Attaque des Titans<\/h2>\n<p><strong>\u00c0 la fin de l\u2019Attaque des Titans<\/strong>, nous assistons \u00e0 une sc\u00e8ne intense o\u00f9 Mikasa et les autres r\u00e9ussissent \u00e0 lib\u00e9rer Ymir du contr\u00f4le d\u2019Eren, apr\u00e8s avoir vaincu Sieg. La bataille se termine lorsque Mikasa porte le coup final en d\u00e9capitant Eren sous sa forme de Titan Fondateur. C\u2019est \u00e0 ce moment-l\u00e0 qu\u2019une s\u00e9rie de souvenirs est d\u00e9voil\u00e9e : Eren a utilis\u00e9 son pouvoir pour contacter ses amis avant la fin du combat.<\/p>\n<p><strong>\u00c0 la fin de l\u2019Attaque des Titans<\/strong>, Eren leur explique qu\u2019il a cherch\u00e9 \u00e0 d\u00e9truire l\u2019humanit\u00e9 et qu\u2019il les a pouss\u00e9s \u00e0 se battre car il voulait qu\u2019ils deviennent des h\u00e9ros. Craignant des repr\u00e9sailles de la part du monde ext\u00e9rieur, il voulait s\u2019assurer que Paradis puisse compter sur ceux qui se battaient pour l\u2019humanit\u00e9. C\u2019est la seule solution qu\u2019il a trouv\u00e9e, pouss\u00e9 \u00e0 bout par la puissance du Titan Assaillant.<\/p>\n<p>Malgr\u00e9 les efforts d\u2019Armin pour trouver une autre solution, Eren a d\u00e9cid\u00e9 de commettre un g\u00e9nocide complet une fois qu\u2019il a acquis le pouvoir de changer le monde \u00e0 sa guise. <strong>\u00c0 la fin de l\u2019Attaque des Titans<\/strong>, apr\u00e8s la bataille, on apprend qu\u2019Armin et les autres tentent de faire la paix avec Eldia en s\u2019alliant avec un groupe de nations.<\/p>\n<p><strong>\u00c0 la fin de l\u2019Attaque des Titans<\/strong>, Historia r\u00e9v\u00e8le qu\u2019un groupe de Yeageristes a pris le pouvoir \u00e0 Eldia et se pr\u00e9pare \u00e0 une \u00e9ventuelle attaque du monde ext\u00e9rieur. En faisant d\u2019Eren une sorte de martyr, ils croient vraiment que le conflit est l\u2019unique mani\u00e8re de proc\u00e9der. Malgr\u00e9 les efforts d\u2019Eren, le cycle de conflits semble se poursuivre dans le futur.<\/p>\n<h2>Interpr\u00e9tation de la sc\u00e8ne post-g\u00e9n\u00e9rique<\/h2>\n<p><strong>\u00c0 la fin de l\u2019Attaque des Titans<\/strong>, alors que le g\u00e9n\u00e9rique d\u00e9file, nous restons avec l\u2019arbre sous lequel la t\u00eate d\u2019Eren a \u00e9t\u00e9 enterr\u00e9e. Les combats finissent par cesser, et c\u2019est dans ce nouveau d\u00e9cor post-apocalyptique qu\u2019appara\u00eet un gar\u00e7on portant une \u00e9charpe qui ressemble \u00e9trangement \u00e0 celle que Mikasa ch\u00e9rissait tant. Accompagn\u00e9 d\u2019un chien, ce personnage anonyme s\u2019aventure dans une ouverture sous l\u2019arbre, et c\u2019est \u00e0 ce moment-l\u00e0 que le g\u00e9n\u00e9rique prend fin.<\/p>\n<p>Pour ceux qui ont oubli\u00e9, ce d\u00e9nouement peut sembler d\u00e9concertant, mais il prend tout son sens lorsque l\u2019on se souvient de ce qui est arriv\u00e9 \u00e0 Ymir le Fondateur il y a deux mill\u00e9naires. <strong>\u00c0 la fin de l\u2019Attaque des Titans<\/strong>, cherchant refuge, elle tomba sur un arbre \u00e9trange o\u00f9 un parasite la guettait. La cr\u00e9ature s\u2019attacha \u00e0 la colonne vert\u00e9brale d\u2019Ymir, lui donnant le pouvoir du Titan Fondateur, mais au lieu de continuer \u00e0 s\u2019\u00e9chapper, Ymir retourna aupr\u00e8s du Roi et utilisa ses pouvoirs pour le servir plut\u00f4t que de chercher \u00e0 se venger.<\/p>\n<p>Alors que l\u2019Ymir d\u2019aujourd\u2019hui a trouv\u00e9 la paix gr\u00e2ce aux actions d\u2019Eren et de Mikasa, il semble que le cycle soit sur le point de recommencer avec ce gar\u00e7on anonyme qui tombera certainement sur ce m\u00eame pouvoir dans le futur.<\/p>","protected":false},"excerpt":{"rendered":"","protected":false},"author":1,"featured_media":7553,"comment_status":"open","ping_status":"open","sticky":false,"template":"","format":"standard","meta":{"_seopress_robots_primary_cat":"","_seopress_titles_title":"","_seopress_titles_desc":"","_seopress_robots_index":"","footnotes":""},"categories":[644],"tags":[],"class_list":["post-7551","post","type-post","status-publish","format-standard","has-post-thumbnail","hentry","category-series","generate-columns","tablet-grid-50","mobile-grid-100","grid-parent","grid-50"],"_links":{"self":[{"href":"https:\/\/toukiela.com\/es\/wp-json\/wp\/v2\/posts\/7551","targetHints":{"allow":["GET"]}}],"collection":[{"href":"https:\/\/toukiela.com\/es\/wp-json\/wp\/v2\/posts"}],"about":[{"href":"https:\/\/toukiela.com\/es\/wp-json\/wp\/v2\/types\/post"}],"author":[{"embeddable":true,"href":"https:\/\/toukiela.com\/es\/wp-json\/wp\/v2\/users\/1"}],"replies":[{"embeddable":true,"href":"https:\/\/toukiela.com\/es\/wp-json\/wp\/v2\/comments?post=7551"}],"version-history":[{"count":1,"href":"https:\/\/toukiela.com\/es\/wp-json\/wp\/v2\/posts\/7551\/revisions"}],"predecessor-version":[{"id":7552,"href":"https:\/\/toukiela.com\/es\/wp-json\/wp\/v2\/posts\/7551\/revisions\/7552"}],"wp:featuredmedia":[{"embeddable":true,"href":"https:\/\/toukiela.com\/es\/wp-json\/wp\/v2\/media\/7553"}],"wp:attachment":[{"href":"https:\/\/toukiela.com\/es\/wp-json\/wp\/v2\/media?parent=7551"}],"wp:term":[{"taxonomy":"category","embeddable":true,"href":"https:\/\/toukiela.com\/es\/wp-json\/wp\/v2\/categories?post=7551"},{"taxonomy":"post_tag","embeddable":true,"href":"https:\/\/toukiela.com\/es\/wp-json\/wp\/v2\/tags?post=7551"}],"curies":[{"name":"wp","href":"https:\/\/api.w.org\/{rel}","templated":true}]}}