{"id":7516,"date":"2023-11-05T07:01:43","date_gmt":"2023-11-05T05:01:43","guid":{"rendered":"https:\/\/toukiela.com\/lombre-eminente-saison-2-episode-6-date-et-heure-de-diffusion-exactes\/"},"modified":"2023-11-05T07:01:44","modified_gmt":"2023-11-05T05:01:44","slug":"lombre-eminente-saison-2-episode-6-date-et-heure-de-diffusion-exactes","status":"publish","type":"post","link":"https:\/\/toukiela.com\/es\/lombre-eminente-season-2-episode-6-date-and-time-of-airing-exact\/","title":{"rendered":"The Eminent Shadow Temporada 2 Episodio 6: Exact Air Date and Time"},"content":{"rendered":"<p><em><\/em><\/p>\n<p>\u00bfEs usted un ferviente seguidor de la serie de animaci\u00f3n <strong>La Eminencia en la sombra<\/strong> y no puedes esperar a que se emita el sexto episodio de la segunda temporada? Tranquilo, tenemos toda la informaci\u00f3n que necesitas, desde la fecha de emisi\u00f3n hasta lo que podr\u00eda ocurrir en el episodio. \u00a1As\u00ed que prep\u00e1rate para sumergirte en un mundo de suspense y acci\u00f3n con Toukiela!<\/p>\n<div id=\"ez-toc-container\" class=\"ez-toc-v2_0_82_2 counter-hierarchy ez-toc-counter ez-toc-grey ez-toc-container-direction\">\n<p class=\"ez-toc-title\" style=\"cursor:inherit\">Contenido<\/p>\n<label for=\"ez-toc-cssicon-toggle-item-69f1fad658985\" class=\"ez-toc-cssicon-toggle-label\"><span class=\"\"><span class=\"eztoc-hide\" style=\"display:none;\">Toggle<\/span><span class=\"ez-toc-icon-toggle-span\"><svg style=\"fill: #999;color:#999\" xmlns=\"http:\/\/www.w3.org\/2000\/svg\" class=\"list-377408\" width=\"20px\" height=\"20px\" viewbox=\"0 0 24 24\" fill=\"none\"><path d=\"M6 6H4v2h2V6zm14 0H8v2h12V6zM4 11h2v2H4v-2zm16 0H8v2h12v-2zM4 16h2v2H4v-2zm16 0H8v2h12v-2z\" fill=\"currentColor\"><\/path><\/svg><svg style=\"fill: #999;color:#999\" class=\"arrow-unsorted-368013\" xmlns=\"http:\/\/www.w3.org\/2000\/svg\" width=\"10px\" height=\"10px\" viewbox=\"0 0 24 24\" version=\"1.2\" baseprofile=\"tiny\"><path d=\"M18.2 9.3l-6.2-6.3-6.2 6.3c-.2.2-.3.4-.3.7s.1.5.3.7c.2.2.4.3.7.3h11c.3 0 .5-.1.7-.3.2-.2.3-.5.3-.7s-.1-.5-.3-.7zM5.8 14.7l6.2 6.3 6.2-6.3c.2-.2.3-.5.3-.7s-.1-.5-.3-.7c-.2-.2-.4-.3-.7-.3h-11c-.3 0-.5.1-.7.3-.2.2-.3.5-.3.7s.1.5.3.7z\"\/><\/svg><\/span><\/span><\/label><input type=\"checkbox\"  id=\"ez-toc-cssicon-toggle-item-69f1fad658985\"  aria-label=\"Alternar\" \/><nav><ul class='ez-toc-list ez-toc-list-level-1' ><li class='ez-toc-page-1 ez-toc-heading-level-2'><a class=\"ez-toc-link ez-toc-heading-1\" href=\"https:\/\/toukiela.com\/es\/lombre-eminente-season-2-episode-6-date-and-time-of-airing-exact\/#Quand_sera_diffuse_lepisode_6_de_la_saison_2_de_The_Eminence_in_Shadow\" >Qu\u00e9 d\u00eda se estrena el episodio 6 de la temporada 2 de La eminencia en la sombra?<\/a><\/li><li class='ez-toc-page-1 ez-toc-heading-level-2'><a class=\"ez-toc-link ez-toc-heading-2\" href=\"https:\/\/toukiela.com\/es\/lombre-eminente-season-2-episode-6-date-and-time-of-airing-exact\/#Que_nous_reserve_lepisode_6_de_la_saison_2_de_The_Eminence_in_Shadow\" >Qu\u00e9 nos depara el episodio 6 de la temporada 2 de La eminencia en la sombra?<\/a><\/li><li class='ez-toc-page-1 ez-toc-heading-level-2'><a class=\"ez-toc-link ez-toc-heading-3\" href=\"https:\/\/toukiela.com\/es\/lombre-eminente-season-2-episode-6-date-and-time-of-airing-exact\/#Quels_sont_les_autres_enjeux_de_lepisode_6_de_la_saison_2_de_The_Eminence_in_Shadow\" >Qu\u00e9 m\u00e1s est\u00e1 en juego en el episodio 6 de la temporada 2 de La eminencia en la sombra?<\/a><\/li><li class='ez-toc-page-1 ez-toc-heading-level-2'><a class=\"ez-toc-link ez-toc-heading-4\" href=\"https:\/\/toukiela.com\/es\/lombre-eminente-season-2-episode-6-date-and-time-of-airing-exact\/#Un_regard_sur_lepisode_5_avant_la_sortie_de_lepisode_6_de_la_saison_2_de_The_Eminence_in_Shadow\" >Un repaso al episodio 5 antes del estreno del episodio 6 de la temporada 2 de La eminencia en la sombra<\/a><\/li><\/ul><\/nav><\/div>\n<h2><span class=\"ez-toc-section\" id=\"Quand_sera_diffuse_lepisode_6_de_la_saison_2_de_The_Eminence_in_Shadow\"><\/span>Qu\u00e9 d\u00eda se estrena el episodio 6 de la temporada 2 de La eminencia en la sombra?<span class=\"ez-toc-section-end\"><\/span><\/h2>\n<p>Ag\u00e1rrate fuerte, \u00a1porque la espera casi ha terminado! Episodio 6 de la segunda temporada de <strong>La Eminencia en la sombra<\/strong> se emitir\u00e1 el 8 de noviembre de 2023 en <strong>Toukiela<\/strong>. Para los que no puedan esperar, la hora de emisi\u00f3n est\u00e1 fijada a las 15.30 (hora francesa) en Toukiela. \u00bfTiene curiosidad por saber cu\u00e1ntos episodios tiene esta cautivadora serie? D\u00e9jenos dec\u00edrselo.<\/p>\n<h2><span class=\"ez-toc-section\" id=\"Que_nous_reserve_lepisode_6_de_la_saison_2_de_The_Eminence_in_Shadow\"><\/span>Qu\u00e9 nos depara el episodio 6 de la temporada 2 de La eminencia en la sombra?<span class=\"ez-toc-section-end\"><\/span><\/h2>\n<p>Tras la victoria de John Smith sobre el grupo de agentes de Shadow Garden, es probable que ahora lo consideren una seria amenaza. Por ello, es previsible que intenten enfrentarse de nuevo a \u00e9l en el sexto episodio de la segunda temporada de <strong>La Eminencia en la sombra<\/strong>. Esta vez, incluso podr\u00eda estar presente una de las Siete Sombras, lo que representa un aumento significativo de poder y podr\u00eda plantear problemas a Cid en la batalla.<\/p>\n<p>Tambi\u00e9n ser\u00e1 interesante ver c\u00f3mo reaccionan las Sombras cuando descubran que Cid est\u00e1 detr\u00e1s de este plan para minar la confianza en el cr\u00e9dito de Mitsugoshi. Esta revelaci\u00f3n podr\u00eda llegar en el sexto episodio de la segunda temporada de <strong>La Eminencia en la sombra<\/strong>si las Sombras consiguen desenmascarar a Cid.<\/p>\n<h2><span class=\"ez-toc-section\" id=\"Quels_sont_les_autres_enjeux_de_lepisode_6_de_la_saison_2_de_The_Eminence_in_Shadow\"><\/span>Qu\u00e9 m\u00e1s est\u00e1 en juego en el episodio 6 de la temporada 2 de La eminencia en la sombra?<span class=\"ez-toc-section-end\"><\/span><\/h2>\n<p>Es probable que Gettan tambi\u00e9n comience a oponerse a la operaci\u00f3n de falsificaci\u00f3n de Cid en el sexto episodio de la segunda temporada de <strong>La Eminencia en la sombra<\/strong>. Esto a\u00f1adir\u00eda otra interesante fuente de conflicto. Todo esto contribuye a la atm\u00f3sfera ca\u00f3tica de este arco, pero tambi\u00e9n ilustra por qu\u00e9 La eminencia en la sombra es una de las mejores series isekai.<\/p>\n<h2><span class=\"ez-toc-section\" id=\"Un_regard_sur_lepisode_5_avant_la_sortie_de_lepisode_6_de_la_saison_2_de_The_Eminence_in_Shadow\"><\/span>Un repaso al episodio 5 antes del estreno del episodio 6 de la temporada 2 de La eminencia en la sombra<span class=\"ez-toc-section-end\"><\/span><\/h2>\n<p>Antes de adentrarnos en el sexto episodio, repasemos lo que ocurri\u00f3 en el quinto. Vimos c\u00f3mo aumentaban las tensiones entre Mitsugoshi y la Gran Alianza Corporativa, y Gettan envi\u00f3 a sus Clovers a atacar la tienda. Afortunadamente, Gamma consigui\u00f3 repelerlos de una forma bastante c\u00f3mica. <\/p>\n<p>M\u00e1s tarde, vimos a Cid y Yukime urdiendo su plan para inundar el mercado con dinero falso. Esto preocup\u00f3 mucho a Shadow Garden y Gettan, que result\u00f3 ser un destacado miembro del Culto de Diabolos. En respuesta, Shadow Garden envi\u00f3 a tres agentes para frustrar una entrega de billetes falsos, pero John Smith consigui\u00f3 derrotarlos utilizando una cuerda reforzada m\u00e1gicamente.<\/p>\n<p>Esta batalla demostr\u00f3 una vez m\u00e1s hasta qu\u00e9 punto el h\u00e9roe de <strong>La Eminencia en la sombra<\/strong> puede ser ca\u00f3tica, con Cid luchando esencialmente contra el grupo que \u00e9l mismo cre\u00f3.<\/p>","protected":false},"excerpt":{"rendered":"","protected":false},"author":1,"featured_media":7518,"comment_status":"open","ping_status":"open","sticky":false,"template":"","format":"standard","meta":{"_seopress_robots_primary_cat":"","_seopress_titles_title":"","_seopress_titles_desc":"","_seopress_robots_index":"","footnotes":""},"categories":[644],"tags":[],"class_list":["post-7516","post","type-post","status-publish","format-standard","has-post-thumbnail","hentry","category-series","generate-columns","tablet-grid-50","mobile-grid-100","grid-parent","grid-50"],"_links":{"self":[{"href":"https:\/\/toukiela.com\/es\/wp-json\/wp\/v2\/posts\/7516","targetHints":{"allow":["GET"]}}],"collection":[{"href":"https:\/\/toukiela.com\/es\/wp-json\/wp\/v2\/posts"}],"about":[{"href":"https:\/\/toukiela.com\/es\/wp-json\/wp\/v2\/types\/post"}],"author":[{"embeddable":true,"href":"https:\/\/toukiela.com\/es\/wp-json\/wp\/v2\/users\/1"}],"replies":[{"embeddable":true,"href":"https:\/\/toukiela.com\/es\/wp-json\/wp\/v2\/comments?post=7516"}],"version-history":[{"count":1,"href":"https:\/\/toukiela.com\/es\/wp-json\/wp\/v2\/posts\/7516\/revisions"}],"predecessor-version":[{"id":7517,"href":"https:\/\/toukiela.com\/es\/wp-json\/wp\/v2\/posts\/7516\/revisions\/7517"}],"wp:featuredmedia":[{"embeddable":true,"href":"https:\/\/toukiela.com\/es\/wp-json\/wp\/v2\/media\/7518"}],"wp:attachment":[{"href":"https:\/\/toukiela.com\/es\/wp-json\/wp\/v2\/media?parent=7516"}],"wp:term":[{"taxonomy":"category","embeddable":true,"href":"https:\/\/toukiela.com\/es\/wp-json\/wp\/v2\/categories?post=7516"},{"taxonomy":"post_tag","embeddable":true,"href":"https:\/\/toukiela.com\/es\/wp-json\/wp\/v2\/tags?post=7516"}],"curies":[{"name":"wp","href":"https:\/\/api.w.org\/{rel}","templated":true}]}}