{"id":7492,"date":"2023-11-04T13:05:05","date_gmt":"2023-11-04T11:05:05","guid":{"rendered":"https:\/\/toukiela.com\/le-tailleur-saison-4-date-de-sortie-netflix-et-possibilite-dune-suite\/"},"modified":"2023-11-04T13:05:05","modified_gmt":"2023-11-04T11:05:05","slug":"le-tailleur-saison-4-date-de-sortie-netflix-et-possibilite-dune-suite","status":"publish","type":"post","link":"https:\/\/toukiela.com\/es\/le-tailleur-season-4-release-date-netflix-and-possibility-of-a-sequel\/","title":{"rendered":"The Tailor 4\u00aa temporada: \u00bffecha de estreno en Netflix y posibilidad de una secuela?"},"content":{"rendered":"<p><em><\/em><\/p>\n<h2>\u00a1Toda la informaci\u00f3n sobre el estreno de la 4\u00aa temporada de \"Le Tailleur\" en Netflix! Fecha y hora de estreno, etc.<\/h2>\n<p>\u00a1\"El sastre\" ya est\u00e1 disponible en Netflix! Si quieres saber cu\u00e1ndo se estrenar\u00e1 la cuarta temporada de \"El sastre\", \u00a1sigue leyendo! La tercera temporada de \"El sastre\" resuelve por fin el drama rom\u00e1ntico entre los tres protagonistas.<\/p>\n<p>Esta serie dram\u00e1tica turca, creada por Onur G\u00fcvenatam, sigue la vida del famoso sastre Peyami Dokumac\u0131. Despu\u00e9s de que la segunda temporada dejara las cosas inciertas entre Peyami y Esvet, la tercera se centra en su romance secreto, que pone en peligro el matrimonio de Esvet y la amistad de Peyami con Dimitri.<\/p>\n<p>El final de la tercera temporada nos dej\u00f3 en un cliffhanger, con Dimitri todav\u00eda vivo y habiendo conseguido escapar de la explosi\u00f3n. A\u00fan no sabemos cu\u00e1les son sus intenciones y si esto trastocar\u00e1 las vidas de Esvet y Peyami.<\/p>\n<h2>Cu\u00e1l es la fecha de estreno de la temporada 4 de \"El sastre\" en Netflix?<\/h2>\n<p>La tercera temporada se estren\u00f3 el 3 de noviembre de 2023. Por el momento, no se ha anunciado el estreno de la cuarta temporada de \"El sastre\" en Netflix. Sin embargo, dado el \u00e9xito de las dos primeras temporadas, es muy probable que tengamos una temporada 4. De confirmarse, la fecha de estreno deber\u00eda ser a finales de 2024.<\/p>\n<h2>\u00bfQu\u00e9 podemos esperar de la secuela?<\/h2>\n<p>Por el momento, no sabemos cu\u00e1les son las intenciones de Dimitri. Si hay una cuarta temporada, descubriremos si Dimitri decide volver y causar problemas en las vidas de Esvet y Peyami, o si decide dejarles vivir en paz.<\/p>\n<p>The post The Tailor Temporada 4: \u00bfCu\u00e1l es la fecha de estreno en Netflix? \u00bfEst\u00e1 prevista una secuela?\" appeared first on Toukiela.<\/p>","protected":false},"excerpt":{"rendered":"","protected":false},"author":1,"featured_media":7494,"comment_status":"open","ping_status":"open","sticky":false,"template":"","format":"standard","meta":{"_seopress_robots_primary_cat":"","_seopress_titles_title":"","_seopress_titles_desc":"","_seopress_robots_index":"","footnotes":""},"categories":[645],"tags":[],"class_list":["post-7492","post","type-post","status-publish","format-standard","has-post-thumbnail","hentry","category-netflix","generate-columns","tablet-grid-50","mobile-grid-100","grid-parent","grid-50"],"_links":{"self":[{"href":"https:\/\/toukiela.com\/es\/wp-json\/wp\/v2\/posts\/7492","targetHints":{"allow":["GET"]}}],"collection":[{"href":"https:\/\/toukiela.com\/es\/wp-json\/wp\/v2\/posts"}],"about":[{"href":"https:\/\/toukiela.com\/es\/wp-json\/wp\/v2\/types\/post"}],"author":[{"embeddable":true,"href":"https:\/\/toukiela.com\/es\/wp-json\/wp\/v2\/users\/1"}],"replies":[{"embeddable":true,"href":"https:\/\/toukiela.com\/es\/wp-json\/wp\/v2\/comments?post=7492"}],"version-history":[{"count":1,"href":"https:\/\/toukiela.com\/es\/wp-json\/wp\/v2\/posts\/7492\/revisions"}],"predecessor-version":[{"id":7493,"href":"https:\/\/toukiela.com\/es\/wp-json\/wp\/v2\/posts\/7492\/revisions\/7493"}],"wp:featuredmedia":[{"embeddable":true,"href":"https:\/\/toukiela.com\/es\/wp-json\/wp\/v2\/media\/7494"}],"wp:attachment":[{"href":"https:\/\/toukiela.com\/es\/wp-json\/wp\/v2\/media?parent=7492"}],"wp:term":[{"taxonomy":"category","embeddable":true,"href":"https:\/\/toukiela.com\/es\/wp-json\/wp\/v2\/categories?post=7492"},{"taxonomy":"post_tag","embeddable":true,"href":"https:\/\/toukiela.com\/es\/wp-json\/wp\/v2\/tags?post=7492"}],"curies":[{"name":"wp","href":"https:\/\/api.w.org\/{rel}","templated":true}]}}