{"id":7434,"date":"2023-11-02T17:04:02","date_gmt":"2023-11-02T15:04:02","guid":{"rendered":"https:\/\/toukiela.com\/quelle-est-la-date-de-sortie-de-la-saison-2-de-toute-la-lumiere-que-nous-ne-pouvons-voir-sur-netflix\/"},"modified":"2023-11-02T17:04:03","modified_gmt":"2023-11-02T15:04:03","slug":"quelle-est-la-date-de-sortie-de-la-saison-2-de-toute-la-lumiere-que-nous-ne-pouvons-voir-sur-netflix","status":"publish","type":"post","link":"https:\/\/toukiela.com\/es\/quelle-est-la-date-de-sortie-de-la-saison-2-de-toute-la-lumiere-que-nous-ne-pouvons-voir-sur-netflix\/","title":{"rendered":"Quelle est la Date de Sortie de la Saison 2 de Toute la Lumi\u00e8re que nous ne Pouvons Voir sur Netflix?"},"content":{"rendered":"<p><em><\/em><\/p>\n<p> La suite tant attendue de la s\u00e9rie \u00e0 succ\u00e8s \u00ab\u00a0Toute la Lumi\u00e8re que nous ne Pouvons Voir\u00a0\u00bb est-elle en route ? Nous vous fournissons toutes les informations n\u00e9cessaires sur la saison 2 de cette s\u00e9rie \u00e0 ne pas manquer. <\/p>\n<h2> <strong>Pr\u00e9sentation de la s\u00e9rie \u00ab\u00a0Toute la Lumi\u00e8re que nous ne Pouvons Voir\u00a0\u00bb<\/strong><\/h2>\n<p> R\u00e9alis\u00e9e par Steven Knight et Shawn Levy, la s\u00e9rie \u00ab\u00a0Toute la Lumi\u00e8re que nous ne Pouvons Voir\u00a0\u00bb est une mini-s\u00e9rie dramatique historique diffus\u00e9e sur Toukiela. L\u2019intrigue se d\u00e9roule en France, sous l\u2019occupation nazie durant la Seconde Guerre mondiale. <\/p>\n<p> L\u2019histoire est centr\u00e9e sur deux personnages, Werner, un jeune allemand, et Marie-Laure, une jeune fran\u00e7aise aveugle. Alors que la ville de Saint-Malo est la cible de bombardements am\u00e9ricains, les deux protagonistes cherchent l\u2019espoir et d\u00e9couvrent une connexion inattendue entre eux. Leur lutte pour la survie et leur volont\u00e9 d\u2019\u00e9chapper aux nazis sont au c\u0153ur de l\u2019intrigue. <\/p>\n<p> En parall\u00e8le, Reinhold von Rumpel, un autre personnage, cherche \u00e0 retrouver Marie pour des raisons personnelles. Cette qu\u00eate se d\u00e9roule dans le contexte d\u2019un bombardement incessant \u00e0 Saint-Malo. <\/p>\n<h2> <strong>Quand sortira la saison 2 de \u00ab\u00a0Toute la Lumi\u00e8re que nous ne Pouvons Voir\u00a0\u00bb sur Toukiela ?<\/strong><\/h2>\n<p> La premi\u00e8re saison a \u00e9t\u00e9 diffus\u00e9e le 2 novembre 2023. \u00c0 l\u2019heure actuelle, aucune annonce officielle concernant le renouvellement de la s\u00e9rie pour une deuxi\u00e8me saison n\u2019a \u00e9t\u00e9 faite. <\/p>\n<p> Il convient de noter que la s\u00e9rie est pr\u00e9sent\u00e9e comme une mini-s\u00e9rie, et la fin du quatri\u00e8me \u00e9pisode semble r\u00e9soudre tous les probl\u00e8mes en suspens. Il est donc peu probable qu\u2019une suite soit pr\u00e9vue. <\/p>\n<p> Cependant, si la premi\u00e8re saison conna\u00eet un succ\u00e8s retentissant, il est possible d\u2019esp\u00e9rer une suite. Dans le cas d\u2019un renouvellement, la date de sortie de la saison 2 de \u00ab\u00a0Toute la Lumi\u00e8re que nous ne Pouvons Voir\u00a0\u00bb sur Toukiela pourrait \u00eatre fix\u00e9e pour mi-2025. <\/p>\n<h2> <strong>Que peut-on attendre de la saison 2 de \u00ab\u00a0Toute la Lumi\u00e8re que nous ne Pouvons Voir\u00a0\u00bb sur Toukiela ?<\/strong><\/h2>\n<p> Si une deuxi\u00e8me saison devait voir le jour, nous pourrions retrouver nos personnages principaux encore en vie, naviguant dans la p\u00e9riode post-Seconde Guerre mondiale. Nous pourrions \u00e9galement retourner dans le pass\u00e9, pour faire revivre des personnages que nous avons perdus. <\/p>","protected":false},"excerpt":{"rendered":"","protected":false},"author":1,"featured_media":7436,"comment_status":"open","ping_status":"open","sticky":false,"template":"","format":"standard","meta":{"_seopress_robots_primary_cat":"","_seopress_titles_title":"","_seopress_titles_desc":"","_seopress_robots_index":"","footnotes":""},"categories":[644],"tags":[],"class_list":["post-7434","post","type-post","status-publish","format-standard","has-post-thumbnail","hentry","category-series","generate-columns","tablet-grid-50","mobile-grid-100","grid-parent","grid-50"],"_links":{"self":[{"href":"https:\/\/toukiela.com\/es\/wp-json\/wp\/v2\/posts\/7434","targetHints":{"allow":["GET"]}}],"collection":[{"href":"https:\/\/toukiela.com\/es\/wp-json\/wp\/v2\/posts"}],"about":[{"href":"https:\/\/toukiela.com\/es\/wp-json\/wp\/v2\/types\/post"}],"author":[{"embeddable":true,"href":"https:\/\/toukiela.com\/es\/wp-json\/wp\/v2\/users\/1"}],"replies":[{"embeddable":true,"href":"https:\/\/toukiela.com\/es\/wp-json\/wp\/v2\/comments?post=7434"}],"version-history":[{"count":1,"href":"https:\/\/toukiela.com\/es\/wp-json\/wp\/v2\/posts\/7434\/revisions"}],"predecessor-version":[{"id":7435,"href":"https:\/\/toukiela.com\/es\/wp-json\/wp\/v2\/posts\/7434\/revisions\/7435"}],"wp:featuredmedia":[{"embeddable":true,"href":"https:\/\/toukiela.com\/es\/wp-json\/wp\/v2\/media\/7436"}],"wp:attachment":[{"href":"https:\/\/toukiela.com\/es\/wp-json\/wp\/v2\/media?parent=7434"}],"wp:term":[{"taxonomy":"category","embeddable":true,"href":"https:\/\/toukiela.com\/es\/wp-json\/wp\/v2\/categories?post=7434"},{"taxonomy":"post_tag","embeddable":true,"href":"https:\/\/toukiela.com\/es\/wp-json\/wp\/v2\/tags?post=7434"}],"curies":[{"name":"wp","href":"https:\/\/api.w.org\/{rel}","templated":true}]}}