{"id":7270,"date":"2023-10-28T13:04:04","date_gmt":"2023-10-28T11:04:04","guid":{"rendered":"https:\/\/toukiela.com\/les-ordres-du-mal-2-quelle-est-la-date-de-sortie-de-la-suite-sur-netflix\/"},"modified":"2023-10-28T13:04:05","modified_gmt":"2023-10-28T11:04:05","slug":"les-ordres-du-mal-2-quelle-est-la-date-de-sortie-de-la-suite-sur-netflix","status":"publish","type":"post","link":"https:\/\/toukiela.com\/es\/les-ordres-du-mal-2-quelle-est-la-date-de-sortie-de-la-suite-sur-netflix\/","title":{"rendered":"Les Ordres du Mal 2: \u00bfCu\u00e1ndo se estrenar\u00e1 la secuela en Netflix?"},"content":{"rendered":"<p><em><\/em><\/p>\n<h2>\u00a1Toda la informaci\u00f3n sobre el estreno de Les Ordres du Mal 2 en Netflix! \u00bfUna secuela de Les Ordres du Mal?<\/h2>\n<p>\u00a1Ya puedes ver Les Ordres du Mal en Netflix! Si te preguntas cu\u00e1ndo se estrenar\u00e1 Les Ordres du Mal 2, \u00a1sigue leyendo! Les Ordres du Mal es una pel\u00edcula de terror espa\u00f1ola distribuida por Netflix. Cuenta la historia de una monja convertida en profesora de una escuela cat\u00f3lica para ni\u00f1as, que descubre un oscuro secreto en el pasado de la escuela.<\/p>\n<p>Escrita y dirigida por Paco Plaza, La hermana muerte es una precuela de Ver\u00f3nica, la pel\u00edcula de Plaza de 2017. Cuenta la historia de la monja ciega que aparece en Las \u00f3rdenes del mal. Si quieres saber d\u00f3nde se rod\u00f3 la pel\u00edcula, lee este art\u00edculo.<\/p>\n<p>Tras un oscuro suceso durante la Guerra Civil espa\u00f1ola, una joven descubre que posee dones espirituales. Ya adulta, Sor Narcisa regresa al convento, ahora un colegio para ni\u00f1as, para trabajar como profesora. Pronto descubre que el colegio est\u00e1 embrujado por el esp\u00edritu de una ni\u00f1a y una monja fallecida, Sor Socorro.<\/p>\n<p>Al conocer la historia del colegio, Sor Narcisa descubre oscuros secretos guardados por la Madre Superiora y Sor Julia sobre el pasado de Socorro. Socorro quiere vengarse de lo ocurrido. Si tienes alguna duda sobre el final de la pel\u00edcula, lee este art\u00edculo. Si no, \u00a1te daremos toda la informaci\u00f3n que necesites sobre el estreno de Les Ordres du Mal 2 en Netflix!<\/p>\n<h2>\u00bfCu\u00e1ndo se estrenar\u00e1 Les Ordres du Mal 2 en Netflix?<\/h2>\n<p>La pel\u00edcula se estren\u00f3 el 27 de octubre de 2023. Por el momento, no se ha anunciado el estreno de Les Ordres du Mal 2 en Netflix. Dado que esta es ya la segunda pel\u00edcula despu\u00e9s de Veronica, es posible que se est\u00e9 considerando una secuela, tal vez ambientada despu\u00e9s de la primera pel\u00edcula.<\/p>\n<p>Netflix esperar\u00e1 a las cr\u00edticas y valoraciones antes de tomar una decisi\u00f3n y se pronunciar\u00e1 en breve. Si se confirma la secuela, \u00a1la fecha de estreno de Les Ordres du Mal 2 en Netflix podr\u00eda fijarse para Halloween de 2025!<\/p>\n<h2>\u00bfQu\u00e9 podemos esperar de la continuaci\u00f3n de Les Ordres du Mal?<\/h2>\n<p>En la secuela de Les Ordres du Mal, podr\u00edamos retomar la historia entre las dos pel\u00edculas, o despu\u00e9s de la primera. Continuaremos explorando el personaje de la Monja Ciega y, obviamente, el horror estar\u00e1 presente.<\/p>\n<p>The post Les Ordres du Mal 2: \u00bfCu\u00e1l es la fecha de estreno de la secuela en Netflix? appeared first on Toukiela.<\/p>","protected":false},"excerpt":{"rendered":"","protected":false},"author":1,"featured_media":7272,"comment_status":"open","ping_status":"open","sticky":false,"template":"","format":"standard","meta":{"_seopress_robots_primary_cat":"","_seopress_titles_title":"","_seopress_titles_desc":"","_seopress_robots_index":"","footnotes":""},"categories":[645],"tags":[],"class_list":["post-7270","post","type-post","status-publish","format-standard","has-post-thumbnail","hentry","category-netflix","generate-columns","tablet-grid-50","mobile-grid-100","grid-parent","grid-50"],"_links":{"self":[{"href":"https:\/\/toukiela.com\/es\/wp-json\/wp\/v2\/posts\/7270","targetHints":{"allow":["GET"]}}],"collection":[{"href":"https:\/\/toukiela.com\/es\/wp-json\/wp\/v2\/posts"}],"about":[{"href":"https:\/\/toukiela.com\/es\/wp-json\/wp\/v2\/types\/post"}],"author":[{"embeddable":true,"href":"https:\/\/toukiela.com\/es\/wp-json\/wp\/v2\/users\/1"}],"replies":[{"embeddable":true,"href":"https:\/\/toukiela.com\/es\/wp-json\/wp\/v2\/comments?post=7270"}],"version-history":[{"count":1,"href":"https:\/\/toukiela.com\/es\/wp-json\/wp\/v2\/posts\/7270\/revisions"}],"predecessor-version":[{"id":7271,"href":"https:\/\/toukiela.com\/es\/wp-json\/wp\/v2\/posts\/7270\/revisions\/7271"}],"wp:featuredmedia":[{"embeddable":true,"href":"https:\/\/toukiela.com\/es\/wp-json\/wp\/v2\/media\/7272"}],"wp:attachment":[{"href":"https:\/\/toukiela.com\/es\/wp-json\/wp\/v2\/media?parent=7270"}],"wp:term":[{"taxonomy":"category","embeddable":true,"href":"https:\/\/toukiela.com\/es\/wp-json\/wp\/v2\/categories?post=7270"},{"taxonomy":"post_tag","embeddable":true,"href":"https:\/\/toukiela.com\/es\/wp-json\/wp\/v2\/tags?post=7270"}],"curies":[{"name":"wp","href":"https:\/\/api.w.org\/{rel}","templated":true}]}}