{"id":7155,"date":"2023-10-24T13:10:59","date_gmt":"2023-10-24T11:10:59","guid":{"rendered":"https:\/\/toukiela.com\/elite-saison-7-est-ce-quivan-quitte-la-serie-andre-lamoglia-toujours-present\/"},"modified":"2023-10-24T13:11:01","modified_gmt":"2023-10-24T11:11:01","slug":"elite-saison-7-est-ce-quivan-quitte-la-serie-andre-lamoglia-toujours-present","status":"publish","type":"post","link":"https:\/\/toukiela.com\/es\/elite-season-7-quivan-deja-la-serie-yre-lamoglia-siempre-presente-2\/","title":{"rendered":"\u00c9lite 7\u00aa temporada: \u00bfIvan deja la serie? \u00bfSigue Andr\u00e9 Lamoglia con nosotros?"},"content":{"rendered":"<p><em><\/em><\/p>\n<h2>Descubre si Ivan, interpretado por Andr\u00e9 Lamoglia, abandona la serie \u00c9lite tras la s\u00e9ptima temporada.<\/h2>\n<p>\u00a1La serie \u00c9lite ya est\u00e1 disponible en Netflix! Si quieres saber si Iv\u00e1n se va de \u00c9lite, \u00a1sigue leyendo! \u00c9lite vuelve a Netflix para su s\u00e9ptima temporada, con la noticia de que el picante y sabroso drama espa\u00f1ol terminar\u00e1 tras su octavo y \u00faltimo episodio. Pero qu\u00e9 viaje ha sido, con todos sus enamoramientos, desamores y misterios.<\/p>\n<h2>La marcha de Iv\u00e1n de \u00c9lite tras la 7\u00aa temporada<\/h2>\n<p>Cuando Bhele se entera de los problemas de Iv\u00e1n, le sugiere que vaya a Sud\u00e1frica en un programa de intercambio para que pueda alejarse de lo que le incomoda en Madrid. A Iv\u00e1n le gusta la idea y asiente con la cabeza. Tras solicitar el programa de intercambio, se marcha a Sud\u00e1frica.<\/p>\n<p>Le pide a Joel que le acompa\u00f1e, pero \u00e9ste decide no marcharse al pa\u00eds africano porque no quiere perseguir a Iv\u00e1n. Iv\u00e1n deja Las Encinas y Madrid igualmente. Como '\u00c9lite' tiene un largo historial de salidas de miembros del reparto, no se puede culpar a los espectadores por estar preocupados por la salida de Andr\u00e9 Lamoglia.<\/p>\n<p>Andr\u00e9 Lamoglia no abandon\u00f3 \u00c9lite en la s\u00e9ptima temporada. En septiembre de 2023, el actor estaba rodando la octava y \u00faltima temporada de la serie espa\u00f1ola. Se le vio rodando en Madrid, principal lugar de rodaje de la serie. \"Nos vemos en Las Encinas. Trabajo en marcha!\" comparti\u00f3 Lamoglia en septiembre.<\/p>\n<p>Aunque el post de Instagram del actor deja claro que volver\u00e1 a Las Encinas, eso no significa que haya cambiado de opini\u00f3n sobre su traslado a Sud\u00e1frica. No solo se mudar\u00e1 al pa\u00eds africano, sino que tambi\u00e9n aparecer\u00e1 en el Parkhurst College de Ciudad del Cabo, escenario principal de la serie juvenil sudafricana de Netflix, 'Blood &amp; Water'.<\/p>\n<h2>Ivan en la serie sudafricana Blood &amp; Water<\/h2>\n<p>Al igual que Fikile Bhele, el protagonista de \"Blood &amp; Water\", de Khosi Ngema, apareci\u00f3 en el s\u00e9ptimo episodio de Ivan de Andr\u00e9 Lamoglia aparecer\u00e1 en la cuarta temporada de la serie sudafricana, cuyo estreno est\u00e1 previsto para 2024. Para una explicaci\u00f3n del final de la s\u00e9ptima temporada, lea esto.<\/p>\n<p>Adem\u00e1s de Lamoglia, la octava temporada dar\u00e1 la bienvenida a Omar Ayuso (Omar Shanaa) y Valentina Zenere (Isadora). Mina El Hammani regresa a la serie, tras haber aparecido por \u00faltima vez en la cuarta temporada como Nadia Shanaa.<\/p>\n<p>The post \u00c9lite Temporada 7: \u00bfIv\u00e1n deja la serie? Andr\u00e9 Lamoglia ? appeared first on.<\/p>","protected":false},"excerpt":{"rendered":"","protected":false},"author":1,"featured_media":7157,"comment_status":"open","ping_status":"open","sticky":false,"template":"","format":"standard","meta":{"_seopress_robots_primary_cat":"","_seopress_titles_title":"","_seopress_titles_desc":"","_seopress_robots_index":"","footnotes":""},"categories":[645],"tags":[],"class_list":["post-7155","post","type-post","status-publish","format-standard","has-post-thumbnail","hentry","category-netflix","generate-columns","tablet-grid-50","mobile-grid-100","grid-parent","grid-50"],"_links":{"self":[{"href":"https:\/\/toukiela.com\/es\/wp-json\/wp\/v2\/posts\/7155","targetHints":{"allow":["GET"]}}],"collection":[{"href":"https:\/\/toukiela.com\/es\/wp-json\/wp\/v2\/posts"}],"about":[{"href":"https:\/\/toukiela.com\/es\/wp-json\/wp\/v2\/types\/post"}],"author":[{"embeddable":true,"href":"https:\/\/toukiela.com\/es\/wp-json\/wp\/v2\/users\/1"}],"replies":[{"embeddable":true,"href":"https:\/\/toukiela.com\/es\/wp-json\/wp\/v2\/comments?post=7155"}],"version-history":[{"count":1,"href":"https:\/\/toukiela.com\/es\/wp-json\/wp\/v2\/posts\/7155\/revisions"}],"predecessor-version":[{"id":7156,"href":"https:\/\/toukiela.com\/es\/wp-json\/wp\/v2\/posts\/7155\/revisions\/7156"}],"wp:featuredmedia":[{"embeddable":true,"href":"https:\/\/toukiela.com\/es\/wp-json\/wp\/v2\/media\/7157"}],"wp:attachment":[{"href":"https:\/\/toukiela.com\/es\/wp-json\/wp\/v2\/media?parent=7155"}],"wp:term":[{"taxonomy":"category","embeddable":true,"href":"https:\/\/toukiela.com\/es\/wp-json\/wp\/v2\/categories?post=7155"},{"taxonomy":"post_tag","embeddable":true,"href":"https:\/\/toukiela.com\/es\/wp-json\/wp\/v2\/tags?post=7155"}],"curies":[{"name":"wp","href":"https:\/\/api.w.org\/{rel}","templated":true}]}}