{"id":7031,"date":"2023-10-20T19:03:20","date_gmt":"2023-10-20T17:03:20","guid":{"rendered":"https:\/\/toukiela.com\/elite-saison-7-qui-est-chloe-decouvrez-lactrice-mirela-balic\/"},"modified":"2023-10-20T19:03:21","modified_gmt":"2023-10-20T17:03:21","slug":"elite-saison-7-qui-est-chloe-decouvrez-lactrice-mirela-balic","status":"publish","type":"post","link":"https:\/\/toukiela.com\/es\/elite-saison-7-qui-est-chloe-decouvrez-lactrice-mirela-balic\/","title":{"rendered":"\u00c9lite Saison 7 : Qui est Chlo\u00e9 ? D\u00e9couvrez l&rsquo;actrice Mirela Balic !"},"content":{"rendered":"<p><em><\/em><\/p>\n<h2>D\u00e9couvrez qui est Chlo\u00e9 dans la Saison 7 de Elite ! Tout savoir sur l\u2019actrice Mirela Balic !<\/h2>\n<p>Elite est disponible sur Netflix ! Si vous souhaitez savoir qui est Chlo\u00e9 dans Elite, lisez la suite ! Netflix a annonc\u00e9 la saison 7 d\u2019Elite avant la saison 6 en raison de sa popularit\u00e9 croissante. Elite est une s\u00e9rie dramatique sur le passage \u00e0 l\u2019\u00e2ge adulte qui peut \u00eatre d\u00e9crite comme un cocktail de s\u00e9ries comme Gossip Girl, Riverdale et Pretty Little Liars.<\/p>\n<p>Elle offre un m\u00e9lange parfait de myst\u00e8re, de romance et de suspense pour garder le public accroch\u00e9. La s\u00e9rie a \u00e9galement publi\u00e9 une bande-annonce qui donne un aper\u00e7u du caract\u00e8re dramatique et juteux de la saison. Pour trouver des s\u00e9ries similaires \u00e0 Elite, lisez ceci.<\/p>\n<p>Cr\u00e9\u00e9e par Carlos Montero et Dar\u00edo Madrona, la s\u00e9rie fait revenir le public gr\u00e2ce \u00e0 la vari\u00e9t\u00e9 de ses th\u00e8mes et \u00e0 ses nouveaux rebondissements \u00e0 chaque saison. De plus, de nouveaux personnages apparaissent sans cesse, ce qui ajoute du piquant \u00e0 chaque saison. D\u2019ailleurs voyons qui est Chlo\u00e9 dans la Saison 7 de Elite !<\/p>\n<h2>Qui est Chlo\u00e9 dans la Saison 7 de Elite ?<\/h2>\n<p>Chlo\u00e9 est une nouvelle \u00e9l\u00e8ve \u00e0 Las Encinas, elle aura des relations amoureuses h\u00e9t\u00e9ro si l\u2019on en croit les quelques images que l\u2019on a vu ! Pour savoir qui est Joel, lisez ceci.<\/p>\n<figure class=\"wp-block-image size-full\"><img decoding=\"async\" width=\"800\" height=\"430\" src=\"https:\/\/\/wp-content\/uploads\/2023\/10\/chloe-elite.jpg\" alt=\"chloe elite\" class=\"wp-image-73429\"><\/figure>\n<h2>Qui est Mirela Balic ?<\/h2>\n<p>N\u00e9e le 27 ao\u00fbt 1999 \u00e0 Madrid, en Espagne, Mirela Balic a des racines familiales diverses qui s\u2019\u00e9tendent de la Croatie \u00e0 la Serbie. Sa famille est impr\u00e9gn\u00e9e de musique, sa m\u00e8re \u00e9tant une violoncelliste r\u00e9put\u00e9e, sa tante une pianiste renomm\u00e9e et son p\u00e8re un ancien membre d\u2019un groupe de jazz. Bien qu\u2019elle soit naturellement dou\u00e9e pour le violoncelle et qu\u2019elle ait des talents de chanteuse, c\u2019est la com\u00e9die qui est sa v\u00e9ritable vocation.<\/p>\n<p>Peu avant d\u2019entamer sa carri\u00e8re d\u2019actrice, Mirela Balic s\u2019est essay\u00e9e au mannequinat, collaborant avec le c\u00e9l\u00e8bre photographe espagnol Raul Boto et d\u2019autres photographes. Le parcours de Mirela Balic en tant qu\u2019actrice a commenc\u00e9 lorsqu\u2019elle a jou\u00e9 dans un \u00e9pisode de la s\u00e9rie t\u00e9l\u00e9vis\u00e9e \u00ab Alba \u00bb en 2021. Peu apr\u00e8s, elle appara\u00eet dans un \u00e9pisode de l\u2019ancienne s\u00e9rie t\u00e9l\u00e9vis\u00e9e \u00ab Aqu\u00ed la Tierra \u00bb. En 2022, sa carri\u00e8re a franchi une \u00e9tape importante lorsqu\u2019elle a jou\u00e9 dans un long m\u00e9trage intitul\u00e9 \u00ab Code Name : Emperor \u00bb.<\/p>\n<p>En 2023, Mirela Balic conna\u00eet une ann\u00e9e importante en tant qu\u2019actrice, \u00e0 commencer par son r\u00f4le de Cata dans la s\u00e9rie t\u00e9l\u00e9vis\u00e9e \u00ab Cristo y Rey \u00bb, un personnage qui tient une place particuli\u00e8re dans son c\u0153ur. Elle a \u00e9galement jou\u00e9 dans le long m\u00e9trage \u00ab Beach House \u00bb.<\/p>\n<p>Mirela Balic entretient une relation durable avec Manuel, un artiste tatoueur bas\u00e9 \u00e0 Madrid. On les voit souvent voyager et profiter du temps qu\u2019ils passent ensemble. Ils ont m\u00eame particip\u00e9 \u00e0 une mission de mannequinat pour Duarte en octobre 2023. Pour la suivre sur Instagram @mirela_balic !<\/p>\n<p>L\u2019article \u00c9lite Saison 7 : Qui est Chlo\u00e9 ? L\u2019acteur Mirela Balic ! est apparu en premier sur .<\/p>\n<p><script async defer src=\"https:\/\/platform.instagram.com\/en_US\/embeds.js\"><\/script><\/p>","protected":false},"excerpt":{"rendered":"","protected":false},"author":1,"featured_media":7033,"comment_status":"open","ping_status":"open","sticky":false,"template":"","format":"standard","meta":{"_seopress_robots_primary_cat":"","_seopress_titles_title":"","_seopress_titles_desc":"","_seopress_robots_index":"","footnotes":""},"categories":[645],"tags":[],"class_list":["post-7031","post","type-post","status-publish","format-standard","has-post-thumbnail","hentry","category-netflix","generate-columns","tablet-grid-50","mobile-grid-100","grid-parent","grid-50"],"_links":{"self":[{"href":"https:\/\/toukiela.com\/es\/wp-json\/wp\/v2\/posts\/7031","targetHints":{"allow":["GET"]}}],"collection":[{"href":"https:\/\/toukiela.com\/es\/wp-json\/wp\/v2\/posts"}],"about":[{"href":"https:\/\/toukiela.com\/es\/wp-json\/wp\/v2\/types\/post"}],"author":[{"embeddable":true,"href":"https:\/\/toukiela.com\/es\/wp-json\/wp\/v2\/users\/1"}],"replies":[{"embeddable":true,"href":"https:\/\/toukiela.com\/es\/wp-json\/wp\/v2\/comments?post=7031"}],"version-history":[{"count":1,"href":"https:\/\/toukiela.com\/es\/wp-json\/wp\/v2\/posts\/7031\/revisions"}],"predecessor-version":[{"id":7032,"href":"https:\/\/toukiela.com\/es\/wp-json\/wp\/v2\/posts\/7031\/revisions\/7032"}],"wp:featuredmedia":[{"embeddable":true,"href":"https:\/\/toukiela.com\/es\/wp-json\/wp\/v2\/media\/7033"}],"wp:attachment":[{"href":"https:\/\/toukiela.com\/es\/wp-json\/wp\/v2\/media?parent=7031"}],"wp:term":[{"taxonomy":"category","embeddable":true,"href":"https:\/\/toukiela.com\/es\/wp-json\/wp\/v2\/categories?post=7031"},{"taxonomy":"post_tag","embeddable":true,"href":"https:\/\/toukiela.com\/es\/wp-json\/wp\/v2\/tags?post=7031"}],"curies":[{"name":"wp","href":"https:\/\/api.w.org\/{rel}","templated":true}]}}