{"id":7028,"date":"2023-10-20T17:48:47","date_gmt":"2023-10-20T15:48:47","guid":{"rendered":"https:\/\/toukiela.com\/les-fai-lancent-un-defi-juridique-contre-la-nouvelle-loi-italienne-de-blocage-des-iptv-pirates-vous-ne-devinerez-jamais-qui-va-gagner\/"},"modified":"2023-10-20T17:48:48","modified_gmt":"2023-10-20T15:48:48","slug":"les-fai-lancent-un-defi-juridique-contre-la-nouvelle-loi-italienne-de-blocage-des-iptv-pirates-vous-ne-devinerez-jamais-qui-va-gagner","status":"publish","type":"post","link":"https:\/\/toukiela.com\/es\/les-fai-lancent-un-defi-juridique-contre-la-nouvelle-loi-italienne-de-blocage-des-iptv-pirates-vous-ne-devinerez-jamais-qui-va-gagner\/","title":{"rendered":"Les FAI lancent un d\u00e9fi juridique contre la nouvelle loi italienne de blocage des IPTV pirates &#8211; Vous ne devinerez jamais qui va gagner !"},"content":{"rendered":"<p><em><\/em><\/p>\n<div id=\"ez-toc-container\" class=\"ez-toc-v2_0_82_2 counter-hierarchy ez-toc-counter ez-toc-grey ez-toc-container-direction\">\n<p class=\"ez-toc-title\" style=\"cursor:inherit\">Sommaire<\/p>\n<label for=\"ez-toc-cssicon-toggle-item-69f1f0392c397\" class=\"ez-toc-cssicon-toggle-label\"><span class=\"\"><span class=\"eztoc-hide\" style=\"display:none;\">Toggle<\/span><span class=\"ez-toc-icon-toggle-span\"><svg style=\"fill: #999;color:#999\" xmlns=\"http:\/\/www.w3.org\/2000\/svg\" class=\"list-377408\" width=\"20px\" height=\"20px\" viewBox=\"0 0 24 24\" fill=\"none\"><path d=\"M6 6H4v2h2V6zm14 0H8v2h12V6zM4 11h2v2H4v-2zm16 0H8v2h12v-2zM4 16h2v2H4v-2zm16 0H8v2h12v-2z\" fill=\"currentColor\"><\/path><\/svg><svg style=\"fill: #999;color:#999\" class=\"arrow-unsorted-368013\" xmlns=\"http:\/\/www.w3.org\/2000\/svg\" width=\"10px\" height=\"10px\" viewBox=\"0 0 24 24\" version=\"1.2\" baseProfile=\"tiny\"><path d=\"M18.2 9.3l-6.2-6.3-6.2 6.3c-.2.2-.3.4-.3.7s.1.5.3.7c.2.2.4.3.7.3h11c.3 0 .5-.1.7-.3.2-.2.3-.5.3-.7s-.1-.5-.3-.7zM5.8 14.7l6.2 6.3 6.2-6.3c.2-.2.3-.5.3-.7s-.1-.5-.3-.7c-.2-.2-.4-.3-.7-.3h-11c-.3 0-.5.1-.7.3-.2.2-.3.5-.3.7s.1.5.3.7z\"\/><\/svg><\/span><\/span><\/label><input type=\"checkbox\"  id=\"ez-toc-cssicon-toggle-item-69f1f0392c397\"  aria-label=\"Alternar\" \/><nav><ul class='ez-toc-list ez-toc-list-level-1 ' ><li class='ez-toc-page-1 ez-toc-heading-level-2'><a class=\"ez-toc-link ez-toc-heading-1\" href=\"https:\/\/toukiela.com\/es\/les-fai-lancent-un-defi-juridique-contre-la-nouvelle-loi-italienne-de-blocage-des-iptv-pirates-vous-ne-devinerez-jamais-qui-va-gagner\/#Les_services_IPTV_pirates_et_la_loi_italienne\" >Les services IPTV pirates et la loi italienne<\/a><\/li><li class='ez-toc-page-1 ez-toc-heading-level-2'><a class=\"ez-toc-link ez-toc-heading-2\" href=\"https:\/\/toukiela.com\/es\/les-fai-lancent-un-defi-juridique-contre-la-nouvelle-loi-italienne-de-blocage-des-iptv-pirates-vous-ne-devinerez-jamais-qui-va-gagner\/#Les_avertissements_nont_pas_empeche_linevitable\" >Les avertissements n\u2019ont pas emp\u00each\u00e9 l\u2019in\u00e9vitable<\/a><\/li><li class='ez-toc-page-1 ez-toc-heading-level-2'><a class=\"ez-toc-link ez-toc-heading-3\" href=\"https:\/\/toukiela.com\/es\/les-fai-lancent-un-defi-juridique-contre-la-nouvelle-loi-italienne-de-blocage-des-iptv-pirates-vous-ne-devinerez-jamais-qui-va-gagner\/#Reglementations_techniques_et_Commission_europeenne\" >R\u00e9glementations techniques et Commission europ\u00e9enne<\/a><\/li><li class='ez-toc-page-1 ez-toc-heading-level-2'><a class=\"ez-toc-link ez-toc-heading-4\" href=\"https:\/\/toukiela.com\/es\/les-fai-lancent-un-defi-juridique-contre-la-nouvelle-loi-italienne-de-blocage-des-iptv-pirates-vous-ne-devinerez-jamais-qui-va-gagner\/#Aucun_acces_public_aux_reponses_de_la_Commission_europeenne\" >Aucun acc\u00e8s public aux r\u00e9ponses de la Commission europ\u00e9enne<\/a><\/li><li class='ez-toc-page-1 ez-toc-heading-level-2'><a class=\"ez-toc-link ez-toc-heading-5\" href=\"https:\/\/toukiela.com\/es\/les-fai-lancent-un-defi-juridique-contre-la-nouvelle-loi-italienne-de-blocage-des-iptv-pirates-vous-ne-devinerez-jamais-qui-va-gagner\/#Le_recours_en_justice_remporte_une_premiere_victoire\" >Le recours en justice remporte une premi\u00e8re victoire<\/a><\/li><\/ul><\/nav><\/div>\n<h2><span class=\"ez-toc-section\" id=\"Les_services_IPTV_pirates_et_la_loi_italienne\"><\/span>Les services IPTV pirates et la loi italienne<span class=\"ez-toc-section-end\"><\/span><\/h2>\n<p>Face aux revendications constantes des secteurs du football et de la diffusion en Italie, selon lesquelles les services IPTV pirates \u00ab tuent le football \u00bb et qu\u2019il n\u2019y a pas de temps \u00e0 perdre, les l\u00e9gislateurs italiens ont r\u00e9pondu cet \u00e9t\u00e9.<\/p>\n<p>Les blocages obligatoires des fournisseurs d\u2019acc\u00e8s Internet (FAI), qui devaient \u00e9liminer les flux pirates en moins de 30 minutes, ne sont qu\u2019une partie d\u2019un ensemble de mesures visant \u00e0 contrer les services de piratage et, si n\u00e9cessaire, \u00e0 punir les citoyens italiens qui y souscrivent.<\/p>\n<p>Apr\u00e8s avoir \u00e9t\u00e9 adopt\u00e9e mi-juillet, la l\u00e9gislation a re\u00e7u l\u2019approbation de l\u2019Autorit\u00e9 de r\u00e9gulation des t\u00e9l\u00e9communications AGCOM seulement deux semaines plus tard. Le 8 ao\u00fbt 2023, la nouvelle loi est entr\u00e9e en vigueur.<\/p>\n<p>Le nouveau syst\u00e8me de blocage appel\u00e9 \u00ab Piracy Shield \u00bb n\u2019\u00e9tait pas pr\u00eat, selon les autorit\u00e9s. Le syst\u00e8me n\u2019est pas non plus entr\u00e9 en vigueur en septembre et jusqu\u2019\u00e0 pr\u00e9sent, il n\u2019y a eu aucune indication de sa mise en service en octobre, ni de date de lancement pr\u00e9vue.<\/p>\n<p>En attendant, des travaux sont en cours pour d\u00e9terminer si la loi a une base juridique solide. La loi autorise des blocages pr\u00e9ventifs et, comme l\u2019objectif est que ceux-ci se produisent dans les 30 minutes, voire beaucoup plus rapidement, les cibles des blocages n\u2019ont pas la possibilit\u00e9 de faire appel et les FAI n\u2019ont d\u2019autre choix que de mettre en \u0153uvre les blocages.<\/p>\n<h2><span class=\"ez-toc-section\" id=\"Les_avertissements_nont_pas_empeche_linevitable\"><\/span>Les avertissements n\u2019ont pas emp\u00each\u00e9 l\u2019in\u00e9vitable<span class=\"ez-toc-section-end\"><\/span><\/h2>\n<p>En avril, plusieurs mois avant l\u2019entr\u00e9e en vigueur de la loi, l\u2019Association des fournisseurs d\u2019acc\u00e8s Internet italiens (AIIP), un groupe professionnel qui repr\u00e9sente les int\u00e9r\u00eats des petits et moyens FAI, a envoy\u00e9 une note aux autorit\u00e9s exposant ses pr\u00e9occupations concernant les propositions.<\/p>\n<p>Le pr\u00e9sident de l\u2019AIIP, Giovanni Zorzoni, craignait que le syst\u00e8me de blocage propos\u00e9 n\u2019introduise un \u00ab point de d\u00e9faillance \u00bb unique susceptible de compromettre l\u2019infrastructure nationale. Le \u00ab m\u00e9ga pare-feu \u00bb de l\u2019Italie pourrait \u00e9galement exposer les FAI \u00e0 des responsabilit\u00e9s, tandis que les utilisateurs finaux devraient en fin de compte payer la note.<\/p>\n<p>Apr\u00e8s l\u2019adoption de la loi, l\u2019AIIP a de nouveau tir\u00e9 la sonnette d\u2019alarme, avertissant que la couverture 24 heures sur 24 pour prot\u00e9ger les int\u00e9r\u00eats des clubs de football et des diffuseurs pourrait co\u00fbter de 200 000 \u00e0 300 000 euros par an \u00e0 un FAI.<\/p>\n<p>Pas de probl\u00e8me pour les multinationales, bien s\u00fbr, mais pour les petits FAI qui r\u00e9alisent un chiffre d\u2019affaires de 500 000 euros par an, les co\u00fbts pourraient \u00eatre d\u00e9vastateurs. Les affirmations selon lesquelles le piratage IPTV co\u00fbte \u00e0 l\u2019Italie 10 000 emplois ont \u00e9t\u00e9 contredites par une estimation de l\u2019AIIP selon laquelle la loi pourrait faire dispara\u00eetre 2 000 entreprises dans le secteur des FAI.<\/p>\n<p>Face \u00e0 ces mises en garde, l\u2019AIIP a maintenant lanc\u00e9 un recours en justice devant les tribunaux italiens, qui implique notamment l\u2019obtention de certains documents r\u00e9dig\u00e9s par la Commission europ\u00e9enne.<\/p>\n<h2><span class=\"ez-toc-section\" id=\"Reglementations_techniques_et_Commission_europeenne\"><\/span>R\u00e9glementations techniques et Commission europ\u00e9enne<span class=\"ez-toc-section-end\"><\/span><\/h2>\n<p>Fin juillet, l\u2019Autorit\u00e9 de r\u00e9gulation des t\u00e9l\u00e9communications AGCOM a modifi\u00e9 sa r\u00e9glementation avec la r\u00e9solution 189\/23 (pdf). \u00c0 la page quatre de ce document, l\u2019AGCOM d\u00e9clare qu\u2019en vertu de la Directive 2015\/1535\/UE de l\u2019UE, une notification dat\u00e9e du 22 mars 2023 a \u00e9t\u00e9 d\u00e9pos\u00e9e aupr\u00e8s de la Commission europ\u00e9enne.<\/p>\n<p>L\u2019objectif de la Directive 2015\/1535\/UE (pdf) est d\u2019emp\u00eacher l\u2019introduction de nouvelles barri\u00e8res techniques au commerce. Elle oblige les \u00c9tats membres \u00e0 fournir \u00e0 la Commission europ\u00e9enne (et aux autres \u00c9tats membres de l\u2019UE) des d\u00e9tails sur les r\u00e9glementations techniques pr\u00e9vues \u00e0 l\u2019\u00e9tape de la r\u00e9daction.<\/p>\n<p>Une autre r\u00e9f\u00e9rence \u00e0 la m\u00eame directive appara\u00eet \u00e0 la page 10 de la r\u00e9solution de l\u2019AGCOM, o\u00f9 il est indiqu\u00e9 qu\u2019en avril 2023, la Commission europ\u00e9enne a demand\u00e9 des \u00e9claircissements sur des questions non sp\u00e9cifi\u00e9es concernant les r\u00e9glementations techniques propos\u00e9es au minist\u00e8re italien des Affaires. L\u2019AGCOM note qu\u2019apr\u00e8s avoir r\u00e9pondu avant la date limite, aucune autre communication n\u2019a \u00e9t\u00e9 re\u00e7ue de la Commission europ\u00e9enne, ce qui a \u00e9t\u00e9 interpr\u00e9t\u00e9 comme un feu vert pour aller de l\u2019avant.<\/p>\n<h2><span class=\"ez-toc-section\" id=\"Aucun_acces_public_aux_reponses_de_la_Commission_europeenne\"><\/span>Aucun acc\u00e8s public aux r\u00e9ponses de la Commission europ\u00e9enne<span class=\"ez-toc-section-end\"><\/span><\/h2>\n<p>Apr\u00e8s avoir appris le recours en justice de l\u2019AIIP, nous avons d\u00e9couvert que les recherches dans la vaste biblioth\u00e8que de documents de la Commission ne permettraient probablement pas de trouver ses r\u00e9ponses aux notifications en vertu de la directive 2015\/1535\/UE.<\/p>\n<p>Fulvio Sarzana, avocat repr\u00e9sentant l\u2019AIIP dans cette affaire, informe Toukiela que les citoyens en g\u00e9n\u00e9ral n\u2019ont pas acc\u00e8s aux r\u00e9ponses de la Commission. Les d\u00e9tails sont partag\u00e9s avec les \u00c9tats membres individuels, mais les organisations comme l\u2019AIIP n\u2019y ont pas acc\u00e8s, m\u00eame lorsqu\u2019elles ont un int\u00e9r\u00eat direct dans l\u2019information.<\/p>\n<h2><span class=\"ez-toc-section\" id=\"Le_recours_en_justice_remporte_une_premiere_victoire\"><\/span>Le recours en justice remporte une premi\u00e8re victoire<span class=\"ez-toc-section-end\"><\/span><\/h2>\n<p>Dans le cadre du recours en justice de l\u2019AIIP d\u00e9pos\u00e9 devant le tribunal administratif r\u00e9gional du Latium, qui vise les r\u00e9glementations \u00e9mises en juillet 2023 et leur application par l\u2019AGCOM, l\u2019AIIP a demand\u00e9 l\u2019acc\u00e8s aux r\u00e9ponses de la Commission.<\/p>\n<p>\u00ab [L\u2019AIIP] a d\u00e9j\u00e0 soulev\u00e9 cette question il y a dix ans, lorsque les dispositions contre le piratage ont \u00e9t\u00e9 adopt\u00e9es pour la premi\u00e8re fois : mais la Commission europ\u00e9enne nous a refus\u00e9 l\u2019acc\u00e8s aux documents en supposant qu\u2019il s\u2019agissait de documents non visibles \u00bb, explique Sarzana.<\/p>\n<p>\u00ab C\u2019est pourquoi il est essentiel de voir si le r\u00e8glement de l\u2019AGCOM a \u00e9t\u00e9 remis en question par la Commission europ\u00e9enne. Nous connaissons les d\u00e9tails de la r\u00e9glementation contre le piratage, mais nous ne savons pas si, suite aux conclusions de la Commission, la r\u00e8gle a \u00e9t\u00e9 modifi\u00e9e, puisqu\u2019une loi en Italie a \u00e9galement \u00e9t\u00e9 modifi\u00e9e. \u00bb<\/p>\n<p>Cette semaine, l\u2019AIIP a remport\u00e9 une premi\u00e8re victoire lorsque le tribunal administratif r\u00e9gional du Latium a accord\u00e9 la demande de l\u2019organisation et a ordonn\u00e9 \u00e0 l\u2019AGCOM de remettre les documents.<\/p>\n<p>\u00ab [L\u2019]Autorit\u00e9 de r\u00e9gulation des communications doit organiser le d\u00e9p\u00f4t des conclusions documentaires \u2013 il est r\u00e9p\u00e9t\u00e9, tel qu\u2019identifi\u00e9 de mani\u00e8re analytique \u2013 dans un d\u00e9lai de 60 (soixante) jours \u00e0 compter de la notification, ou, si cela se produit plus t\u00f4t, \u00e0 compter de la communication administrative de cette ordonnance \u00bb, indique l\u2019ordonnance du tribunal.<\/p>\n<p>Quelles r\u00e9v\u00e9lations pourraient contenir les documents ?<\/p>\n<p>\u00ab Les dispositions contre le piratage pourraient \u00eatre contraires aux observations de la Commission, ainsi qu\u2019\u00e0 notre avis, violant les principes du droit de la d\u00e9fense \u00e9tablis par l\u2019UE et les r\u00e8gles de la zone de s\u00e9curit\u00e9 \u00e9tablies par la loi sur les services num\u00e9riques \u00bb, conclut Sarzana.<\/p>\n\n\n","protected":false},"excerpt":{"rendered":"","protected":false},"author":1,"featured_media":7030,"comment_status":"open","ping_status":"open","sticky":false,"template":"","format":"standard","meta":{"_seopress_robots_primary_cat":"","_seopress_titles_title":"","_seopress_titles_desc":"","_seopress_robots_index":"","footnotes":""},"categories":[586],"tags":[],"class_list":["post-7028","post","type-post","status-publish","format-standard","has-post-thumbnail","hentry","category-actu-tech","generate-columns","tablet-grid-50","mobile-grid-100","grid-parent","grid-50"],"_links":{"self":[{"href":"https:\/\/toukiela.com\/es\/wp-json\/wp\/v2\/posts\/7028","targetHints":{"allow":["GET"]}}],"collection":[{"href":"https:\/\/toukiela.com\/es\/wp-json\/wp\/v2\/posts"}],"about":[{"href":"https:\/\/toukiela.com\/es\/wp-json\/wp\/v2\/types\/post"}],"author":[{"embeddable":true,"href":"https:\/\/toukiela.com\/es\/wp-json\/wp\/v2\/users\/1"}],"replies":[{"embeddable":true,"href":"https:\/\/toukiela.com\/es\/wp-json\/wp\/v2\/comments?post=7028"}],"version-history":[{"count":1,"href":"https:\/\/toukiela.com\/es\/wp-json\/wp\/v2\/posts\/7028\/revisions"}],"predecessor-version":[{"id":7029,"href":"https:\/\/toukiela.com\/es\/wp-json\/wp\/v2\/posts\/7028\/revisions\/7029"}],"wp:featuredmedia":[{"embeddable":true,"href":"https:\/\/toukiela.com\/es\/wp-json\/wp\/v2\/media\/7030"}],"wp:attachment":[{"href":"https:\/\/toukiela.com\/es\/wp-json\/wp\/v2\/media?parent=7028"}],"wp:term":[{"taxonomy":"category","embeddable":true,"href":"https:\/\/toukiela.com\/es\/wp-json\/wp\/v2\/categories?post=7028"},{"taxonomy":"post_tag","embeddable":true,"href":"https:\/\/toukiela.com\/es\/wp-json\/wp\/v2\/tags?post=7028"}],"curies":[{"name":"wp","href":"https:\/\/api.w.org\/{rel}","templated":true}]}}