{"id":6796,"date":"2023-10-13T17:05:13","date_gmt":"2023-10-13T15:05:13","guid":{"rendered":"https:\/\/toukiela.com\/episode-5-de-gen-v-explication-de-la-fin-cate-a-t-elle-reellement-efface-les-souvenirs\/"},"modified":"2023-10-13T17:05:14","modified_gmt":"2023-10-13T15:05:14","slug":"episode-5-de-gen-v-explication-de-la-fin-cate-a-t-elle-reellement-efface-les-souvenirs","status":"publish","type":"post","link":"https:\/\/toukiela.com\/es\/episode-5-de-gen-v-explication-de-la-fin-cate-a-t-elle-reellement-efface-les-souvenirs\/","title":{"rendered":"\u00c9pisode 5 de Gen V : Explication de la fin ! Cate a-t-elle r\u00e9ellement effac\u00e9 les souvenirs ?"},"content":{"rendered":"<p><em><\/em><\/p>\n<p> Vous avez certainement vu le cinqui\u00e8me \u00e9pisode de Gen V et vous \u00eates s\u00fbrement rest\u00e9 perplexe face \u00e0 sa fin. Vous \u00eates au bon endroit, car nous allons vous fournir des \u00e9claircissements \u00e0 ce sujet. <\/p>\n<div id=\"ez-toc-container\" class=\"ez-toc-v2_0_82_2 counter-hierarchy ez-toc-counter ez-toc-grey ez-toc-container-direction\">\n<p class=\"ez-toc-title\" style=\"cursor:inherit\">Contenido<\/p>\n<label for=\"ez-toc-cssicon-toggle-item-69f23afc05398\" class=\"ez-toc-cssicon-toggle-label\"><span class=\"\"><span class=\"eztoc-hide\" style=\"display:none;\">Toggle<\/span><span class=\"ez-toc-icon-toggle-span\"><svg style=\"fill: #999;color:#999\" xmlns=\"http:\/\/www.w3.org\/2000\/svg\" class=\"list-377408\" width=\"20px\" height=\"20px\" viewbox=\"0 0 24 24\" fill=\"none\"><path d=\"M6 6H4v2h2V6zm14 0H8v2h12V6zM4 11h2v2H4v-2zm16 0H8v2h12v-2zM4 16h2v2H4v-2zm16 0H8v2h12v-2z\" fill=\"currentColor\"><\/path><\/svg><svg style=\"fill: #999;color:#999\" class=\"arrow-unsorted-368013\" xmlns=\"http:\/\/www.w3.org\/2000\/svg\" width=\"10px\" height=\"10px\" viewbox=\"0 0 24 24\" version=\"1.2\" baseprofile=\"tiny\"><path d=\"M18.2 9.3l-6.2-6.3-6.2 6.3c-.2.2-.3.4-.3.7s.1.5.3.7c.2.2.4.3.7.3h11c.3 0 .5-.1.7-.3.2-.2.3-.5.3-.7s-.1-.5-.3-.7zM5.8 14.7l6.2 6.3 6.2-6.3c.2-.2.3-.5.3-.7s-.1-.5-.3-.7c-.2-.2-.4-.3-.7-.3h-11c-.3 0-.5.1-.7.3-.2.2-.3.5-.3.7s.1.5.3.7z\"\/><\/svg><\/span><\/span><\/label><input type=\"checkbox\"  id=\"ez-toc-cssicon-toggle-item-69f23afc05398\"  aria-label=\"Alternar\" \/><nav><ul class='ez-toc-list ez-toc-list-level-1' ><li class='ez-toc-page-1 ez-toc-heading-level-2'><a class=\"ez-toc-link ez-toc-heading-1\" href=\"https:\/\/toukiela.com\/es\/episode-5-de-gen-v-explication-de-la-fin-cate-a-t-elle-reellement-efface-les-souvenirs\/#Que_sest-il_passe_a_la_fin_de_lepisode_5_de_Gen_V\" >Que s\u2019est-il pass\u00e9 \u00e0 la fin de l\u2019\u00e9pisode 5 de Gen V ?<\/a><\/li><li class='ez-toc-page-1 ez-toc-heading-level-2'><a class=\"ez-toc-link ez-toc-heading-2\" href=\"https:\/\/toukiela.com\/es\/episode-5-de-gen-v-explication-de-la-fin-cate-a-t-elle-reellement-efface-les-souvenirs\/#Qui_est_a_lorigine_de_cette_amnesie_collective\" >Qui est \u00e0 l\u2019origine de cette amn\u00e9sie collective ?<\/a><\/li><li class='ez-toc-page-1 ez-toc-heading-level-2'><a class=\"ez-toc-link ez-toc-heading-3\" href=\"https:\/\/toukiela.com\/es\/episode-5-de-gen-v-explication-de-la-fin-cate-a-t-elle-reellement-efface-les-souvenirs\/#Letrange_comportement_de_Cate\" >L\u2019\u00e9trange comportement de Cate<\/a><\/li><li class='ez-toc-page-1 ez-toc-heading-level-2'><a class=\"ez-toc-link ez-toc-heading-4\" href=\"https:\/\/toukiela.com\/es\/episode-5-de-gen-v-explication-de-la-fin-cate-a-t-elle-reellement-efface-les-souvenirs\/#Les_consequences_de_lacte_de_Cate\" >Les cons\u00e9quences de l\u2019acte de Cate<\/a><\/li><li class='ez-toc-page-1 ez-toc-heading-level-2'><a class=\"ez-toc-link ez-toc-heading-5\" href=\"https:\/\/toukiela.com\/es\/episode-5-de-gen-v-explication-de-la-fin-cate-a-t-elle-reellement-efface-les-souvenirs\/#Que_nous_reserve_le_prochain_episode_de_Gen_V\" >Que nous r\u00e9serve le prochain \u00e9pisode de Gen V ?<\/a><\/li><\/ul><\/nav><\/div>\n<h2><span class=\"ez-toc-section\" id=\"Que_sest-il_passe_a_la_fin_de_lepisode_5_de_Gen_V\"><\/span> Que s\u2019est-il pass\u00e9 \u00e0 la fin de l\u2019\u00e9pisode 5 de Gen V ? <span class=\"ez-toc-section-end\"><\/span><\/h2>\n<p> C\u2019est dans un \u00e9tat de confusion que les personnages principaux de l\u2019\u00e9pisode, \u00e0 savoir Marie, Jordan, Cate, Andre et Emma, se retrouvent apr\u00e8s une soir\u00e9e particuli\u00e8rement mouvement\u00e9e. Ne se souvenant d\u2019aucun d\u00e9tail de cette soir\u00e9e, ils se lancent dans une qu\u00eate de v\u00e9rit\u00e9 sur les r\u00e9seaux sociaux. Parall\u00e8lement, un personnage nomm\u00e9 Sam fait son apparition, mais personne ne semble se souvenir de lui, ce qui laisse entendre que quelque chose de plus s\u00e9rieux s\u2019est pass\u00e9 lors de cette soir\u00e9e. <\/p>\n<h2><span class=\"ez-toc-section\" id=\"Qui_est_a_lorigine_de_cette_amnesie_collective\"><\/span> Qui est \u00e0 l\u2019origine de cette amn\u00e9sie collective ? <span class=\"ez-toc-section-end\"><\/span><\/h2>\n<p> C\u2019est l\u00e0 que les choses commencent \u00e0 se compliquer. En effet, \u00e0 la fin de l\u2019\u00e9pisode 5 de Gen V, on assiste \u00e0 une sc\u00e8ne o\u00f9 Cate utilise ses pouvoirs sur Marie, ce qui r\u00e9v\u00e8le qu\u2019elle est la responsable de l\u2019effacement de la m\u00e9moire des autres personnages. Ce n\u2019est donc pas Rufus, comme on aurait pu le penser, qui est \u00e0 l\u2019origine de cette situation, mais bien Cate. <\/p>\n<h2><span class=\"ez-toc-section\" id=\"Letrange_comportement_de_Cate\"><\/span> L\u2019\u00e9trange comportement de Cate <span class=\"ez-toc-section-end\"><\/span><\/h2>\n<p> Au fur et \u00e0 mesure que l\u2019\u00e9pisode avance, le comportement de Cate devient de plus en plus suspect. Sa surprise face \u00e0 la situation de Sam, qu\u2019elle connaissait pourtant bien, est un indicateur important de sa culpabilit\u00e9. De plus, les actions qu\u2019elle entreprend pour effacer les traces de son acte r\u00e9v\u00e8lent une certaine maladresse, laissant penser qu\u2019elle n\u2019est pas une experte en manipulation mentale. <\/p>\n<h2><span class=\"ez-toc-section\" id=\"Les_consequences_de_lacte_de_Cate\"><\/span> Les cons\u00e9quences de l\u2019acte de Cate <span class=\"ez-toc-section-end\"><\/span><\/h2>\n<p> La fin de l\u2019\u00e9pisode 5 de Gen V est marqu\u00e9e par plusieurs r\u00e9v\u00e9lations. Tout d\u2019abord, on apprend que Cate a effac\u00e9 les souvenirs de ses amis pendant une longue p\u00e9riode. Ensuite, Emma, qui ne se souvient pas de son temps pass\u00e9 avec Sam, croit n\u00e9anmoins en ses paroles lorsqu\u2019il r\u00e9v\u00e8le que Cate est \u00e0 l\u2019origine de la d\u00e9gradation de l\u2019\u00e9tat d\u2019esprit de Luke. Enfin, Marie et Jordan confrontent Rufus et le forcent \u00e0 avouer ses actes. Cependant, celui-ci nie toute implication, et Emma confirme que Cate est la vraie coupable. <\/p>\n<h2><span class=\"ez-toc-section\" id=\"Que_nous_reserve_le_prochain_episode_de_Gen_V\"><\/span> Que nous r\u00e9serve le prochain \u00e9pisode de Gen V ? <span class=\"ez-toc-section-end\"><\/span><\/h2>\n<p> La fin de l\u2019\u00e9pisode 5 de Gen V laisse pr\u00e9sager de nombreux rebondissements pour la suite. En effet, il semblerait que Cate ait \u00e9t\u00e9 manipul\u00e9e depuis le d\u00e9but et qu\u2019elle ait agi en croyant bien faire. Les cons\u00e9quences de ses actes devraient \u00eatre d\u00e9voil\u00e9es dans le prochain \u00e9pisode. <\/p>\n<p> En conclusion, la fin de l\u2019\u00e9pisode 5 de Gen V est riche en r\u00e9v\u00e9lations et en suspense. Nul doute que la suite de la s\u00e9rie sera tout aussi passionnante. Restez donc connect\u00e9s \u00e0 Toukiela pour ne rien manquer des prochains \u00e9pisodes de Gen V. <\/p>","protected":false},"excerpt":{"rendered":"","protected":false},"author":1,"featured_media":6801,"comment_status":"open","ping_status":"open","sticky":false,"template":"","format":"standard","meta":{"_seopress_robots_primary_cat":"","_seopress_titles_title":"","_seopress_titles_desc":"","_seopress_robots_index":"","footnotes":""},"categories":[644],"tags":[],"class_list":["post-6796","post","type-post","status-publish","format-standard","has-post-thumbnail","hentry","category-series","generate-columns","tablet-grid-50","mobile-grid-100","grid-parent","grid-50"],"_links":{"self":[{"href":"https:\/\/toukiela.com\/es\/wp-json\/wp\/v2\/posts\/6796","targetHints":{"allow":["GET"]}}],"collection":[{"href":"https:\/\/toukiela.com\/es\/wp-json\/wp\/v2\/posts"}],"about":[{"href":"https:\/\/toukiela.com\/es\/wp-json\/wp\/v2\/types\/post"}],"author":[{"embeddable":true,"href":"https:\/\/toukiela.com\/es\/wp-json\/wp\/v2\/users\/1"}],"replies":[{"embeddable":true,"href":"https:\/\/toukiela.com\/es\/wp-json\/wp\/v2\/comments?post=6796"}],"version-history":[{"count":1,"href":"https:\/\/toukiela.com\/es\/wp-json\/wp\/v2\/posts\/6796\/revisions"}],"predecessor-version":[{"id":6797,"href":"https:\/\/toukiela.com\/es\/wp-json\/wp\/v2\/posts\/6796\/revisions\/6797"}],"wp:featuredmedia":[{"embeddable":true,"href":"https:\/\/toukiela.com\/es\/wp-json\/wp\/v2\/media\/6801"}],"wp:attachment":[{"href":"https:\/\/toukiela.com\/es\/wp-json\/wp\/v2\/media?parent=6796"}],"wp:term":[{"taxonomy":"category","embeddable":true,"href":"https:\/\/toukiela.com\/es\/wp-json\/wp\/v2\/categories?post=6796"},{"taxonomy":"post_tag","embeddable":true,"href":"https:\/\/toukiela.com\/es\/wp-json\/wp\/v2\/tags?post=6796"}],"curies":[{"name":"wp","href":"https:\/\/api.w.org\/{rel}","templated":true}]}}