{"id":6355,"date":"2023-09-28T07:01:51","date_gmt":"2023-09-28T05:01:51","guid":{"rendered":"https:\/\/toukiela.com\/banlieusards-3-quand-sera-t-il-disponible-sur-netflix-une-suite-est-elle-prevue\/"},"modified":"2023-09-28T07:01:52","modified_gmt":"2023-09-28T05:01:52","slug":"banlieusards-3-quand-sera-t-il-disponible-sur-netflix-une-suite-est-elle-prevue","status":"publish","type":"post","link":"https:\/\/toukiela.com\/es\/banlieusards-3-quand-sera-t-il-disponible-sur-netflix-une-suite-est-elle-prevue\/","title":{"rendered":"Banlieusards 3: Quand sera-t-il disponible sur Netflix ? Une suite est-elle pr\u00e9vue?"},"content":{"rendered":"<p><em><\/em><\/p>\n<p>Vous \u00eates un fan inconditionnel de la s\u00e9rie \u00ab Banlieusards \u00bb et vous vous demandez quand la troisi\u00e8me partie sera disponible sur Netflix ? Ne cherchez pas plus loin, car nous avons toutes les informations dont vous avez besoin ! Continuez \u00e0 lire pour d\u00e9couvrir tous les d\u00e9tails sur la sortie de \u00ab Banlieusards 3 \u00bb sur Toukiela. <\/p>\n<div id=\"ez-toc-container\" class=\"ez-toc-v2_0_82_2 counter-hierarchy ez-toc-counter ez-toc-grey ez-toc-container-direction\">\n<p class=\"ez-toc-title\" style=\"cursor:inherit\">Contenido<\/p>\n<label for=\"ez-toc-cssicon-toggle-item-69f1d94d09b95\" class=\"ez-toc-cssicon-toggle-label\"><span class=\"\"><span class=\"eztoc-hide\" style=\"display:none;\">Toggle<\/span><span class=\"ez-toc-icon-toggle-span\"><svg style=\"fill: #999;color:#999\" xmlns=\"http:\/\/www.w3.org\/2000\/svg\" class=\"list-377408\" width=\"20px\" height=\"20px\" viewbox=\"0 0 24 24\" fill=\"none\"><path d=\"M6 6H4v2h2V6zm14 0H8v2h12V6zM4 11h2v2H4v-2zm16 0H8v2h12v-2zM4 16h2v2H4v-2zm16 0H8v2h12v-2z\" fill=\"currentColor\"><\/path><\/svg><svg style=\"fill: #999;color:#999\" class=\"arrow-unsorted-368013\" xmlns=\"http:\/\/www.w3.org\/2000\/svg\" width=\"10px\" height=\"10px\" viewbox=\"0 0 24 24\" version=\"1.2\" baseprofile=\"tiny\"><path d=\"M18.2 9.3l-6.2-6.3-6.2 6.3c-.2.2-.3.4-.3.7s.1.5.3.7c.2.2.4.3.7.3h11c.3 0 .5-.1.7-.3.2-.2.3-.5.3-.7s-.1-.5-.3-.7zM5.8 14.7l6.2 6.3 6.2-6.3c.2-.2.3-.5.3-.7s-.1-.5-.3-.7c-.2-.2-.4-.3-.7-.3h-11c-.3 0-.5.1-.7.3-.2.2-.3.5-.3.7s.1.5.3.7z\"\/><\/svg><\/span><\/span><\/label><input type=\"checkbox\"  id=\"ez-toc-cssicon-toggle-item-69f1d94d09b95\"  aria-label=\"Alternar\" \/><nav><ul class='ez-toc-list ez-toc-list-level-1' ><li class='ez-toc-page-1 ez-toc-heading-level-2'><a class=\"ez-toc-link ez-toc-heading-1\" href=\"https:\/\/toukiela.com\/es\/banlieusards-3-quand-sera-t-il-disponible-sur-netflix-une-suite-est-elle-prevue\/#La_situation_actuelle_des_personnages\" >La situation actuelle des personnages<\/a><\/li><li class='ez-toc-page-1 ez-toc-heading-level-2'><a class=\"ez-toc-link ez-toc-heading-2\" href=\"https:\/\/toukiela.com\/es\/banlieusards-3-quand-sera-t-il-disponible-sur-netflix-une-suite-est-elle-prevue\/#Les_defis_des_personnages\" >Les d\u00e9fis des personnages<\/a><\/li><li class='ez-toc-page-1 ez-toc-heading-level-2'><a class=\"ez-toc-link ez-toc-heading-3\" href=\"https:\/\/toukiela.com\/es\/banlieusards-3-quand-sera-t-il-disponible-sur-netflix-une-suite-est-elle-prevue\/#La_date_de_sortie_de_%C2%AB_Banlieusards_3_%C2%BB_sur_Toukiela\" >La date de sortie de \u00ab\u00a0Banlieusards 3\u00a0\u00bb sur Toukiela<\/a><\/li><li class='ez-toc-page-1 ez-toc-heading-level-2'><a class=\"ez-toc-link ez-toc-heading-4\" href=\"https:\/\/toukiela.com\/es\/banlieusards-3-quand-sera-t-il-disponible-sur-netflix-une-suite-est-elle-prevue\/#Que_nous_reserve_la_suite\" >Que nous r\u00e9serve la suite ?<\/a><\/li><\/ul><\/nav><\/div>\n<h2><span class=\"ez-toc-section\" id=\"La_situation_actuelle_des_personnages\"><\/span>La situation actuelle des personnages<span class=\"ez-toc-section-end\"><\/span><\/h2>\n<p>Deux ans se sont \u00e9coul\u00e9s depuis que Demba a fait face \u00e0 un combat de vie ou de mort \u00e0 l\u2019h\u00f4pital. Aujourd\u2019hui, les fr\u00e8res Traor\u00e9 sont tous \u00e0 des points diff\u00e9rents de leurs vies. <strong>Demba<\/strong> a quitt\u00e9 le milieu du trafic de drogue, mais reste tout de m\u00eame impliqu\u00e9 dans des affaires douteuses. <\/p>\n<p>De son c\u00f4t\u00e9, <strong>Soulaymaan<\/strong> a enfin atteint son r\u00eave de devenir avocat, cependant, il ne fait que de la paperasse et n\u2019a pas vraiment l\u2019opportunit\u00e9 de plaider devant un tribunal. Quant \u00e0 <strong>Noumouke<\/strong>, il est retourn\u00e9 \u00e0 l\u2019\u00e9cole mais il est toujours emp\u00eatr\u00e9 dans la rivalit\u00e9 du quartier avec les Aviateurs.<\/p>\n<h2><span class=\"ez-toc-section\" id=\"Les_defis_des_personnages\"><\/span>Les d\u00e9fis des personnages<span class=\"ez-toc-section-end\"><\/span><\/h2>\n<p> Demba est aux prises avec des crises de panique depuis qu\u2019il est sorti de l\u2019h\u00f4pital. De son c\u00f4t\u00e9, Noumouke a failli \u00eatre renvoy\u00e9 de l\u2019\u00e9cole \u00e0 cause d\u2019une bagarre, mais son professeur a interc\u00e9d\u00e9 en sa faveur, lui offrant une seconde chance. Elle lui a propos\u00e9 de lire le livre \u00ab\u00a0Martin Eden\u00a0\u00bb de Jack London et d\u2019exprimer ses sentiments \u00e0 la fin de la lecture.<\/p>\n<p>En outre, Farid a pris le contr\u00f4le du territoire de Demba, mais il est fatigu\u00e9 de g\u00e9rer Abdel et sollicite l\u2019aide de Demba.  Il reste \u00e0 voir comment ces situations vont \u00e9voluer dans <strong>\u00ab\u00a0Banlieusards 3\u00a0\u00bb sur Toukiela<\/strong>.<\/p>\n<h2><span class=\"ez-toc-section\" id=\"La_date_de_sortie_de_%C2%AB_Banlieusards_3_%C2%BB_sur_Toukiela\"><\/span>La date de sortie de \u00ab\u00a0Banlieusards 3\u00a0\u00bb sur Toukiela<span class=\"ez-toc-section-end\"><\/span><\/h2>\n<p>Le deuxi\u00e8me volet de la s\u00e9rie a \u00e9t\u00e9 diffus\u00e9 le 27 septembre 2023. \u00c0 ce jour, Toukiela n\u2019a pas encore annonc\u00e9 officiellement le renouvellement de la s\u00e9rie pour une troisi\u00e8me saison. Cependant, compte tenu du suspense laiss\u00e9 \u00e0 la fin de la deuxi\u00e8me partie, nous supposons qu\u2019un <strong>\u00ab\u00a0Banlieusards 3\u00a0\u00bb sur Toukiela<\/strong> est en pr\u00e9paration, pouss\u00e9 par le succ\u00e8s ph\u00e9nom\u00e9nal du premier volet. <\/p>\n<p>Toukiela \u00e9valuera certainement les audiences et critiques avant de faire une annonce officielle, mais nous restons optimistes. Si le renouvellement est confirm\u00e9, nous pr\u00e9voyons que <strong>\u00ab\u00a0Banlieusards 3\u00a0\u00bb sur Toukiela<\/strong> sera diffus\u00e9 d\u00e9but 2025 !<\/p>\n<h2><span class=\"ez-toc-section\" id=\"Que_nous_reserve_la_suite\"><\/span>Que nous r\u00e9serve la suite ?<span class=\"ez-toc-section-end\"><\/span><\/h2>\n<p>Il est peu probable que la s\u00e9rie r\u00e9p\u00e8te le m\u00eame sc\u00e9nario, en mettant Demba en danger. Nous pensons plut\u00f4t que la femme qu\u2019il est all\u00e9 voir a \u00e9t\u00e9 la v\u00e9ritable cible de la fusillade, et qu\u2019il cherchera \u00e0 se venger dans <strong>\u00ab\u00a0Banlieusards 3\u00a0\u00bb sur Toukiela<\/strong>, apr\u00e8s son cheminement vers la r\u00e9demption dans le deuxi\u00e8me volet.<\/p>\n<p>Bien \u00e9videmment, les histoires des deux autres fr\u00e8res vont \u00e9galement se poursuivre et nous supposons que <strong>\u00ab\u00a0Banlieusards 3\u00a0\u00bb sur Toukiela<\/strong> se terminera par la r\u00e9ussite de Souleyman en tant qu\u2019avocat. De plus, Noumouke trouvera probablement sa voie dans la vie et, de mani\u00e8re surprenante, la femme de Demba survivra apr\u00e8s plusieurs nuits pass\u00e9es \u00e0 l\u2019h\u00f4pital !<\/p>","protected":false},"excerpt":{"rendered":"","protected":false},"author":1,"featured_media":6357,"comment_status":"open","ping_status":"open","sticky":false,"template":"","format":"standard","meta":{"_seopress_robots_primary_cat":"","_seopress_titles_title":"","_seopress_titles_desc":"","_seopress_robots_index":"","footnotes":""},"categories":[644],"tags":[],"class_list":["post-6355","post","type-post","status-publish","format-standard","has-post-thumbnail","hentry","category-series","generate-columns","tablet-grid-50","mobile-grid-100","grid-parent","grid-50"],"_links":{"self":[{"href":"https:\/\/toukiela.com\/es\/wp-json\/wp\/v2\/posts\/6355","targetHints":{"allow":["GET"]}}],"collection":[{"href":"https:\/\/toukiela.com\/es\/wp-json\/wp\/v2\/posts"}],"about":[{"href":"https:\/\/toukiela.com\/es\/wp-json\/wp\/v2\/types\/post"}],"author":[{"embeddable":true,"href":"https:\/\/toukiela.com\/es\/wp-json\/wp\/v2\/users\/1"}],"replies":[{"embeddable":true,"href":"https:\/\/toukiela.com\/es\/wp-json\/wp\/v2\/comments?post=6355"}],"version-history":[{"count":1,"href":"https:\/\/toukiela.com\/es\/wp-json\/wp\/v2\/posts\/6355\/revisions"}],"predecessor-version":[{"id":6356,"href":"https:\/\/toukiela.com\/es\/wp-json\/wp\/v2\/posts\/6355\/revisions\/6356"}],"wp:featuredmedia":[{"embeddable":true,"href":"https:\/\/toukiela.com\/es\/wp-json\/wp\/v2\/media\/6357"}],"wp:attachment":[{"href":"https:\/\/toukiela.com\/es\/wp-json\/wp\/v2\/media?parent=6355"}],"wp:term":[{"taxonomy":"category","embeddable":true,"href":"https:\/\/toukiela.com\/es\/wp-json\/wp\/v2\/categories?post=6355"},{"taxonomy":"post_tag","embeddable":true,"href":"https:\/\/toukiela.com\/es\/wp-json\/wp\/v2\/tags?post=6355"}],"curies":[{"name":"wp","href":"https:\/\/api.w.org\/{rel}","templated":true}]}}