{"id":5791,"date":"2023-09-13T21:49:28","date_gmt":"2023-09-13T19:49:28","guid":{"rendered":"https:\/\/toukiela.com\/la-date-et-lheure-de-sortie-de-lepisode-3-de-la-saison-3-de-the-morning-show-quand-exactement\/"},"modified":"2023-09-13T21:49:29","modified_gmt":"2023-09-13T19:49:29","slug":"la-date-et-lheure-de-sortie-de-lepisode-3-de-la-saison-3-de-the-morning-show-quand-exactement","status":"publish","type":"post","link":"https:\/\/toukiela.com\/es\/la-date-et-lheure-de-sortie-de-lepisode-3-de-la-saison-3-de-the-morning-show-quand-exactement\/","title":{"rendered":"La date et l&rsquo;heure de sortie de l&rsquo;\u00e9pisode 3 de la saison 3 de The Morning Show : Quand exactement ?"},"content":{"rendered":"<p><em><\/em><\/p>\n<p> D\u00e9couvrez toutes les informations importantes concernant le lancement du troisi\u00e8me \u00e9pisode de la troisi\u00e8me saison de The Morning Show sur Apple TV+. Nous allons aborder la date et l\u2019heure de diffusion, ainsi que les \u00e9v\u00e9nements marquants qui se d\u00e9rouleront dans cet \u00e9pisode. <\/p>\n<h2> Les d\u00e9tails essentiels sur le lancement du troisi\u00e8me \u00e9pisode de la troisi\u00e8me saison de The Morning Show sur Apple TV+ <\/h2>\n<p> The Morning Show, disponible sur Apple TV+, continue de captiver les t\u00e9l\u00e9spectateurs avec ses intrigues palpitantes et ses personnages hauts en couleur. Dans ce nouvel \u00e9pisode, Alex sugg\u00e8re \u00e0 Bradley de l\u2019assister dans la gestion de la crise qui \u00e9clate lorsque des pirates informatiques menacent de d\u00e9voiler sa vid\u00e9o et d\u2019autres informations personnelles. De son c\u00f4t\u00e9, Cory est oblig\u00e9 de revoir ses plans suite au refus du conseil d\u2019administration de payer la ran\u00e7on exig\u00e9e par les pirates. <\/p>\n<p> En d\u00e9pit de la menace de divulgation de ses donn\u00e9es personnelles sur internet, Cory ne semble pas s\u2019inqui\u00e9ter outre mesure. Au contraire, il tente de renverser la situation \u00e0 son avantage en divulguant en ligne un rapport sur la possible acquisition de l\u2019UBA par Paul Marks, alors que les pirates d\u00e9voilent les donn\u00e9es de l\u2019UBA. <\/p>\n<p> Pendant ce temps, Stella r\u00e9cup\u00e8re son t\u00e9l\u00e9phone apr\u00e8s avoir apparemment pass\u00e9 le contr\u00f4le de s\u00e9curit\u00e9. Elle y trouve une photo d\u2019elle et de Paul Marks. La fin de l\u2019\u00e9pisode sugg\u00e8re fortement une connexion entre Stella et Marks et laisse supposer qu\u2019ils pourraient \u00eatre en train de collaborer. Cependant, il est \u00e9galement possible que Stella pr\u00e9pare son propre coup et utilise son lien avec Marks comme levier. <\/p>\n<h2> Quand le troisi\u00e8me \u00e9pisode de la troisi\u00e8me saison de The Morning Show sera-t-il diffus\u00e9 sur Apple TV+ ? <\/h2>\n<p> Plus que quelques jours d\u2019attente ! Le troisi\u00e8me \u00e9pisode de la troisi\u00e8me saison de The Morning Show sera diffus\u00e9 sur Apple TV+ le 20 septembre 2023. Pour ceux qui sont impatients de le voir, sachez que l\u2019heure de diffusion a \u00e9t\u00e9 fix\u00e9e \u00e0 9h01. Pour en savoir plus sur le nombre total d\u2019\u00e9pisodes de cette saison, consultez Toukiela. <\/p>\n<h2> Que peut-on attendre de la suite de la s\u00e9rie The Morning Show ? <\/h2>\n<p> Dans le troisi\u00e8me \u00e9pisode de la troisi\u00e8me saison de The Morning Show, Paul, furieux, met un terme \u00e0 toutes les n\u00e9gociations avec Cory. Quel est le plan exact de Cory ? <\/p>\n<p> Une fois le d\u00e9lai de 48 heures \u00e9coul\u00e9, les pirates informatiques commencent \u00e0 divulguer des informations priv\u00e9es, provoquant une s\u00e9rie de scandales. Dans ce nouvel \u00e9pisode, Bradley craint que sa vid\u00e9o ne soit \u00e9galement d\u00e9voil\u00e9e. Elle encourage les membres du conseil d\u2019administration \u00e0 payer la ran\u00e7on exig\u00e9e. <\/p>\n<p> Dans le troisi\u00e8me \u00e9pisode de la troisi\u00e8me saison de The Morning Show, Bradley commence \u00e0 perdre ses moyens face au stress de l\u2019attente de l\u2019in\u00e9vitable. De son c\u00f4t\u00e9, Alex est contrainte de lancer sa nouvelle \u00e9mission matinale de cinq jours. En repr\u00e9sailles, elle saborde d\u00e9lib\u00e9r\u00e9ment la cr\u00e9dibilit\u00e9 de la cha\u00eene. <\/p>\n<p> Restez \u00e0 l\u2019\u00e9coute pour plus d\u2019informations sur la diffusion du troisi\u00e8me \u00e9pisode de la troisi\u00e8me saison de The Morning Show sur Apple TV+. <\/p>","protected":false},"excerpt":{"rendered":"","protected":false},"author":1,"featured_media":5793,"comment_status":"open","ping_status":"open","sticky":false,"template":"","format":"standard","meta":{"_seopress_robots_primary_cat":"","_seopress_titles_title":"","_seopress_titles_desc":"","_seopress_robots_index":"","footnotes":""},"categories":[644],"tags":[],"class_list":["post-5791","post","type-post","status-publish","format-standard","has-post-thumbnail","hentry","category-series","generate-columns","tablet-grid-50","mobile-grid-100","grid-parent","grid-50"],"_links":{"self":[{"href":"https:\/\/toukiela.com\/es\/wp-json\/wp\/v2\/posts\/5791","targetHints":{"allow":["GET"]}}],"collection":[{"href":"https:\/\/toukiela.com\/es\/wp-json\/wp\/v2\/posts"}],"about":[{"href":"https:\/\/toukiela.com\/es\/wp-json\/wp\/v2\/types\/post"}],"author":[{"embeddable":true,"href":"https:\/\/toukiela.com\/es\/wp-json\/wp\/v2\/users\/1"}],"replies":[{"embeddable":true,"href":"https:\/\/toukiela.com\/es\/wp-json\/wp\/v2\/comments?post=5791"}],"version-history":[{"count":1,"href":"https:\/\/toukiela.com\/es\/wp-json\/wp\/v2\/posts\/5791\/revisions"}],"predecessor-version":[{"id":5792,"href":"https:\/\/toukiela.com\/es\/wp-json\/wp\/v2\/posts\/5791\/revisions\/5792"}],"wp:featuredmedia":[{"embeddable":true,"href":"https:\/\/toukiela.com\/es\/wp-json\/wp\/v2\/media\/5793"}],"wp:attachment":[{"href":"https:\/\/toukiela.com\/es\/wp-json\/wp\/v2\/media?parent=5791"}],"wp:term":[{"taxonomy":"category","embeddable":true,"href":"https:\/\/toukiela.com\/es\/wp-json\/wp\/v2\/categories?post=5791"},{"taxonomy":"post_tag","embeddable":true,"href":"https:\/\/toukiela.com\/es\/wp-json\/wp\/v2\/tags?post=5791"}],"curies":[{"name":"wp","href":"https:\/\/api.w.org\/{rel}","templated":true}]}}