{"id":5731,"date":"2023-09-12T21:57:12","date_gmt":"2023-09-12T19:57:12","guid":{"rendered":"https:\/\/toukiela.com\/quelle-est-la-date-de-sortie-de-la-saison-5-des-bracelets-rouges-sur-tf1\/"},"modified":"2023-09-12T21:57:12","modified_gmt":"2023-09-12T19:57:12","slug":"quelle-est-la-date-de-sortie-de-la-saison-5-des-bracelets-rouges-sur-tf1","status":"publish","type":"post","link":"https:\/\/toukiela.com\/es\/cual-es-la-fecha-de-salida-de-la-temporada-5-de-rojo-pulseras-en-tf1\/","title":{"rendered":"\u00bfCu\u00e1l es la fecha de estreno de la 5\u00aa temporada de Les Bracelets Rouges en TF1?"},"content":{"rendered":"<p><em><\/em><\/p>\n<p> \u00bfEres fan de la serie de televisi\u00f3n Les Bracelets Rouges? \u00bfEst\u00e1s impaciente por ver qu\u00e9 ocurre a continuaci\u00f3n con tus personajes favoritos? Aqu\u00ed tienes todo lo que necesitas saber sobre la pr\u00f3xima temporada de esta popular serie emitida en TF1. <\/p>\n<h2> Avance de la 5\u00aa temporada de Les Bracelets Rouges <\/h2>\n<p> Les Bracelets Rouges, la serie de \u00e9xito emitida en TF1, regresa con una nueva temporada. Tras una tercera temporada emitida en 2020, que marc\u00f3 el final de las historias de Cl\u00e9ment, Thomas, Mehdi, Roxane y C\u00f4me, TF1 ha decidido renovar la serie con un nuevo reparto. <\/p>\n<p> <strong> Temporada 5 de Les Bracelets Rouges <\/strong>que los fans esperan con impaciencia, introducir\u00e1 una serie de nuevos personajes. Descubriremos a Benji, que padece una enfermedad degenerativa y disfruta de cada momento con su mejor amigo Gabriel, que qued\u00f3 paral\u00edtico en un accidente de coche. Emma, que espera un donante para un trasplante de ri\u00f1\u00f3n, tambi\u00e9n se unir\u00e1 al reparto. <\/p>\n<h2> \u00bfCu\u00e1ndo se emitir\u00e1 la 5\u00aa temporada de Les Bracelets Rouges en TF1? <\/h2>\n<p> La pregunta que todos los fans se hacen es: \u00bfcu\u00e1ndo podremos ver la nueva temporada? Por el momento, <strong> no hay anuncio oficial <\/strong> sobre la fecha de estreno de la 5\u00aa temporada de Les Bracelets Rouges en TF1. La cadena se arriesga con este nuevo casting y probablemente est\u00e9 esperando a ver c\u00f3mo reacciona el p\u00fablico. <\/p>\n<p> Sin embargo, si se renueva la serie, el <strong> estreno de la 5\u00aa temporada de Les Bracelets Rouges en TF1 <\/strong> podr\u00eda tener lugar a finales de 2024 o mediados de 2025. Solo nos queda esperar y confiar en que esta nueva temporada est\u00e9 a la altura de las expectativas. <\/p>\n<h2> \u00bfQu\u00e9 nos depara la nueva temporada? <\/h2>\n<p> La 5\u00aa temporada de Les Bracelets Rouges promete muchas sorpresas. Volveremos a ver a Benji, Gabriel, Zo\u00e9, Nathan y Emma mientras contin\u00faan su tratamiento, y se espera que se les unan nuevas caras. Sin embargo, es posible que no todos los personajes sobrevivan hasta el final de la temporada. En cualquier caso, los fans de la serie no deber\u00edan sentirse decepcionados. <\/p>\n<p> Permanezca atento a la 5\u00aa temporada de Les Bracelets Rouges, una serie que sigue cautivando a los espectadores con sus conmovedoras historias y entra\u00f1ables personajes. <\/p>\n<p> Sigue a Toukiela para enterarte de las \u00faltimas noticias sobre tus series favoritas. <\/p>","protected":false},"excerpt":{"rendered":"","protected":false},"author":1,"featured_media":5733,"comment_status":"open","ping_status":"open","sticky":false,"template":"","format":"standard","meta":{"_seopress_robots_primary_cat":"","_seopress_titles_title":"","_seopress_titles_desc":"","_seopress_robots_index":"","footnotes":""},"categories":[644],"tags":[],"class_list":["post-5731","post","type-post","status-publish","format-standard","has-post-thumbnail","hentry","category-series","generate-columns","tablet-grid-50","mobile-grid-100","grid-parent","grid-50"],"_links":{"self":[{"href":"https:\/\/toukiela.com\/es\/wp-json\/wp\/v2\/posts\/5731","targetHints":{"allow":["GET"]}}],"collection":[{"href":"https:\/\/toukiela.com\/es\/wp-json\/wp\/v2\/posts"}],"about":[{"href":"https:\/\/toukiela.com\/es\/wp-json\/wp\/v2\/types\/post"}],"author":[{"embeddable":true,"href":"https:\/\/toukiela.com\/es\/wp-json\/wp\/v2\/users\/1"}],"replies":[{"embeddable":true,"href":"https:\/\/toukiela.com\/es\/wp-json\/wp\/v2\/comments?post=5731"}],"version-history":[{"count":1,"href":"https:\/\/toukiela.com\/es\/wp-json\/wp\/v2\/posts\/5731\/revisions"}],"predecessor-version":[{"id":5732,"href":"https:\/\/toukiela.com\/es\/wp-json\/wp\/v2\/posts\/5731\/revisions\/5732"}],"wp:featuredmedia":[{"embeddable":true,"href":"https:\/\/toukiela.com\/es\/wp-json\/wp\/v2\/media\/5733"}],"wp:attachment":[{"href":"https:\/\/toukiela.com\/es\/wp-json\/wp\/v2\/media?parent=5731"}],"wp:term":[{"taxonomy":"category","embeddable":true,"href":"https:\/\/toukiela.com\/es\/wp-json\/wp\/v2\/categories?post=5731"},{"taxonomy":"post_tag","embeddable":true,"href":"https:\/\/toukiela.com\/es\/wp-json\/wp\/v2\/tags?post=5731"}],"curies":[{"name":"wp","href":"https:\/\/api.w.org\/{rel}","templated":true}]}}