{"id":5725,"date":"2023-09-12T19:51:35","date_gmt":"2023-09-12T17:51:35","guid":{"rendered":"https:\/\/toukiela.com\/quelle-est-la-date-de-sortie-de-la-saison-2-de-respire-sur-m6\/"},"modified":"2023-09-12T19:51:36","modified_gmt":"2023-09-12T17:51:36","slug":"quelle-est-la-date-de-sortie-de-la-saison-2-de-respire-sur-m6","status":"publish","type":"post","link":"https:\/\/toukiela.com\/es\/cual-es-la-fecha-de-salida-de-la-temporada-2-de-respire-on-m6\/","title":{"rendered":"\u00bfCu\u00e1l es la fecha de estreno de la segunda temporada de Respire en M6?"},"content":{"rendered":"<p><em><\/em><\/p>\n<p> \u00bfTienes ganas de m\u00e1s informaci\u00f3n sobre la segunda temporada de la serie Respire emitida en M6? Entonces, \u00a1has llegado al lugar adecuado! Vamos a compartir toda la informaci\u00f3n que tenemos sobre esta serie que cautiv\u00f3 a tantos espectadores durante su primera temporada. <\/p>\n<h2> Centrado en la trama de la serie Respire <\/h2>\n<p> Respire es una serie que se emite actualmente en M6 y que ha cautivado al p\u00fablico con su apasionante trama. La serie sigue la historia de Tessa, una joven colegiala apasionada por la m\u00fasica. Su profesor de m\u00fasica, Rapha\u00ebl Delage, descubre r\u00e1pidamente su talento y la apoya en su pasi\u00f3n.<\/p>\n<p> Sin embargo, la creciente popularidad de Tessa en las redes sociales atrae los celos de sus compa\u00f1eros de clase. Pronto se convierte en blanco de burlas y acoso. Su mejor amiga, In\u00e8s, empieza a cambiar de comportamiento y a alejarse de ella. La ausencia repetida de su padre, marinero, y la falta de atenci\u00f3n de su madre, florista, no hacen sino aumentar su angustia.<\/p>\n<p> Esta serie de eventos present\u00f3 al p\u00fablico a la joven Charlie Loiselier, que interpreta brillantemente el papel de Tessa. Los fans de Calogero tambi\u00e9n estar\u00e1n encantados de verle de vuelta en la serie. <\/p>\n<h2> \u00bfY la segunda temporada de Respire en M6? <\/h2>\n<p> La primera temporada de Respire se emiti\u00f3 por primera vez el 12 de septiembre de 2023. A\u00fan no se ha hecho ning\u00fan anuncio oficial. <strong> sobre la emisi\u00f3n de la segunda temporada de Respire en M6 <\/strong>. Dado que la serie est\u00e1 basada en un libro y ha sido adaptada en su totalidad, parece dif\u00edcil imaginar una secuela. Sin embargo, si la serie tiene un gran \u00e9xito, no se puede descartar una segunda temporada.<\/p>\n<p> Sin duda, M6 se tomar\u00e1 unas semanas para analizar las valoraciones y cr\u00edticas antes de tomar una decisi\u00f3n. En caso de renovaci\u00f3n, la <strong> fecha de emisi\u00f3n de la segunda temporada de Respire en M6 <\/strong> podr\u00eda fijarse para finales de 2024. <\/p>\n<h2> \u00bfQu\u00e9 podemos esperar de la secuela de Respire? <\/h2>\n<p> En caso de una segunda temporada, es probable que encontremos a Tessa persiguiendo su pasi\u00f3n por la m\u00fasica. Incluso podr\u00eda dejar el instituto para ir a la universidad, lo que podr\u00eda llevarla a encontrarse con nuevos obst\u00e1culos. Permanece atento a Toukiela para conocer toda la informaci\u00f3n sobre la serie. <strong> segunda temporada de Respire en M6 <\/strong> ! <\/p>","protected":false},"excerpt":{"rendered":"","protected":false},"author":1,"featured_media":5727,"comment_status":"open","ping_status":"open","sticky":false,"template":"","format":"standard","meta":{"_seopress_robots_primary_cat":"","_seopress_titles_title":"","_seopress_titles_desc":"","_seopress_robots_index":"","footnotes":""},"categories":[644],"tags":[],"class_list":["post-5725","post","type-post","status-publish","format-standard","has-post-thumbnail","hentry","category-series","generate-columns","tablet-grid-50","mobile-grid-100","grid-parent","grid-50"],"_links":{"self":[{"href":"https:\/\/toukiela.com\/es\/wp-json\/wp\/v2\/posts\/5725","targetHints":{"allow":["GET"]}}],"collection":[{"href":"https:\/\/toukiela.com\/es\/wp-json\/wp\/v2\/posts"}],"about":[{"href":"https:\/\/toukiela.com\/es\/wp-json\/wp\/v2\/types\/post"}],"author":[{"embeddable":true,"href":"https:\/\/toukiela.com\/es\/wp-json\/wp\/v2\/users\/1"}],"replies":[{"embeddable":true,"href":"https:\/\/toukiela.com\/es\/wp-json\/wp\/v2\/comments?post=5725"}],"version-history":[{"count":1,"href":"https:\/\/toukiela.com\/es\/wp-json\/wp\/v2\/posts\/5725\/revisions"}],"predecessor-version":[{"id":5726,"href":"https:\/\/toukiela.com\/es\/wp-json\/wp\/v2\/posts\/5725\/revisions\/5726"}],"wp:featuredmedia":[{"embeddable":true,"href":"https:\/\/toukiela.com\/es\/wp-json\/wp\/v2\/media\/5727"}],"wp:attachment":[{"href":"https:\/\/toukiela.com\/es\/wp-json\/wp\/v2\/media?parent=5725"}],"wp:term":[{"taxonomy":"category","embeddable":true,"href":"https:\/\/toukiela.com\/es\/wp-json\/wp\/v2\/categories?post=5725"},{"taxonomy":"post_tag","embeddable":true,"href":"https:\/\/toukiela.com\/es\/wp-json\/wp\/v2\/tags?post=5725"}],"curies":[{"name":"wp","href":"https:\/\/api.w.org\/{rel}","templated":true}]}}