{"id":5450,"date":"2023-09-07T16:27:46","date_gmt":"2023-09-07T16:27:46","guid":{"rendered":"https:\/\/toukiela.com\/les-pouvoirs-de-lombre-episode-16-quelle-date-et-heure-de-sortie\/"},"modified":"2023-09-07T16:28:46","modified_gmt":"2023-09-07T16:28:46","slug":"les-pouvoirs-de-lombre-episode-16-quelle-date-et-heure-de-sortie","status":"publish","type":"post","link":"https:\/\/toukiela.com\/es\/les-pouvoirs-de-lombre-episode-16-quelle-date-et-heure-de-sortie\/","title":{"rendered":"Les Pouvoirs de l\u2019Ombre \u00c9pisode 16 : Quelle date et heure de sortie ?"},"content":{"rendered":"<p><em><\/em><\/p>\n<h2>Toutes les informations sur la sortie de l\u2019\u00e9pisode 16 de Les Pouvoirs de l\u2019Ombre sur Disney Plus ! Date et heure de sortie etc.<\/h2>\n<p>La s\u00e9rie Les Pouvoirs de l\u2019Ombre est maintenant disponible sur Disney Plus ! Si vous attendez avec impatience la sortie de l\u2019\u00e9pisode 16, continuez \u00e0 lire ! \u00c0 la fin de l\u2019\u00e9pisode 15, Mihyun parle \u00e0 Choi Ilhwan, le professeur principal de son fils, et lui demande s\u2019il y a quelqu\u2019un avec des pouvoirs. Ilhwan est au courant de la situation, mais ils jouent un jeu. Il doit convaincre Mihyun que la pr\u00e9sence de Bongseok dans cette \u00e9cole n\u2019\u00e9tait pas intentionnelle, mais une cons\u00e9quence naturelle.<\/p>\n<p>Il r\u00e9ussit \u00e0 le convaincre, mais Mihyun remarque une cam\u00e9ra cach\u00e9e au plafond. Dans une autre partie de l\u2019\u00e9cole, Juwon trouve aussi des cam\u00e9ras dans le gymnase et demande qui les a install\u00e9es. Bien que ces cam\u00e9ras puissent \u00eatre facilement expliqu\u00e9es, nous ne pensons pas que cela se produira, et Ilhwan et Sung Wook auront beaucoup de comptes \u00e0 rendre. Quant aux enfants, leur chauffeur, Gyedo (qui a des pouvoirs \u00e9lectriques), sait qu\u2019ils sont en danger \u00e0 cause de l\u2019homme qui est mont\u00e9 dans le bus avec eux.<\/p>\n<p>Il voit que l\u2019homme peut voler, un pouvoir qu\u2019il partage avec Bongseok et Doosik, et ses intentions sont tr\u00e8s claires. Il reste \u00e0 voir ce que Gyedo fera pour les prot\u00e9ger. Apr\u00e8s tout, lorsque Bongseok a dit \u00ab\u00a0h\u00e9ros un jour, h\u00e9ros toujours\u00a0\u00bb, quelque chose s\u2019est r\u00e9veill\u00e9 en Gyedo, et il ne laissera pas les enfants partir comme \u00e7a. Nous vous donnons toutes les informations sur la sortie de l\u2019\u00e9pisode 16 de Les Pouvoirs de l\u2019Ombre sur Disney Plus !<\/p>\n<h2>Quelle date et heure de sortie pour l\u2019\u00e9pisode 16 de Les Pouvoirs de l\u2019Ombre sur Disney Plus ?<\/h2>\n<p>L\u2019attente n\u2019est plus tr\u00e8s longue ! La date de sortie de l\u2019\u00e9pisode 16 de Les Pouvoirs de l\u2019Ombre sur Disney Plus est fix\u00e9e au 13 septembre 2023. Pour les plus impatients, l\u2019heure de sortie de l\u2019\u00e9pisode 16 de Les Pouvoirs de l\u2019Ombre sur Disney Plus est fix\u00e9e \u00e0 9h01 !<\/p>\n<figure><\/figure>\n<h2>\u00bfQu\u00e9 podemos esperar de la secuela?<\/h2>\n<p>Quant \u00e0 savoir qui essaie de les attaquer, cela pourrait \u00eatre le gouvernement ou des agents de la Cor\u00e9e du Nord, nous le saurons dans l\u2019\u00e9pisode 16 de Les Pouvoirs de l\u2019Ombre. Apr\u00e8s tout, le Sud ne savait pas que le Nord formait \u00e9galement des agents pendant tout ce temps. Les deux pays sont en guerre depuis longtemps, et les personnes dot\u00e9es de pouvoirs ont \u00e9t\u00e9 leurs armes les plus puissantes.<\/p>\n<p>C\u2019est pourquoi ils voudraient les \u00e9liminer \u00e0 tout prix. De plus, le gouvernement sud-cor\u00e9en pourrait \u00e9galement se sentir menac\u00e9 par eux, il pourrait donc s\u2019agir d\u2019une op\u00e9ration secr\u00e8te. Sung Wook est l\u2019indice le plus important. Il semble ignorer qu\u2019il y a des personnes dot\u00e9es de pouvoirs autour de lui, et pourtant il espionne tout ce qui l\u2019entoure. Cela sugg\u00e8re qu\u2019il pourrait faire partie du gouvernement et non de la Cor\u00e9e du Nord, qui sait ce qui se passe.<\/p>\n<p>L\u2019article Les Pouvoirs de l\u2019Ombre \u00c9pisode 16 : Quelle date et heure de sortie ? est apparu en premier sur Toukiela.<\/p>","protected":false},"excerpt":{"rendered":"","protected":false},"author":1,"featured_media":5458,"comment_status":"open","ping_status":"open","sticky":false,"template":"","format":"standard","meta":{"_seopress_robots_primary_cat":"","_seopress_titles_title":"","_seopress_titles_desc":"","_seopress_robots_index":"","footnotes":""},"categories":[645],"tags":[],"class_list":["post-5450","post","type-post","status-publish","format-standard","has-post-thumbnail","hentry","category-netflix","generate-columns","tablet-grid-50","mobile-grid-100","grid-parent","grid-50"],"_links":{"self":[{"href":"https:\/\/toukiela.com\/es\/wp-json\/wp\/v2\/posts\/5450","targetHints":{"allow":["GET"]}}],"collection":[{"href":"https:\/\/toukiela.com\/es\/wp-json\/wp\/v2\/posts"}],"about":[{"href":"https:\/\/toukiela.com\/es\/wp-json\/wp\/v2\/types\/post"}],"author":[{"embeddable":true,"href":"https:\/\/toukiela.com\/es\/wp-json\/wp\/v2\/users\/1"}],"replies":[{"embeddable":true,"href":"https:\/\/toukiela.com\/es\/wp-json\/wp\/v2\/comments?post=5450"}],"version-history":[{"count":0,"href":"https:\/\/toukiela.com\/es\/wp-json\/wp\/v2\/posts\/5450\/revisions"}],"wp:featuredmedia":[{"embeddable":true,"href":"https:\/\/toukiela.com\/es\/wp-json\/wp\/v2\/media\/5458"}],"wp:attachment":[{"href":"https:\/\/toukiela.com\/es\/wp-json\/wp\/v2\/media?parent=5450"}],"wp:term":[{"taxonomy":"category","embeddable":true,"href":"https:\/\/toukiela.com\/es\/wp-json\/wp\/v2\/categories?post=5450"},{"taxonomy":"post_tag","embeddable":true,"href":"https:\/\/toukiela.com\/es\/wp-json\/wp\/v2\/tags?post=5450"}],"curies":[{"name":"wp","href":"https:\/\/api.w.org\/{rel}","templated":true}]}}