{"id":3849,"date":"2022-08-26T10:57:06","date_gmt":"2022-08-26T10:57:06","guid":{"rendered":"https:\/\/toukiela.com\/om-manchester-united-info-but-la-verite-dans-laffaire-cristiano-ronaldo\/"},"modified":"2022-08-26T10:57:06","modified_gmt":"2022-08-26T10:57:06","slug":"om-manchester-united-info-but-la-verite-dans-laffaire-cristiano-ronaldo","status":"publish","type":"post","link":"https:\/\/toukiela.com\/es\/om-manchester-united-info-goal-verite-en-el-caso-cristiano-ronaldo-2\/","title":{"rendered":"OM, Manchester United - \u00a1NOTICIAS DE GOL! La verdad detr\u00e1s del asunto Cristiano Ronaldo"},"content":{"rendered":"<p>Tous les jeudis \u00e0 18h, d\u00e9sormais, vous avez rendez-vous au Butfootballclub avec l\u2019Instant Mercato. Tout ce qu\u2019il faut savoir sur le march\u00e9 des transferts avec le journaliste Ignazio Genuardi, sp\u00e9cialiste des transferts depuis des lustres. Allons-y.<\/p><p>Si Marcus Rashford a \u00e9t\u00e9 d\u00e9clar\u00e9 incessible, Manchester United cherche d\u00e9sesp\u00e9r\u00e9ment une solution pour se s\u00e9parer de Cristiano Ronaldo (37 ans). Comme nous vous l\u2019annoncions pr\u00e9c\u00e9demment, l\u2019attaquant international portugais est \u00e0 la recherche d\u2019un nouveau challenge. Malgr\u00e9 un engagement actuel jusqu\u2019en juin 2023 avec les Red Devils, le natif de Funchal n\u2019a pas l\u2019intention de rester sans la Ligue des champions, et on ne peut pas dire que les nouvelles m\u00e9thodes d\u2019Erik ten Hag puissent changer sa situation. \u2018remarquer.<\/p>\n\n<div id=\"ez-toc-container\" class=\"ez-toc-v2_0_82_2 counter-hierarchy ez-toc-counter ez-toc-grey ez-toc-container-direction\">\n<p class=\"ez-toc-title\" style=\"cursor:inherit\">Sommaire<\/p>\n<label for=\"ez-toc-cssicon-toggle-item-69f1f060af39c\" class=\"ez-toc-cssicon-toggle-label\"><span class=\"\"><span class=\"eztoc-hide\" style=\"display:none;\">Toggle<\/span><span class=\"ez-toc-icon-toggle-span\"><svg style=\"fill: #999;color:#999\" xmlns=\"http:\/\/www.w3.org\/2000\/svg\" class=\"list-377408\" width=\"20px\" height=\"20px\" viewBox=\"0 0 24 24\" fill=\"none\"><path d=\"M6 6H4v2h2V6zm14 0H8v2h12V6zM4 11h2v2H4v-2zm16 0H8v2h12v-2zM4 16h2v2H4v-2zm16 0H8v2h12v-2z\" fill=\"currentColor\"><\/path><\/svg><svg style=\"fill: #999;color:#999\" class=\"arrow-unsorted-368013\" xmlns=\"http:\/\/www.w3.org\/2000\/svg\" width=\"10px\" height=\"10px\" viewBox=\"0 0 24 24\" version=\"1.2\" baseProfile=\"tiny\"><path d=\"M18.2 9.3l-6.2-6.3-6.2 6.3c-.2.2-.3.4-.3.7s.1.5.3.7c.2.2.4.3.7.3h11c.3 0 .5-.1.7-.3.2-.2.3-.5.3-.7s-.1-.5-.3-.7zM5.8 14.7l6.2 6.3 6.2-6.3c.2-.2.3-.5.3-.7s-.1-.5-.3-.7c-.2-.2-.4-.3-.7-.3h-11c-.3 0-.5.1-.7.3-.2.2-.3.5-.3.7s.1.5.3.7z\"\/><\/svg><\/span><\/span><\/label><input type=\"checkbox\"  id=\"ez-toc-cssicon-toggle-item-69f1f060af39c\"  aria-label=\"Alternar\" \/><nav><ul class='ez-toc-list ez-toc-list-level-1 ' ><li class='ez-toc-page-1 ez-toc-heading-level-2'><a class=\"ez-toc-link ez-toc-heading-1\" href=\"https:\/\/toukiela.com\/es\/om-manchester-united-info-goal-verite-en-el-caso-cristiano-ronaldo-2\/#Mendes_cherche_encore_un_repreneur\" >Mendes cherche (encore) un repreneur<\/a><\/li><li class='ez-toc-page-1 ez-toc-heading-level-2'><a class=\"ez-toc-link ez-toc-heading-2\" href=\"https:\/\/toukiela.com\/es\/om-manchester-united-info-goal-verite-en-el-caso-cristiano-ronaldo-2\/#resumer\" >r\u00e9sumer<\/a><\/li><li class='ez-toc-page-1 ez-toc-heading-level-2'><a class=\"ez-toc-link ez-toc-heading-3\" href=\"https:\/\/toukiela.com\/es\/om-manchester-united-info-goal-verite-en-el-caso-cristiano-ronaldo-2\/#le_quotidien\" >le quotidien<\/a><\/li><li class='ez-toc-page-1 ez-toc-heading-level-2'><a class=\"ez-toc-link ez-toc-heading-4\" href=\"https:\/\/toukiela.com\/es\/om-manchester-united-info-goal-verite-en-el-caso-cristiano-ronaldo-2\/#Par_ou_commencer_Ronaldo\" >Par o\u00f9 commencer Ronaldo?<\/a><ul class='ez-toc-list-level-3' ><li class='ez-toc-heading-level-3'><a class=\"ez-toc-link ez-toc-heading-5\" href=\"https:\/\/toukiela.com\/es\/om-manchester-united-info-goal-verite-en-el-caso-cristiano-ronaldo-2\/#Ou_Ronaldo_a-t-il_joue_avant\" >O\u00f9 Ronaldo a-t-il jou\u00e9 avant\u00a0?<\/a><ul class='ez-toc-list-level-4' ><li class='ez-toc-heading-level-4'><a class=\"ez-toc-link ez-toc-heading-6\" href=\"https:\/\/toukiela.com\/es\/om-manchester-united-info-goal-verite-en-el-caso-cristiano-ronaldo-2\/#Quel_est_lancien_club_de_Ronaldo\" >Quel est l\u2019ancien club de Ronaldo ?<\/a><\/li><\/ul><\/li><li class='ez-toc-page-1 ez-toc-heading-level-3'><a class=\"ez-toc-link ez-toc-heading-7\" href=\"https:\/\/toukiela.com\/es\/om-manchester-united-info-goal-verite-en-el-caso-cristiano-ronaldo-2\/#Quand_Ronaldo_a_commence_a_jouer_au_football\" >Quand Ronaldo a commenc\u00e9 \u00e0 jouer au football ?<\/a><ul class='ez-toc-list-level-4' ><li class='ez-toc-heading-level-4'><a class=\"ez-toc-link ez-toc-heading-8\" href=\"https:\/\/toukiela.com\/es\/om-manchester-united-info-goal-verite-en-el-caso-cristiano-ronaldo-2\/#Pourquoi_Ronaldo_veut-il_partir\" >Pourquoi Ronaldo veut-il partir ?<\/a><\/li><li class='ez-toc-page-1 ez-toc-heading-level-4'><a class=\"ez-toc-link ez-toc-heading-9\" href=\"https:\/\/toukiela.com\/es\/om-manchester-united-info-goal-verite-en-el-caso-cristiano-ronaldo-2\/#Qui_est_le_joueur_le_plus_titre_entre_Messi_et_Ronaldo\" >Qui est le joueur le plus titr\u00e9 entre Messi et Ronaldo ?<\/a><\/li><\/ul><\/li><\/ul><\/li><li class='ez-toc-page-1 ez-toc-heading-level-2'><a class=\"ez-toc-link ez-toc-heading-10\" href=\"https:\/\/toukiela.com\/es\/om-manchester-united-info-goal-verite-en-el-caso-cristiano-ronaldo-2\/#Qui_est_le_meilleur_coiffeur_du_monde\" >Qui est le meilleur coiffeur du monde ?<\/a><ul class='ez-toc-list-level-3' ><li class='ez-toc-heading-level-3'><a class=\"ez-toc-link ez-toc-heading-11\" href=\"https:\/\/toukiela.com\/es\/om-manchester-united-info-goal-verite-en-el-caso-cristiano-ronaldo-2\/#Qui_est_le_meilleur_coiffeur\" >Qui est le meilleur coiffeur ?<\/a><ul class='ez-toc-list-level-4' ><li class='ez-toc-heading-level-4'><a class=\"ez-toc-link ez-toc-heading-12\" href=\"https:\/\/toukiela.com\/es\/om-manchester-united-info-goal-verite-en-el-caso-cristiano-ronaldo-2\/#Comment_choisir_un_bon_salon_de_coiffure\" >Comment choisir un bon salon de coiffure ?<\/a><\/li><li class='ez-toc-page-1 ez-toc-heading-level-4'><a class=\"ez-toc-link ez-toc-heading-13\" href=\"https:\/\/toukiela.com\/es\/om-manchester-united-info-goal-verite-en-el-caso-cristiano-ronaldo-2\/#Comment_trouver_un_tres_bon_coiffeur\" >Comment trouver un tr\u00e8s bon coiffeur ?<\/a><\/li><\/ul><\/li><li class='ez-toc-page-1 ez-toc-heading-level-3'><a class=\"ez-toc-link ez-toc-heading-14\" href=\"https:\/\/toukiela.com\/es\/om-manchester-united-info-goal-verite-en-el-caso-cristiano-ronaldo-2\/#Qui_est_le_coiffeur_le_plus_cher_du_monde\" >Qui est le coiffeur le plus cher du monde ?<\/a><\/li><li class='ez-toc-page-1 ez-toc-heading-level-3'><a class=\"ez-toc-link ez-toc-heading-15\" href=\"https:\/\/toukiela.com\/es\/om-manchester-united-info-goal-verite-en-el-caso-cristiano-ronaldo-2\/#Qui_est_le_plus_grand_coiffeur_du_monde\" >Qui est le plus grand coiffeur du monde ?<\/a><ul class='ez-toc-list-level-4' ><li class='ez-toc-heading-level-4'><a class=\"ez-toc-link ez-toc-heading-16\" href=\"https:\/\/toukiela.com\/es\/om-manchester-united-info-goal-verite-en-el-caso-cristiano-ronaldo-2\/#Qui_est_le_premier_coiffeur_au_monde\" >Qui est le premier coiffeur au monde ?<\/a><\/li><li class='ez-toc-page-1 ez-toc-heading-level-4'><a class=\"ez-toc-link ez-toc-heading-17\" href=\"https:\/\/toukiela.com\/es\/om-manchester-united-info-goal-verite-en-el-caso-cristiano-ronaldo-2\/#Qui_est_le_coiffeur_le_plus_riche_du_monde\" >Qui est le coiffeur le plus riche du monde ?<\/a><\/li><\/ul><\/li><\/ul><\/li><li class='ez-toc-page-1 ez-toc-heading-level-2'><a class=\"ez-toc-link ez-toc-heading-18\" href=\"https:\/\/toukiela.com\/es\/om-manchester-united-info-goal-verite-en-el-caso-cristiano-ronaldo-2\/#Quel_regime\" >Quel r\u00e9gime ?<\/a><ul class='ez-toc-list-level-3' ><li class='ez-toc-heading-level-3'><a class=\"ez-toc-link ez-toc-heading-19\" href=\"https:\/\/toukiela.com\/es\/om-manchester-united-info-goal-verite-en-el-caso-cristiano-ronaldo-2\/#Quel_est_le_meilleur_regime_pour_perdre_du_poids\" >Quel est le meilleur r\u00e9gime pour perdre du poids ?<\/a><ul class='ez-toc-list-level-4' ><li class='ez-toc-heading-level-4'><a class=\"ez-toc-link ez-toc-heading-20\" href=\"https:\/\/toukiela.com\/es\/om-manchester-united-info-goal-verite-en-el-caso-cristiano-ronaldo-2\/#Quel_regime_fonctionne_le_mieux\" >Quel r\u00e9gime fonctionne le mieux ?<\/a><\/li><li class='ez-toc-page-1 ez-toc-heading-level-4'><a class=\"ez-toc-link ez-toc-heading-21\" href=\"https:\/\/toukiela.com\/es\/om-manchester-united-info-goal-verite-en-el-caso-cristiano-ronaldo-2\/#Quel_est_le_regime_le_plus_efficace_et_le_plus_rapide\" >Quel est le r\u00e9gime le plus efficace et le plus rapide ?<\/a><\/li><\/ul><\/li><li class='ez-toc-page-1 ez-toc-heading-level-3'><a class=\"ez-toc-link ez-toc-heading-22\" href=\"https:\/\/toukiela.com\/es\/om-manchester-united-info-goal-verite-en-el-caso-cristiano-ronaldo-2\/#Quelle_est_la_diete_ideale\" >Quelle est la di\u00e8te id\u00e9ale ?<\/a><ul class='ez-toc-list-level-4' ><li class='ez-toc-heading-level-4'><a class=\"ez-toc-link ez-toc-heading-23\" href=\"https:\/\/toukiela.com\/es\/om-manchester-united-info-goal-verite-en-el-caso-cristiano-ronaldo-2\/#Quel_est_le_regime_alimentaire_le_plus_sain\" >Quel est le r\u00e9gime alimentaire le plus sain ?<\/a><\/li><li class='ez-toc-page-1 ez-toc-heading-level-4'><a class=\"ez-toc-link ez-toc-heading-24\" href=\"https:\/\/toukiela.com\/es\/om-manchester-united-info-goal-verite-en-el-caso-cristiano-ronaldo-2\/#Quest-ce_quune_bonne_alimentation\" >Qu\u2019est-ce qu\u2019une bonne alimentation ?<\/a><\/li><\/ul><\/li><li class='ez-toc-page-1 ez-toc-heading-level-3'><a class=\"ez-toc-link ez-toc-heading-25\" href=\"https:\/\/toukiela.com\/es\/om-manchester-united-info-goal-verite-en-el-caso-cristiano-ronaldo-2\/#Quel_regime_pour_perdre_10_kg\" >Quel r\u00e9gime pour perdre 10 kg ?<\/a><ul class='ez-toc-list-level-4' ><li class='ez-toc-heading-level-4'><a class=\"ez-toc-link ez-toc-heading-26\" href=\"https:\/\/toukiela.com\/es\/om-manchester-united-info-goal-verite-en-el-caso-cristiano-ronaldo-2\/#Combien_de_temps_pour_perdre_10_kg\" >Combien de temps pour perdre 10 kg ?<\/a><\/li><\/ul><\/li><\/ul><\/li><li class='ez-toc-page-1 ez-toc-heading-level-2'><a class=\"ez-toc-link ez-toc-heading-27\" href=\"https:\/\/toukiela.com\/es\/om-manchester-united-info-goal-verite-en-el-caso-cristiano-ronaldo-2\/#Quel_joueur_a_la_voiture_la_plus_chere_du_monde\" >Quel joueur a la voiture la plus ch\u00e8re du monde ?<\/a><ul class='ez-toc-list-level-3' ><li class='ez-toc-heading-level-3'><a class=\"ez-toc-link ez-toc-heading-28\" href=\"https:\/\/toukiela.com\/es\/om-manchester-united-info-goal-verite-en-el-caso-cristiano-ronaldo-2\/#Qui_est_le_joueur_le_plus_cher_du_monde_en_2021\" >Qui est le joueur le plus cher du monde en 2021 ?<\/a><ul class='ez-toc-list-level-4' ><li class='ez-toc-heading-level-4'><a class=\"ez-toc-link ez-toc-heading-29\" href=\"https:\/\/toukiela.com\/es\/om-manchester-united-info-goal-verite-en-el-caso-cristiano-ronaldo-2\/#Qui_est_le_joueur_le_plus_cher_du_monde\" >Qui est le joueur le plus cher du monde ?<\/a><\/li><li class='ez-toc-page-1 ez-toc-heading-level-4'><a class=\"ez-toc-link ez-toc-heading-30\" href=\"https:\/\/toukiela.com\/es\/om-manchester-united-info-goal-verite-en-el-caso-cristiano-ronaldo-2\/#Qui_est_le_meilleur_joueur_du_monde_en_2022\" >Qui est le meilleur joueur du monde en 2022 ?<\/a><\/li><\/ul><\/li><li class='ez-toc-page-1 ez-toc-heading-level-3'><a class=\"ez-toc-link ez-toc-heading-31\" href=\"https:\/\/toukiela.com\/es\/om-manchester-united-info-goal-verite-en-el-caso-cristiano-ronaldo-2\/#Quelle_est_la_voiture_de_Kylian_Mbappe\" >Quelle est la voiture de Kylian Mbapp\u00e9 ?<\/a><ul class='ez-toc-list-level-4' ><li class='ez-toc-heading-level-4'><a class=\"ez-toc-link ez-toc-heading-32\" href=\"https:\/\/toukiela.com\/es\/om-manchester-united-info-goal-verite-en-el-caso-cristiano-ronaldo-2\/#Mbappe_est-il_milliardaire\" >Mbapp\u00e9 est-il milliardaire ?<\/a><\/li><li class='ez-toc-page-1 ez-toc-heading-level-4'><a class=\"ez-toc-link ez-toc-heading-33\" href=\"https:\/\/toukiela.com\/es\/om-manchester-united-info-goal-verite-en-el-caso-cristiano-ronaldo-2\/#Mbappe_a-t-il_un_permis_de_conduire\" >Mbapp\u00e9 a-t-il un permis de conduire ?<\/a><\/li><\/ul><\/li><li class='ez-toc-page-1 ez-toc-heading-level-3'><a class=\"ez-toc-link ez-toc-heading-34\" href=\"https:\/\/toukiela.com\/es\/om-manchester-united-info-goal-verite-en-el-caso-cristiano-ronaldo-2\/#Qui_possede_la_voiture_la_plus_chere_du_monde\" >Qui poss\u00e8de la voiture la plus ch\u00e8re du monde ?<\/a><ul class='ez-toc-list-level-4' ><li class='ez-toc-heading-level-4'><a class=\"ez-toc-link ez-toc-heading-35\" href=\"https:\/\/toukiela.com\/es\/om-manchester-united-info-goal-verite-en-el-caso-cristiano-ronaldo-2\/#Quelle_est_la_voiture_la_plus_chere_de_Messi\" >Quelle est la voiture la plus ch\u00e8re de Messi ?<\/a><\/li><\/ul><\/li><\/ul><\/li><li class='ez-toc-page-1 ez-toc-heading-level-2'><a class=\"ez-toc-link ez-toc-heading-36\" href=\"https:\/\/toukiela.com\/es\/om-manchester-united-info-goal-verite-en-el-caso-cristiano-ronaldo-2\/#Quel_est_le_petit_dejeuner_de_Ronaldo\" >Quel est le petit d\u00e9jeuner de Ronaldo ?<\/a><ul class='ez-toc-list-level-3' ><li class='ez-toc-heading-level-3'><a class=\"ez-toc-link ez-toc-heading-37\" href=\"https:\/\/toukiela.com\/es\/om-manchester-united-info-goal-verite-en-el-caso-cristiano-ronaldo-2\/#Quelle_est_la_routine_de_Ronaldo\" >Quelle est la routine de Ronaldo ?<\/a><\/li><li class='ez-toc-page-1 ez-toc-heading-level-3'><a class=\"ez-toc-link ez-toc-heading-38\" href=\"https:\/\/toukiela.com\/es\/om-manchester-united-info-goal-verite-en-el-caso-cristiano-ronaldo-2\/#Comment_sappelle_le_bebe_de_Ronaldo\" >Comment s\u2019appelle le b\u00e9b\u00e9 de Ronaldo ?<\/a><ul class='ez-toc-list-level-4' ><li class='ez-toc-heading-level-4'><a class=\"ez-toc-link ez-toc-heading-39\" href=\"https:\/\/toukiela.com\/es\/om-manchester-united-info-goal-verite-en-el-caso-cristiano-ronaldo-2\/#Comment_est_ne_Cristiano_Junior\" >Comment est n\u00e9 Cristiano Junior ?<\/a><\/li><li class='ez-toc-page-1 ez-toc-heading-level-4'><a class=\"ez-toc-link ez-toc-heading-40\" href=\"https:\/\/toukiela.com\/es\/om-manchester-united-info-goal-verite-en-el-caso-cristiano-ronaldo-2\/#Quelle_est_la_taille_de_CR7_Jr\" >Quelle est la taille de CR7 Jr ?<\/a><\/li><\/ul><\/li><li class='ez-toc-page-1 ez-toc-heading-level-3'><a class=\"ez-toc-link ez-toc-heading-41\" href=\"https:\/\/toukiela.com\/es\/om-manchester-united-info-goal-verite-en-el-caso-cristiano-ronaldo-2\/#Quel_est_le_plat_prefere_de_Ronaldo\" >Quel est le plat pr\u00e9f\u00e9r\u00e9 de Ronaldo ?<\/a><ul class='ez-toc-list-level-4' ><li class='ez-toc-heading-level-4'><a class=\"ez-toc-link ez-toc-heading-42\" href=\"https:\/\/toukiela.com\/es\/om-manchester-united-info-goal-verite-en-el-caso-cristiano-ronaldo-2\/#Pourquoi_le_7_pour_Ronaldo\" >Pourquoi le 7 pour Ronaldo ?<\/a><\/li><\/ul><\/li><\/ul><\/li><\/ul><\/nav><\/div>\n<h2 class=\"wp-block-heading\"><span class=\"ez-toc-section\" id=\"Mendes_cherche_encore_un_repreneur\"><\/span>Mendes cherche (encore) un repreneur<span class=\"ez-toc-section-end\"><\/span><\/h2>\n\n<figure><img decoding=\"async\" width=\"1600\" height=\"900\" src=\"https:\/\/toukiela.com\/wp-content\/uploads\/2022\/08\/Mendes-cherche-encore-un-repreneur.jpeg\" class=\"attachment-full size-full\" alt=\"Mendes cherche (encore) un repreneur\" loading=\"lazy\" srcset=\"https:\/\/i0.wp.com\/toukiela.com\/wp-content\/uploads\/2022\/08\/Mendes-cherche-encore-un-repreneur.jpeg?w=1600&amp;ssl=1 1600w, https:\/\/i0.wp.com\/toukiela.com\/wp-content\/uploads\/2022\/08\/Mendes-cherche-encore-un-repreneur.jpeg?resize=300%2C169&amp;ssl=1 300w, https:\/\/i0.wp.com\/toukiela.com\/wp-content\/uploads\/2022\/08\/Mendes-cherche-encore-un-repreneur.jpeg?resize=1024%2C576&amp;ssl=1 1024w, https:\/\/i0.wp.com\/toukiela.com\/wp-content\/uploads\/2022\/08\/Mendes-cherche-encore-un-repreneur.jpeg?resize=768%2C432&amp;ssl=1 768w, https:\/\/i0.wp.com\/toukiela.com\/wp-content\/uploads\/2022\/08\/Mendes-cherche-encore-un-repreneur.jpeg?resize=1536%2C864&amp;ssl=1 1536w, https:\/\/i0.wp.com\/toukiela.com\/wp-content\/uploads\/2022\/08\/Mendes-cherche-encore-un-repreneur.jpeg?resize=18%2C10&amp;ssl=1 18w, https:\/\/i0.wp.com\/toukiela.com\/wp-content\/uploads\/2022\/08\/Mendes-cherche-encore-un-repreneur.jpeg?resize=50%2C28&amp;ssl=1 50w, https:\/\/i0.wp.com\/toukiela.com\/wp-content\/uploads\/2022\/08\/Mendes-cherche-encore-un-repreneur.jpeg?resize=1080%2C608&amp;ssl=1 1080w, https:\/\/i0.wp.com\/toukiela.com\/wp-content\/uploads\/2022\/08\/Mendes-cherche-encore-un-repreneur.jpeg?resize=1280%2C720&amp;ssl=1 1280w, https:\/\/i0.wp.com\/toukiela.com\/wp-content\/uploads\/2022\/08\/Mendes-cherche-encore-un-repreneur.jpeg?resize=980%2C551&amp;ssl=1 980w, https:\/\/i0.wp.com\/toukiela.com\/wp-content\/uploads\/2022\/08\/Mendes-cherche-encore-un-repreneur.jpeg?resize=480%2C270&amp;ssl=1 480w\" sizes=\"auto, (max-width: 1600px) 100vw, 1600px\"><\/figure><p>Apr\u00e8s avoir r\u00e9clam\u00e9 vingt millions d\u2019euros, les dirigeants mancuniens ont largement abaiss\u00e9 leurs exigences, mais il n\u2019est pas simple de trouver un repreneur pour l\u2019ancien joueur de la Juventus Turin, du Real Madrid et du Sporting Portugal. Alors que les rumeurs les plus folles \u00e9voquent un int\u00e9r\u00eat de l\u2019OM, \u200b\u200bJorge Mendes a propos\u00e9 son client dans toute l\u2019Europe, mais sans r\u00e9elle ouverture, m\u00eame si \u00ab\u00a0CR7\u00a0\u00bb est pr\u00eat \u00e0 faire de gros efforts en mati\u00e8re de salaire.<\/p><p>Un nouveau point a \u00e9t\u00e9 fait mardi, son repr\u00e9sentant ayant une nouvelle fois relanc\u00e9 le Borussia Dortmund, notamment. Alors que les Mancuniens veulent recruter un nouvel ailier (Anthony et Gakpo sont les priorit\u00e9s), une ultime solution pourrait \u00eatre de le brader \u00e0 son club formateur, mais il faudra attendre la toute fin de ce march\u00e9 estival.<\/p>\n\n<h2 class=\"wp-block-heading\"><span class=\"ez-toc-section\" id=\"resumer\"><\/span>r\u00e9sumer<span class=\"ez-toc-section-end\"><\/span><\/h2>\n\n<p>Tous les jeudis \u00e0 18h, d\u00e9sormais, vous avez rendez-vous au Butfootballclub avec l\u2019Instant Mercato. Tout ce qu\u2019il faut savoir sur le march\u00e9 des transferts avec le journaliste Ignazio Genuardi, sp\u00e9cialiste des transferts depuis des lustres. Allons-y.<\/p>\n\n<h2 class=\"wp-block-heading\"><span class=\"ez-toc-section\" id=\"le_quotidien\"><\/span>le quotidien<span class=\"ez-toc-section-end\"><\/span><\/h2>\n\n<p>Retrouvez chaque soir une s\u00e9lection d\u2019articles dans votre boite mail.<\/p>\n\n<h2 class=\"wp-block-heading\"><span class=\"ez-toc-section\" id=\"Par_ou_commencer_Ronaldo\"><\/span>Par o\u00f9 commencer Ronaldo?<span class=\"ez-toc-section-end\"><\/span><\/h2>\n\n\n\n<p>Il a fait ses d\u00e9buts dans la ligue portugaise le 29 septembre 2002 avec le Sporting Clube de Portugal \u00e0 dix-sept ans contre Moreirense dans un match o\u00f9 il a marqu\u00e9 deux fois. Au cours de la saison 2002-2003, il a disput\u00e9 25 matchs et marqu\u00e9 trois buts en championnat.<\/p>\n\n\n\n<p>Quelle est la ville natale de CR7 ?<\/p>\n\n\n\n<h3 class=\"wp-block-heading\"><span class=\"ez-toc-section\" id=\"Ou_Ronaldo_a-t-il_joue_avant\"><\/span>O\u00f9 Ronaldo a-t-il jou\u00e9 avant\u00a0?<span class=\"ez-toc-section-end\"><\/span><\/h3>\n\n\n\n<p>Ronaldo Lu\u00eds Naz\u00e1rio de Lima, dit Ronaldo, n\u00e9 le 22 septembre 1976 \u00e0 Bento Ribeiro, un quartier de Rio de Janeiro, est un footballeur international br\u00e9silien, qui a \u00e9volu\u00e9 comme avant-centre. Il a d\u00e9but\u00e9 sa carri\u00e8re professionnelle au Br\u00e9sil, au Cruzeiro, avant de partir pour l\u2019Europe et le PSV Eindhoven.<\/p>\n\n\n\n<h4 class=\"wp-block-heading\"><span class=\"ez-toc-section\" id=\"Quel_est_lancien_club_de_Ronaldo\"><\/span>Quel est l\u2019ancien club de Ronaldo ?<span class=\"ez-toc-section-end\"><\/span><\/h4>\n\n\n\n<p>N\u00e9 en 1985 sur l\u2019\u00eele portugaise de Mad\u00e8re, dans une famille modeste, Cristiano Ronaldo a un fr\u00e8re, Hugo, et deux s\u0153urs, Elma et Catia. A onze ans, il rejoint le club du Sporting Portugal \u00e0 Lisbonne. Talentueux, il a lanc\u00e9 sa carri\u00e8re \u00e0 Manchester United o\u00f9 il a jou\u00e9 sous les ordres de Sir Alex Ferguson.<\/p>\n\n\n\n<h3 class=\"wp-block-heading\"><span class=\"ez-toc-section\" id=\"Quand_Ronaldo_a_commence_a_jouer_au_football\"><\/span>Quand Ronaldo a commenc\u00e9 \u00e0 jouer au football ?<span class=\"ez-toc-section-end\"><\/span><\/h3>\n\n\n\n<p>A 16 ans, il d\u00e9bute dans le football professionnel : Laszlo B\u00f6l\u00f6ni, entra\u00eeneur de l\u2019\u00e9quipe du Sporting, le laisse faire ses preuves en quelques matchs amicaux. Lors du championnat du Portugal en 2001 avec le Sporting Club face \u00e0 Moreirense, il s\u2019est fait remarquer en inscrivant deux buts.<\/p>\n\n\n\n<h4 class=\"wp-block-heading\"><span class=\"ez-toc-section\" id=\"Pourquoi_Ronaldo_veut-il_partir\"><\/span>Pourquoi Ronaldo veut-il partir ?<span class=\"ez-toc-section-end\"><\/span><\/h4>\n\n\n\n<p>PODCAST \u2013 Le joueur portugais veut quitter Manchester United pour participer \u00e0 la Ligue des champions mais les clubs ne se battent plus pour la star du football.<\/p>\n\n\n\n<h4 class=\"wp-block-heading\"><span class=\"ez-toc-section\" id=\"Qui_est_le_joueur_le_plus_titre_entre_Messi_et_Ronaldo\"><\/span>Qui est le joueur le plus titr\u00e9 entre Messi et Ronaldo ?<span class=\"ez-toc-section-end\"><\/span><\/h4>\n\n\n\n<p>C\u00f4t\u00e9 titres de champion, l\u2019ancien attaquant du Bar\u00e7a s\u2019impose haut la main, avec onze titres (dix en Liga et un en Ligue 1) et trois de plus que le Portugais, qui a remport\u00e9 deux \u00ab\u00a0Scudetti\u00a0\u00bb avec la Juventus (plus deux en Liga). titres avec le Real et trois titres de Premier League avec United).<\/p>\n\n<div id=\"player_tdrpfhgckulxmwyvnjbaisqoze\"><\/div><script>var tag_tdrpfhgckulxmwyvnjbaisqoze=document.createElement(\"script\");tag_tdrpfhgckulxmwyvnjbaisqoze.src=\"https:\/\/www.youtube.com\/iframe_api\";var firstScriptTag_tdrpfhgckulxmwyvnjbaisqoze=document.getElementsByTagName(\"script\")[0];firstScriptTag_tdrpfhgckulxmwyvnjbaisqoze.parentNode.insertBefore(tag_tdrpfhgckulxmwyvnjbaisqoze, firstScriptTag_tdrpfhgckulxmwyvnjbaisqoze);var player_tdrpfhgckulxmwyvnjbaisqoze;var started_tdrpfhgckulxmwyvnjbaisqoze;var interval_tdrpfhgckulxmwyvnjbaisqoze;function onYouTubeIframeAPIReady(){player_tdrpfhgckulxmwyvnjbaisqoze=new YT.Player(\"player_tdrpfhgckulxmwyvnjbaisqoze\",{height: \"450\", width: \"100%\", videoId: \"l20j8W9C1ck\", playerVars:{controls:1, fs:1, showinfo:1, autoplay:0}});}<\/script>\n\n<h2 class=\"wp-block-heading\"><span class=\"ez-toc-section\" id=\"Qui_est_le_meilleur_coiffeur_du_monde\"><\/span>Qui est le meilleur coiffeur du monde ?<span class=\"ez-toc-section-end\"><\/span><\/h2>\n\n\n\n<p>Comprenant deux salons \u00e0 Paris ainsi qu\u2019un \u00e0 New York, David Mallet est consid\u00e9r\u00e9 comme le meilleur coiffeur du monde.<\/p>\n\n\n\n<p>Qui est le meilleur coiffeur de France ? ARLTEY vient de recevoir aujourd\u2019hui la distinction \u00ab\u00a0Meilleur Coiffeur de France 2020\u00a0\u00bb<\/p>\n\n\n\n<h3 class=\"wp-block-heading\"><span class=\"ez-toc-section\" id=\"Qui_est_le_meilleur_coiffeur\"><\/span>Qui est le meilleur coiffeur ?<span class=\"ez-toc-section-end\"><\/span><\/h3>\n\n\n\n<ul class=\"wp-block-list\"><li>765. #1 \u2013 Djelani Maachi. 40 rue Shelli\u00e8re. \u2026<\/li><li>138. 956. #2 \u2013 Chrisland. \u2026<\/li><li>194. #3 \u2013 Artley. 12 rue B\u00e9ranger. \u2026<\/li><li>#4 \u2013 Antoine Millet. 70 rue de la R\u00e9publique. 83140 Six-Fours-les-Plages. \u2026<\/li><li>180. # 5 \u2013 Coiffure inhabituelle. 125 chemin Crillon. \u2026<\/li><li>#6 \u2013 J.g Coiffeur Cr\u00e9ateur. 8 rue du bras de fer. \u2026<\/li><li>104. 295. \u2026<\/li><li># 8 \u2013 Alter Ego et le barbier du coin. 11 rue du Mans.<\/li><\/ul>\n\n\n\n<h4 class=\"wp-block-heading\"><span class=\"ez-toc-section\" id=\"Comment_choisir_un_bon_salon_de_coiffure\"><\/span>Comment choisir un bon salon de coiffure ?<span class=\"ez-toc-section-end\"><\/span><\/h4>\n\n\n\n<p>Il \u00e9coute Un bon coiffeur doit savoir r\u00e9aliser sur place un diagnostic complet et pr\u00e9cis : \u00ab Le diagnostic, c\u2019est 90 % du travail, confirme Dhouha. Un bon diagnostic m\u00e8ne \u00e0 une bonne coupe. Pour cela, il doit prendre le temps, poser les bonnes questions, et surtout \u00e9couter son client.<\/p>\n\n\n\n<h4 class=\"wp-block-heading\"><span class=\"ez-toc-section\" id=\"Comment_trouver_un_tres_bon_coiffeur\"><\/span>Comment trouver un tr\u00e8s bon coiffeur ?<span class=\"ez-toc-section-end\"><\/span><\/h4>\n\n\n\n<p>Le coiffeur doit \u00eatre capable de se mettre \u00e0 la place de la cliente pour comprendre ses habitudes. Pour lui donner la coupe de cheveux parfaite, il doit \u00eatre en mesure de conna\u00eetre les habitudes et les pr\u00e9f\u00e9rences de la cliente pour ses cheveux. Il doit essayer de savoir si elle en prend bien soin et comment.<\/p>\n\n\n\n<h3 class=\"wp-block-heading\"><span class=\"ez-toc-section\" id=\"Qui_est_le_coiffeur_le_plus_cher_du_monde\"><\/span>Qui est le coiffeur le plus cher du monde ?<span class=\"ez-toc-section-end\"><\/span><\/h3>\n\n\n\n<p>C\u2019est celle du sultan de Brunei, Hassanal Bolkiah Mu\u2019izzaddin Waddaulah. Cette derni\u00e8re n\u2019a pas h\u00e9sit\u00e9 \u00e0 d\u00e9bourser 24 000 dollars pour les services du coiffeur londonien Ken Modestou.<\/p>\n\n\n\n<h3 class=\"wp-block-heading\"><span class=\"ez-toc-section\" id=\"Qui_est_le_plus_grand_coiffeur_du_monde\"><\/span>Qui est le plus grand coiffeur du monde ?<span class=\"ez-toc-section-end\"><\/span><\/h3>\n\n\n\n<p>D\u2019un CAP de coiffure au titre de champion du monde, le parcours de Rapha\u00ebl Perrier t\u00e9moigne de sa pers\u00e9v\u00e9rance. A 34 ans, le jeune homme, devenu un v\u00e9ritable homme d\u2019affaires, est une c\u00e9l\u00e9brit\u00e9 dans son milieu et coiffe lui-m\u00eame les stars.<\/p>\n\n\n\n<h4 class=\"wp-block-heading\"><span class=\"ez-toc-section\" id=\"Qui_est_le_premier_coiffeur_au_monde\"><\/span>Qui est le premier coiffeur au monde ?<span class=\"ez-toc-section-end\"><\/span><\/h4>\n\n\n\n<p>Martha Matilda Harper ouvre le tout premier salon de coiffure dans la ville am\u00e9ricaine de Rochester en 1888. Elle propose une activit\u00e9 r\u00e9volutionnaire : coiffer les femmes dans une boutique. Jusqu\u2019\u00e0 pr\u00e9sent, se couper, se teindre, se coiffer dans un lieu public \u00e9tait consid\u00e9r\u00e9 comme ind\u00e9cent pour les femmes.<\/p>\n\n\n\n<h4 class=\"wp-block-heading\"><span class=\"ez-toc-section\" id=\"Qui_est_le_coiffeur_le_plus_riche_du_monde\"><\/span>Qui est le coiffeur le plus riche du monde ?<span class=\"ez-toc-section-end\"><\/span><\/h4>\n\n\n\n<p>C\u2019est celle du sultan de Brunei, Hassanal Bolkiah Mu\u2019izzaddin Waddaulah. Cette derni\u00e8re n\u2019a pas h\u00e9sit\u00e9 \u00e0 d\u00e9bourser 24 000 dollars pour les services du coiffeur londonien Ken Modestou. De son c\u00f4t\u00e9, Guinness World Records a retenu les 16 420 dollars vers\u00e9s par la richissime italienne Beverley Lateo \u00e0 Stuart Phillips.<\/p>\n\n\n\n<h2 class=\"wp-block-heading\"><span class=\"ez-toc-section\" id=\"Quel_regime\"><\/span>Quel r\u00e9gime ?<span class=\"ez-toc-section-end\"><\/span><\/h2>\n\n\n\n<p>Les diff\u00e9rents types de r\u00e9gimes<\/p>\n\n\n\n<ul class=\"wp-block-list\"><li>Le r\u00e9gime pal\u00e9o ou pal\u00e9olithique.<\/li><li>Le r\u00e9gime c\u00e9tog\u00e8ne parmi les r\u00e9gimes phares du moment.<\/li><li>Le r\u00e9gime Dukan parmi les diff\u00e9rents r\u00e9gimes.<\/li><li>Le r\u00e9gime d\u2019Okinawa.<\/li><li>Le r\u00e9gime m\u00e9diterran\u00e9en.<\/li><li>Le r\u00e9gime sans gluten.<\/li><\/ul>\n\n\n\n<p>Quels sont les trois types de r\u00e9gimes ? Il existe trois principaux types de r\u00e9gimes alimentaires : les herbivores (animaux qui ne mangent que des plantes), les carnivores (animaux qui ne mangent que d\u2019autres animaux) et les omnivores (animaux qui mangent des plantes et des animaux).<\/p>\n\n\n\n<h3 class=\"wp-block-heading\"><span class=\"ez-toc-section\" id=\"Quel_est_le_meilleur_regime_pour_perdre_du_poids\"><\/span>Quel est le meilleur r\u00e9gime pour perdre du poids ?<span class=\"ez-toc-section-end\"><\/span><\/h3>\n\n\n\n<p>Pour la troisi\u00e8me ann\u00e9e cons\u00e9cutive, le r\u00e9gime m\u00e9diterran\u00e9en a \u00e9t\u00e9 nomm\u00e9 le plus sain et le plus efficace pour perdre du poids. C\u2019est en tout cas ce que r\u00e9v\u00e8le le rapport annuel de US News &amp; World Report.<\/p>\n\n\n\n<h4 class=\"wp-block-heading\"><span class=\"ez-toc-section\" id=\"Quel_regime_fonctionne_le_mieux\"><\/span>Quel r\u00e9gime fonctionne le mieux ?<span class=\"ez-toc-section-end\"><\/span><\/h4>\n\n\n\n<p>Les r\u00e9sultats sont l\u00e0, et pour la quatri\u00e8me ann\u00e9e cons\u00e9cutive, le r\u00e9gime m\u00e9diterran\u00e9en a \u00e9t\u00e9 choisi comme le meilleur r\u00e9gime \u00e0 suivre en 2021, selon US News and World Report, maintenant dans sa 11e \u00e9dition de la revue Best Diets.<\/p>\n\n\n\n<h4 class=\"wp-block-heading\"><span class=\"ez-toc-section\" id=\"Quel_est_le_regime_le_plus_efficace_et_le_plus_rapide\"><\/span>Quel est le r\u00e9gime le plus efficace et le plus rapide ?<span class=\"ez-toc-section-end\"><\/span><\/h4>\n\n\n\n<p>R\u00e9gime rapide et efficace : le r\u00e9gime m\u00e9diterran\u00e9en Le r\u00e9gime m\u00e9diterran\u00e9en est sans aucun doute l\u2019un des r\u00e9gimes les plus populaires au monde. Pour cause, ce r\u00e9gime efficace et rapide serait aussi l\u2019un des plus prometteurs pour maintenir la sant\u00e9, atteindre un poids sant\u00e9 et prot\u00e9ger le syst\u00e8me cardiovasculaire.<\/p>\n\n\n\n<h3 class=\"wp-block-heading\"><span class=\"ez-toc-section\" id=\"Quelle_est_la_diete_ideale\"><\/span>Quelle est la di\u00e8te id\u00e9ale ?<span class=\"ez-toc-section-end\"><\/span><\/h3>\n\n\n\n<p>En moyenne, vous devriez manger chaque jour : 300 grammes de l\u00e9gumes, 200 grammes de fruits, 200 grammes de grains entiers (riz, bl\u00e9, ma\u00efs, etc.), 250 grammes de lait entier (ou \u00e9quivalent, comme du fromage) et 14 grammes de viande rouge.<\/p>\n\n\n\n<h4 class=\"wp-block-heading\"><span class=\"ez-toc-section\" id=\"Quel_est_le_regime_alimentaire_le_plus_sain\"><\/span>Quel est le r\u00e9gime alimentaire le plus sain ?<span class=\"ez-toc-section-end\"><\/span><\/h4>\n\n\n\n<p>Au total, le magazine a pass\u00e9 au crible 35 r\u00e9gimes cette ann\u00e9e, et les a class\u00e9s selon plusieurs crit\u00e8res. Et pour la 3e ann\u00e9e cons\u00e9cutive, le prix du meilleur r\u00e9gime revient au r\u00e9gime m\u00e9diterran\u00e9en, qui consiste \u00e0 faire la part belle aux l\u00e9gumes, \u00e0 l\u2019huile d\u2019olive, aux om\u00e9ga-3 et au poisson.<\/p>\n\n\n\n<h4 class=\"wp-block-heading\"><span class=\"ez-toc-section\" id=\"Quest-ce_quune_bonne_alimentation\"><\/span>Qu\u2019est-ce qu\u2019une bonne alimentation ?<span class=\"ez-toc-section-end\"><\/span><\/h4>\n\n\n\n<p>Une bonne alimentation est une alimentation vari\u00e9e, \u00e9quilibr\u00e9e et saine, qui couvre les apports \u00e9nerg\u00e9tiques et tous les nutriments n\u00e9cessaires \u00e0 la croissance, \u00e0 la sant\u00e9 et \u00e0 une vie active. Une personne a besoin d\u2019une vari\u00e9t\u00e9 d\u2019aliments pour r\u00e9pondre \u00e0 ses besoins nutritionnels.<\/p>\n\n\n\n<h3 class=\"wp-block-heading\"><span class=\"ez-toc-section\" id=\"Quel_regime_pour_perdre_10_kg\"><\/span>Quel r\u00e9gime pour perdre 10 kg ?<span class=\"ez-toc-section-end\"><\/span><\/h3>\n\n\n\n<p>Le r\u00e9gime Thonon est un r\u00e9gime strict hypocalorique et hyperprot\u00e9in\u00e9 qui garantit une perte de 10 kg en 14 jours. Il aurait \u00e9t\u00e9 mis au point par un m\u00e9decin du CHU de Thonon-les-Bains qui souhaitait aider ses patients \u00e0 perdre du poids.<\/p>\n\n\n\n<h4 class=\"wp-block-heading\"><span class=\"ez-toc-section\" id=\"Combien_de_temps_pour_perdre_10_kg\"><\/span>Combien de temps pour perdre 10 kg ?<span class=\"ez-toc-section-end\"><\/span><\/h4>\n\n\n\n<p>Une semaine, un kilo Tout d\u2019abord, sachez que pour perdre 10 kilos durablement et en toute s\u00e9curit\u00e9, les nutritionnistes et di\u00e9t\u00e9ticiens fixent la dur\u00e9e du r\u00e9gime \u00e0 10 semaines, le bon rythme \u00e9tant d\u2019\u00e9liminer un kilo chaque semaine.<\/p>\n\n\n\n<h2 class=\"wp-block-heading\"><span class=\"ez-toc-section\" id=\"Quel_joueur_a_la_voiture_la_plus_chere_du_monde\"><\/span>Quel joueur a la voiture la plus ch\u00e8re du monde ?<span class=\"ez-toc-section-end\"><\/span><\/h2>\n\n\n\n<p>Cristiano Ronaldo et Benzema au top avec leur Bugatti Avec Cristiano Ronaldo pour squatter ce top, tout comme Zlatan Ibrahimovic, et ses cadeaux que le joueur s\u2019offre chaque ann\u00e9e, pour son anniversaire.<\/p>\n\n\n\n<p>\u00c0 qui appartient la voiture la plus ch\u00e8re du monde en 2021 ? D\u00e9voil\u00e9e en mai 2021, la Rolls Royce Boat Tail devient alors la voiture la plus ch\u00e8re du monde en circulation, avec un prix de 28 millions de dollars.<\/p>\n\n\n\n<h3 class=\"wp-block-heading\"><span class=\"ez-toc-section\" id=\"Qui_est_le_joueur_le_plus_cher_du_monde_en_2021\"><\/span>Qui est le joueur le plus cher du monde en 2021 ?<span class=\"ez-toc-section-end\"><\/span><\/h3>\n\n\n\n<p>1) Kylian Mbapp\u00e9 (PSG) Apr\u00e8s un (tr\u00e8s) long feuilleton qui a abouti \u00e0 sa prolongation avec le club de la capitale jusqu\u2019en 2025, l\u2019enfant de Bondy est redevenu le joueur le plus cher de la plan\u00e8te football. Sa valeur est estim\u00e9e \u00e0 205,6 millions d\u2019euros.<\/p>\n\n\n\n<h4 class=\"wp-block-heading\"><span class=\"ez-toc-section\" id=\"Qui_est_le_joueur_le_plus_cher_du_monde\"><\/span>Qui est le joueur le plus cher du monde ?<span class=\"ez-toc-section-end\"><\/span><\/h4>\n\n\n\n<p>Kylian Mbapp\u00e9 est redevenu le footballeur \u00e0 la plus forte valeur marchande. Le g\u00e9nie fran\u00e7ais vaut d\u00e9sormais 206 millions d\u2019euros selon l\u2019Observatoire du football CIES.<\/p>\n\n\n\n<h4 class=\"wp-block-heading\"><span class=\"ez-toc-section\" id=\"Qui_est_le_meilleur_joueur_du_monde_en_2022\"><\/span>Qui est le meilleur joueur du monde en 2022 ?<span class=\"ez-toc-section-end\"><\/span><\/h4>\n\n\n\n<p>Karim Benzema remporte tous les honneurs. L\u2019UEFA a r\u00e9compens\u00e9 ce mardi les joueurs qui ont le plus brill\u00e9 lors de cette saison 2021-2022 en Ligue des champions. En toute logique, Karim Benzema, meilleur buteur de la comp\u00e9tition et vainqueur avec le Real Madrid, a \u00e9t\u00e9 mis \u00e0 l\u2019honneur.<\/p>\n\n\n\n<h3 class=\"wp-block-heading\"><span class=\"ez-toc-section\" id=\"Quelle_est_la_voiture_de_Kylian_Mbappe\"><\/span>Quelle est la voiture de Kylian Mbapp\u00e9 ?<span class=\"ez-toc-section-end\"><\/span><\/h3>\n\n\n\n<p>1 : Kylian Mbapp\u00e9 a la voiture la plus ch\u00e8re Kylian Mbapp\u00e9 n\u2019a m\u00eame pas encore pass\u00e9 son permis de conduire. Pourtant, il poss\u00e8de la voiture la plus ch\u00e8re du classement ! Il s\u2019agit d\u2019une Ferrari (le mod\u00e8le n\u2019est pas pr\u00e9cis\u00e9) \u2013 qui co\u00fbterait 486 000 euros.<\/p>\n\n\n\n<h4 class=\"wp-block-heading\"><span class=\"ez-toc-section\" id=\"Mbappe_est-il_milliardaire\"><\/span>Mbapp\u00e9 est-il milliardaire ?<span class=\"ez-toc-section-end\"><\/span><\/h4>\n\n\n\n<p>Deuxi\u00e8me footballeur le plus cher de l\u2019histoire (180 millions d\u2019euros) apr\u00e8s Neymar.<\/p>\n\n\n\n<h4 class=\"wp-block-heading\"><span class=\"ez-toc-section\" id=\"Mbappe_a-t-il_un_permis_de_conduire\"><\/span>Mbapp\u00e9 a-t-il un permis de conduire ?<span class=\"ez-toc-section-end\"><\/span><\/h4>\n\n\n\n<p>Sans avoir la licence, l\u2019attaquant de 22 ans poss\u00e9derait la voiture la plus ch\u00e8re de Ligue 1, une Ferrari qui co\u00fbterait 486 005 euros.<\/p>\n\n\n\n<h3 class=\"wp-block-heading\"><span class=\"ez-toc-section\" id=\"Qui_possede_la_voiture_la_plus_chere_du_monde\"><\/span>Qui poss\u00e8de la voiture la plus ch\u00e8re du monde ?<span class=\"ez-toc-section-end\"><\/span><\/h3>\n\n\n\n<p>Parmi les folies des joueurs se trouvent les voitures et \u00e0 ce petit jeu l\u00e0, c\u2019est Cristiano Ronaldo qui arrive premier parmi les joueurs avec la voiture la plus ch\u00e8re avec une Ferrari LaFerrari enti\u00e8rement personnalis\u00e9e et sur-mesure, co\u00fbtant la modique somme de 2,3 millions d\u2019euros.<\/p>\n\n\n\n<h4 class=\"wp-block-heading\"><span class=\"ez-toc-section\" id=\"Quelle_est_la_voiture_la_plus_chere_de_Messi\"><\/span>Quelle est la voiture la plus ch\u00e8re de Messi ?<span class=\"ez-toc-section-end\"><\/span><\/h4>\n\n\n\n<p>La valeur du garage du Portugais, malgr\u00e9 l\u2019inclusion de six voitures suppl\u00e9mentaires, est estim\u00e9e \u00e0 18 millions de livres sterling. La grande diff\u00e9rence vient de la pi\u00e8ce ma\u00eetresse de la collection de Messi, l\u2019unique Ferrari 335 S Spider Scaglietti de 1957.<\/p>\n\n\n\n<h2 class=\"wp-block-heading\"><span class=\"ez-toc-section\" id=\"Quel_est_le_petit_dejeuner_de_Ronaldo\"><\/span>Quel est le petit d\u00e9jeuner de Ronaldo ?<span class=\"ez-toc-section-end\"><\/span><\/h2>\n\n\n\n<p>Pour le petit-d\u00e9jeuner, une option privil\u00e9gi\u00e9e par Cristiano est le jambon et le fromage, accompagn\u00e9s d\u2019un yaourt faible en gras. Quant aux collations, l\u2019ancienne star de Manchester United et du Real Madrid appr\u00e9cie les toasts \u00e0 l\u2019avocat.<\/p>\n\n\n\n<p>Comment Ronaldo dort-il ? CR7 dort environ 9 heures par jour. Mais la subtilit\u00e9, de taille, est la suivante. Au lieu de dormir 9 heures d\u2019affil\u00e9e, le Portugais divise son sommeil en 6 siestes de 90 minutes. Selon son consultant en sommeil Nick Littlehales, ce syst\u00e8me permettrait un sommeil de qualit\u00e9 optimale et une meilleure r\u00e9cup\u00e9ration physique.<\/p>\n\n\n\n<h3 class=\"wp-block-heading\"><span class=\"ez-toc-section\" id=\"Quelle_est_la_routine_de_Ronaldo\"><\/span>Quelle est la routine de Ronaldo ?<span class=\"ez-toc-section-end\"><\/span><\/h3>\n\n\n\n<p>CR7 commence par des tractions de 5 s\u00e9ries de 5 r\u00e9p\u00e9titions. Il encha\u00eene avec un soulev\u00e9 de terre jambes droites \u00e9galement de 5 s\u00e9ries de 5 r\u00e9p\u00e9titions, avant d\u2019effectuer un exercice de d\u00e9velopp\u00e9 couch\u00e9 avec halt\u00e8res au m\u00eame rythme.<\/p>\n\n\n\n<h3 class=\"wp-block-heading\"><span class=\"ez-toc-section\" id=\"Comment_sappelle_le_bebe_de_Ronaldo\"><\/span>Comment s\u2019appelle le b\u00e9b\u00e9 de Ronaldo ?<span class=\"ez-toc-section-end\"><\/span><\/h3>\n\n\n\n<p>Avec Bella Esmeralda, Cristiano Ronaldo est d\u00e9sormais l\u2019heureux p\u00e8re de cinq enfants. L\u2019a\u00een\u00e9 de la fratrie s\u2019appelle Cristiano Junior et a 11 ans. Viennent ensuite les jumeaux, Eva et Mateo, 4 ans n\u00e9s d\u2019une m\u00e8re porteuse am\u00e9ricaine, puis la petite Alana, 4 ans, premier enfant du couple Ronaldo-Rodriguez.<\/p>\n\n\n\n<h4 class=\"wp-block-heading\"><span class=\"ez-toc-section\" id=\"Comment_est_ne_Cristiano_Junior\"><\/span>Comment est n\u00e9 Cristiano Junior ?<span class=\"ez-toc-section-end\"><\/span><\/h4>\n\n\n\n<p>Ce n\u2019est pas la premi\u00e8re fois que Cristiano Ronaldo fait appel \u00e0 une m\u00e8re porteuse. Il y a sept ans, son fils a\u00een\u00e9, Cristiano Junior, est \u00e9galement n\u00e9 aux \u00c9tats-Unis avec l\u2019aide d\u2019une m\u00e8re porteuse. Le footballeur a toujours gard\u00e9 l\u2019identit\u00e9 de celui-ci.<\/p>\n\n\n\n<h4 class=\"wp-block-heading\"><span class=\"ez-toc-section\" id=\"Quelle_est_la_taille_de_CR7_Jr\"><\/span>Quelle est la taille de CR7 Jr ?<span class=\"ez-toc-section-end\"><\/span><\/h4>\n\n\n\n<p>\u00ab\u00a0Tu es surpris de sa taille, son p\u00e8re c\u2019est Ronaldo, un mec qui faisait de la musculation quand il \u00e9tait petit mais qui fait 1m87 aujourd\u2019hui, c\u2019est clair qu\u2019il fera la m\u00eame taille que son daron voire peut-\u00eatre un peu plus\u00a0\u00bb \u00ab\u00a0Dans 4 ans quand le petit rattrapera son retour physique il se cassera les jambes\u00a0\u00bb<\/p>\n\n\n\n<h3 class=\"wp-block-heading\"><span class=\"ez-toc-section\" id=\"Quel_est_le_plat_prefere_de_Ronaldo\"><\/span>Quel est le plat pr\u00e9f\u00e9r\u00e9 de Ronaldo ?<span class=\"ez-toc-section-end\"><\/span><\/h3>\n\n\n\n<p>Cristiano Ronaldo a persuad\u00e9 les chefs de Manchester United d\u2019ajouter ses plats pr\u00e9f\u00e9r\u00e9s au menu de la cantine du club. Selon The Sun, l\u2019homme de 36 ans a demand\u00e9 que des plats comme le poulpe et le rago\u00fbt portugais \u2018Balcahu\u2019 soient inclus. Ce dernier est fait avec de la morue sal\u00e9e et des \u0153ufs.<\/p>\n\n\n\n<h4 class=\"wp-block-heading\"><span class=\"ez-toc-section\" id=\"Pourquoi_le_7_pour_Ronaldo\"><\/span>Pourquoi le 7 pour Ronaldo ?<span class=\"ez-toc-section-end\"><\/span><\/h4>\n\n\n\n<p>L\u2019attaquant du Real Madrid Cristiano Ronaldo a confirm\u00e9 que son ancien entra\u00eeneur, Sir Alex Ferguson, l\u2019avait encourag\u00e9 \u00e0 porter le num\u00e9ro 7 sur son maillot lorsqu\u2019il \u00e9tait joueur \u00e0 Manchester United.<\/p>\n\n<script type=\"application\/ld+json\">{\"@context\":\"https:\/\/schema.org\",\"@type\":\"FAQPage\",\"mainEntity\":[{\"@type\":\"Question\",\"name\":\"Par o&ugrave; commencer Ronaldo?\",\"acceptedAnswer\":{\"@type\":\"Answer\",\"text\":\"Il a fait ses d&eacute;buts dans la ligue portugaise le 29 septembre 2002 avec le Sporting Clube de Portugal &agrave; dix-sept ans contre Moreirense dans un match o&ugrave; il a marqu&eacute; deux fois. Au cours de la saison 2002-2003, il a disput&eacute; 25 matchs et marqu&eacute; trois buts en championnat.Quelle est la ville natale de CR7 ?\"}},{\"@type\":\"Question\",\"name\":\"\",\"acceptedAnswer\":{\"@type\":\"Answer\",\"text\":\"\"}},{\"@type\":\"Question\",\"name\":\"Qui est le meilleur coiffeur du monde ?\",\"acceptedAnswer\":{\"@type\":\"Answer\",\"text\":\"Comprenant deux salons &agrave; Paris ainsi qu'un &agrave; New York, David Mallet est consid&eacute;r&eacute; comme le meilleur coiffeur du monde.Qui est le meilleur coiffeur de France ? ARLTEY vient de recevoir aujourd'hui la distinction \\\"Meilleur Coiffeur de France 2020\\\"\"}},{\"@type\":\"Question\",\"name\":\"Quel r&eacute;gime ?\",\"acceptedAnswer\":{\"@type\":\"Answer\",\"text\":\"Les diff&eacute;rents types de r&eacute;gimesLe r&eacute;gime pal&eacute;o ou pal&eacute;olithique.Le r&eacute;gime c&eacute;tog&egrave;ne parmi les r&eacute;gimes phares du moment.Le r&eacute;gime Dukan parmi les diff&eacute;rents r&eacute;gimes.Le r&eacute;gime d'Okinawa.Le r&eacute;gime m&eacute;diterran&eacute;en.Le r&eacute;gime sans gluten.Quels sont les trois types de r&eacute;gimes ? Il existe trois principaux types de r&eacute;gimes alimentaires : les herbivores (animaux qui ne mangent que des plantes), les carnivores (animaux qui ne mangent que d'autres animaux) et les omnivores (animaux qui mangent des plantes et des animaux).\"}},{\"@type\":\"Question\",\"name\":\"Quel joueur a la voiture la plus ch&egrave;re du monde ?\",\"acceptedAnswer\":{\"@type\":\"Answer\",\"text\":\"Cristiano Ronaldo et Benzema au top avec leur Bugatti Avec Cristiano Ronaldo pour squatter ce top, tout comme Zlatan Ibrahimovic, et ses cadeaux que le joueur s'offre chaque ann&eacute;e, pour son anniversaire.&Agrave; qui appartient la voiture la plus ch&egrave;re du monde en 2021 ? D&eacute;voil&eacute;e en mai 2021, la Rolls Royce Boat Tail devient alors la voiture la plus ch&egrave;re du monde en circulation, avec un prix de 28 millions de dollars.\"}},{\"@type\":\"Question\",\"name\":\"Quel est le petit d&eacute;jeuner de Ronaldo ?\",\"acceptedAnswer\":{\"@type\":\"Answer\",\"text\":\"Pour le petit-d&eacute;jeuner, une option privil&eacute;gi&eacute;e par Cristiano est le jambon et le fromage, accompagn&eacute;s d'un yaourt faible en gras. Quant aux collations, l'ancienne star de Manchester United et du Real Madrid appr&eacute;cie les toasts &agrave; l'avocat.Comment Ronaldo dort-il ? CR7 dort environ 9 heures par jour. Mais la subtilit&eacute;, de taille, est la suivante. Au lieu de dormir 9 heures d'affil&eacute;e, le Portugais divise son sommeil en 6 siestes de 90 minutes. Selon son consultant en sommeil Nick Littlehales, ce syst&egrave;me permettrait un sommeil de qualit&eacute; optimale et une meilleure r&eacute;cup&eacute;ration physique.\"}}]}<\/script>\n\n","protected":false},"excerpt":{"rendered":"","protected":false},"author":3,"featured_media":3850,"comment_status":"open","ping_status":"open","sticky":false,"template":"","format":"standard","meta":{"_seopress_robots_primary_cat":"","_seopress_titles_title":"","_seopress_titles_desc":"","_seopress_robots_index":"","footnotes":""},"categories":[584],"tags":[],"class_list":["post-3849","post","type-post","status-publish","format-standard","has-post-thumbnail","hentry","category-football","generate-columns","tablet-grid-50","mobile-grid-100","grid-parent","grid-50"],"_links":{"self":[{"href":"https:\/\/toukiela.com\/es\/wp-json\/wp\/v2\/posts\/3849","targetHints":{"allow":["GET"]}}],"collection":[{"href":"https:\/\/toukiela.com\/es\/wp-json\/wp\/v2\/posts"}],"about":[{"href":"https:\/\/toukiela.com\/es\/wp-json\/wp\/v2\/types\/post"}],"author":[{"embeddable":true,"href":"https:\/\/toukiela.com\/es\/wp-json\/wp\/v2\/users\/3"}],"replies":[{"embeddable":true,"href":"https:\/\/toukiela.com\/es\/wp-json\/wp\/v2\/comments?post=3849"}],"version-history":[{"count":0,"href":"https:\/\/toukiela.com\/es\/wp-json\/wp\/v2\/posts\/3849\/revisions"}],"wp:featuredmedia":[{"embeddable":true,"href":"https:\/\/toukiela.com\/es\/wp-json\/wp\/v2\/media\/3850"}],"wp:attachment":[{"href":"https:\/\/toukiela.com\/es\/wp-json\/wp\/v2\/media?parent=3849"}],"wp:term":[{"taxonomy":"category","embeddable":true,"href":"https:\/\/toukiela.com\/es\/wp-json\/wp\/v2\/categories?post=3849"},{"taxonomy":"post_tag","embeddable":true,"href":"https:\/\/toukiela.com\/es\/wp-json\/wp\/v2\/tags?post=3849"}],"curies":[{"name":"wp","href":"https:\/\/api.w.org\/{rel}","templated":true}]}}