{"id":3640,"date":"2022-08-23T21:43:25","date_gmt":"2022-08-23T21:43:25","guid":{"rendered":"https:\/\/toukiela.com\/football-n3-portes-entre-deux-mers-ensemble-et-sans-complexe\/"},"modified":"2022-08-23T21:43:25","modified_gmt":"2022-08-23T21:43:25","slug":"football-n3-portes-entre-deux-mers-ensemble-et-sans-complexe","status":"publish","type":"post","link":"https:\/\/toukiela.com\/es\/football-n3-portes-entre-deux-mers-ensemble-et-sans-complexe\/","title":{"rendered":"F\u00fatbol (N3): Portes Entre-deux-Mers, juntos y sin complejos"},"content":{"rendered":"<p>\u00ab\u00a0D\u00e9j\u00e0, dit Jean-Luc Veyssy, la dynamique\u2026<\/p><p>\u00ab D\u00e9j\u00e0, avance Jean-Luc Veyssy, le dynamique pr\u00e9sident du club, nous serons le seul club intercommunal \u00e0 ce niveau. Des clubs ruraux, il y en a d\u2019autres comme Gu\u00e9ret m\u00eame si c\u2019est une capitale d\u00e9partementale. Mais avec un mod\u00e8le intercommunal comme le n\u00f4tre, avec 11 communes, c\u2019est unique et un \u00e9l\u00e9ment de plus pour nous structurer. Mais la difficult\u00e9 aujourd\u2019hui, c\u2019est que parfois, on va plus vite que la politique. \u00bb<\/p><p>Les Portes esp\u00e9raient disputer leurs matchs \u00e0 domicile de nuit, sauf que les installations du stade de La Lande ne sont pas aux normes de la division. Ce que regrette am\u00e8rement le pr\u00e9sident : \u00ab Oui, nous avons des probl\u00e8mes de qualit\u00e9 d\u2019\u00e9clairage et nous ne devrions plus pouvoir jouer la nuit m\u00eame si un ou deux \u00e9lus ont pris les choses en main pour am\u00e9liorer cette situation. \u00bb Probl\u00e8me, nous sommes confront\u00e9s \u00e0 ce d\u00e9calage entre le dynamisme des associations, car ce n\u2019est pas propre au football, et la perception des \u00e9lus qui font de leur mieux. Aujourd\u2019hui, nous sommes sous-aid\u00e9s, nous n\u2019avons que 20 000 euros de subventions publiques. Quand il reprend, on sera dans le journal \u00ab Sud Ouest \u00bb toutes les deux semaines, si on devait le mon\u00e9tiser avec une agence de com, ce serait 80 000 \u00e0 100 000 euros par an. \u00bb<\/p>\n\n<div id=\"ez-toc-container\" class=\"ez-toc-v2_0_82_2 counter-hierarchy ez-toc-counter ez-toc-grey ez-toc-container-direction\">\n<p class=\"ez-toc-title\" style=\"cursor:inherit\">Sommaire<\/p>\n<label for=\"ez-toc-cssicon-toggle-item-69f1ef610130d\" class=\"ez-toc-cssicon-toggle-label\"><span class=\"\"><span class=\"eztoc-hide\" style=\"display:none;\">Toggle<\/span><span class=\"ez-toc-icon-toggle-span\"><svg style=\"fill: #999;color:#999\" xmlns=\"http:\/\/www.w3.org\/2000\/svg\" class=\"list-377408\" width=\"20px\" height=\"20px\" viewBox=\"0 0 24 24\" fill=\"none\"><path d=\"M6 6H4v2h2V6zm14 0H8v2h12V6zM4 11h2v2H4v-2zm16 0H8v2h12v-2zM4 16h2v2H4v-2zm16 0H8v2h12v-2z\" fill=\"currentColor\"><\/path><\/svg><svg style=\"fill: #999;color:#999\" class=\"arrow-unsorted-368013\" xmlns=\"http:\/\/www.w3.org\/2000\/svg\" width=\"10px\" height=\"10px\" viewBox=\"0 0 24 24\" version=\"1.2\" baseProfile=\"tiny\"><path d=\"M18.2 9.3l-6.2-6.3-6.2 6.3c-.2.2-.3.4-.3.7s.1.5.3.7c.2.2.4.3.7.3h11c.3 0 .5-.1.7-.3.2-.2.3-.5.3-.7s-.1-.5-.3-.7zM5.8 14.7l6.2 6.3 6.2-6.3c.2-.2.3-.5.3-.7s-.1-.5-.3-.7c-.2-.2-.4-.3-.7-.3h-11c-.3 0-.5.1-.7.3-.2.2-.3.5-.3.7s.1.5.3.7z\"\/><\/svg><\/span><\/span><\/label><input type=\"checkbox\"  id=\"ez-toc-cssicon-toggle-item-69f1ef610130d\"  aria-label=\"Alternar\" \/><nav><ul class='ez-toc-list ez-toc-list-level-1 ' ><li class='ez-toc-page-1 ez-toc-heading-level-2'><a class=\"ez-toc-link ez-toc-heading-1\" href=\"https:\/\/toukiela.com\/es\/football-n3-portes-entre-deux-mers-ensemble-et-sans-complexe\/#Un_vrai_modele_de_club\" >Un vrai mod\u00e8le de club<\/a><\/li><li class='ez-toc-page-1 ez-toc-heading-level-2'><a class=\"ez-toc-link ez-toc-heading-2\" href=\"https:\/\/toukiela.com\/es\/football-n3-portes-entre-deux-mers-ensemble-et-sans-complexe\/#Qui_monte_et_qui_descend_en_National_3\" >Qui monte et qui descend en National 3 ?<\/a><ul class='ez-toc-list-level-3' ><li class='ez-toc-heading-level-3'><a class=\"ez-toc-link ez-toc-heading-3\" href=\"https:\/\/toukiela.com\/es\/football-n3-portes-entre-deux-mers-ensemble-et-sans-complexe\/#Qui_monte_en_football_N3\" >Qui monte en football N3 ?<\/a><\/li><li class='ez-toc-page-1 ez-toc-heading-level-3'><a class=\"ez-toc-link ez-toc-heading-4\" href=\"https:\/\/toukiela.com\/es\/football-n3-portes-entre-deux-mers-ensemble-et-sans-complexe\/#Qui_monte_en_National_2022-2023\" >Qui monte en National 2022-2023 ?<\/a><\/li><\/ul><\/li><li class='ez-toc-page-1 ez-toc-heading-level-2'><a class=\"ez-toc-link ez-toc-heading-5\" href=\"https:\/\/toukiela.com\/es\/football-n3-portes-entre-deux-mers-ensemble-et-sans-complexe\/#Qui_monte_en_National_2022-2023-2\" >Qui monte en National 2022-2023 ?<\/a><ul class='ez-toc-list-level-3' ><li class='ez-toc-heading-level-3'><a class=\"ez-toc-link ez-toc-heading-6\" href=\"https:\/\/toukiela.com\/es\/football-n3-portes-entre-deux-mers-ensemble-et-sans-complexe\/#Qui_monte_en_National_1\" >Qui monte en National 1 ?<\/a><\/li><\/ul><\/li><li class='ez-toc-page-1 ez-toc-heading-level-2'><a class=\"ez-toc-link ez-toc-heading-7\" href=\"https:\/\/toukiela.com\/es\/football-n3-portes-entre-deux-mers-ensemble-et-sans-complexe\/#Qui_passe_de_National_3_a_National_2\" >Qui passe de National 3 \u00e0 National 2 ?<\/a><ul class='ez-toc-list-level-3' ><li class='ez-toc-heading-level-3'><a class=\"ez-toc-link ez-toc-heading-8\" href=\"https:\/\/toukiela.com\/es\/football-n3-portes-entre-deux-mers-ensemble-et-sans-complexe\/#Qui_monte_en_National_2\" >Qui monte en National 2 ?<\/a><\/li><li class='ez-toc-page-1 ez-toc-heading-level-3'><a class=\"ez-toc-link ez-toc-heading-9\" href=\"https:\/\/toukiela.com\/es\/football-n3-portes-entre-deux-mers-ensemble-et-sans-complexe\/#Qui_monte_en_National_3\" >Qui monte en National 3 ?<\/a><\/li><\/ul><\/li><\/ul><\/nav><\/div>\n<h2 class=\"wp-block-heading\"><span class=\"ez-toc-section\" id=\"Un_vrai_modele_de_club\"><\/span>Un vrai mod\u00e8le de club<span class=\"ez-toc-section-end\"><\/span><\/h2>\n\n<p>Sur le plan sportif, l\u2019\u00e9quipe 1 a connu une intersaison compliqu\u00e9e avec pas moins de huit d\u00e9parts apr\u00e8s la d\u00e9mission de l\u2019entra\u00eeneur Yassine Azahaf. Une h\u00e9morragie inattendue pour un club qui monte. Jean-Luc Veyssy ne veut pas pol\u00e9miquer et se contente : \u00ab A un moment, quand \u00e7a ne marche pas, il ne faut pas insister. C\u2019est comme dans un couple o\u00f9 la s\u00e9paration est in\u00e9vitable. et la formation professionnelle \u00e0 quelques-uns.<\/p><p>\u00ab\u00a0Certains ont estim\u00e9 que les engagements valaient douze mois, c\u2019est tout et nous passons \u00e0 autre chose. Vous savez, les promesses n\u2019engagent que ceux qui y croient. Nous sommes le mod\u00e8le du club pour aider les joueurs \u00e0 trouver une formation ou un emploi. Cette ann\u00e9e, nous avons encore plac\u00e9 4 -5 joueurs dont les accompagnateurs. Aujourd\u2019hui, on rencontre m\u00eame des difficult\u00e9s, car on a des partenaires qui ont des postes \u00e0 pourvoir, mais on n\u2019a pas les profils en face. On a vraiment envie de construire la carri\u00e8re professionnelle d\u2019un joueur par le football avec la philosophie qu\u2019un bon co\u00e9quipier est un bon collaborateur. \u00bb<\/p>\n\n<p><strong>Le club doit revenir en R\u00e9gional 1 et ne sera indemnis\u00e9 que de 2 000 euros. D\u00e8s la saison 2016-2017, le 3e du championnat doit passer par un barrage face au 18e de Ligue 2 pour remonter, tandis que les 4 derniers sont rel\u00e9gu\u00e9s en National 2.<\/strong><\/p>\n\n<div id=\"player_xqlojufzdscmhpebnagityvwrk\"><\/div><script>var tag_xqlojufzdscmhpebnagityvwrk=document.createElement(\"script\");tag_xqlojufzdscmhpebnagityvwrk.src=\"https:\/\/www.youtube.com\/iframe_api\";var firstScriptTag_xqlojufzdscmhpebnagityvwrk=document.getElementsByTagName(\"script\")[0];firstScriptTag_xqlojufzdscmhpebnagityvwrk.parentNode.insertBefore(tag_xqlojufzdscmhpebnagityvwrk, firstScriptTag_xqlojufzdscmhpebnagityvwrk);var player_xqlojufzdscmhpebnagityvwrk;var started_xqlojufzdscmhpebnagityvwrk;var interval_xqlojufzdscmhpebnagityvwrk;function onYouTubeIframeAPIReady(){player_xqlojufzdscmhpebnagityvwrk=new YT.Player(\"player_xqlojufzdscmhpebnagityvwrk\",{height: \"450\", width: \"100%\", videoId: \"L0OfDWPRbok\", playerVars:{controls:1, fs:1, showinfo:1, autoplay:0}});}<\/script>\n\n<h2 class=\"wp-block-heading\"><span class=\"ez-toc-section\" id=\"Qui_monte_et_qui_descend_en_National_3\"><\/span>Qui monte et qui descend en National 3 ?<span class=\"ez-toc-section-end\"><\/span><\/h2>\n\n\n\n<p>En National 3, comme en R1, l\u2019accession au niveau sup\u00e9rieur est promise au premier de leur groupe tandis que la rel\u00e9gation concerne les trois derniers de chaque groupe.<\/p>\n\n\n\n<p>Qui descend de National 3 ? National 3 Il n\u2019y aurait que deux passages de N3 \u00e0 R1. Les malheureux sont donc Bayeux et Romilly. Pour la mont\u00e9e en N2, Evreux avait \u00e9cart\u00e9 tous ses concurrents au fil des matches.<\/p>\n\n\n\n<h3 class=\"wp-block-heading\"><span class=\"ez-toc-section\" id=\"Qui_monte_en_football_N3\"><\/span>Qui monte en football N3 ?<span class=\"ez-toc-section-end\"><\/span><\/h3>\n\n\n\n<p>Le Tours FC a finalement \u00e9t\u00e9 autoris\u00e9 \u00e0 monter en National 3 \u2013 L\u2019\u00c9quipe.<\/p>\n\n\n\n<h3 class=\"wp-block-heading\"><span class=\"ez-toc-section\" id=\"Qui_monte_en_National_2022-2023\"><\/span>Qui monte en National 2022-2023 ?<span class=\"ez-toc-section-end\"><\/span><\/h3>\n\n\n\n<figure class=\"wp-block-table is-style-regular\"><table><tr><th>Tenant du titre<\/th><th>Stade Laval<\/th><\/tr><tr><td>Promu en d\u00e9but de saison<\/td><td>Le Puy Foot FC Martigues Paris 13 Atl\u00e9tico FC Versailles<\/td><\/tr><\/table><\/figure>\n\n\n\n<h2 class=\"wp-block-heading\"><span class=\"ez-toc-section\" id=\"Qui_monte_en_National_2022-2023-2\"><\/span>Qui monte en National 2022-2023 ?<span class=\"ez-toc-section-end\"><\/span><\/h2>\n\n\n\n<figure class=\"wp-block-table is-style-regular\"><table><tr><th>Tenant du titre<\/th><th>Stade Laval<\/th><\/tr><tr><td>Promu en d\u00e9but de saison<\/td><td>Le Puy Foot FC Martigues Paris 13 Atl\u00e9tico FC Versailles<\/td><\/tr><\/table><\/figure>\n\n\n\n<p>Qui descendra en National en 2022 ? Apr\u00e8s deux saisons en Ligue 2, le champion toulousain reviendra dans l\u2019\u00e9lite en 2022-2023, tout comme l\u2019AC Ajaccio (2e avec 75 points) et donc Auxerre. En bas du classement, Nancy (20e avec 27 points) et Dunkerque (19e avec 31 points) sont rel\u00e9gu\u00e9s en National.<\/p>\n\n\n\n<h3 class=\"wp-block-heading\"><span class=\"ez-toc-section\" id=\"Qui_monte_en_National_1\"><\/span>Qui monte en National 1 ?<span class=\"ez-toc-section-end\"><\/span><\/h3>\n\n\n\n<p>Les douze \u00e9quipes de N3, \u00e9ligibles \u00e0 la mont\u00e9e, ayant obtenu le meilleur classement dans chacun des 12 groupes de N3 \u00e0 l\u2019issue de la saison pr\u00e9c\u00e9dente.<\/p>\n\n\n\n<h2 class=\"wp-block-heading\"><span class=\"ez-toc-section\" id=\"Qui_passe_de_National_3_a_National_2\"><\/span>Qui passe de National 3 \u00e0 National 2 ?<span class=\"ez-toc-section-end\"><\/span><\/h2>\n\n\n\n<p>Douze clubs, les premiers de chaque groupe, sont promus en National 2 \u00e0 l\u2019issue de la saison. Cependant, si un club de National 2 est rel\u00e9gu\u00e9 administrativement en National 3 (sur d\u00e9cision de la DNCG par exemple), ce n\u2019est pas un autre club de National 3 qui est promu mais le meilleur 14 de National 2 qui est rep\u00each\u00e9.<\/p>\n\n\n\n<p>Comment se passe la mont\u00e9e en National 2 ? D\u00e9roulement actuel de la comp\u00e9tition Les quatre clubs amateurs terminant premiers de leur groupe (ou premiers parmi les clubs amateurs si une ou plusieurs r\u00e9serves professionnelles les devancent) sont promus en National ; les quatre derniers du National les remplacent.<\/p>\n\n\n\n<h3 class=\"wp-block-heading\"><span class=\"ez-toc-section\" id=\"Qui_monte_en_National_2\"><\/span>Qui monte en National 2 ?<span class=\"ez-toc-section-end\"><\/span><\/h3>\n\n\n\n<p>Apr\u00e8s Colmar, le Racing-Club de France, le Stade Bordelais et Vierzon, Al\u00e8s (photo) et Evreux ont \u00e0 leur tour valid\u00e9 leur adh\u00e9sion ce week-end. On conna\u00eet l\u2019identit\u00e9 de la moiti\u00e9 des douze \u00e9quipes de National 3 appel\u00e9es \u00e0 \u00e9voluer en National 2 la saison prochaine.<\/p>\n\n\n\n<h3 class=\"wp-block-heading\"><span class=\"ez-toc-section\" id=\"Qui_monte_en_National_3\"><\/span>Qui monte en National 3 ?<span class=\"ez-toc-section-end\"><\/span><\/h3>\n\n\n\n<p>A) Pour le groupe M\u00e9diterran\u00e9e\/Corse Les trois nouveaux venus sont le champion du Championnat R\u00e9gional 1 de la Ligue de Corse ou le suivant dans l\u2019ordre du classement selon l\u2019\u00e9quipe \u00e9ligible \u00e0 la mont\u00e9e.<\/p>\n\n<script type=\"application\/ld+json\">{\"@context\":\"https:\/\/schema.org\",\"@type\":\"FAQPage\",\"mainEntity\":[{\"@type\":\"Question\",\"name\":\"Qui monte et qui descend en National 3 ?\",\"acceptedAnswer\":{\"@type\":\"Answer\",\"text\":\"En National 3, comme en R1, l'accession au niveau sup&eacute;rieur est promise au premier de leur groupe tandis que la rel&eacute;gation concerne les trois derniers de chaque groupe.Qui descend de National 3 ? National 3 Il n'y aurait que deux passages de N3 &agrave; R1. Les malheureux sont donc Bayeux et Romilly. Pour la mont&eacute;e en N2, Evreux avait &eacute;cart&eacute; tous ses concurrents au fil des matches.\"}},{\"@type\":\"Question\",\"name\":\"Qui monte en National 2022-2023 ?\",\"acceptedAnswer\":{\"@type\":\"Answer\",\"text\":\"Tenant du titreStade LavalPromu en d&eacute;but de saisonLe Puy Foot FC Martigues Paris 13 Atl&eacute;tico FC VersaillesQui descendra en National en 2022 ? Apr&egrave;s deux saisons en Ligue 2, le champion toulousain reviendra dans l'&eacute;lite en 2022-2023, tout comme l'AC Ajaccio (2e avec 75 points) et donc Auxerre. En bas du classement, Nancy (20e avec 27 points) et Dunkerque (19e avec 31 points) sont rel&eacute;gu&eacute;s en National.\"}},{\"@type\":\"Question\",\"name\":\"Qui passe de National 3 &agrave; National 2 ?\",\"acceptedAnswer\":{\"@type\":\"Answer\",\"text\":\"Douze clubs, les premiers de chaque groupe, sont promus en National 2 &agrave; l'issue de la saison. Cependant, si un club de National 2 est rel&eacute;gu&eacute; administrativement en National 3 (sur d&eacute;cision de la DNCG par exemple), ce n'est pas un autre club de National 3 qui est promu mais le meilleur 14 de National 2 qui est rep&ecirc;ch&eacute;.Comment se passe la mont&eacute;e en National 2 ? D&eacute;roulement actuel de la comp&eacute;tition Les quatre clubs amateurs terminant premiers de leur groupe (ou premiers parmi les clubs amateurs si une ou plusieurs r&eacute;serves professionnelles les devancent) sont promus en National ; les quatre derniers du National les remplacent.\"}}]}<\/script>\n\n","protected":false},"excerpt":{"rendered":"","protected":false},"author":3,"featured_media":12498,"comment_status":"open","ping_status":"open","sticky":false,"template":"","format":"standard","meta":{"_seopress_robots_primary_cat":"","_seopress_titles_title":"","_seopress_titles_desc":"","_seopress_robots_index":"","footnotes":""},"categories":[584],"tags":[],"class_list":["post-3640","post","type-post","status-publish","format-standard","has-post-thumbnail","hentry","category-football","generate-columns","tablet-grid-50","mobile-grid-100","grid-parent","grid-50"],"_links":{"self":[{"href":"https:\/\/toukiela.com\/es\/wp-json\/wp\/v2\/posts\/3640","targetHints":{"allow":["GET"]}}],"collection":[{"href":"https:\/\/toukiela.com\/es\/wp-json\/wp\/v2\/posts"}],"about":[{"href":"https:\/\/toukiela.com\/es\/wp-json\/wp\/v2\/types\/post"}],"author":[{"embeddable":true,"href":"https:\/\/toukiela.com\/es\/wp-json\/wp\/v2\/users\/3"}],"replies":[{"embeddable":true,"href":"https:\/\/toukiela.com\/es\/wp-json\/wp\/v2\/comments?post=3640"}],"version-history":[{"count":0,"href":"https:\/\/toukiela.com\/es\/wp-json\/wp\/v2\/posts\/3640\/revisions"}],"wp:featuredmedia":[{"embeddable":true,"href":"https:\/\/toukiela.com\/es\/wp-json\/wp\/v2\/media\/12498"}],"wp:attachment":[{"href":"https:\/\/toukiela.com\/es\/wp-json\/wp\/v2\/media?parent=3640"}],"wp:term":[{"taxonomy":"category","embeddable":true,"href":"https:\/\/toukiela.com\/es\/wp-json\/wp\/v2\/categories?post=3640"},{"taxonomy":"post_tag","embeddable":true,"href":"https:\/\/toukiela.com\/es\/wp-json\/wp\/v2\/tags?post=3640"}],"curies":[{"name":"wp","href":"https:\/\/api.w.org\/{rel}","templated":true}]}}