{"id":2924,"date":"2022-06-29T09:29:32","date_gmt":"2022-06-29T09:29:32","guid":{"rendered":"https:\/\/toukiela.com\/notre-avis-qui-est-concerne-par-la-rc-pro\/"},"modified":"2022-07-26T16:09:30","modified_gmt":"2022-07-26T16:09:30","slug":"notre-avis-qui-est-concerne-par-la-rc-pro","status":"publish","type":"post","link":"https:\/\/toukiela.com\/es\/nuestra-opinion-sobre-quien-afecta-la-rc-pro-2\/","title":{"rendered":"Nuestra opini\u00f3n \u00bfQui\u00e9n est\u00e1 cubierto por el seguro de responsabilidad profesional?"},"content":{"rendered":"<p>Nous ne savons pas exactement qui est concern\u00e9 par la responsabilit\u00e9 civile professionnelle, mais nous pensons qu\u2019il pourrait s\u2019agir de toute personne qui pourrait avoir besoin de d\u00e9poser une plainte contre un professionnel. Par exemple, une personne qui a \u00e9t\u00e9 bless\u00e9e \u00e0 tort par un professionnel peut avoir besoin de d\u00e9poser une plainte afin d\u2019\u00eatre indemnis\u00e9e pour ses blessures. Si vous n\u2019\u00eates pas certain d\u2019avoir besoin d\u2019une assurance responsabilit\u00e9 professionnelle, il est pr\u00e9f\u00e9rable de parler avec un agent d\u2019assurance pour discuter de vos besoins sp\u00e9cifiques.<\/p>\r\n<p>Bien que nous ne sachions pas qui a sp\u00e9cifiquement besoin d\u2019une assurance responsabilit\u00e9 civile professionnelle, nous savons qu\u2019il peut s\u2019agir de toute personne qui pourrait avoir \u00e0 d\u00e9poser une plainte contre un professionnel. Ainsi, si vous \u00eates bless\u00e9 \u00e0 tort par un professionnel, ou si un autre type de faute professionnelle se produit, vous serez couvert financi\u00e8rement. Il est toujours pr\u00e9f\u00e9rable de faire preuve de prudence et de consulter un agent d\u2019assurance pour s\u2019assurer que vous b\u00e9n\u00e9ficiez de la couverture dont vous avez besoin.<\/p>\r\n<div id=\"ez-toc-container\" class=\"ez-toc-v2_0_82_2 counter-hierarchy ez-toc-counter ez-toc-grey ez-toc-container-direction\">\n<p class=\"ez-toc-title\" style=\"cursor:inherit\">Sommaire<\/p>\n<label for=\"ez-toc-cssicon-toggle-item-69f1c5b44f7a4\" class=\"ez-toc-cssicon-toggle-label\"><span class=\"\"><span class=\"eztoc-hide\" style=\"display:none;\">Toggle<\/span><span class=\"ez-toc-icon-toggle-span\"><svg style=\"fill: #999;color:#999\" xmlns=\"http:\/\/www.w3.org\/2000\/svg\" class=\"list-377408\" width=\"20px\" height=\"20px\" viewBox=\"0 0 24 24\" fill=\"none\"><path d=\"M6 6H4v2h2V6zm14 0H8v2h12V6zM4 11h2v2H4v-2zm16 0H8v2h12v-2zM4 16h2v2H4v-2zm16 0H8v2h12v-2z\" fill=\"currentColor\"><\/path><\/svg><svg style=\"fill: #999;color:#999\" class=\"arrow-unsorted-368013\" xmlns=\"http:\/\/www.w3.org\/2000\/svg\" width=\"10px\" height=\"10px\" viewBox=\"0 0 24 24\" version=\"1.2\" baseProfile=\"tiny\"><path d=\"M18.2 9.3l-6.2-6.3-6.2 6.3c-.2.2-.3.4-.3.7s.1.5.3.7c.2.2.4.3.7.3h11c.3 0 .5-.1.7-.3.2-.2.3-.5.3-.7s-.1-.5-.3-.7zM5.8 14.7l6.2 6.3 6.2-6.3c.2-.2.3-.5.3-.7s-.1-.5-.3-.7c-.2-.2-.4-.3-.7-.3h-11c-.3 0-.5.1-.7.3-.2.2-.3.5-.3.7s.1.5.3.7z\"\/><\/svg><\/span><\/span><\/label><input type=\"checkbox\"  id=\"ez-toc-cssicon-toggle-item-69f1c5b44f7a4\"  aria-label=\"Alternar\" \/><nav><ul class='ez-toc-list ez-toc-list-level-1 ' ><li class='ez-toc-page-1 ez-toc-heading-level-2'><a class=\"ez-toc-link ez-toc-heading-1\" href=\"https:\/\/toukiela.com\/es\/nuestra-opinion-sobre-quien-afecta-la-rc-pro-2\/#Cest_quoi_la_responsabilite_civile_professionnelle\" >C\u2019est quoi la responsabilit\u00e9 civile professionnelle ?<\/a><ul class='ez-toc-list-level-3' ><li class='ez-toc-heading-level-3'><a class=\"ez-toc-link ez-toc-heading-2\" href=\"https:\/\/toukiela.com\/es\/nuestra-opinion-sobre-quien-afecta-la-rc-pro-2\/#Ou_trouver_sa_responsabilite_civile_professionnelle\" >O\u00f9 trouver sa responsabilit\u00e9 civile professionnelle ?<\/a><\/li><li class='ez-toc-page-1 ez-toc-heading-level-3'><a class=\"ez-toc-link ez-toc-heading-3\" href=\"https:\/\/toukiela.com\/es\/nuestra-opinion-sobre-quien-afecta-la-rc-pro-2\/#Quel_est_le_but_de_la_responsabilite_civile\" >Quel est le but de la responsabilit\u00e9 civile ?<\/a><\/li><\/ul><\/li><li class='ez-toc-page-1 ez-toc-heading-level-2'><a class=\"ez-toc-link ez-toc-heading-4\" href=\"https:\/\/toukiela.com\/es\/nuestra-opinion-sobre-quien-afecta-la-rc-pro-2\/#Quelle_situation_peut_etre_prise_en_charge_par_une_RC_du_dirigeant\" >Quelle situation peut \u00eatre prise en charge par une RC du dirigeant ?<\/a><ul class='ez-toc-list-level-3' ><li class='ez-toc-heading-level-3'><a class=\"ez-toc-link ez-toc-heading-5\" href=\"https:\/\/toukiela.com\/es\/nuestra-opinion-sobre-quien-afecta-la-rc-pro-2\/#Quest-ce_que_la_responsabilite_civile_des_dirigeants\" >Qu\u2019est-ce que la responsabilit\u00e9 civile des dirigeants ?<\/a><\/li><li class='ez-toc-page-1 ez-toc-heading-level-3'><a class=\"ez-toc-link ez-toc-heading-6\" href=\"https:\/\/toukiela.com\/es\/nuestra-opinion-sobre-quien-afecta-la-rc-pro-2\/#Quelles_sont_les_conditions_legales_de_la_responsabilite_civile_dun_dirigeant\" >Quelles sont les conditions l\u00e9gales de la responsabilit\u00e9 civile d\u2019un dirigeant ?<\/a><\/li><li class='ez-toc-page-1 ez-toc-heading-level-3'><a class=\"ez-toc-link ez-toc-heading-7\" href=\"https:\/\/toukiela.com\/es\/nuestra-opinion-sobre-quien-afecta-la-rc-pro-2\/#Quels_sont_les_3_motifs_de_mise_en_cause_des_dirigeants_selon_le_Code_civil\" >Quels sont les 3 motifs de mise en cause des dirigeants selon le Code civil ?<\/a><\/li><\/ul><\/li><li class='ez-toc-page-1 ez-toc-heading-level-2'><a class=\"ez-toc-link ez-toc-heading-8\" href=\"https:\/\/toukiela.com\/es\/nuestra-opinion-sobre-quien-afecta-la-rc-pro-2\/#Cest_quoi_une_assurance_professionnelle\" >C\u2019est quoi une assurance professionnelle ?<\/a><ul class='ez-toc-list-level-3' ><li class='ez-toc-heading-level-3'><a class=\"ez-toc-link ez-toc-heading-9\" href=\"https:\/\/toukiela.com\/es\/nuestra-opinion-sobre-quien-afecta-la-rc-pro-2\/#Cest_quoi_un_sinistre_professionnel\" >C\u2019est quoi un sinistre professionnel ?<\/a><\/li><li class='ez-toc-page-1 ez-toc-heading-level-3'><a class=\"ez-toc-link ez-toc-heading-10\" href=\"https:\/\/toukiela.com\/es\/nuestra-opinion-sobre-quien-afecta-la-rc-pro-2\/#Quels_sont_les_3_types_de_sinistres_professionnels\" >Quels sont les 3 types de sinistres professionnels ?<\/a><\/li><li class='ez-toc-page-1 ez-toc-heading-level-3'><a class=\"ez-toc-link ez-toc-heading-11\" href=\"https:\/\/toukiela.com\/es\/nuestra-opinion-sobre-quien-afecta-la-rc-pro-2\/#Quel_est_le_principal_but_de_lassurance_professionnelle\" >Quel est le principal but de l\u2019assurance professionnelle ?<\/a><\/li><\/ul><\/li><li class='ez-toc-page-1 ez-toc-heading-level-2'><a class=\"ez-toc-link ez-toc-heading-12\" href=\"https:\/\/toukiela.com\/es\/nuestra-opinion-sobre-quien-afecta-la-rc-pro-2\/#Est-ce_que_les_assurances_sont_obligatoires\" >Est-ce que les assurances sont obligatoires ?<\/a><ul class='ez-toc-list-level-3' ><li class='ez-toc-heading-level-3'><a class=\"ez-toc-link ez-toc-heading-13\" href=\"https:\/\/toukiela.com\/es\/nuestra-opinion-sobre-quien-afecta-la-rc-pro-2\/#Quelle_est_la_seule_assurance_obligatoire\" >Quelle est la seule assurance obligatoire ?<\/a><\/li><li class='ez-toc-page-1 ez-toc-heading-level-3'><a class=\"ez-toc-link ez-toc-heading-14\" href=\"https:\/\/toukiela.com\/es\/nuestra-opinion-sobre-quien-afecta-la-rc-pro-2\/#Est-ce_que_lassurance_est_obligatoire\" >Est-ce que l\u2019assurance est obligatoire ?<\/a><\/li><li class='ez-toc-page-1 ez-toc-heading-level-3'><a class=\"ez-toc-link ez-toc-heading-15\" href=\"https:\/\/toukiela.com\/es\/nuestra-opinion-sobre-quien-afecta-la-rc-pro-2\/#Quelle_assurance_nest_pas_obligatoire\" >Quelle assurance n\u2019est pas obligatoire ?<\/a><\/li><\/ul><\/li><\/ul><\/nav><\/div>\n<h2 class=\"wp-block-heading\"><span class=\"ez-toc-section\" id=\"Cest_quoi_la_responsabilite_civile_professionnelle\"><\/span>C\u2019est quoi la responsabilit\u00e9 civile professionnelle ?<span class=\"ez-toc-section-end\"><\/span><\/h2>\r\n\r\n\r\n\r\n<figure><img decoding=\"async\" class=\"attachment-full size-full\" src=\"https:\/\/toukiela.com\/wp-content\/uploads\/2022\/06\/Cest-quoi-la-responsabilite-civile-professionnelle-.jpeg\" sizes=\"(max-width: 800px) 100vw, 800px\" srcset=\"https:\/\/i0.wp.com\/toukiela.com\/wp-content\/uploads\/2022\/06\/Cest-quoi-la-responsabilite-civile-professionnelle-.jpeg?w=800&amp;ssl=1 800w, https:\/\/i0.wp.com\/toukiela.com\/wp-content\/uploads\/2022\/06\/Cest-quoi-la-responsabilite-civile-professionnelle-.jpeg?resize=300%2C300&amp;ssl=1 300w, https:\/\/i0.wp.com\/toukiela.com\/wp-content\/uploads\/2022\/06\/Cest-quoi-la-responsabilite-civile-professionnelle-.jpeg?resize=150%2C150&amp;ssl=1 150w, https:\/\/i0.wp.com\/toukiela.com\/wp-content\/uploads\/2022\/06\/Cest-quoi-la-responsabilite-civile-professionnelle-.jpeg?resize=768%2C768&amp;ssl=1 768w, https:\/\/i0.wp.com\/toukiela.com\/wp-content\/uploads\/2022\/06\/Cest-quoi-la-responsabilite-civile-professionnelle-.jpeg?resize=12%2C12&amp;ssl=1 12w, https:\/\/i0.wp.com\/toukiela.com\/wp-content\/uploads\/2022\/06\/Cest-quoi-la-responsabilite-civile-professionnelle-.jpeg?resize=50%2C50&amp;ssl=1 50w, https:\/\/i0.wp.com\/toukiela.com\/wp-content\/uploads\/2022\/06\/Cest-quoi-la-responsabilite-civile-professionnelle-.jpeg?resize=480%2C480&amp;ssl=1 480w\" alt=\"C'est quoi la responsabilit\u00e9 civile professionnelle ?\" width=\"800\" height=\"800\"><\/figure>\r\n\r\n\r\n\r\n<p>Qu\u2019est-ce que la responsabilit\u00e9 civile professionnelle ? Les activit\u00e9s de la soci\u00e9t\u00e9 peuvent \u00eatre dues \u00e0 des dommages caus\u00e9s \u00e0 des tiers qui sont alors en droit de r\u00e9clamer une indemnisation. C\u2019est ce risque qui peut \u00eatre couvert par une assurance responsabilit\u00e9 civile.<\/p>\r\n\r\n\r\n\r\n<p>Pourquoi souscrire une assurance responsabilit\u00e9 civile professionnelle ? Pourquoi souscrire une assurance responsabilit\u00e9 civile professionnelle ? Chaque entreprise a l\u2019obligation de r\u00e9parer tout dommage caus\u00e9 \u00e0 autrui par les personnes ou les biens dont elle est responsable. Ces dommages peuvent donner lieu \u00e0 une indemnisation substantielle pour une entreprise.<\/p>\r\n\r\n\r\n\r\n<h3 class=\"wp-block-heading\"><span class=\"ez-toc-section\" id=\"Ou_trouver_sa_responsabilite_civile_professionnelle\"><\/span>O\u00f9 trouver sa responsabilit\u00e9 civile professionnelle ?<span class=\"ez-toc-section-end\"><\/span><\/h3>\r\n\r\n\r\n\r\n<p>Pour obtenir un certificat RC professionnel, vous devez souscrire une assurance ou un courtier qui \u00e9valuera vos besoins en fonction de la taille de votre entreprise et de son secteur d\u2019activit\u00e9. Dans certains cas, vous devrez fournir des pi\u00e8ces justificatives en fonction de votre activit\u00e9.<\/p>\r\n\r\n\r\n\r\n<h3 class=\"wp-block-heading\"><span class=\"ez-toc-section\" id=\"Quel_est_le_but_de_la_responsabilite_civile\"><\/span>Quel est le but de la responsabilit\u00e9 civile ?<span class=\"ez-toc-section-end\"><\/span><\/h3>\r\n\r\n\r\n\r\n<p>\u2013 civile ; \u2013 ou criminel. La responsabilit\u00e9 civile a pour objet principal la r\u00e9paration des dommages.<\/p>\r\n\r\n\r\n\r\n<h2 class=\"wp-block-heading\"><span class=\"ez-toc-section\" id=\"Quelle_situation_peut_etre_prise_en_charge_par_une_RC_du_dirigeant\"><\/span>Quelle situation peut \u00eatre prise en charge par une RC du dirigeant ?<span class=\"ez-toc-section-end\"><\/span><\/h2>\r\n\r\n\r\n\r\n<p>Souscrire \u00e0 une assurance responsabilit\u00e9 civile dirigeant permet de couvrir les frais de d\u00e9fense et les dommages mais aussi, dans certains cas, les frais d\u2019accompagnement psychologique ou les frais de r\u00e9tablissement de l\u2019image du dirigeant.<\/p>\r\n\r\n\r\n\r\n<p>Qui n\u2019est pas concern\u00e9 par le RC de gestion ? Typiquement, l\u2019assurance responsabilit\u00e9 civile personnelle du dirigeant n\u2019est pas faite pour les entrepreneurs individuels tels que les commer\u00e7ants, les commer\u00e7ants ou les professions lib\u00e9rales. Ces derniers ne peuvent \u00eatre distingu\u00e9s de leur entreprise dans l\u2019exercice de leur activit\u00e9.<\/p>\r\n\r\n\r\n\r\n<h3 class=\"wp-block-heading\"><span class=\"ez-toc-section\" id=\"Quest-ce_que_la_responsabilite_civile_des_dirigeants\"><\/span>Qu\u2019est-ce que la responsabilit\u00e9 civile des dirigeants ?<span class=\"ez-toc-section-end\"><\/span><\/h3>\r\n\r\n\r\n\r\n<p>Si le g\u00e9rant commet une atteinte dissociable de ses fonctions, il s\u2019acquittera de sa responsabilit\u00e9 civile, c\u2019est-\u00e0-dire qu\u2019il devra r\u00e9parer seul le pr\u00e9judice subi. En pratique, la personne l\u00e9s\u00e9e engagera une action en responsabilit\u00e9 contre le g\u00e9rant.<\/p>\r\n\r\n\r\n\r\n<h3 class=\"wp-block-heading\"><span class=\"ez-toc-section\" id=\"Quelles_sont_les_conditions_legales_de_la_responsabilite_civile_dun_dirigeant\"><\/span>Quelles sont les conditions l\u00e9gales de la responsabilit\u00e9 civile d\u2019un dirigeant ?<span class=\"ez-toc-section-end\"><\/span><\/h3>\r\n\r\n\r\n\r\n<p>La responsabilit\u00e9 civile de l\u2019administrateur sera engag\u00e9e s\u2019il est prouv\u00e9 qu\u2019il a commis un manquement, source pour la soci\u00e9t\u00e9 ou pour un tiers, d\u2019un pr\u00e9judice r\u00e9parable. Si plusieurs administrateurs \u00e9taient impliqu\u00e9s dans le crime, leur responsabilit\u00e9 collective et individuelle sera engag\u00e9e.<\/p>\r\n\r\n\r\n\r\n<h3 class=\"wp-block-heading\"><span class=\"ez-toc-section\" id=\"Quels_sont_les_3_motifs_de_mise_en_cause_des_dirigeants_selon_le_Code_civil\"><\/span>Quels sont les 3 motifs de mise en cause des dirigeants selon le Code civil ?<span class=\"ez-toc-section-end\"><\/span><\/h3>\r\n\r\n\r\n\r\n<p>Conform\u00e9ment \u00e0 l\u2019ancienne formule des articles 1382 et 1383 (nouvelle formule 1240 et 1241) du Code civil, la responsabilit\u00e9 civile de l\u2019administrateur peut \u00eatre li\u00e9e \u00e0 une combinaison des \u00e9l\u00e9ments traditionnels de la responsabilit\u00e9 civile : atteinte, dommage et lien de causalit\u00e9. entre ces deux premiers \u00e9l\u00e9ments.<\/p>\r\n\r\n\r\n\r\n<h2 class=\"wp-block-heading\"><span class=\"ez-toc-section\" id=\"Cest_quoi_une_assurance_professionnelle\"><\/span>C\u2019est quoi une assurance professionnelle ?<span class=\"ez-toc-section-end\"><\/span><\/h2>\r\n\r\n\r\n\r\n<p>D\u00e9finition de l\u2019assurance professionnelle La notion d\u2019assurance professionnelle recouvre l\u2019ensemble des contrats d\u2019assurance qu\u2019une entreprise peut souscrire dans le cadre de son activit\u00e9. Il vise \u00e0 prot\u00e9ger l\u2019entreprise des risques r\u00e9sultant de son exploitation moyennant une contribution.<\/p>\r\n\r\n\r\n\r\n<p>Pourquoi une assurance professionnelle ? L\u2019assurance responsabilit\u00e9 civile professionnelle vous couvre pour tout dommage caus\u00e9 \u00e0 des tiers, clients ou fournisseurs (faute professionnelle, n\u00e9gligence, etc.). Qu\u2019il suffise de dire que c\u2019est plus que n\u00e9cessaire.<\/p>\r\n\r\n\r\n\r\n<h3 class=\"wp-block-heading\"><span class=\"ez-toc-section\" id=\"Cest_quoi_un_sinistre_professionnel\"><\/span>C\u2019est quoi un sinistre professionnel ?<span class=\"ez-toc-section-end\"><\/span><\/h3>\r\n\r\n\r\n\r\n<p>Qu\u2019est-ce qu\u2019un sinistre en responsabilit\u00e9 professionnelle (RCP) ? Constitue un sinistre tout dommage ou ensemble de dommages caus\u00e9s \u00e0 un tiers dont vous \u00eates responsable, \u00e0 la suite d\u2019actes de diagnostic, de soins ou de pr\u00e9vention garantis par le contrat et qui ont donn\u00e9 lieu \u00e0 une ou plusieurs r\u00e9clamations.<\/p>\r\n\r\n\r\n\r\n<h3 class=\"wp-block-heading\"><span class=\"ez-toc-section\" id=\"Quels_sont_les_3_types_de_sinistres_professionnels\"><\/span>Quels sont les 3 types de sinistres professionnels ?<span class=\"ez-toc-section-end\"><\/span><\/h3>\r\n\r\n\r\n\r\n<p>Les trois types de cr\u00e9ances constat\u00e9es dans les entreprises sont : Les cr\u00e9ances relatives \u00e0 la nature de l\u2019activit\u00e9 professionnelle. R\u00e9clamations immobili\u00e8res. Cr\u00e9ances personnelles (employeur et salari\u00e9s).<\/p>\r\n\r\n\r\n\r\n<h3 class=\"wp-block-heading\"><span class=\"ez-toc-section\" id=\"Quel_est_le_principal_but_de_lassurance_professionnelle\"><\/span>Quel est le principal but de l\u2019assurance professionnelle ?<span class=\"ez-toc-section-end\"><\/span><\/h3>\r\n\r\n\r\n\r\n<p>L\u2019assurance responsabilit\u00e9 civile professionnelle de l\u2019entreprise permet de se pr\u00e9munir contre la r\u00e9paration de tous les dommages caus\u00e9s aux tiers \u00e0 l\u2019occasion de l\u2019exploitation et des activit\u00e9s annexes de l\u2019entreprise.<\/p>\r\n\r\n\r\n\r\n<h2 class=\"wp-block-heading\"><span class=\"ez-toc-section\" id=\"Est-ce_que_les_assurances_sont_obligatoires\"><\/span>Est-ce que les assurances sont obligatoires ?<span class=\"ez-toc-section-end\"><\/span><\/h2>\r\n\r\n\r\n\r\n<p>L\u2019assurance responsabilit\u00e9 civile est-elle obligatoire ? Non, m\u00eame si c\u2019est fortement recommand\u00e9. En France, chacun est l\u00e9galement responsable des dommages caus\u00e9s involontairement \u00e0 autrui : C\u2019est la Responsabilit\u00e9 Civile (RC) qui est d\u00e9finie par le Code civil.<\/p>\r\n\r\n\r\n\r\n<p>Quelle assurance est obligatoire ? Seule assurance automobile obligatoire, la garantie responsabilit\u00e9 civile permet d\u2019indemniser les dommages caus\u00e9s \u00e0 un tiers par le gardien ou le conducteur du v\u00e9hicule : blessures \u00e0 un pi\u00e9ton, passager, occupant d\u2019un autre v\u00e9hicule, dommages caus\u00e9s \u00e0 d\u2019autres voitures, deux roues, immeubles \u2026<\/p>\r\n\r\n\r\n\r\n<h3 class=\"wp-block-heading\"><span class=\"ez-toc-section\" id=\"Quelle_est_la_seule_assurance_obligatoire\"><\/span>Quelle est la seule assurance obligatoire ?<span class=\"ez-toc-section-end\"><\/span><\/h3>\r\n\r\n\r\n\r\n<p>Mais seule la garantie au tiers couvre votre responsabilit\u00e9 envers les victimes en cas d\u2019accident l\u00e9galement responsable. En aucun cas, des garanties suppl\u00e9mentaires contre le bris de glace ou une assistance en cas de bris de glace ne peuvent \u00eatre impos\u00e9es, m\u00eame si elles sont fortement recommand\u00e9es.<\/p>\r\n\r\n\r\n\r\n<h3 class=\"wp-block-heading\"><span class=\"ez-toc-section\" id=\"Est-ce_que_lassurance_est_obligatoire\"><\/span>Est-ce que l\u2019assurance est obligatoire ?<span class=\"ez-toc-section-end\"><\/span><\/h3>\r\n\r\n\r\n\r\n<p>Tout propri\u00e9taire d\u2019un v\u00e9hicule terrestre \u00e0 moteur destin\u00e9 \u00e0 circuler en France doit l\u2019assurer. L\u2019assurance ne doit pas n\u00e9cessairement \u00eatre souscrite en France, mais doit inclure le voyage en France.<\/p>\r\n\r\n\r\n\r\n<h3 class=\"wp-block-heading\"><span class=\"ez-toc-section\" id=\"Quelle_assurance_nest_pas_obligatoire\"><\/span>Quelle assurance n\u2019est pas obligatoire ?<span class=\"ez-toc-section-end\"><\/span><\/h3>\r\n\r\n\r\n\r\n<p>L\u2019assurance compl\u00e9mentaire ou mutuelle n\u2019est pas obligatoire. Il permet de rembourser les frais de garde des abonn\u00e9s, en compl\u00e9ment du remboursement effectu\u00e9 par la s\u00e9curit\u00e9 sociale. Elle permet une meilleure couverture sant\u00e9, car la s\u00e9curit\u00e9 sociale ne couvre que le minimum.<\/p>\r\n\r\n<p><script type=\"application\/ld+json\">{\"@context\":\"https:\/\/schema.org\",\"@type\":\"FAQPage\",\"mainEntity\":[{\"@type\":\"Question\",\"name\":\"C'est quoi la responsabilit&eacute; civile professionnelle ?\",\"acceptedAnswer\":{\"@type\":\"Answer\",\"text\":\"Qu'est-ce que la responsabilit&eacute; civile professionnelle ? Les activit&eacute;s de la soci&eacute;t&eacute; peuvent &ecirc;tre dues &agrave; des dommages caus&eacute;s &agrave; des tiers qui sont alors en droit de r&eacute;clamer une indemnisation. C'est ce risque qui peut &ecirc;tre couvert par une assurance responsabilit&eacute; civile.Pourquoi souscrire une assurance responsabilit&eacute; civile professionnelle ? Pourquoi souscrire une assurance responsabilit&eacute; civile professionnelle ? Chaque entreprise a l'obligation de r&eacute;parer tout dommage caus&eacute; &agrave; autrui par les personnes ou les biens dont elle est responsable. Ces dommages peuvent donner lieu &agrave; une indemnisation substantielle pour une entreprise.\"}},{\"@type\":\"Question\",\"name\":\"Quelle situation peut &ecirc;tre prise en charge par une RC du dirigeant ?\",\"acceptedAnswer\":{\"@type\":\"Answer\",\"text\":\"Souscrire &agrave; une assurance responsabilit&eacute; civile dirigeant permet de couvrir les frais de d&eacute;fense et les dommages mais aussi, dans certains cas, les frais d'accompagnement psychologique ou les frais de r&eacute;tablissement de l'image du dirigeant.Qui n'est pas concern&eacute; par le RC de gestion ? Typiquement, l'assurance responsabilit&eacute; civile personnelle du dirigeant n'est pas faite pour les entrepreneurs individuels tels que les commer&ccedil;ants, les commer&ccedil;ants ou les professions lib&eacute;rales. Ces derniers ne peuvent &ecirc;tre distingu&eacute;s de leur entreprise dans l'exercice de leur activit&eacute;.\"}},{\"@type\":\"Question\",\"name\":\"C'est quoi une assurance professionnelle ?\",\"acceptedAnswer\":{\"@type\":\"Answer\",\"text\":\"D&eacute;finition de l'assurance professionnelle La notion d'assurance professionnelle recouvre l'ensemble des contrats d'assurance qu'une entreprise peut souscrire dans le cadre de son activit&eacute;. Il vise &agrave; prot&eacute;ger l'entreprise des risques r&eacute;sultant de son exploitation moyennant une contribution.Pourquoi une assurance professionnelle ? L'assurance responsabilit&eacute; civile professionnelle vous couvre pour tout dommage caus&eacute; &agrave; des tiers, clients ou fournisseurs (faute professionnelle, n&eacute;gligence, etc.). Qu'il suffise de dire que c'est plus que n&eacute;cessaire.\"}},{\"@type\":\"Question\",\"name\":\"Est-ce que les assurances sont obligatoires ?\",\"acceptedAnswer\":{\"@type\":\"Answer\",\"text\":\"L'assurance responsabilit&eacute; civile est-elle obligatoire ? Non, m&ecirc;me si c'est fortement recommand&eacute;. En France, chacun est l&eacute;galement responsable des dommages caus&eacute;s involontairement &agrave; autrui : C'est la Responsabilit&eacute; Civile (RC) qui est d&eacute;finie par le Code civil.Quelle assurance est obligatoire ? Seule assurance automobile obligatoire, la garantie responsabilit&eacute; civile permet d'indemniser les dommages caus&eacute;s &agrave; un tiers par le gardien ou le conducteur du v&eacute;hicule : blessures &agrave; un pi&eacute;ton, passager, occupant d'un autre v&eacute;hicule, dommages caus&eacute;s &agrave; d'autres voitures, deux roues, immeubles ...\"}}]}<\/script><\/p>\n\n","protected":false},"excerpt":{"rendered":"","protected":false},"author":3,"featured_media":5633,"comment_status":"open","ping_status":"open","sticky":false,"template":"","format":"standard","meta":{"_seopress_robots_primary_cat":"none","_seopress_titles_title":"","_seopress_titles_desc":"","_seopress_robots_index":"","footnotes":""},"categories":[30],"tags":[],"class_list":["post-2924","post","type-post","status-publish","format-standard","has-post-thumbnail","hentry","category-assurances","generate-columns","tablet-grid-50","mobile-grid-100","grid-parent","grid-50"],"_links":{"self":[{"href":"https:\/\/toukiela.com\/es\/wp-json\/wp\/v2\/posts\/2924","targetHints":{"allow":["GET"]}}],"collection":[{"href":"https:\/\/toukiela.com\/es\/wp-json\/wp\/v2\/posts"}],"about":[{"href":"https:\/\/toukiela.com\/es\/wp-json\/wp\/v2\/types\/post"}],"author":[{"embeddable":true,"href":"https:\/\/toukiela.com\/es\/wp-json\/wp\/v2\/users\/3"}],"replies":[{"embeddable":true,"href":"https:\/\/toukiela.com\/es\/wp-json\/wp\/v2\/comments?post=2924"}],"version-history":[{"count":0,"href":"https:\/\/toukiela.com\/es\/wp-json\/wp\/v2\/posts\/2924\/revisions"}],"wp:featuredmedia":[{"embeddable":true,"href":"https:\/\/toukiela.com\/es\/wp-json\/wp\/v2\/media\/5633"}],"wp:attachment":[{"href":"https:\/\/toukiela.com\/es\/wp-json\/wp\/v2\/media?parent=2924"}],"wp:term":[{"taxonomy":"category","embeddable":true,"href":"https:\/\/toukiela.com\/es\/wp-json\/wp\/v2\/categories?post=2924"},{"taxonomy":"post_tag","embeddable":true,"href":"https:\/\/toukiela.com\/es\/wp-json\/wp\/v2\/tags?post=2924"}],"curies":[{"name":"wp","href":"https:\/\/api.w.org\/{rel}","templated":true}]}}