{"id":2787,"date":"2022-06-22T01:32:43","date_gmt":"2022-06-22T01:32:43","guid":{"rendered":"https:\/\/toukiela.com\/quand-sont-publies-les-avis-de-deces-month-year\/"},"modified":"2022-07-26T16:10:53","modified_gmt":"2022-07-26T16:10:53","slug":"quand-sont-publies-les-avis-de-deces-month-year","status":"publish","type":"post","link":"https:\/\/toukiela.com\/es\/cuando-se-publican-los-avisos-mensuales\/","title":{"rendered":"Quand sont publi\u00e9s les avis de d\u00e9c\u00e8s ? abril 2026"},"content":{"rendered":"<p>Les avis de d\u00e9c\u00e8s sont publi\u00e9s au cours du mois de [mois] et de l\u2019ann\u00e9e de [ann\u00e9e].<\/p>\r\n<p>Si un avis de d\u00e9c\u00e8s est publi\u00e9 au cours du mois d\u2019ao\u00fbt, il sera plac\u00e9 dans le num\u00e9ro de septembre.<\/p>\r\n<div id=\"ez-toc-container\" class=\"ez-toc-v2_0_82_2 counter-hierarchy ez-toc-counter ez-toc-grey ez-toc-container-direction\">\n<p class=\"ez-toc-title\" style=\"cursor:inherit\">Sommaire<\/p>\n<label for=\"ez-toc-cssicon-toggle-item-69f235e727e8a\" class=\"ez-toc-cssicon-toggle-label\"><span class=\"\"><span class=\"eztoc-hide\" style=\"display:none;\">Toggle<\/span><span class=\"ez-toc-icon-toggle-span\"><svg style=\"fill: #999;color:#999\" xmlns=\"http:\/\/www.w3.org\/2000\/svg\" class=\"list-377408\" width=\"20px\" height=\"20px\" viewBox=\"0 0 24 24\" fill=\"none\"><path d=\"M6 6H4v2h2V6zm14 0H8v2h12V6zM4 11h2v2H4v-2zm16 0H8v2h12v-2zM4 16h2v2H4v-2zm16 0H8v2h12v-2z\" fill=\"currentColor\"><\/path><\/svg><svg style=\"fill: #999;color:#999\" class=\"arrow-unsorted-368013\" xmlns=\"http:\/\/www.w3.org\/2000\/svg\" width=\"10px\" height=\"10px\" viewBox=\"0 0 24 24\" version=\"1.2\" baseProfile=\"tiny\"><path d=\"M18.2 9.3l-6.2-6.3-6.2 6.3c-.2.2-.3.4-.3.7s.1.5.3.7c.2.2.4.3.7.3h11c.3 0 .5-.1.7-.3.2-.2.3-.5.3-.7s-.1-.5-.3-.7zM5.8 14.7l6.2 6.3 6.2-6.3c.2-.2.3-.5.3-.7s-.1-.5-.3-.7c-.2-.2-.4-.3-.7-.3h-11c-.3 0-.5.1-.7.3-.2.2-.3.5-.3.7s.1.5.3.7z\"\/><\/svg><\/span><\/span><\/label><input type=\"checkbox\"  id=\"ez-toc-cssicon-toggle-item-69f235e727e8a\"  aria-label=\"Alternar\" \/><nav><ul class='ez-toc-list ez-toc-list-level-1 ' ><li class='ez-toc-page-1 ez-toc-heading-level-2'><a class=\"ez-toc-link ez-toc-heading-1\" href=\"https:\/\/toukiela.com\/es\/cuando-se-publican-los-avisos-mensuales\/#Pourquoi_le_decret_dapplication\" >Pourquoi le d\u00e9cret d\u2019application ?<\/a><ul class='ez-toc-list-level-3' ><li class='ez-toc-heading-level-3'><a class=\"ez-toc-link ez-toc-heading-2\" href=\"https:\/\/toukiela.com\/es\/cuando-se-publican-los-avisos-mensuales\/#Qui_prend_les_decrets_dapplication\" >Qui prend les d\u00e9crets d\u2019application ?<\/a><ul class='ez-toc-list-level-4' ><li class='ez-toc-heading-level-4'><a class=\"ez-toc-link ez-toc-heading-3\" href=\"https:\/\/toukiela.com\/es\/cuando-se-publican-los-avisos-mensuales\/#Qui_valide_la_mise_en_application_dune_loi\" >Qui valide la mise en application d\u2019une loi ?<\/a><\/li><li class='ez-toc-page-1 ez-toc-heading-level-4'><a class=\"ez-toc-link ez-toc-heading-4\" href=\"https:\/\/toukiela.com\/es\/cuando-se-publican-los-avisos-mensuales\/#Ou_sont_publies_les_lois_et_decrets_dapplication\" >O\u00f9 sont publi\u00e9s les lois et d\u00e9crets d\u2019application ?<\/a><\/li><\/ul><\/li><li class='ez-toc-page-1 ez-toc-heading-level-3'><a class=\"ez-toc-link ez-toc-heading-5\" href=\"https:\/\/toukiela.com\/es\/cuando-se-publican-los-avisos-mensuales\/#Quand_est_applicable_un_decret\" >Quand est applicable un d\u00e9cret ?<\/a><ul class='ez-toc-list-level-4' ><li class='ez-toc-heading-level-4'><a class=\"ez-toc-link ez-toc-heading-6\" href=\"https:\/\/toukiela.com\/es\/cuando-se-publican-los-avisos-mensuales\/#Qui_valide_les_decrets\" >Qui valide les d\u00e9crets ?<\/a><\/li><li class='ez-toc-page-1 ez-toc-heading-level-4'><a class=\"ez-toc-link ez-toc-heading-7\" href=\"https:\/\/toukiela.com\/es\/cuando-se-publican-los-avisos-mensuales\/#Comment_fonctionne_un_decret\" >Comment fonctionne un d\u00e9cret ?<\/a><\/li><\/ul><\/li><li class='ez-toc-page-1 ez-toc-heading-level-3'><a class=\"ez-toc-link ez-toc-heading-8\" href=\"https:\/\/toukiela.com\/es\/cuando-se-publican-los-avisos-mensuales\/#Qui_signe_les_decrets_dapplication_des_lois\" >Qui signe les d\u00e9crets d\u2019application des lois ?<\/a><ul class='ez-toc-list-level-4' ><li class='ez-toc-heading-level-4'><a class=\"ez-toc-link ez-toc-heading-9\" href=\"https:\/\/toukiela.com\/es\/cuando-se-publican-los-avisos-mensuales\/#Qui_est_charge_de_lapplication_de_la_loi\" >Qui est charg\u00e9 de l\u2019application de la loi ?<\/a><\/li><li class='ez-toc-page-1 ez-toc-heading-level-4'><a class=\"ez-toc-link ez-toc-heading-10\" href=\"https:\/\/toukiela.com\/es\/cuando-se-publican-los-avisos-mensuales\/#Ou_sont_publies_les_lois_et_decrets_dapplication-2\" >O\u00f9 sont publi\u00e9s les lois et d\u00e9crets d\u2019application ?<\/a><\/li><\/ul><\/li><\/ul><\/li><li class='ez-toc-page-1 ez-toc-heading-level-2'><a class=\"ez-toc-link ez-toc-heading-11\" href=\"https:\/\/toukiela.com\/es\/cuando-se-publican-los-avisos-mensuales\/#Comment_se_passe_une_ceremonie_de_naturalisation\" >Comment se passe une c\u00e9r\u00e9monie de naturalisation ?<\/a><ul class='ez-toc-list-level-3' ><li class='ez-toc-heading-level-3'><a class=\"ez-toc-link ez-toc-heading-12\" href=\"https:\/\/toukiela.com\/es\/cuando-se-publican-los-avisos-mensuales\/#Quand_la_ceremonie_de_naturalisation\" >Quand la c\u00e9r\u00e9monie de naturalisation ?<\/a><ul class='ez-toc-list-level-4' ><li class='ez-toc-heading-level-4'><a class=\"ez-toc-link ez-toc-heading-13\" href=\"https:\/\/toukiela.com\/es\/cuando-se-publican-los-avisos-mensuales\/#Quand_a_lieu_la_ceremonie_de_naturalisation\" >Quand a lieu la c\u00e9r\u00e9monie de naturalisation ?<\/a><\/li><li class='ez-toc-page-1 ez-toc-heading-level-4'><a class=\"ez-toc-link ez-toc-heading-14\" href=\"https:\/\/toukiela.com\/es\/cuando-se-publican-los-avisos-mensuales\/#Quand_sortent_les_decrets_de_naturalisation\" >Quand sortent les d\u00e9crets de naturalisation ?<\/a><\/li><\/ul><\/li><li class='ez-toc-page-1 ez-toc-heading-level-3'><a class=\"ez-toc-link ez-toc-heading-15\" href=\"https:\/\/toukiela.com\/es\/cuando-se-publican-los-avisos-mensuales\/#Comment_se_deroule_une_ceremonie_de_naturalisation\" >Comment se d\u00e9roule une c\u00e9r\u00e9monie de naturalisation ?<\/a><ul class='ez-toc-list-level-4' ><li class='ez-toc-heading-level-4'><a class=\"ez-toc-link ez-toc-heading-16\" href=\"https:\/\/toukiela.com\/es\/cuando-se-publican-los-avisos-mensuales\/#Ou_la_ceremonie_dintegration_des_nouveaux_Francais_se_Deroule-t-elle\" >O\u00f9 la c\u00e9r\u00e9monie d\u2019int\u00e9gration des nouveaux Fran\u00e7ais se D\u00e9roule-t-elle ?<\/a><\/li><li class='ez-toc-page-1 ez-toc-heading-level-4'><a class=\"ez-toc-link ez-toc-heading-17\" href=\"https:\/\/toukiela.com\/es\/cuando-se-publican-los-avisos-mensuales\/#Qui_donne_lavis_favorable_pour_la_naturalisation\" >Qui donne l\u2019avis favorable pour la naturalisation ?<\/a><\/li><\/ul><\/li><\/ul><\/li><li class='ez-toc-page-1 ez-toc-heading-level-2'><a class=\"ez-toc-link ez-toc-heading-18\" href=\"https:\/\/toukiela.com\/es\/cuando-se-publican-los-avisos-mensuales\/#Qui_dresse_acte_de_deces\" >Qui dresse acte de d\u00e9c\u00e8s ?<\/a><ul class='ez-toc-list-level-3' ><li class='ez-toc-heading-level-3'><a class=\"ez-toc-link ez-toc-heading-19\" href=\"https:\/\/toukiela.com\/es\/cuando-se-publican-los-avisos-mensuales\/#Ou_trouver_tous_les_deces\" >O\u00f9 trouver tous les d\u00e9c\u00e8s ?<\/a><ul class='ez-toc-list-level-4' ><li class='ez-toc-heading-level-4'><a class=\"ez-toc-link ez-toc-heading-20\" href=\"https:\/\/toukiela.com\/es\/cuando-se-publican-los-avisos-mensuales\/#Ou_trouver_avis_de_deces_sur_internet\" >O\u00f9 trouver avis de d\u00e9c\u00e8s sur internet ?<\/a><\/li><li class='ez-toc-page-1 ez-toc-heading-level-4'><a class=\"ez-toc-link ez-toc-heading-21\" href=\"https:\/\/toukiela.com\/es\/cuando-se-publican-los-avisos-mensuales\/#Comment_retrouver_le_deces_dune_personne\" >Comment retrouver le d\u00e9c\u00e8s d\u2019une personne ?<\/a><\/li><\/ul><\/li><li class='ez-toc-page-1 ez-toc-heading-level-3'><a class=\"ez-toc-link ez-toc-heading-22\" href=\"https:\/\/toukiela.com\/es\/cuando-se-publican-los-avisos-mensuales\/#Comment_retrouver_le_deces_dune_personne-2\" >Comment retrouver le d\u00e9c\u00e8s d\u2019une personne ?<\/a><ul class='ez-toc-list-level-4' ><li class='ez-toc-heading-level-4'><a class=\"ez-toc-link ez-toc-heading-23\" href=\"https:\/\/toukiela.com\/es\/cuando-se-publican-los-avisos-mensuales\/#Comment_trouver_un_avis_de_deces_sur_internet\" >Comment trouver un avis de d\u00e9c\u00e8s sur internet ?<\/a><\/li><li class='ez-toc-page-1 ez-toc-heading-level-4'><a class=\"ez-toc-link ez-toc-heading-24\" href=\"https:\/\/toukiela.com\/es\/cuando-se-publican-los-avisos-mensuales\/#Comment_savoir_si_une_personne_est_morte_ou_vivante\" >Comment savoir si une personne est morte ou vivante ?<\/a><\/li><\/ul><\/li><li class='ez-toc-page-1 ez-toc-heading-level-3'><a class=\"ez-toc-link ez-toc-heading-25\" href=\"https:\/\/toukiela.com\/es\/cuando-se-publican-los-avisos-mensuales\/#Comment_consulter_les_registres_detat_civil_sur_Internet\" >Comment consulter les registres d\u2019\u00e9tat civil sur Internet ?<\/a><ul class='ez-toc-list-level-4' ><li class='ez-toc-heading-level-4'><a class=\"ez-toc-link ez-toc-heading-26\" href=\"https:\/\/toukiela.com\/es\/cuando-se-publican-los-avisos-mensuales\/#Ou_trouver_la_liste_des_naissances\" >O\u00f9 trouver la liste des naissances ?<\/a><\/li><li class='ez-toc-page-1 ez-toc-heading-level-4'><a class=\"ez-toc-link ez-toc-heading-27\" href=\"https:\/\/toukiela.com\/es\/cuando-se-publican-los-avisos-mensuales\/#Comment_connaitre_la_date_et_le_lieu_de_naissance_dune_personne\" >Comment conna\u00eetre la date et le lieu de naissance d\u2019une personne ?<\/a><\/li><\/ul><\/li><\/ul><\/li><li class='ez-toc-page-1 ez-toc-heading-level-2'><a class=\"ez-toc-link ez-toc-heading-28\" href=\"https:\/\/toukiela.com\/es\/cuando-se-publican-los-avisos-mensuales\/#Comment_identifier_un_decret\" >Comment identifier un d\u00e9cret ?<\/a><ul class='ez-toc-list-level-3' ><li class='ez-toc-heading-level-3'><a class=\"ez-toc-link ez-toc-heading-29\" href=\"https:\/\/toukiela.com\/es\/cuando-se-publican-los-avisos-mensuales\/#Quels_sont_les_differents_types_de_decret\" >Quels sont les diff\u00e9rents types de d\u00e9cret ?<\/a><ul class='ez-toc-list-level-4' ><li class='ez-toc-heading-level-4'><a class=\"ez-toc-link ez-toc-heading-30\" href=\"https:\/\/toukiela.com\/es\/cuando-se-publican-los-avisos-mensuales\/#Quelle_est_la_nature_dun_decret\" >Quelle est la nature d\u2019un d\u00e9cret ?<\/a><\/li><li class='ez-toc-page-1 ez-toc-heading-level-4'><a class=\"ez-toc-link ez-toc-heading-31\" href=\"https:\/\/toukiela.com\/es\/cuando-se-publican-los-avisos-mensuales\/#Qui_prend_un_decret\" >Qui prend un d\u00e9cret ?<\/a><\/li><\/ul><\/li><li class='ez-toc-page-1 ez-toc-heading-level-3'><a class=\"ez-toc-link ez-toc-heading-32\" href=\"https:\/\/toukiela.com\/es\/cuando-se-publican-los-avisos-mensuales\/#Comment_est_pris_un_decret\" >Comment est pris un d\u00e9cret ?<\/a><ul class='ez-toc-list-level-4' ><li class='ez-toc-heading-level-4'><a class=\"ez-toc-link ez-toc-heading-33\" href=\"https:\/\/toukiela.com\/es\/cuando-se-publican-los-avisos-mensuales\/#Quel_est_le_role_dun_decret\" >Quel est le r\u00f4le d\u2019un d\u00e9cret ?<\/a><\/li><li class='ez-toc-page-1 ez-toc-heading-level-4'><a class=\"ez-toc-link ez-toc-heading-34\" href=\"https:\/\/toukiela.com\/es\/cuando-se-publican-los-avisos-mensuales\/#Quelle_est_la_difference_entre_une_loi_et_un_decret\" >Quelle est la diff\u00e9rence entre une loi et un d\u00e9cret ?<\/a><\/li><\/ul><\/li><\/ul><\/li><li class='ez-toc-page-1 ez-toc-heading-level-2'><a class=\"ez-toc-link ez-toc-heading-35\" href=\"https:\/\/toukiela.com\/es\/cuando-se-publican-los-avisos-mensuales\/#Quand_un_disparu_est_declare_mort\" >Quand un disparu est d\u00e9clar\u00e9 mort ?<\/a><ul class='ez-toc-list-level-3' ><li class='ez-toc-heading-level-3'><a class=\"ez-toc-link ez-toc-heading-36\" href=\"https:\/\/toukiela.com\/es\/cuando-se-publican-los-avisos-mensuales\/#Quelle_est_la_procedure_de_disparition\" >Quelle est la proc\u00e9dure de disparition ?<\/a><ul class='ez-toc-list-level-4' ><li class='ez-toc-heading-level-4'><a class=\"ez-toc-link ez-toc-heading-37\" href=\"https:\/\/toukiela.com\/es\/cuando-se-publican-los-avisos-mensuales\/#Qui_declare_la_disparition\" >Qui d\u00e9clare la disparition ?<\/a><\/li><li class='ez-toc-page-1 ez-toc-heading-level-4'><a class=\"ez-toc-link ez-toc-heading-38\" href=\"https:\/\/toukiela.com\/es\/cuando-se-publican-los-avisos-mensuales\/#Quand_une_personne_disparu_est_declare_mort\" >Quand une personne disparu est d\u00e9clar\u00e9 mort ?<\/a><\/li><\/ul><\/li><li class='ez-toc-page-1 ez-toc-heading-level-3'><a class=\"ez-toc-link ez-toc-heading-39\" href=\"https:\/\/toukiela.com\/es\/cuando-se-publican-los-avisos-mensuales\/#Quand_une_personne_est_absente\" >Quand une personne est absente ?<\/a><ul class='ez-toc-list-level-4' ><li class='ez-toc-heading-level-4'><a class=\"ez-toc-link ez-toc-heading-40\" href=\"https:\/\/toukiela.com\/es\/cuando-se-publican-los-avisos-mensuales\/#Quels_sont_les_conditions_de_labsence\" >Quels sont les conditions de l\u2019absence ?<\/a><\/li><li class='ez-toc-page-1 ez-toc-heading-level-4'><a class=\"ez-toc-link ez-toc-heading-41\" href=\"https:\/\/toukiela.com\/es\/cuando-se-publican-los-avisos-mensuales\/#Quelle_est_la_difference_entre_labsence_et_la_disparition\" >Quelle est la diff\u00e9rence entre l\u2019absence et la disparition ?<\/a><\/li><\/ul><\/li><li class='ez-toc-page-1 ez-toc-heading-level-3'><a class=\"ez-toc-link ez-toc-heading-42\" href=\"https:\/\/toukiela.com\/es\/cuando-se-publican-los-avisos-mensuales\/#Quelle_est_la_difference_entre_labsence_et_la_disparition_dune_personne_physique\" >Quelle est la diff\u00e9rence entre l\u2019absence et la disparition d\u2019une personne physique ?<\/a><ul class='ez-toc-list-level-4' ><li class='ez-toc-heading-level-4'><a class=\"ez-toc-link ez-toc-heading-43\" href=\"https:\/\/toukiela.com\/es\/cuando-se-publican-los-avisos-mensuales\/#Quand_Parle-t-on_de_disparition\" >Quand Parle-t-on de disparition ?<\/a><\/li><li class='ez-toc-page-1 ez-toc-heading-level-4'><a class=\"ez-toc-link ez-toc-heading-44\" href=\"https:\/\/toukiela.com\/es\/cuando-se-publican-los-avisos-mensuales\/#Quels_sont_les_conditions_de_labsence-2\" >Quels sont les conditions de l\u2019absence ?<\/a><\/li><\/ul><\/li><\/ul><\/li><li class='ez-toc-page-1 ez-toc-heading-level-2'><a class=\"ez-toc-link ez-toc-heading-45\" href=\"https:\/\/toukiela.com\/es\/cuando-se-publican-los-avisos-mensuales\/#Quels_sont_les_motifs_de_refus_de_naturalisation\" >Quels sont les motifs de refus de naturalisation ?<\/a><ul class='ez-toc-list-level-3' ><li class='ez-toc-heading-level-3'><a class=\"ez-toc-link ez-toc-heading-46\" href=\"https:\/\/toukiela.com\/es\/cuando-se-publican-los-avisos-mensuales\/#Comment_savoir_si_ma_demande_de_naturalisation_est_acceptee\" >Comment savoir si ma demande de naturalisation est accept\u00e9e ?<\/a><\/li><li class='ez-toc-page-1 ez-toc-heading-level-3'><a class=\"ez-toc-link ez-toc-heading-47\" href=\"https:\/\/toukiela.com\/es\/cuando-se-publican-los-avisos-mensuales\/#Qui_donne_la_decision_de_naturalisation\" >Qui donne la d\u00e9cision de naturalisation ?<\/a><\/li><\/ul><\/li><\/ul><\/nav><\/div>\n<h2 class=\"wp-block-heading\"><span class=\"ez-toc-section\" id=\"Pourquoi_le_decret_dapplication\"><\/span>Pourquoi le d\u00e9cret d\u2019application ?<span class=\"ez-toc-section-end\"><\/span><\/h2>\r\n\r\n\r\n\r\n<figure><img decoding=\"async\" class=\"attachment-full size-full\" src=\"https:\/\/toukiela.com\/wp-content\/uploads\/2022\/06\/Pourquoi-le-decret-dapplication-.jpeg\" sizes=\"(max-width: 4928px) 100vw, 4928px\" srcset=\"https:\/\/i0.wp.com\/toukiela.com\/wp-content\/uploads\/2022\/06\/Pourquoi-le-decret-dapplication-.jpeg?w=4928&amp;ssl=1 4928w, https:\/\/i0.wp.com\/toukiela.com\/wp-content\/uploads\/2022\/06\/Pourquoi-le-decret-dapplication-.jpeg?resize=300%2C199&amp;ssl=1 300w, https:\/\/i0.wp.com\/toukiela.com\/wp-content\/uploads\/2022\/06\/Pourquoi-le-decret-dapplication-.jpeg?resize=1024%2C678&amp;ssl=1 1024w, https:\/\/i0.wp.com\/toukiela.com\/wp-content\/uploads\/2022\/06\/Pourquoi-le-decret-dapplication-.jpeg?resize=768%2C509&amp;ssl=1 768w, https:\/\/i0.wp.com\/toukiela.com\/wp-content\/uploads\/2022\/06\/Pourquoi-le-decret-dapplication-.jpeg?resize=1536%2C1017&amp;ssl=1 1536w, https:\/\/i0.wp.com\/toukiela.com\/wp-content\/uploads\/2022\/06\/Pourquoi-le-decret-dapplication-.jpeg?resize=2048%2C1356&amp;ssl=1 2048w, https:\/\/i0.wp.com\/toukiela.com\/wp-content\/uploads\/2022\/06\/Pourquoi-le-decret-dapplication-.jpeg?resize=18%2C12&amp;ssl=1 18w, https:\/\/i0.wp.com\/toukiela.com\/wp-content\/uploads\/2022\/06\/Pourquoi-le-decret-dapplication-.jpeg?resize=50%2C33&amp;ssl=1 50w, https:\/\/i0.wp.com\/toukiela.com\/wp-content\/uploads\/2022\/06\/Pourquoi-le-decret-dapplication-.jpeg?resize=1080%2C715&amp;ssl=1 1080w, https:\/\/i0.wp.com\/toukiela.com\/wp-content\/uploads\/2022\/06\/Pourquoi-le-decret-dapplication-.jpeg?resize=1280%2C848&amp;ssl=1 1280w, https:\/\/i0.wp.com\/toukiela.com\/wp-content\/uploads\/2022\/06\/Pourquoi-le-decret-dapplication-.jpeg?resize=980%2C649&amp;ssl=1 980w, https:\/\/i0.wp.com\/toukiela.com\/wp-content\/uploads\/2022\/06\/Pourquoi-le-decret-dapplication-.jpeg?resize=480%2C318&amp;ssl=1 480w, https:\/\/i0.wp.com\/toukiela.com\/wp-content\/uploads\/2022\/06\/Pourquoi-le-decret-dapplication-.jpeg?w=2160&amp;ssl=1 2160w, https:\/\/i0.wp.com\/toukiela.com\/wp-content\/uploads\/2022\/06\/Pourquoi-le-decret-dapplication-.jpeg?w=3240&amp;ssl=1 3240w\" alt=\"Pourquoi le d\u00e9cret d'application ?\" width=\"4928\" height=\"3264\"><\/figure>\r\n\r\n\r\n\r\n<p>Une loi ne n\u00e9cessite pas n\u00e9cessairement l\u2019ex\u00e9cution de d\u00e9crets pour \u00eatre applicable, mais pour acqu\u00e9rir force obligatoire et s\u2019imposer \u00e0 tous, elle doit \u00eatre promulgu\u00e9e par le Pr\u00e9sident de la R\u00e9publique qui la rend ex\u00e9cutoire.<\/p>\r\n\r\n\r\n\r\n<p>Comment savoir si le d\u00e9cret ex\u00e9cutif a \u00e9t\u00e9 publi\u00e9 ? Depuis 2005, on peut consulter sur le site du S\u00e9nat traitant de l\u2019application de chaque loi, dans les dossiers l\u00e9gislatifs qui lui sont associ\u00e9s, des indications de la derni\u00e8re mise \u00e0 jour.<\/p>\r\n\r\n\r\n\r\n<h3 class=\"wp-block-heading\"><span class=\"ez-toc-section\" id=\"Qui_prend_les_decrets_dapplication\"><\/span>Qui prend les d\u00e9crets d\u2019application ?<span class=\"ez-toc-section-end\"><\/span><\/h3>\r\n\r\n\r\n\r\n<p>Ils sont pr\u00e9par\u00e9s par l\u2019administration seule, sans la participation du Parlement. Les r\u00e8gles, bien s\u00fbr, le d\u00e9cret d\u2019application de la loi doivent s\u2019y conformer. Il n\u2019est pas question, sur la couverture de l\u2019application, de changer la loi d\u2019origine, d\u2019augmenter ou de diminuer la mesure.<\/p>\r\n\r\n\r\n\r\n<h4 class=\"wp-block-heading\"><span class=\"ez-toc-section\" id=\"Qui_valide_la_mise_en_application_dune_loi\"><\/span>Qui valide la mise en application d\u2019une loi ?<span class=\"ez-toc-section-end\"><\/span><\/h4>\r\n\r\n\r\n\r\n<p>Promulgation officielle par le Pr\u00e9sident de la R\u00e9publique D\u00e8s que le projet de loi a \u00e9t\u00e9 approuv\u00e9 par les s\u00e9nateurs et les d\u00e9put\u00e9s, le texte est soumis au Gouvernement. Le Pr\u00e9sident de la R\u00e9publique dispose alors de 15 jours pour d\u00e9cider si la loi en question est promulgu\u00e9e ou doit \u00eatre refaite.<\/p>\r\n\r\n\r\n\r\n<h4 class=\"wp-block-heading\"><span class=\"ez-toc-section\" id=\"Ou_sont_publies_les_lois_et_decrets_dapplication\"><\/span>O\u00f9 sont publi\u00e9s les lois et d\u00e9crets d\u2019application ?<span class=\"ez-toc-section-end\"><\/span><\/h4>\r\n\r\n\r\n\r\n<p>Journal Officiel Rechercher tous les textes publi\u00e9s au Journal Officiel de la R\u00e9publique fran\u00e7aise \u00ab\u00a0Loi et D\u00e9cisions\u00a0\u00bb. Journal officiel de la liste des textes l\u00e9gislatifs et r\u00e9glementaires de la R\u00e9publique fran\u00e7aise.<\/p>\r\n\r\n\r\n\r\n<h3 class=\"wp-block-heading\"><span class=\"ez-toc-section\" id=\"Quand_est_applicable_un_decret\"><\/span>Quand est applicable un d\u00e9cret ?<span class=\"ez-toc-section-end\"><\/span><\/h3>\r\n\r\n\r\n\r\n<p>La loi ou le d\u00e9cret entre en vigueur le lendemain de sa publication dans toute la France. Toutefois, la certitude que la mise en \u0153uvre n\u00e9cessite la mise en \u0153uvre d\u2019une mesure ne s\u2019appliquera qu\u2019\u00e0 l\u2019entr\u00e9e en vigueur de la mesure de mise en \u0153uvre.<\/p>\r\n\r\n\r\n\r\n<h4 class=\"wp-block-heading\"><span class=\"ez-toc-section\" id=\"Qui_valide_les_decrets\"><\/span>Qui valide les d\u00e9crets ?<span class=\"ez-toc-section-end\"><\/span><\/h4>\r\n\r\n\r\n\r\n<p>D\u00e9cision : L\u2019acte r\u00e9glementaire est d\u00e9cid\u00e9 par le gouvernement, sans consultation du parlement (assembl\u00e9e nationale et s\u00e9nat), sign\u00e9 par le Pr\u00e9sident de la R\u00e9publique ou par le Premier Ministre. Les d\u00e9cisions dites \u00ab d\u00e9crets en Conseil d\u2019Etat \u00bb ne peuvent \u00eatre rendues qu\u2019apr\u00e8s avis du Conseil d\u2019Etat.<\/p>\r\n\r\n\r\n\r\n<h4 class=\"wp-block-heading\"><span class=\"ez-toc-section\" id=\"Comment_fonctionne_un_decret\"><\/span>Comment fonctionne un d\u00e9cret ?<span class=\"ez-toc-section-end\"><\/span><\/h4>\r\n\r\n\r\n\r\n<p>Une d\u00e9cision est un acte ex\u00e9cutoire \u00e9mis par le pouvoir ex\u00e9cutif. C\u2019est une d\u00e9cision qui commande ou r\u00e9glemente quelque chose. La d\u00e9cision, qui a les m\u00eames effets que la loi, est l\u2019une des manifestations du pouvoir ex\u00e9cutif de r\u00e9gulation.<\/p>\r\n\r\n\r\n\r\n<h3 class=\"wp-block-heading\"><span class=\"ez-toc-section\" id=\"Qui_signe_les_decrets_dapplication_des_lois\"><\/span>Qui signe les d\u00e9crets d\u2019application des lois ?<span class=\"ez-toc-section-end\"><\/span><\/h3>\r\n\r\n\r\n\r\n<p>D\u00e9cision : L\u2019acte r\u00e9glementaire est d\u00e9cid\u00e9 par le gouvernement, sans consultation du parlement (assembl\u00e9e nationale et s\u00e9nat), sign\u00e9 par le Pr\u00e9sident de la R\u00e9publique ou par le Premier Ministre. Les d\u00e9cisions dites \u00ab d\u00e9crets en Conseil d\u2019Etat \u00bb ne peuvent \u00eatre rendues qu\u2019apr\u00e8s avis du Conseil d\u2019Etat.<\/p>\r\n\r\n\r\n\r\n<h4 class=\"wp-block-heading\"><span class=\"ez-toc-section\" id=\"Qui_est_charge_de_lapplication_de_la_loi\"><\/span>Qui est charg\u00e9 de l\u2019application de la loi ?<span class=\"ez-toc-section-end\"><\/span><\/h4>\r\n\r\n\r\n\r\n<p>Institu\u00e9e par l\u2019article Xbis du Bureau d\u2019instruction g\u00e9n\u00e9rale en novembre 2011, la commission s\u00e9natoriale de contr\u00f4le de l\u2019application de la loi est charg\u00e9e de veiller \u00e0 l\u2019application effective des textes vot\u00e9s par le Parlement.<\/p>\r\n\r\n\r\n\r\n<h4 class=\"wp-block-heading\"><span class=\"ez-toc-section\" id=\"Ou_sont_publies_les_lois_et_decrets_dapplication-2\"><\/span>O\u00f9 sont publi\u00e9s les lois et d\u00e9crets d\u2019application ?<span class=\"ez-toc-section-end\"><\/span><\/h4>\r\n\r\n\r\n\r\n<p>Journal Officiel Rechercher tous les textes publi\u00e9s au Journal Officiel de la R\u00e9publique fran\u00e7aise \u00ab\u00a0Loi et D\u00e9cisions\u00a0\u00bb. Journal officiel de la liste des textes l\u00e9gislatifs et r\u00e9glementaires de la R\u00e9publique fran\u00e7aise.<\/p>\r\n\r\n\r\n\r\n<h2 class=\"wp-block-heading\"><span class=\"ez-toc-section\" id=\"Comment_se_passe_une_ceremonie_de_naturalisation\"><\/span>Comment se passe une c\u00e9r\u00e9monie de naturalisation ?<span class=\"ez-toc-section-end\"><\/span><\/h2>\r\n\r\n\r\n\r\n<figure><img decoding=\"async\" class=\"attachment-full size-full\" src=\"https:\/\/toukiela.com\/wp-content\/uploads\/2022\/06\/Comment-se-passe-une-ceremonie-de-naturalisation-.jpeg\" sizes=\"(max-width: 200px) 100vw, 200px\" srcset=\"https:\/\/i0.wp.com\/toukiela.com\/wp-content\/uploads\/2022\/06\/Comment-se-passe-une-ceremonie-de-naturalisation-.jpeg?w=200&amp;ssl=1 200w, https:\/\/i0.wp.com\/toukiela.com\/wp-content\/uploads\/2022\/06\/Comment-se-passe-une-ceremonie-de-naturalisation-.jpeg?resize=9%2C12&amp;ssl=1 9w, https:\/\/i0.wp.com\/toukiela.com\/wp-content\/uploads\/2022\/06\/Comment-se-passe-une-ceremonie-de-naturalisation-.jpeg?resize=38%2C50&amp;ssl=1 38w\" alt=\"Comment se passe une c\u00e9r\u00e9monie de naturalisation ?\" width=\"200\" height=\"263\"><\/figure>\r\n\r\n\r\n\r\n<p>La c\u00e9r\u00e9monie d\u2019acceptation de la nationalit\u00e9 fran\u00e7aise \u2013 sorte de \u00ab rite r\u00e9publicain \u00bb \u2013 s\u2019adresse aux personnes devenues fran\u00e7aises, r\u00e9sidant dans le d\u00e9partement concern\u00e9. Elle \u00e9tait tenue par le pr\u00e9fet et, \u00e0 Paris, par le pr\u00e9fet de police. Des repr\u00e9sentants et des s\u00e9nateurs du d\u00e9partement ont \u00e9t\u00e9 invit\u00e9s.<\/p>\r\n\r\n\r\n\r\n<p>Comment se passe un entretien de naturalisation ? Les entretiens individuels n\u2019ont lieu que lorsque le dossier de candidature est complet\u2026. L\u2019agent pr\u00e9fectoral posera quelques questions sur les sujets suivants :<\/p>\r\n\r\n\r\n\r\n<ul class=\"wp-block-list\">\r\n<li>Histoire de France.<\/li>\r\n<li>g\u00e9ographie,<\/li>\r\n<li>Culture fran\u00e7aise.<\/li>\r\n<li>diff\u00e9rents \u00e9tablissements,<\/li>\r\n<li>vos motivations.<\/li>\r\n<\/ul>\r\n\r\n\r\n\r\n<h3 class=\"wp-block-heading\"><span class=\"ez-toc-section\" id=\"Quand_la_ceremonie_de_naturalisation\"><\/span>Quand la c\u00e9r\u00e9monie de naturalisation ?<span class=\"ez-toc-section-end\"><\/span><\/h3>\r\n\r\n\r\n\r\n<p>Bienvenue \u00e0 la c\u00e9r\u00e9monie de citoyennet\u00e9 \u2013 mercredi 16 mars 2022.<\/p>\r\n\r\n\r\n\r\n<h4 class=\"wp-block-heading\"><span class=\"ez-toc-section\" id=\"Quand_a_lieu_la_ceremonie_de_naturalisation\"><\/span>Quand a lieu la c\u00e9r\u00e9monie de naturalisation ?<span class=\"ez-toc-section-end\"><\/span><\/h4>\r\n\r\n\r\n\r\n<p>Les c\u00e9r\u00e9monies de citoyennet\u00e9 ont lieu entre le 1er mars et le 31 mai de chaque ann\u00e9e, et en dehors de la p\u00e9riode officielle de campagne \u00e9lectorale (qui a lieu 13 \u00e0 20 jours avant le scrutin).<\/p>\r\n\r\n\r\n\r\n<h4 class=\"wp-block-heading\"><span class=\"ez-toc-section\" id=\"Quand_sortent_les_decrets_de_naturalisation\"><\/span>Quand sortent les d\u00e9crets de naturalisation ?<span class=\"ez-toc-section-end\"><\/span><\/h4>\r\n\r\n\r\n\r\n<p>La d\u00e9cision de naturalisation fran\u00e7aise a \u00e9t\u00e9 publi\u00e9e en 2022.<\/p>\r\n\r\n\r\n\r\n<h3 class=\"wp-block-heading\"><span class=\"ez-toc-section\" id=\"Comment_se_deroule_une_ceremonie_de_naturalisation\"><\/span>Comment se d\u00e9roule une c\u00e9r\u00e9monie de naturalisation ?<span class=\"ez-toc-section-end\"><\/span><\/h3>\r\n\r\n\r\n\r\n<p>A Paris, deux c\u00e9r\u00e9monies de naturalisation ont lieu chaque semaine, g\u00e9n\u00e9ralement le jeudi \u00e0 14h puis 15h30. La dur\u00e9e est d\u2019environ 45 minutes, r\u00e9unissant chacune 50 \u00e0 60 personnes naturalis\u00e9es par SK.<\/p>\r\n\r\n\r\n\r\n<h4 class=\"wp-block-heading\"><span class=\"ez-toc-section\" id=\"Ou_la_ceremonie_dintegration_des_nouveaux_Francais_se_Deroule-t-elle\"><\/span>O\u00f9 la c\u00e9r\u00e9monie d\u2019int\u00e9gration des nouveaux Fran\u00e7ais se D\u00e9roule-t-elle ?<span class=\"ez-toc-section-end\"><\/span><\/h4>\r\n\r\n\r\n\r\n<p>Le premier moment de ces nouveaux Fran\u00e7ais. Vendredi, \u00e0 Nantes, 72 hommes et femmes ont officiellement obtenu la nationalit\u00e9 fran\u00e7aise\u2026 La pr\u00e9fecture de Loire-Atlantique organise r\u00e9guli\u00e8rement des c\u00e9r\u00e9monies d\u2019accueil \u00e0 la nationalit\u00e9 fran\u00e7aise.<\/p>\r\n\r\n\r\n\r\n<h4 class=\"wp-block-heading\"><span class=\"ez-toc-section\" id=\"Qui_donne_lavis_favorable_pour_la_naturalisation\"><\/span>Qui donne l\u2019avis favorable pour la naturalisation ?<span class=\"ez-toc-section-end\"><\/span><\/h4>\r\n\r\n\r\n\r\n<p>Apr\u00e8s avoir d\u00e9pos\u00e9 son dossier en pr\u00e9fecture et pass\u00e9 l\u2019entretien de naturalisation, la d\u00e9cision a \u00e9t\u00e9 prise par l\u2019administration fran\u00e7aise. Cela peut \u00eatre avantageux ou d\u00e9favorable, prenez certains param\u00e8tres en consid\u00e9ration.<\/p>\r\n\r\n\r\n\r\n<h2 class=\"wp-block-heading\"><span class=\"ez-toc-section\" id=\"Qui_dresse_acte_de_deces\"><\/span>Qui dresse acte de d\u00e9c\u00e8s ?<span class=\"ez-toc-section-end\"><\/span><\/h2>\r\n\r\n\r\n\r\n<figure><img decoding=\"async\" class=\"attachment-full size-full\" src=\"https:\/\/toukiela.com\/wp-content\/uploads\/2022\/06\/Qui-dresse-acte-de-deces-1-1.jpeg\" sizes=\"(max-width: 930px) 100vw, 930px\" srcset=\"https:\/\/i0.wp.com\/toukiela.com\/wp-content\/uploads\/2022\/06\/Qui-dresse-acte-de-deces-1-1.jpeg?w=930&amp;ssl=1 930w, https:\/\/i0.wp.com\/toukiela.com\/wp-content\/uploads\/2022\/06\/Qui-dresse-acte-de-deces-1-1.jpeg?resize=300%2C180&amp;ssl=1 300w, https:\/\/i0.wp.com\/toukiela.com\/wp-content\/uploads\/2022\/06\/Qui-dresse-acte-de-deces-1-1.jpeg?resize=768%2C461&amp;ssl=1 768w, https:\/\/i0.wp.com\/toukiela.com\/wp-content\/uploads\/2022\/06\/Qui-dresse-acte-de-deces-1-1.jpeg?resize=18%2C12&amp;ssl=1 18w, https:\/\/i0.wp.com\/toukiela.com\/wp-content\/uploads\/2022\/06\/Qui-dresse-acte-de-deces-1-1.jpeg?resize=50%2C30&amp;ssl=1 50w, https:\/\/i0.wp.com\/toukiela.com\/wp-content\/uploads\/2022\/06\/Qui-dresse-acte-de-deces-1-1.jpeg?resize=480%2C288&amp;ssl=1 480w\" alt=\"Qui dresse acte de d\u00e9c\u00e8s ?\" width=\"930\" height=\"558\"><\/figure>\r\n\r\n\r\n\r\n<p>Les policiers envoient des informations au registre civil o\u00f9 la personne est d\u00e9c\u00e9d\u00e9e. Il r\u00e9dige l\u2019acte de d\u00e9c\u00e8s et informe l\u2019officier de l\u2019\u00e9tat civil du domicile de la personne d\u00e9c\u00e9d\u00e9e. Apr\u00e8s la d\u00e9claration de d\u00e9c\u00e8s, la mairie d\u00e9livre un acte de d\u00e9c\u00e8s.<\/p>\r\n\r\n\r\n\r\n<p>Comment savoir si des personnes meurent sur Internet ? Moteur de recherche des d\u00e9funts (matchID) \u2013 data.gouv.fr.<\/p>\r\n\r\n\r\n\r\n<h3 class=\"wp-block-heading\"><span class=\"ez-toc-section\" id=\"Ou_trouver_tous_les_deces\"><\/span>O\u00f9 trouver tous les d\u00e9c\u00e8s ?<span class=\"ez-toc-section-end\"><\/span><\/h3>\r\n\r\n\r\n\r\n<p>AVIS DE DECES EN LIGNE ET EXAMEN A VENIR. Diff\u00e9rents services permettant de rendre hommage au d\u00e9funt sont accessibles depuis le site Avis-de-deces.net (via notamment les avis de d\u00e9c\u00e8s nominatifs).<\/p>\r\n\r\n\r\n\r\n<h4 class=\"wp-block-heading\"><span class=\"ez-toc-section\" id=\"Ou_trouver_avis_de_deces_sur_internet\"><\/span>O\u00f9 trouver avis de d\u00e9c\u00e8s sur internet ?<span class=\"ez-toc-section-end\"><\/span><\/h4>\r\n\r\n\r\n\r\n<p>De cette fa\u00e7on, vous pouvez facilement trouver d\u2019anciennes n\u00e9crologies en effectuant une recherche sur Google. Pour ce faire, entrez : \u00ab\u00a0N\u00e9crologie\u00a0\u00bb nom de famille et nom de famille du d\u00e9funt dans Google. Suivi (ou non) de la ville o\u00f9 il se situe. Vous recevrez alors des informations sur son d\u00e9c\u00e8s et ses fun\u00e9railles.<\/p>\r\n\r\n\r\n\r\n<h4 class=\"wp-block-heading\"><span class=\"ez-toc-section\" id=\"Comment_retrouver_le_deces_dune_personne\"><\/span>Comment retrouver le d\u00e9c\u00e8s d\u2019une personne ?<span class=\"ez-toc-section-end\"><\/span><\/h4>\r\n\r\n\r\n\r\n<p>Si vous peinez encore \u00e0 trouver un avis de d\u00e9c\u00e8s de votre d\u00e9funt, adressez-vous \u00e0 la mairie o\u00f9 r\u00e9side la derni\u00e8re personne connue en question. Vous pouvez avoir une copie de l\u2019acte de d\u00e9c\u00e8s du d\u00e9funt, qui vous indiquera alors la ville o\u00f9 il est d\u00e9c\u00e9d\u00e9.<\/p>\r\n\r\n\r\n\r\n<h3 class=\"wp-block-heading\"><span class=\"ez-toc-section\" id=\"Comment_retrouver_le_deces_dune_personne-2\"><\/span>Comment retrouver le d\u00e9c\u00e8s d\u2019une personne ?<span class=\"ez-toc-section-end\"><\/span><\/h3>\r\n\r\n\r\n\r\n<p>Si vous peinez encore \u00e0 trouver un avis de d\u00e9c\u00e8s de votre d\u00e9funt, adressez-vous \u00e0 la mairie o\u00f9 r\u00e9side la derni\u00e8re personne connue en question. Vous pouvez avoir une copie de l\u2019acte de d\u00e9c\u00e8s du d\u00e9funt, qui vous indiquera alors la ville o\u00f9 il est d\u00e9c\u00e9d\u00e9.<\/p>\r\n\r\n\r\n\r\n<h4 class=\"wp-block-heading\"><span class=\"ez-toc-section\" id=\"Comment_trouver_un_avis_de_deces_sur_internet\"><\/span>Comment trouver un avis de d\u00e9c\u00e8s sur internet ?<span class=\"ez-toc-section-end\"><\/span><\/h4>\r\n\r\n\r\n\r\n<p>De cette fa\u00e7on, vous pouvez facilement trouver d\u2019anciennes n\u00e9crologies en effectuant une recherche sur Google. Pour ce faire, entrez : \u00ab\u00a0N\u00e9crologie\u00a0\u00bb nom de famille et nom de famille du d\u00e9funt dans Google. Suivi (ou non) de la ville o\u00f9 il se situe. Vous recevrez alors des informations sur son d\u00e9c\u00e8s et ses fun\u00e9railles.<\/p>\r\n\r\n\r\n\r\n<h4 class=\"wp-block-heading\"><span class=\"ez-toc-section\" id=\"Comment_savoir_si_une_personne_est_morte_ou_vivante\"><\/span>Comment savoir si une personne est morte ou vivante ?<span class=\"ez-toc-section-end\"><\/span><\/h4>\r\n\r\n\r\n\r\n<p>Pour savoir si une personne est encore en vie, il suffit d\u2019obtenir un acte de naissance aupr\u00e8s de la mairie o\u00f9 elle est n\u00e9e. Si la personne est d\u00e9c\u00e9d\u00e9e, la mention figurera g\u00e9n\u00e9ralement en marge de son acte de naissance.<\/p>\r\n\r\n\r\n\r\n<h3 class=\"wp-block-heading\"><span class=\"ez-toc-section\" id=\"Comment_consulter_les_registres_detat_civil_sur_Internet\"><\/span>Comment consulter les registres d\u2019\u00e9tat civil sur Internet ?<span class=\"ez-toc-section-end\"><\/span><\/h3>\r\n\r\n\r\n\r\n<p>D\u00e8s la page d\u2019accueil du site, vous devriez retrouver la rubrique relative aux archives en ligne et \u00e0 l\u2019enregistrement de l\u2019\u00e9tat civil. Une fois sur la page s\u00e9lectionn\u00e9e, vous devez entrer le nom de la municipalit\u00e9, le type d\u2019acte que vous d\u00e9sirez consulter et la date.<\/p>\r\n\r\n\r\n\r\n<h4 class=\"wp-block-heading\"><span class=\"ez-toc-section\" id=\"Ou_trouver_la_liste_des_naissances\"><\/span>O\u00f9 trouver la liste des naissances ?<span class=\"ez-toc-section-end\"><\/span><\/h4>\r\n\r\n\r\n\r\n<p>La mairie o\u00f9 sont domicili\u00e9s les enfants d\u00e9livrera un avis de naissance. Pr\u00e9sentation du jeu de donn\u00e9es : Il s\u2019agit d\u2019une liste du nombre de naissances d\u00e9clar\u00e9es par mois et chaque ann\u00e9e.<\/p>\r\n\r\n\r\n\r\n<h4 class=\"wp-block-heading\"><span class=\"ez-toc-section\" id=\"Comment_connaitre_la_date_et_le_lieu_de_naissance_dune_personne\"><\/span>Comment conna\u00eetre la date et le lieu de naissance d\u2019une personne ?<span class=\"ez-toc-section-end\"><\/span><\/h4>\r\n\r\n\r\n\r\n<p>L\u2019\u00e9tat civil (naissance, mariage et d\u00e9c\u00e8s) est consultable gratuitement sur le site Internet de la Direction des Archives. Il existe \u00e9galement des solutions payantes sur le site Filae.com.<\/p>\r\n\r\n\r\n\r\n<h2 class=\"wp-block-heading\"><span class=\"ez-toc-section\" id=\"Comment_identifier_un_decret\"><\/span>Comment identifier un d\u00e9cret ?<span class=\"ez-toc-section-end\"><\/span><\/h2>\r\n\r\n\r\n\r\n<figure><img decoding=\"async\" class=\"attachment-full size-full\" src=\"https:\/\/toukiela.com\/wp-content\/uploads\/2022\/06\/Comment-identifier-un-decret-.jpeg\" sizes=\"(max-width: 288px) 100vw, 288px\" srcset=\"https:\/\/i0.wp.com\/toukiela.com\/wp-content\/uploads\/2022\/06\/Comment-identifier-un-decret-.jpeg?w=288&amp;ssl=1 288w, https:\/\/i0.wp.com\/toukiela.com\/wp-content\/uploads\/2022\/06\/Comment-identifier-un-decret-.jpeg?resize=205%2C300&amp;ssl=1 205w, https:\/\/i0.wp.com\/toukiela.com\/wp-content\/uploads\/2022\/06\/Comment-identifier-un-decret-.jpeg?resize=8%2C12&amp;ssl=1 8w, https:\/\/i0.wp.com\/toukiela.com\/wp-content\/uploads\/2022\/06\/Comment-identifier-un-decret-.jpeg?resize=34%2C50&amp;ssl=1 34w\" alt=\"Comment identifier un d\u00e9cret ?\" width=\"288\" height=\"422\"><\/figure>\r\n\r\n\r\n\r\n<p>Vous pouvez utiliser la circulaire pour vous assurer que l\u2019existence d\u2019un acte ou d\u2019une condition est connue et respect\u00e9e lors de sa publication sur le site cirques.legifrance.gouv.fr ou sur un site inscrit par le d\u00e9cret.<\/p>\r\n\r\n\r\n\r\n<p>Qui a sign\u00e9 le d\u00e9cret d\u2019application d\u2019une loi ? La plupart des lois, adopt\u00e9es par le pouvoir l\u00e9gislatif, annonc\u00e9es par le Pr\u00e9sident de la R\u00e9publique et publi\u00e9es au Journal Officiel, comportent \u00e0 la fin du texte l\u00e9gislatif un article qui comporte la disposition type : \u00ab les modalit\u00e9s d\u2019application de la pr\u00e9sente loi seront d\u00e9termin\u00e9e par d\u00e9cret en Conseil d\u2019Etat \u00bb.<\/p>\r\n\r\n\r\n\r\n<h3 class=\"wp-block-heading\"><span class=\"ez-toc-section\" id=\"Quels_sont_les_differents_types_de_decret\"><\/span>Quels sont les diff\u00e9rents types de d\u00e9cret ?<span class=\"ez-toc-section-end\"><\/span><\/h3>\r\n\r\n\r\n\r\n<p>Il existe trois types de d\u00e9crets : les d\u00e9crets autonomes, pour les mati\u00e8res hors du domaine de la loi ; les d\u00e9crets d\u2019application, accompagnant les proc\u00e9dures d\u2019application de la loi ; Le r\u00e8glement de r\u00e9partition r\u00e9partit le budget entre les ministres apr\u00e8s le vote de la loi de finances.<\/p>\r\n\r\n\r\n\r\n<h4 class=\"wp-block-heading\"><span class=\"ez-toc-section\" id=\"Quelle_est_la_nature_dun_decret\"><\/span>Quelle est la nature d\u2019un d\u00e9cret ?<span class=\"ez-toc-section-end\"><\/span><\/h4>\r\n\r\n\r\n\r\n<p>Une d\u00e9cision est un acte r\u00e9glementaire ou individuel pris par le Pr\u00e9sident de la R\u00e9publique ou le Premier Ministre dans l\u2019exercice de leurs fonctions respectives. La plupart des activit\u00e9s politiques et administratives de ces deux autorit\u00e9s prennent la forme, sur le plan juridique, de d\u00e9crets.<\/p>\r\n\r\n\r\n\r\n<h4 class=\"wp-block-heading\"><span class=\"ez-toc-section\" id=\"Qui_prend_un_decret\"><\/span>Qui prend un d\u00e9cret ?<span class=\"ez-toc-section-end\"><\/span><\/h4>\r\n\r\n\r\n\r\n<p>D\u00e9cision : L\u2019acte r\u00e9glementaire est d\u00e9cid\u00e9 par le gouvernement, sans consultation du parlement (assembl\u00e9e nationale et s\u00e9nat), sign\u00e9 par le Pr\u00e9sident de la R\u00e9publique ou par le Premier Ministre.<\/p>\r\n\r\n\r\n\r\n<h3 class=\"wp-block-heading\"><span class=\"ez-toc-section\" id=\"Comment_est_pris_un_decret\"><\/span>Comment est pris un d\u00e9cret ?<span class=\"ez-toc-section-end\"><\/span><\/h3>\r\n\r\n\r\n\r\n<p>D\u00e9cision : L\u2019acte r\u00e9glementaire est d\u00e9cid\u00e9 par le gouvernement, sans consultation du parlement (assembl\u00e9e nationale et s\u00e9nat), sign\u00e9 par le Pr\u00e9sident de la R\u00e9publique ou par le Premier Ministre. Les d\u00e9cisions dites \u00ab d\u00e9crets en Conseil d\u2019Etat \u00bb ne peuvent \u00eatre rendues qu\u2019apr\u00e8s avis du Conseil d\u2019Etat.<\/p>\r\n\r\n\r\n\r\n<h4 class=\"wp-block-heading\"><span class=\"ez-toc-section\" id=\"Quel_est_le_role_dun_decret\"><\/span>Quel est le r\u00f4le d\u2019un d\u00e9cret ?<span class=\"ez-toc-section-end\"><\/span><\/h4>\r\n\r\n\r\n\r\n<p>Une d\u00e9cision est un acte ex\u00e9cutoire \u00e9mis par le pouvoir ex\u00e9cutif. C\u2019est une d\u00e9cision qui commande ou r\u00e9glemente quelque chose. La d\u00e9cision, qui a les m\u00eames effets que la loi, est l\u2019une des manifestations du pouvoir ex\u00e9cutif de r\u00e9gulation.<\/p>\r\n\r\n\r\n\r\n<h4 class=\"wp-block-heading\"><span class=\"ez-toc-section\" id=\"Quelle_est_la_difference_entre_une_loi_et_un_decret\"><\/span>Quelle est la diff\u00e9rence entre une loi et un d\u00e9cret ?<span class=\"ez-toc-section-end\"><\/span><\/h4>\r\n\r\n\r\n\r\n<p>Contrairement \u00e0 la loi, qui \u00e9mane du pouvoir l\u00e9gislatif, les d\u00e9crets et ordonnances sont des actes r\u00e9glementaires, pris par le pouvoir ex\u00e9cutif.<\/p>\r\n\r\n\r\n\r\n<h2 class=\"wp-block-heading\"><span class=\"ez-toc-section\" id=\"Quand_un_disparu_est_declare_mort\"><\/span>Quand un disparu est d\u00e9clar\u00e9 mort ?<span class=\"ez-toc-section-end\"><\/span><\/h2>\r\n\r\n\r\n\r\n<figure><img decoding=\"async\" class=\"attachment-full size-full\" src=\"https:\/\/toukiela.com\/wp-content\/uploads\/2022\/06\/Quand-un-disparu-est-declare-mort-.jpeg\" sizes=\"(max-width: 750px) 100vw, 750px\" srcset=\"https:\/\/i0.wp.com\/toukiela.com\/wp-content\/uploads\/2022\/06\/Quand-un-disparu-est-declare-mort-.jpeg?w=750&amp;ssl=1 750w, https:\/\/i0.wp.com\/toukiela.com\/wp-content\/uploads\/2022\/06\/Quand-un-disparu-est-declare-mort-.jpeg?resize=300%2C152&amp;ssl=1 300w, https:\/\/i0.wp.com\/toukiela.com\/wp-content\/uploads\/2022\/06\/Quand-un-disparu-est-declare-mort-.jpeg?resize=18%2C9&amp;ssl=1 18w, https:\/\/i0.wp.com\/toukiela.com\/wp-content\/uploads\/2022\/06\/Quand-un-disparu-est-declare-mort-.jpeg?resize=50%2C25&amp;ssl=1 50w, https:\/\/i0.wp.com\/toukiela.com\/wp-content\/uploads\/2022\/06\/Quand-un-disparu-est-declare-mort-.jpeg?resize=480%2C244&amp;ssl=1 480w\" alt=\"Quand un disparu est d\u00e9clar\u00e9 mort ?\" width=\"750\" height=\"381\"><\/figure>\r\n\r\n\r\n\r\n<p>absence, \u00ab lorsqu\u2019une personne a cess\u00e9 de se pr\u00e9senter \u00e0 son domicile ou sa r\u00e9sidence sans avoir re\u00e7u de nouvelles \u00bb (art. 112 du Code civil [archive]). Ce syst\u00e8me permet apr\u00e8s 10 ou 20 ans de d\u00e9clarer des personnes d\u00e9c\u00e9d\u00e9es.<\/p>\r\n\r\n\r\n\r\n<p>Quelles sont les cons\u00e9quences juridiques d\u2019une d\u00e9faite ? Ils produisent les m\u00eames effets. Ainsi, l\u2019int\u00e9ress\u00e9 est consid\u00e9r\u00e9 comme d\u00e9c\u00e9d\u00e9, le mariage (ou son Pacs) est dissous, le conjoint peut donc se remarier, la succession est ouverte et le dossier d\u2019assurance peut enfin \u00eatre liquid\u00e9 (sauf si cela ne comporte aucune indemnit\u00e9 en cas de catastrophe naturelle.).<\/p>\r\n\r\n\r\n\r\n<h3 class=\"wp-block-heading\"><span class=\"ez-toc-section\" id=\"Quelle_est_la_procedure_de_disparition\"><\/span>Quelle est la proc\u00e9dure de disparition ?<span class=\"ez-toc-section-end\"><\/span><\/h3>\r\n\r\n\r\n\r\n<p>Apr\u00e8s 1 an de recherche, si la personne n\u2019a pas \u00e9t\u00e9 retrouv\u00e9e, ou s\u2019il n\u2019y a pas de preuve de d\u00e9c\u00e8s, un certificat de chercheur inutile peut \u00eatre d\u00e9livr\u00e9 par la police ou la gendarmerie. Le certificat est d\u00e9livr\u00e9 \u00e0 la famille. Il a une valeur l\u00e9gale et prouve que la personne \u00e9tait vraiment perdue.<\/p>\r\n\r\n\r\n\r\n<h4 class=\"wp-block-heading\"><span class=\"ez-toc-section\" id=\"Qui_declare_la_disparition\"><\/span>Qui d\u00e9clare la disparition ?<span class=\"ez-toc-section-end\"><\/span><\/h4>\r\n\r\n\r\n\r\n<p>D\u00e9claration judiciaire de d\u00e9c\u00e8s \u00ab Il peut \u00eatre de plein droit constat\u00e9, \u00e0 la requ\u00eate du minist\u00e8re public ou d\u2019une personne int\u00e9ress\u00e9e, le d\u00e9c\u00e8s d\u2019un Fran\u00e7ais disparu en France ou hors de France, dans des circonstances pouvant mettre sa vie en danger, lorsque son corps ne peut \u00eatre trouv\u00e9.<\/p>\r\n\r\n\r\n\r\n<h4 class=\"wp-block-heading\"><span class=\"ez-toc-section\" id=\"Quand_une_personne_disparu_est_declare_mort\"><\/span>Quand une personne disparu est d\u00e9clar\u00e9 mort ?<span class=\"ez-toc-section-end\"><\/span><\/h4>\r\n\r\n\r\n\r\n<p>Cette transcription tient lieu d\u2019acte de d\u00e9c\u00e8s ; elle est opposable aux tiers (article 91 du Code p\u00e9nal). Ainsi le d\u00e9funt est pr\u00e9sum\u00e9 mort \u00e0 la date fix\u00e9e par le tribunal et \u00e0 cette date la succession sera ouverte.<\/p>\r\n\r\n\r\n\r\n<h3 class=\"wp-block-heading\"><span class=\"ez-toc-section\" id=\"Quand_une_personne_est_absente\"><\/span>Quand une personne est absente ?<span class=\"ez-toc-section-end\"><\/span><\/h3>\r\n\r\n\r\n\r\n<p>L\u2019absence sera d\u00e9finie par la loi lorsqu\u2019une personne cesse d\u2019appara\u00eetre, dispara\u00eet dans la nature sans raison connue et sans la vigilance de son entourage.<\/p>\r\n\r\n\r\n\r\n<h4 class=\"wp-block-heading\"><span class=\"ez-toc-section\" id=\"Quels_sont_les_conditions_de_labsence\"><\/span>Quels sont les conditions de l\u2019absence ?<span class=\"ez-toc-section-end\"><\/span><\/h4>\r\n\r\n\r\n\r\n<p>Ainsi deux \u00e9l\u00e9ments caract\u00e9risent l\u2019absence : l\u2019absence doit avoir cess\u00e9 de se manifester au domicile ou au lieu de r\u00e9sidence. L\u2019absent n\u2019a certainement plus donn\u00e9 cong\u00e9.<\/p>\r\n\r\n\r\n\r\n<h4 class=\"wp-block-heading\"><span class=\"ez-toc-section\" id=\"Quelle_est_la_difference_entre_labsence_et_la_disparition\"><\/span>Quelle est la diff\u00e9rence entre l\u2019absence et la disparition ?<span class=\"ez-toc-section-end\"><\/span><\/h4>\r\n\r\n\r\n\r\n<p>La perte r\u00e9pond \u00e0 la m\u00eame d\u00e9finition que l\u2019absence, sauf que l\u2019absence de nouvelles de la personne est due \u00e0 \u00ab des circonstances susceptibles de mettre sa vie en danger \u00bb (article 88 du code p\u00e9nal).<\/p>\r\n\r\n\r\n\r\n<h3 class=\"wp-block-heading\"><span class=\"ez-toc-section\" id=\"Quelle_est_la_difference_entre_labsence_et_la_disparition_dune_personne_physique\"><\/span>Quelle est la diff\u00e9rence entre l\u2019absence et la disparition d\u2019une personne physique ?<span class=\"ez-toc-section-end\"><\/span><\/h3>\r\n\r\n\r\n\r\n<p>Ce n\u2019est pas diff\u00e9rent de la disparition : la disparition est une expression juridique de l\u2019incertitude qui est li\u00e9e \u00e0 l\u2019absence d\u2019un cadavre, tandis que l\u2019absence d\u2019un autre, qui est li\u00e9e \u00e0 l\u2019absence de nouvelles donn\u00e9es par des personnes \u00e0 des proches.<\/p>\r\n\r\n\r\n\r\n<h4 class=\"wp-block-heading\"><span class=\"ez-toc-section\" id=\"Quand_Parle-t-on_de_disparition\"><\/span>Quand Parle-t-on de disparition ?<span class=\"ez-toc-section-end\"><\/span><\/h4>\r\n\r\n\r\n\r\n<p>En droit fran\u00e7ais, la disparition est d\u00e9finie comme \u00ab Le d\u00e9c\u00e8s de tout Fran\u00e7ais (\u2026) dans des circonstances pouvant mettre sa vie en danger, lorsque son corps est introuvable \u00bb (art. 88 al. 1 du Code civil [archive]).<\/p>\r\n\r\n\r\n\r\n<h4 class=\"wp-block-heading\"><span class=\"ez-toc-section\" id=\"Quels_sont_les_conditions_de_labsence-2\"><\/span>Quels sont les conditions de l\u2019absence ?<span class=\"ez-toc-section-end\"><\/span><\/h4>\r\n\r\n\r\n\r\n<p>Ainsi deux \u00e9l\u00e9ments caract\u00e9risent l\u2019absence : l\u2019absence doit avoir cess\u00e9 de se manifester au domicile ou au lieu de r\u00e9sidence. L\u2019absent n\u2019a certainement plus donn\u00e9 cong\u00e9.<\/p>\r\n\r\n\r\n\r\n<h2 class=\"wp-block-heading\"><span class=\"ez-toc-section\" id=\"Quels_sont_les_motifs_de_refus_de_naturalisation\"><\/span>Quels sont les motifs de refus de naturalisation ?<span class=\"ez-toc-section-end\"><\/span><\/h2>\r\n\r\n\r\n\r\n<p>\u2013 la pr\u00e9sence d\u2019enfant(s) ou de conjoint(e) \u00e0 l\u2019\u00e9tranger (en l\u2019absence de d\u00e9cision judiciaire de s\u00e9paration) ; \u2013 la pr\u00e9sence de poursuites p\u00e9nales (m\u00eame en l\u2019absence de condamnation) ; \u2013 m\u00e9connaissance de l\u2019histoire ou des valeurs fran\u00e7aises.<\/p>\r\n\r\n\r\n\r\n<p>Comment retirer la nationalit\u00e9 fran\u00e7aise ? Charg\u00e9. Vous pouvez faire une d\u00e9claration de perte de nationalit\u00e9 fran\u00e7aise si vous \u00eates n\u00e9 \u00e0 l\u2019\u00e9tranger et qu\u2019un seul de vos parents est fran\u00e7ais. Les d\u00e9clarations peuvent \u00eatre faites \u00e0 partir de 17 ans 1\/2 et jusqu\u2019\u00e0 19 ans. La perte de la nationalit\u00e9 fran\u00e7aise prend effet \u00e0 la date de votre d\u00e9claration.<\/p>\r\n\r\n\r\n\r\n<h3 class=\"wp-block-heading\"><span class=\"ez-toc-section\" id=\"Comment_savoir_si_ma_demande_de_naturalisation_est_acceptee\"><\/span>Comment savoir si ma demande de naturalisation est accept\u00e9e ?<span class=\"ez-toc-section-end\"><\/span><\/h3>\r\n\r\n\r\n\r\n<p>Si votre demande d\u2019acquisition de la nationalit\u00e9 fran\u00e7aise est accept\u00e9e, vous recevrez un courrier vous en informant. La d\u00e9cision de naturalisation \u00e0 votre nom sera publi\u00e9e au Journal officiel de la R\u00e9publique fran\u00e7aise.<\/p>\r\n\r\n\r\n\r\n<h3 class=\"wp-block-heading\"><span class=\"ez-toc-section\" id=\"Qui_donne_la_decision_de_naturalisation\"><\/span>Qui donne la d\u00e9cision de naturalisation ?<span class=\"ez-toc-section-end\"><\/span><\/h3>\r\n\r\n\r\n\r\n<p>La d\u00e9cision du pr\u00e9fet de d\u00e9poser une demande de naturalisation est fond\u00e9e et notifi\u00e9e par remise directe \u00e0 la pr\u00e9fecture ou par lettre recommand\u00e9e avec accus\u00e9 de r\u00e9ception. Transmis au ministre charg\u00e9 de la naturalisation.<\/p>\r\n\r\n<p><script type=\"application\/ld+json\">{\"@context\":\"https:\/\/schema.org\",\"@type\":\"FAQPage\",\"mainEntity\":[{\"@type\":\"Question\",\"name\":\"Pourquoi le d&eacute;cret d'application ?\",\"acceptedAnswer\":{\"@type\":\"Answer\",\"text\":\"Une loi ne n&eacute;cessite pas n&eacute;cessairement l'ex&eacute;cution de d&eacute;crets pour &ecirc;tre applicable, mais pour acqu&eacute;rir force obligatoire et s'imposer &agrave; tous, elle doit &ecirc;tre promulgu&eacute;e par le Pr&eacute;sident de la R&eacute;publique qui la rend ex&eacute;cutoire.Comment savoir si le d&eacute;cret ex&eacute;cutif a &eacute;t&eacute; publi&eacute; ? Depuis 2005, on peut consulter sur le site du S&eacute;nat traitant de l'application de chaque loi, dans les dossiers l&eacute;gislatifs qui lui sont associ&eacute;s, des indications de la derni&egrave;re mise &agrave; jour.\"}},{\"@type\":\"Question\",\"name\":\"Comment se passe une c&eacute;r&eacute;monie de naturalisation ?\",\"acceptedAnswer\":{\"@type\":\"Answer\",\"text\":\"La c&eacute;r&eacute;monie d'acceptation de la nationalit&eacute; fran&ccedil;aise - sorte de &laquo; rite r&eacute;publicain &raquo; - s'adresse aux personnes devenues fran&ccedil;aises, r&eacute;sidant dans le d&eacute;partement concern&eacute;. Elle &eacute;tait tenue par le pr&eacute;fet et, &agrave; Paris, par le pr&eacute;fet de police. Des repr&eacute;sentants et des s&eacute;nateurs du d&eacute;partement ont &eacute;t&eacute; invit&eacute;s.Comment se passe un entretien de naturalisation ? Les entretiens individuels n'ont lieu que lorsque le dossier de candidature est complet.... L'agent pr&eacute;fectoral posera quelques questions sur les sujets suivants :Histoire de France.g&eacute;ographie,Culture fran&ccedil;aise.diff&eacute;rents &eacute;tablissements,vos motivations.\"}},{\"@type\":\"Question\",\"name\":\"Qui dresse acte de d&eacute;c&egrave;s ?\",\"acceptedAnswer\":{\"@type\":\"Answer\",\"text\":\"Les policiers envoient des informations au registre civil o&ugrave; la personne est d&eacute;c&eacute;d&eacute;e. Il r&eacute;dige l'acte de d&eacute;c&egrave;s et informe l'officier de l'&eacute;tat civil du domicile de la personne d&eacute;c&eacute;d&eacute;e. Apr&egrave;s la d&eacute;claration de d&eacute;c&egrave;s, la mairie d&eacute;livre un acte de d&eacute;c&egrave;s.Comment savoir si des personnes meurent sur Internet ? Moteur de recherche des d&eacute;funts (matchID) - data.gouv.fr.\"}},{\"@type\":\"Question\",\"name\":\"Comment identifier un d&eacute;cret ?\",\"acceptedAnswer\":{\"@type\":\"Answer\",\"text\":\"Vous pouvez utiliser la circulaire pour vous assurer que l'existence d'un acte ou d'une condition est connue et respect&eacute;e lors de sa publication sur le site cirques.legifrance.gouv.fr ou sur un site inscrit par le d&eacute;cret.Qui a sign&eacute; le d&eacute;cret d'application d'une loi ? La plupart des lois, adopt&eacute;es par le pouvoir l&eacute;gislatif, annonc&eacute;es par le Pr&eacute;sident de la R&eacute;publique et publi&eacute;es au Journal Officiel, comportent &agrave; la fin du texte l&eacute;gislatif un article qui comporte la disposition type : &laquo; les modalit&eacute;s d'application de la pr&eacute;sente loi seront d&eacute;termin&eacute;e par d&eacute;cret en Conseil d'Etat &raquo;.\"}},{\"@type\":\"Question\",\"name\":\"Quand un disparu est d&eacute;clar&eacute; mort ?\",\"acceptedAnswer\":{\"@type\":\"Answer\",\"text\":\"absence, &laquo; lorsqu'une personne a cess&eacute; de se pr&eacute;senter &agrave; son domicile ou sa r&eacute;sidence sans avoir re&ccedil;u de nouvelles &raquo; (art. 112 du Code civil [archive]). Ce syst&egrave;me permet apr&egrave;s 10 ou 20 ans de d&eacute;clarer des personnes d&eacute;c&eacute;d&eacute;es.Quelles sont les cons&eacute;quences juridiques d'une d&eacute;faite ? Ils produisent les m&ecirc;mes effets. Ainsi, l'int&eacute;ress&eacute; est consid&eacute;r&eacute; comme d&eacute;c&eacute;d&eacute;, le mariage (ou son Pacs) est dissous, le conjoint peut donc se remarier, la succession est ouverte et le dossier d'assurance peut enfin &ecirc;tre liquid&eacute; (sauf si cela ne comporte aucune indemnit&eacute; en cas de catastrophe naturelle.).\"}},{\"@type\":\"Question\",\"name\":\"Quels sont les motifs de refus de naturalisation ?\",\"acceptedAnswer\":{\"@type\":\"Answer\",\"text\":\"- la pr&eacute;sence d'enfant(s) ou de conjoint(e) &agrave; l'&eacute;tranger (en l'absence de d&eacute;cision judiciaire de s&eacute;paration) ; - la pr&eacute;sence de poursuites p&eacute;nales (m&ecirc;me en l'absence de condamnation) ; - m&eacute;connaissance de l'histoire ou des valeurs fran&ccedil;aises.Comment retirer la nationalit&eacute; fran&ccedil;aise ? Charg&eacute;. Vous pouvez faire une d&eacute;claration de perte de nationalit&eacute; fran&ccedil;aise si vous &ecirc;tes n&eacute; &agrave; l'&eacute;tranger et qu'un seul de vos parents est fran&ccedil;ais. Les d&eacute;clarations peuvent &ecirc;tre faites &agrave; partir de 17 ans 1\/2 et jusqu'&agrave; 19 ans. La perte de la nationalit&eacute; fran&ccedil;aise prend effet &agrave; la date de votre d&eacute;claration.\"}}]}<\/script><\/p>\n\n","protected":false},"excerpt":{"rendered":"","protected":false},"author":1,"featured_media":2884,"comment_status":"open","ping_status":"open","sticky":false,"template":"","format":"standard","meta":{"_seopress_robots_primary_cat":"none","_seopress_titles_title":"","_seopress_titles_desc":"","_seopress_robots_index":"","footnotes":""},"categories":[31],"tags":[553,555,64,548,580,577,556,514,554,581,576],"class_list":["post-2787","post","type-post","status-publish","format-standard","has-post-thumbnail","hentry","category-life-style","tag-absence","tag-absent","tag-application","tag-deces","tag-decision","tag-decret","tag-disparition","tag-journal","tag-lois","tag-naturalisation","tag-officiel","generate-columns","tablet-grid-50","mobile-grid-100","grid-parent","grid-50"],"_links":{"self":[{"href":"https:\/\/toukiela.com\/es\/wp-json\/wp\/v2\/posts\/2787","targetHints":{"allow":["GET"]}}],"collection":[{"href":"https:\/\/toukiela.com\/es\/wp-json\/wp\/v2\/posts"}],"about":[{"href":"https:\/\/toukiela.com\/es\/wp-json\/wp\/v2\/types\/post"}],"author":[{"embeddable":true,"href":"https:\/\/toukiela.com\/es\/wp-json\/wp\/v2\/users\/1"}],"replies":[{"embeddable":true,"href":"https:\/\/toukiela.com\/es\/wp-json\/wp\/v2\/comments?post=2787"}],"version-history":[{"count":0,"href":"https:\/\/toukiela.com\/es\/wp-json\/wp\/v2\/posts\/2787\/revisions"}],"wp:featuredmedia":[{"embeddable":true,"href":"https:\/\/toukiela.com\/es\/wp-json\/wp\/v2\/media\/2884"}],"wp:attachment":[{"href":"https:\/\/toukiela.com\/es\/wp-json\/wp\/v2\/media?parent=2787"}],"wp:term":[{"taxonomy":"category","embeddable":true,"href":"https:\/\/toukiela.com\/es\/wp-json\/wp\/v2\/categories?post=2787"},{"taxonomy":"post_tag","embeddable":true,"href":"https:\/\/toukiela.com\/es\/wp-json\/wp\/v2\/tags?post=2787"}],"curies":[{"name":"wp","href":"https:\/\/api.w.org\/{rel}","templated":true}]}}