{"id":2693,"date":"2022-06-22T01:25:53","date_gmt":"2022-06-22T01:25:53","guid":{"rendered":"https:\/\/toukiela.com\/qui-est-le-secretaire-general-du-chu-de-reims-month-year\/"},"modified":"2022-08-30T12:56:35","modified_gmt":"2022-08-30T12:56:35","slug":"qui-est-le-secretaire-general-du-chu-de-reims-month-year","status":"publish","type":"post","link":"https:\/\/toukiela.com\/es\/quien-es-el-secretario-general-de-la-chu-de-reims-mes-ano-2\/","title":{"rendered":"Qui est le secr\u00e9taire g\u00e9n\u00e9ral du CHU de Reims ? abril 2026"},"content":{"rendered":"<p>https:\/\/www.youtube.com\/watch?v=v2YxcO8Vv4c<\/p>\r\n<p>Le secr\u00e9taire g\u00e9n\u00e9ral du CHU de Reims est le [mois] [ann\u00e9e]. Le nombre moyen de s\u00e9jours est d\u2019environ 1 200 par jour. L\u2019h\u00f4pital compte plus de 2 000 employ\u00e9s et traite des patients du monde entier.<\/p>\r\n<p>Le secr\u00e9taire g\u00e9n\u00e9ral du CHU de Reims est M. Jean-Claude Lenoir. Le nombre moyen de s\u00e9jours est d\u2019environ 1 200 par jour. L\u2019h\u00f4pital compte plus de 2 000 employ\u00e9s et traite des patients du monde entier. M. Lenoir travaille \u00e0 l\u2019h\u00f4pital depuis plus de 20 ans et l\u2019a vu grandir et changer au cours de cette p\u00e9riode. Il est fier des progr\u00e8s r\u00e9alis\u00e9s par l\u2019h\u00f4pital et cherche toujours \u00e0 am\u00e9liorer ses services.<\/p>\r\n<div id=\"ez-toc-container\" class=\"ez-toc-v2_0_82_2 counter-hierarchy ez-toc-counter ez-toc-grey ez-toc-container-direction\">\n<p class=\"ez-toc-title\" style=\"cursor:inherit\">Sommaire<\/p>\n<label for=\"ez-toc-cssicon-toggle-item-69f1f10cca558\" class=\"ez-toc-cssicon-toggle-label\"><span class=\"\"><span class=\"eztoc-hide\" style=\"display:none;\">Toggle<\/span><span class=\"ez-toc-icon-toggle-span\"><svg style=\"fill: #999;color:#999\" xmlns=\"http:\/\/www.w3.org\/2000\/svg\" class=\"list-377408\" width=\"20px\" height=\"20px\" viewBox=\"0 0 24 24\" fill=\"none\"><path d=\"M6 6H4v2h2V6zm14 0H8v2h12V6zM4 11h2v2H4v-2zm16 0H8v2h12v-2zM4 16h2v2H4v-2zm16 0H8v2h12v-2z\" fill=\"currentColor\"><\/path><\/svg><svg style=\"fill: #999;color:#999\" class=\"arrow-unsorted-368013\" xmlns=\"http:\/\/www.w3.org\/2000\/svg\" width=\"10px\" height=\"10px\" viewBox=\"0 0 24 24\" version=\"1.2\" baseProfile=\"tiny\"><path d=\"M18.2 9.3l-6.2-6.3-6.2 6.3c-.2.2-.3.4-.3.7s.1.5.3.7c.2.2.4.3.7.3h11c.3 0 .5-.1.7-.3.2-.2.3-.5.3-.7s-.1-.5-.3-.7zM5.8 14.7l6.2 6.3 6.2-6.3c.2-.2.3-.5.3-.7s-.1-.5-.3-.7c-.2-.2-.4-.3-.7-.3h-11c-.3 0-.5.1-.7.3-.2.2-.3.5-.3.7s.1.5.3.7z\"\/><\/svg><\/span><\/span><\/label><input type=\"checkbox\"  id=\"ez-toc-cssicon-toggle-item-69f1f10cca558\"  aria-label=\"Alternar\" \/><nav><ul class='ez-toc-list ez-toc-list-level-1 ' ><li class='ez-toc-page-1 ez-toc-heading-level-2'><a class=\"ez-toc-link ez-toc-heading-1\" href=\"https:\/\/toukiela.com\/es\/quien-es-el-secretario-general-de-la-chu-de-reims-mes-ano-2\/#Est-ce_que_le_cancer_est_une_maladie_auto-immune\" >Est-ce que le cancer est une maladie auto-immune ?<\/a><ul class='ez-toc-list-level-3' ><li class='ez-toc-heading-level-3'><a class=\"ez-toc-link ez-toc-heading-2\" href=\"https:\/\/toukiela.com\/es\/quien-es-el-secretario-general-de-la-chu-de-reims-mes-ano-2\/#Quel_sont_les_maladies_Auto-immune\" >Quel sont les maladies Auto-immune ?<\/a><ul class='ez-toc-list-level-4' ><li class='ez-toc-heading-level-4'><a class=\"ez-toc-link ez-toc-heading-3\" href=\"https:\/\/toukiela.com\/es\/quien-es-el-secretario-general-de-la-chu-de-reims-mes-ano-2\/#Quelles_sont_les_maladies_Auto-immunes_les_plus_courantes\" >Quelles sont les maladies Auto-immunes les plus courantes ?<\/a><\/li><li class='ez-toc-page-1 ez-toc-heading-level-4'><a class=\"ez-toc-link ez-toc-heading-4\" href=\"https:\/\/toukiela.com\/es\/quien-es-el-secretario-general-de-la-chu-de-reims-mes-ano-2\/#Quelles_sont_les_80_maladies_Auto-immunes\" >Quelles sont les 80 maladies Auto-immunes ?<\/a><\/li><\/ul><\/li><li class='ez-toc-page-1 ez-toc-heading-level-3'><a class=\"ez-toc-link ez-toc-heading-5\" href=\"https:\/\/toukiela.com\/es\/quien-es-el-secretario-general-de-la-chu-de-reims-mes-ano-2\/#Comment_savoir_si_on_a_une_maladie_Auto-immune\" >Comment savoir si on a une maladie Auto-immune ?<\/a><ul class='ez-toc-list-level-4' ><li class='ez-toc-heading-level-4'><a class=\"ez-toc-link ez-toc-heading-6\" href=\"https:\/\/toukiela.com\/es\/quien-es-el-secretario-general-de-la-chu-de-reims-mes-ano-2\/#Quelle_maladie_Auto-immune_fatigue\" >Quelle maladie Auto-immune fatigue ?<\/a><\/li><li class='ez-toc-page-1 ez-toc-heading-level-4'><a class=\"ez-toc-link ez-toc-heading-7\" href=\"https:\/\/toukiela.com\/es\/quien-es-el-secretario-general-de-la-chu-de-reims-mes-ano-2\/#Quels_sont_les_symptomes_dune_maladie_Auto-immune\" >Quels sont les sympt\u00f4mes d\u2019une maladie Auto-immune ?<\/a><\/li><\/ul><\/li><li class='ez-toc-page-1 ez-toc-heading-level-3'><a class=\"ez-toc-link ez-toc-heading-8\" href=\"https:\/\/toukiela.com\/es\/quien-es-el-secretario-general-de-la-chu-de-reims-mes-ano-2\/#Quelle_est_la_maladie_Auto-immune_la_plus_frequente\" >Quelle est la maladie Auto-immune la plus fr\u00e9quente ?<\/a><\/li><\/ul><\/li><li class='ez-toc-page-1 ez-toc-heading-level-2'><a class=\"ez-toc-link ez-toc-heading-9\" href=\"https:\/\/toukiela.com\/es\/quien-es-el-secretario-general-de-la-chu-de-reims-mes-ano-2\/#Quelle_est_la_maladie_auto-immune_la_plus_frequente\" >Quelle est la maladie auto-immune la plus fr\u00e9quente ?<\/a><ul class='ez-toc-list-level-3' ><li class='ez-toc-heading-level-3'><a class=\"ez-toc-link ez-toc-heading-10\" href=\"https:\/\/toukiela.com\/es\/quien-es-el-secretario-general-de-la-chu-de-reims-mes-ano-2\/#Quelles_sont_les_80_maladies_Auto-immunes-2\" >Quelles sont les 80 maladies Auto-immunes ?<\/a><\/li><li class='ez-toc-page-1 ez-toc-heading-level-3'><a class=\"ez-toc-link ez-toc-heading-11\" href=\"https:\/\/toukiela.com\/es\/quien-es-el-secretario-general-de-la-chu-de-reims-mes-ano-2\/#Quelles_sont_les_maladies_Auto-immunes_les_plus_courantes-2\" >Quelles sont les maladies Auto-immunes les plus courantes ?<\/a><ul class='ez-toc-list-level-4' ><li class='ez-toc-heading-level-4'><a class=\"ez-toc-link ez-toc-heading-12\" href=\"https:\/\/toukiela.com\/es\/quien-es-el-secretario-general-de-la-chu-de-reims-mes-ano-2\/#Comment_guerir_dune_maladie_auto-immune\" >Comment gu\u00e9rir d\u2019une maladie auto-immune ?<\/a><\/li><li class='ez-toc-page-1 ez-toc-heading-level-4'><a class=\"ez-toc-link ez-toc-heading-13\" href=\"https:\/\/toukiela.com\/es\/quien-es-el-secretario-general-de-la-chu-de-reims-mes-ano-2\/#Quelles_sont_les_maladies_Auto-immunes_systemiques_rares\" >Quelles sont les maladies Auto-immunes syst\u00e9miques rares ?<\/a><\/li><\/ul><\/li><li class='ez-toc-page-1 ez-toc-heading-level-3'><a class=\"ez-toc-link ez-toc-heading-14\" href=\"https:\/\/toukiela.com\/es\/quien-es-el-secretario-general-de-la-chu-de-reims-mes-ano-2\/#Est-ce_quune_maladie_auto-immune_est_grave\" >Est-ce qu\u2019une maladie auto-immune est grave ?<\/a><ul class='ez-toc-list-level-4' ><li class='ez-toc-heading-level-4'><a class=\"ez-toc-link ez-toc-heading-15\" href=\"https:\/\/toukiela.com\/es\/quien-es-el-secretario-general-de-la-chu-de-reims-mes-ano-2\/#Comment_guerir_dune_maladie_auto-immune-2\" >Comment gu\u00e9rir d\u2019une maladie auto-immune ?<\/a><\/li><li class='ez-toc-page-1 ez-toc-heading-level-4'><a class=\"ez-toc-link ez-toc-heading-16\" href=\"https:\/\/toukiela.com\/es\/quien-es-el-secretario-general-de-la-chu-de-reims-mes-ano-2\/#Quelle_est_la_maladie_auto-immune_la_plus_grave\" >Quelle est la maladie auto-immune la plus grave ?<\/a><\/li><\/ul><\/li><\/ul><\/li><li class='ez-toc-page-1 ez-toc-heading-level-2'><a class=\"ez-toc-link ez-toc-heading-17\" href=\"https:\/\/toukiela.com\/es\/quien-es-el-secretario-general-de-la-chu-de-reims-mes-ano-2\/#Quelle_maladie_necessite_une_hospitalisation\" >Quelle maladie n\u00e9cessite une hospitalisation ?<\/a><ul class='ez-toc-list-level-3' ><li class='ez-toc-heading-level-3'><a class=\"ez-toc-link ez-toc-heading-18\" href=\"https:\/\/toukiela.com\/es\/quien-es-el-secretario-general-de-la-chu-de-reims-mes-ano-2\/#Qui_peut_beneficier_dune_hospitalisation_a_domicile\" >Qui peut b\u00e9n\u00e9ficier d\u2019une hospitalisation \u00e0 domicile ?<\/a><ul class='ez-toc-list-level-4' ><li class='ez-toc-heading-level-4'><a class=\"ez-toc-link ez-toc-heading-19\" href=\"https:\/\/toukiela.com\/es\/quien-es-el-secretario-general-de-la-chu-de-reims-mes-ano-2\/#Qui_demande_lHAD\" >Qui demande l\u2019HAD ?<\/a><\/li><li class='ez-toc-page-1 ez-toc-heading-level-4'><a class=\"ez-toc-link ez-toc-heading-20\" href=\"https:\/\/toukiela.com\/es\/quien-es-el-secretario-general-de-la-chu-de-reims-mes-ano-2\/#Qui_decide_dune_hospitalisation_a_domicile\" >Qui d\u00e9cide d\u2019une hospitalisation \u00e0 domicile ?<\/a><\/li><\/ul><\/li><li class='ez-toc-page-1 ez-toc-heading-level-3'><a class=\"ez-toc-link ez-toc-heading-21\" href=\"https:\/\/toukiela.com\/es\/quien-es-el-secretario-general-de-la-chu-de-reims-mes-ano-2\/#Quand_Parle-t-on_dhospitalisation\" >Quand Parle-t-on d\u2019hospitalisation ?<\/a><ul class='ez-toc-list-level-4' ><li class='ez-toc-heading-level-4'><a class=\"ez-toc-link ez-toc-heading-22\" href=\"https:\/\/toukiela.com\/es\/quien-es-el-secretario-general-de-la-chu-de-reims-mes-ano-2\/#Pourquoi_se_faire_hospitaliser\" >Pourquoi se faire hospitaliser ?<\/a><\/li><li class='ez-toc-page-1 ez-toc-heading-level-4'><a class=\"ez-toc-link ez-toc-heading-23\" href=\"https:\/\/toukiela.com\/es\/quien-es-el-secretario-general-de-la-chu-de-reims-mes-ano-2\/#Quand_hospitaliser_un_patient\" >Quand hospitaliser un patient ?<\/a><\/li><\/ul><\/li><li class='ez-toc-page-1 ez-toc-heading-level-3'><a class=\"ez-toc-link ez-toc-heading-24\" href=\"https:\/\/toukiela.com\/es\/quien-es-el-secretario-general-de-la-chu-de-reims-mes-ano-2\/#Pourquoi_on_peut_etre_hospitalise\" >Pourquoi on peut \u00eatre hospitalis\u00e9 ?<\/a><ul class='ez-toc-list-level-4' ><li class='ez-toc-heading-level-4'><a class=\"ez-toc-link ez-toc-heading-25\" href=\"https:\/\/toukiela.com\/es\/quien-es-el-secretario-general-de-la-chu-de-reims-mes-ano-2\/#Quand_hospitaliser_un_patient-2\" >Quand hospitaliser un patient ?<\/a><\/li><li class='ez-toc-page-1 ez-toc-heading-level-4'><a class=\"ez-toc-link ez-toc-heading-26\" href=\"https:\/\/toukiela.com\/es\/quien-es-el-secretario-general-de-la-chu-de-reims-mes-ano-2\/#Qui_peut_faire_hospitaliser_une_personne\" >Qui peut faire hospitaliser une personne ?<\/a><\/li><\/ul><\/li><\/ul><\/li><li class='ez-toc-page-1 ez-toc-heading-level-2'><a class=\"ez-toc-link ez-toc-heading-27\" href=\"https:\/\/toukiela.com\/es\/quien-es-el-secretario-general-de-la-chu-de-reims-mes-ano-2\/#Comment_se_passe_une_consultation_en_medecine_interne\" >Comment se passe une consultation en m\u00e9decine interne ?<\/a><ul class='ez-toc-list-level-3' ><li class='ez-toc-heading-level-3'><a class=\"ez-toc-link ez-toc-heading-28\" href=\"https:\/\/toukiela.com\/es\/quien-es-el-secretario-general-de-la-chu-de-reims-mes-ano-2\/#Quelle_est_la_difference_entre_un_medecin_et_un_interne\" >Quelle est la diff\u00e9rence entre un m\u00e9decin et un interne ?<\/a><ul class='ez-toc-list-level-4' ><li class='ez-toc-heading-level-4'><a class=\"ez-toc-link ez-toc-heading-29\" href=\"https:\/\/toukiela.com\/es\/quien-es-el-secretario-general-de-la-chu-de-reims-mes-ano-2\/#Est-ce_quun_interne_est_un_medecin\" >Est-ce qu\u2019un interne est un m\u00e9decin ?<\/a><\/li><li class='ez-toc-page-1 ez-toc-heading-level-4'><a class=\"ez-toc-link ez-toc-heading-30\" href=\"https:\/\/toukiela.com\/es\/quien-es-el-secretario-general-de-la-chu-de-reims-mes-ano-2\/#Quand_Est-on_interne_en_medecine\" >Quand Est-on interne en m\u00e9decine ?<\/a><\/li><\/ul><\/li><li class='ez-toc-page-1 ez-toc-heading-level-3'><a class=\"ez-toc-link ez-toc-heading-31\" href=\"https:\/\/toukiela.com\/es\/quien-es-el-secretario-general-de-la-chu-de-reims-mes-ano-2\/#Quels_sont_les_examens_que_lon_fait_passer_en_services_de_medecine_interne\" >Quels sont les examens que l\u2019on fait passer en services de m\u00e9decine interne ?<\/a><ul class='ez-toc-list-level-4' ><li class='ez-toc-heading-level-4'><a class=\"ez-toc-link ez-toc-heading-32\" href=\"https:\/\/toukiela.com\/es\/quien-es-el-secretario-general-de-la-chu-de-reims-mes-ano-2\/#Pourquoi_aller_en_medecine_interne\" >Pourquoi aller en m\u00e9decine interne ?<\/a><\/li><\/ul><\/li><\/ul><\/li><li class='ez-toc-page-1 ez-toc-heading-level-2'><a class=\"ez-toc-link ez-toc-heading-33\" href=\"https:\/\/toukiela.com\/es\/quien-es-el-secretario-general-de-la-chu-de-reims-mes-ano-2\/#Comment_reconnaitre_une_maladie_infectieuse\" >Comment reconna\u00eetre une maladie infectieuse ?<\/a><ul class='ez-toc-list-level-3' ><li class='ez-toc-heading-level-3'><a class=\"ez-toc-link ez-toc-heading-34\" href=\"https:\/\/toukiela.com\/es\/quien-es-el-secretario-general-de-la-chu-de-reims-mes-ano-2\/#Quelles_sont_les_principales_maladies_infectieuses\" >Quelles sont les principales maladies infectieuses ?<\/a><\/li><\/ul><\/li><li class='ez-toc-page-1 ez-toc-heading-level-2'><a class=\"ez-toc-link ez-toc-heading-35\" href=\"https:\/\/toukiela.com\/es\/quien-es-el-secretario-general-de-la-chu-de-reims-mes-ano-2\/#Quelle_est_la_maladie_Auto-immune_la_plus_grave\" >Quelle est la maladie Auto-immune la plus grave ?<\/a><ul class='ez-toc-list-level-3' ><li class='ez-toc-heading-level-3'><a class=\"ez-toc-link ez-toc-heading-36\" href=\"https:\/\/toukiela.com\/es\/quien-es-el-secretario-general-de-la-chu-de-reims-mes-ano-2\/#Comment_savoir_si_on_souffre_dune_maladie_auto-immune\" >Comment savoir si on souffre d\u2019une maladie auto-immune ?<\/a><ul class='ez-toc-list-level-4' ><li class='ez-toc-heading-level-4'><a class=\"ez-toc-link ez-toc-heading-37\" href=\"https:\/\/toukiela.com\/es\/quien-es-el-secretario-general-de-la-chu-de-reims-mes-ano-2\/#Est-ce_grave_davoir_une_maladie_auto-immune\" >Est-ce grave d\u2019avoir une maladie auto-immune ?<\/a><\/li><li class='ez-toc-page-1 ez-toc-heading-level-4'><a class=\"ez-toc-link ez-toc-heading-38\" href=\"https:\/\/toukiela.com\/es\/quien-es-el-secretario-general-de-la-chu-de-reims-mes-ano-2\/#Quelle_maladie_auto-immune_fatigue\" >Quelle maladie auto-immune fatigue ?<\/a><\/li><\/ul><\/li><li class='ez-toc-page-1 ez-toc-heading-level-3'><a class=\"ez-toc-link ez-toc-heading-39\" href=\"https:\/\/toukiela.com\/es\/quien-es-el-secretario-general-de-la-chu-de-reims-mes-ano-2\/#Quelle_maladie_auto-immune_fatigue-2\" >Quelle maladie auto-immune fatigue ?<\/a><ul class='ez-toc-list-level-4' ><li class='ez-toc-heading-level-4'><a class=\"ez-toc-link ez-toc-heading-40\" href=\"https:\/\/toukiela.com\/es\/quien-es-el-secretario-general-de-la-chu-de-reims-mes-ano-2\/#Est-ce_quune_maladie_Auto-immune_fatigue\" >Est-ce qu\u2019une maladie Auto-immune fatigue ?<\/a><\/li><\/ul><\/li><\/ul><\/li><\/ul><\/nav><\/div>\n<h2 class=\"wp-block-heading\"><span class=\"ez-toc-section\" id=\"Est-ce_que_le_cancer_est_une_maladie_auto-immune\"><\/span>Est-ce que le cancer est une maladie auto-immune ?<span class=\"ez-toc-section-end\"><\/span><\/h2>\r\n\r\n\r\n\r\n<figure><img decoding=\"async\" class=\"attachment-full size-full\" src=\"https:\/\/toukiela.com\/wp-content\/uploads\/2022\/06\/Est-ce-que-le-cancer-est-une-maladie-auto-immune-.jpeg\" sizes=\"(max-width: 247px) 100vw, 247px\" srcset=\"https:\/\/i0.wp.com\/toukiela.com\/wp-content\/uploads\/2022\/06\/Est-ce-que-le-cancer-est-une-maladie-auto-immune-.jpeg?w=247&amp;ssl=1 247w, https:\/\/i0.wp.com\/toukiela.com\/wp-content\/uploads\/2022\/06\/Est-ce-que-le-cancer-est-une-maladie-auto-immune-.jpeg?resize=125%2C300&amp;ssl=1 125w, https:\/\/i0.wp.com\/toukiela.com\/wp-content\/uploads\/2022\/06\/Est-ce-que-le-cancer-est-une-maladie-auto-immune-.jpeg?resize=5%2C12&amp;ssl=1 5w, https:\/\/i0.wp.com\/toukiela.com\/wp-content\/uploads\/2022\/06\/Est-ce-que-le-cancer-est-une-maladie-auto-immune-.jpeg?resize=21%2C50&amp;ssl=1 21w\" alt=\"Est-ce que le cancer est une maladie auto-immune ?\" width=\"247\" height=\"593\"><\/figure>\r\n\r\n\r\n\r\n<p>Les cancers peuvent \u00eatre \u00e0 l\u2019origine de manifestations auto-immunes dont le champ d\u2019expression est vari\u00e9. Les liens \u00e9troits entre auto-immunit\u00e9 et lymphog\u00e9n\u00e8se se d\u00e9mant\u00e8lent progressivement, ces deux \u00e9v\u00e9nements pouvant correspondre \u00e0 des facettes d\u2019un m\u00eame processus.<\/p>\r\n\r\n\r\n\r\n<p>Comment se soigner quand on a une maladie auto-immune ? Le traitement immunologique des maladies auto-immunes repose sur trois points : supprimer les AcA pathog\u00e8nes (plasmaph\u00e9r\u00e8se), pr\u00e9venir leur production en agissant sur l\u2019activation des lymphocytes et sur la synth\u00e8se des cytokines (immunosuppresseurs tels que les cortico\u00efdes, la cyclosporine A, les mol\u00e9cules interf\u00e9rentes\u2026<\/p>\r\n\r\n\r\n\r\n<h3 class=\"wp-block-heading\"><span class=\"ez-toc-section\" id=\"Quel_sont_les_maladies_Auto-immune\"><\/span>Quel sont les maladies Auto-immune ?<span class=\"ez-toc-section-end\"><\/span><\/h3>\r\n\r\n\r\n\r\n<p>Les maladies auto-immunes r\u00e9sultent d\u2019un dysfonctionnement du syst\u00e8me immunitaire le conduisant \u00e0 s\u2019attaquer aux constituants normaux de l\u2019organisme. C\u2019est par exemple le cas dans le diab\u00e8te de type 1, la scl\u00e9rose en plaques ou la polyarthrite rhumato\u00efde.<\/p>\r\n\r\n\r\n\r\n<h4 class=\"wp-block-heading\"><span class=\"ez-toc-section\" id=\"Quelles_sont_les_maladies_Auto-immunes_les_plus_courantes\"><\/span>Quelles sont les maladies Auto-immunes les plus courantes ?<span class=\"ez-toc-section-end\"><\/span><\/h4>\r\n\r\n\r\n\r\n<p>Maladies auto-immunes. Psoriasis, scl\u00e9rose en plaques, polyarthrite rhumato\u00efde, diab\u00e8te de type 1, lupus, maladies inflammatoires de l\u2019intestin (MICI) comme la maladie de Crohn, syndrome de Guillain Barr\u00e9, vitiligo, etc.<\/p>\r\n\r\n\r\n\r\n<h4 class=\"wp-block-heading\"><span class=\"ez-toc-section\" id=\"Quelles_sont_les_80_maladies_Auto-immunes\"><\/span>Quelles sont les 80 maladies Auto-immunes ?<span class=\"ez-toc-section-end\"><\/span><\/h4>\r\n\r\n\r\n\r\n<figure class=\"wp-block-table is-style-regular\">\r\n<table>\r\n<tbody>\r\n<tr>\r\n<th>Maladie<\/th>\r\n<th>Organe affect\u00e9<\/th>\r\n<\/tr>\r\n<tr>\r\n<td>Diab\u00e8te H\u00e9patite auto-immune An\u00e9mie auto-immune Syndrome de Goodpasture Myasth\u00e9nie Maladie coeliaque Vitiligo<\/td>\r\n<td>Pancr\u00e9as Foie Globule rouge Rein Muscle Intestin Peau<\/td>\r\n<\/tr>\r\n<\/tbody>\r\n<\/table>\r\n<\/figure>\r\n\r\n\r\n\r\n<h3 class=\"wp-block-heading\"><span class=\"ez-toc-section\" id=\"Comment_savoir_si_on_a_une_maladie_Auto-immune\"><\/span>Comment savoir si on a une maladie Auto-immune ?<span class=\"ez-toc-section-end\"><\/span><\/h3>\r\n\r\n\r\n\r\n<p>Le diagnostic se fera en explorant l\u2019organe atteint par des prises de sang ou des examens d\u2019imagerie, et en recherchant dans le sang des signes d\u2019auto-immunit\u00e9, et notamment la recherche d\u2019auto-anticorps. . L\u2019\u00e9volution d\u2019une maladie auto-immune est diff\u00e9rente pour chaque patient.<\/p>\r\n\r\n\r\n\r\n<h4 class=\"wp-block-heading\"><span class=\"ez-toc-section\" id=\"Quelle_maladie_Auto-immune_fatigue\"><\/span>Quelle maladie Auto-immune fatigue ?<span class=\"ez-toc-section-end\"><\/span><\/h4>\r\n\r\n\r\n\r\n<p>La myasth\u00e9nie grave est une maladie auto-immune (l\u2019organisme retourne ses propres d\u00e9fenses immunitaires contre lui-m\u00eame), neuromusculaire entra\u00eenant fatigue et faiblesse musculaire\u2026<\/p>\r\n\r\n\r\n\r\n<h4 class=\"wp-block-heading\"><span class=\"ez-toc-section\" id=\"Quels_sont_les_symptomes_dune_maladie_Auto-immune\"><\/span>Quels sont les sympt\u00f4mes d\u2019une maladie Auto-immune ?<span class=\"ez-toc-section-end\"><\/span><\/h4>\r\n\r\n\r\n\r\n<p>Les maladies auto-immunes sont des pathologies li\u00e9es \u00e0 un dysfonctionnement du syst\u00e8me immunitaire. Par exemple, diab\u00e8te de type 1, lupus syst\u00e9mique, polyarthrite rhumato\u00efde, scl\u00e9rose en plaques\u2026 Sympt\u00f4mes : douleurs, insuffisance r\u00e9nale\u2026<\/p>\r\n\r\n\r\n\r\n<ul class=\"wp-block-list\">\r\n<li>douleurs localis\u00e9es,<\/li>\r\n<li>rougeur,<\/li>\r\n<li>gonflement\u2026.<\/li>\r\n<\/ul>\r\n\r\n\r\n\r\n<h3 class=\"wp-block-heading\"><span class=\"ez-toc-section\" id=\"Quelle_est_la_maladie_Auto-immune_la_plus_frequente\"><\/span>Quelle est la maladie Auto-immune la plus fr\u00e9quente ?<span class=\"ez-toc-section-end\"><\/span><\/h3>\r\n\r\n\r\n\r\n<p>La maladie de Basedow est la forme la plus courante de thyro\u00efdite auto-immune. Chez les personnes touch\u00e9es, 1 % de la population, surtout les femmes, les anticorps attaquent la thyro\u00efde, une glande dont le r\u00f4le est la s\u00e9cr\u00e9tion et la r\u00e9gulation des hormones.<\/p>\r\n\r\n\r\n\r\n<h2 class=\"wp-block-heading\"><span class=\"ez-toc-section\" id=\"Quelle_est_la_maladie_auto-immune_la_plus_frequente\"><\/span>Quelle est la maladie auto-immune la plus fr\u00e9quente ?<span class=\"ez-toc-section-end\"><\/span><\/h2>\r\n\r\n\r\n\r\n<figure><img decoding=\"async\" class=\"attachment-full size-full\" src=\"https:\/\/toukiela.com\/wp-content\/uploads\/2022\/06\/Quelle-est-la-maladie-auto-immune-la-plus-frequente-.jpeg\" sizes=\"(max-width: 1210px) 100vw, 1210px\" srcset=\"https:\/\/i0.wp.com\/toukiela.com\/wp-content\/uploads\/2022\/06\/Quelle-est-la-maladie-auto-immune-la-plus-frequente-.jpeg?w=1210&amp;ssl=1 1210w, https:\/\/i0.wp.com\/toukiela.com\/wp-content\/uploads\/2022\/06\/Quelle-est-la-maladie-auto-immune-la-plus-frequente-.jpeg?resize=226%2C300&amp;ssl=1 226w, https:\/\/i0.wp.com\/toukiela.com\/wp-content\/uploads\/2022\/06\/Quelle-est-la-maladie-auto-immune-la-plus-frequente-.jpeg?resize=773%2C1024&amp;ssl=1 773w, https:\/\/i0.wp.com\/toukiela.com\/wp-content\/uploads\/2022\/06\/Quelle-est-la-maladie-auto-immune-la-plus-frequente-.jpeg?resize=768%2C1017&amp;ssl=1 768w, https:\/\/i0.wp.com\/toukiela.com\/wp-content\/uploads\/2022\/06\/Quelle-est-la-maladie-auto-immune-la-plus-frequente-.jpeg?resize=1159%2C1536&amp;ssl=1 1159w, https:\/\/i0.wp.com\/toukiela.com\/wp-content\/uploads\/2022\/06\/Quelle-est-la-maladie-auto-immune-la-plus-frequente-.jpeg?resize=9%2C12&amp;ssl=1 9w, https:\/\/i0.wp.com\/toukiela.com\/wp-content\/uploads\/2022\/06\/Quelle-est-la-maladie-auto-immune-la-plus-frequente-.jpeg?resize=38%2C50&amp;ssl=1 38w, https:\/\/i0.wp.com\/toukiela.com\/wp-content\/uploads\/2022\/06\/Quelle-est-la-maladie-auto-immune-la-plus-frequente-.jpeg?resize=1080%2C1431&amp;ssl=1 1080w, https:\/\/i0.wp.com\/toukiela.com\/wp-content\/uploads\/2022\/06\/Quelle-est-la-maladie-auto-immune-la-plus-frequente-.jpeg?resize=980%2C1298&amp;ssl=1 980w, https:\/\/i0.wp.com\/toukiela.com\/wp-content\/uploads\/2022\/06\/Quelle-est-la-maladie-auto-immune-la-plus-frequente-.jpeg?resize=480%2C636&amp;ssl=1 480w\" alt=\"Quelle est la maladie auto-immune la plus fr\u00e9quente ?\" width=\"1210\" height=\"1603\"><\/figure>\r\n\r\n\r\n\r\n<p>La maladie de Basedow est la forme la plus courante de thyro\u00efdite auto-immune. Chez les personnes touch\u00e9es, 1 % de la population, surtout les femmes, les anticorps attaquent la thyro\u00efde, une glande dont le r\u00f4le est la s\u00e9cr\u00e9tion et la r\u00e9gulation des hormones.<\/p>\r\n\r\n\r\n\r\n<p>Comment se d\u00e9clenche une maladie auto-immune ? L\u2019origine des maladies auto-immunes reste mal comprise. Une association de plusieurs facteurs environnementaux, hormonaux, g\u00e9n\u00e9tiques, m\u00e9dicamenteux, infectieux et psychologiques est tr\u00e8s probable.<\/p>\r\n\r\n\r\n\r\n<h3 class=\"wp-block-heading\"><span class=\"ez-toc-section\" id=\"Quelles_sont_les_80_maladies_Auto-immunes-2\"><\/span>Quelles sont les 80 maladies Auto-immunes ?<span class=\"ez-toc-section-end\"><\/span><\/h3>\r\n\r\n\r\n\r\n<figure class=\"wp-block-table is-style-regular\">\r\n<table>\r\n<tbody>\r\n<tr>\r\n<th>Maladie<\/th>\r\n<th>Organe affect\u00e9<\/th>\r\n<\/tr>\r\n<tr>\r\n<td>Diab\u00e8te H\u00e9patite auto-immune An\u00e9mie auto-immune Syndrome de Goodpasture Myasth\u00e9nie Maladie coeliaque Vitiligo<\/td>\r\n<td>Pancr\u00e9as Foie Globule rouge Rein Muscle Intestin Peau<\/td>\r\n<\/tr>\r\n<\/tbody>\r\n<\/table>\r\n<\/figure>\r\n\r\n\r\n\r\n<h3 class=\"wp-block-heading\"><span class=\"ez-toc-section\" id=\"Quelles_sont_les_maladies_Auto-immunes_les_plus_courantes-2\"><\/span>Quelles sont les maladies Auto-immunes les plus courantes ?<span class=\"ez-toc-section-end\"><\/span><\/h3>\r\n\r\n\r\n\r\n<p>Maladies auto-immunes. Psoriasis, scl\u00e9rose en plaques, polyarthrite rhumato\u00efde, diab\u00e8te de type 1, lupus, maladies inflammatoires de l\u2019intestin (MICI) comme la maladie de Crohn, syndrome de Guillain Barr\u00e9, vitiligo, etc.<\/p>\r\n\r\n\r\n\r\n<h4 class=\"wp-block-heading\"><span class=\"ez-toc-section\" id=\"Comment_guerir_dune_maladie_auto-immune\"><\/span>Comment gu\u00e9rir d\u2019une maladie auto-immune ?<span class=\"ez-toc-section-end\"><\/span><\/h4>\r\n\r\n\r\n\r\n<p>\u00c0 proprement parler, il n\u2019y a pas de rem\u00e8de pour une maladie auto-immune, mais les traitements peuvent r\u00e9duire ou m\u00eame \u00e9liminer les sympt\u00f4mes. Cependant, un traitement \u00e0 vie est parfois n\u00e9cessaire.<\/p>\r\n\r\n\r\n\r\n<h4 class=\"wp-block-heading\"><span class=\"ez-toc-section\" id=\"Quelles_sont_les_maladies_Auto-immunes_systemiques_rares\"><\/span>Quelles sont les maladies Auto-immunes syst\u00e9miques rares ?<span class=\"ez-toc-section-end\"><\/span><\/h4>\r\n\r\n\r\n\r\n<p>Centre National de R\u00e9f\u00e9rence des Maladies Auto-immunes Syst\u00e9miques\u2026<\/p>\r\n\r\n\r\n\r\n<ul class=\"wp-block-list\">\r\n<li>Lupus.<\/li>\r\n<li>Le syndrome de Sjogren.<\/li>\r\n<li>Syndrome des antiphospholipides.<\/li>\r\n<li>Connectivit\u00e9 mixte.<\/li>\r\n<li>Scl\u00e9rodermie.<\/li>\r\n<li>Myosite.<\/li>\r\n<li>Vascularite.<\/li>\r\n<\/ul>\r\n\r\n\r\n\r\n<h3 class=\"wp-block-heading\"><span class=\"ez-toc-section\" id=\"Est-ce_quune_maladie_auto-immune_est_grave\"><\/span>Est-ce qu\u2019une maladie auto-immune est grave ?<span class=\"ez-toc-section-end\"><\/span><\/h3>\r\n\r\n\r\n\r\n<p>Certaines maladies auto-immunes gu\u00e9rissent aussi inexplicablement qu\u2019elles apparaissent. Cependant, la plupart d\u2019entre eux sont chroniques. Des m\u00e9dicaments \u00e0 vie sont souvent n\u00e9cessaires pour contr\u00f4ler les sympt\u00f4mes. Le pronostic varie selon la maladie.<\/p>\r\n\r\n\r\n\r\n<h4 class=\"wp-block-heading\"><span class=\"ez-toc-section\" id=\"Comment_guerir_dune_maladie_auto-immune-2\"><\/span>Comment gu\u00e9rir d\u2019une maladie auto-immune ?<span class=\"ez-toc-section-end\"><\/span><\/h4>\r\n\r\n\r\n\r\n<p>\u00c0 proprement parler, il n\u2019y a pas de rem\u00e8de pour une maladie auto-immune, mais les traitements peuvent r\u00e9duire ou m\u00eame \u00e9liminer les sympt\u00f4mes. Cependant, un traitement \u00e0 vie est parfois n\u00e9cessaire.<\/p>\r\n\r\n\r\n\r\n<h4 class=\"wp-block-heading\"><span class=\"ez-toc-section\" id=\"Quelle_est_la_maladie_auto-immune_la_plus_grave\"><\/span>Quelle est la maladie auto-immune la plus grave ?<span class=\"ez-toc-section-end\"><\/span><\/h4>\r\n\r\n\r\n\r\n<p>Scl\u00e9rose en plaques Le syst\u00e8me immunitaire des personnes atteintes d\u00e9truit la my\u00e9line (sorte de gaine isolante des cellules nerveuses du cerveau et de la moelle \u00e9pini\u00e8re), ce qui alt\u00e8re la capacit\u00e9 des diff\u00e9rentes parties du syst\u00e8me nerveux \u00e0 communiquer entre elles.<\/p>\r\n\r\n\r\n\r\n<h2 class=\"wp-block-heading\"><span class=\"ez-toc-section\" id=\"Quelle_maladie_necessite_une_hospitalisation\"><\/span>Quelle maladie n\u00e9cessite une hospitalisation ?<span class=\"ez-toc-section-end\"><\/span><\/h2>\r\n\r\n\r\n\r\n<figure><img decoding=\"async\" class=\"attachment-full size-full\" src=\"https:\/\/toukiela.com\/wp-content\/uploads\/2022\/06\/Quelle-maladie-necessite-une-hospitalisation-.jpeg\" sizes=\"(max-width: 800px) 100vw, 800px\" srcset=\"https:\/\/i0.wp.com\/toukiela.com\/wp-content\/uploads\/2022\/06\/Quelle-maladie-necessite-une-hospitalisation-.jpeg?w=800&amp;ssl=1 800w, https:\/\/i0.wp.com\/toukiela.com\/wp-content\/uploads\/2022\/06\/Quelle-maladie-necessite-une-hospitalisation-.jpeg?resize=300%2C185&amp;ssl=1 300w, https:\/\/i0.wp.com\/toukiela.com\/wp-content\/uploads\/2022\/06\/Quelle-maladie-necessite-une-hospitalisation-.jpeg?resize=768%2C473&amp;ssl=1 768w, https:\/\/i0.wp.com\/toukiela.com\/wp-content\/uploads\/2022\/06\/Quelle-maladie-necessite-une-hospitalisation-.jpeg?resize=18%2C12&amp;ssl=1 18w, https:\/\/i0.wp.com\/toukiela.com\/wp-content\/uploads\/2022\/06\/Quelle-maladie-necessite-une-hospitalisation-.jpeg?resize=50%2C31&amp;ssl=1 50w, https:\/\/i0.wp.com\/toukiela.com\/wp-content\/uploads\/2022\/06\/Quelle-maladie-necessite-une-hospitalisation-.jpeg?resize=480%2C296&amp;ssl=1 480w\" alt=\"Quelle maladie n\u00e9cessite une hospitalisation ?\" width=\"800\" height=\"493\"><\/figure>\r\n\r\n\r\n\r\n<p>Maladies et blessures courantes<\/p>\r\n\r\n\r\n\r\n<ul class=\"wp-block-list\">\r\n<li>AVC ou Accident Vasculaire C\u00e9r\u00e9bral (AVC)\u2026<\/li>\r\n<li>Asthme. \u2026<\/li>\r\n<li>Br\u00fblures. \u2026<\/li>\r\n<li>Coupures et blessures. \u2026<\/li>\r\n<li>Corps \u00e9tranger dans l\u2019oeil. \u2026<\/li>\r\n<li>Corps \u00e9tranger dans le nez ou l\u2019oreille. \u2026<\/li>\r\n<li>Coup de chaleur. \u2026<\/li>\r\n<li>Saisies.<\/li>\r\n<\/ul>\r\n\r\n\r\n\r\n<p>Quelles sont les maladies les plus courantes ?<\/p>\r\n\r\n\r\n\r\n<h3 class=\"wp-block-heading\"><span class=\"ez-toc-section\" id=\"Qui_peut_beneficier_dune_hospitalisation_a_domicile\"><\/span>Qui peut b\u00e9n\u00e9ficier d\u2019une hospitalisation \u00e0 domicile ?<span class=\"ez-toc-section-end\"><\/span><\/h3>\r\n\r\n\r\n\r\n<p>Les seules personnes qui peuvent autoriser une hospitalisation \u00e0 domicile sont : le m\u00e9decin hospitalier ; le m\u00e9decin traitant charg\u00e9 de vos soins ; l\u2019\u00e9quipe de coordination de l\u2019HAD.<\/p>\r\n\r\n\r\n\r\n<h4 class=\"wp-block-heading\"><span class=\"ez-toc-section\" id=\"Qui_demande_lHAD\"><\/span>Qui demande l\u2019HAD ?<span class=\"ez-toc-section-end\"><\/span><\/h4>\r\n\r\n\r\n\r\n<p>L\u2019HAH peut \u00eatre demand\u00e9e : par votre m\u00e9decin g\u00e9n\u00e9raliste, par le m\u00e9decin hospitalier (apr\u00e8s une consultation hospitali\u00e8re ou suite \u00e0 une hospitalisation par exemple).<\/p>\r\n\r\n\r\n\r\n<h4 class=\"wp-block-heading\"><span class=\"ez-toc-section\" id=\"Qui_decide_dune_hospitalisation_a_domicile\"><\/span>Qui d\u00e9cide d\u2019une hospitalisation \u00e0 domicile ?<span class=\"ez-toc-section-end\"><\/span><\/h4>\r\n\r\n\r\n\r\n<p>Qui d\u00e9cide d\u2019un HAD? Seul un m\u00e9decin hospitalier ou un m\u00e9decin traitant peut orienter une personne vers l\u2019HAD.<\/p>\r\n\r\n\r\n\r\n<h3 class=\"wp-block-heading\"><span class=\"ez-toc-section\" id=\"Quand_Parle-t-on_dhospitalisation\"><\/span>Quand Parle-t-on d\u2019hospitalisation ?<span class=\"ez-toc-section-end\"><\/span><\/h3>\r\n\r\n\r\n\r\n<p>Le patient est consid\u00e9r\u00e9 en hospitalisation compl\u00e8te \u00e0 partir du moment o\u00f9 sa prise en charge n\u00e9cessite un h\u00e9bergement \u00e0 la clinique et un lit lui est donc attribu\u00e9. Au minimum, vous passez une nuit \u00e0 l\u2019h\u00f4pital. Selon vos besoins, les soins peuvent prendre plusieurs jours voire plusieurs mois.<\/p>\r\n\r\n\r\n\r\n<h4 class=\"wp-block-heading\"><span class=\"ez-toc-section\" id=\"Pourquoi_se_faire_hospitaliser\"><\/span>Pourquoi se faire hospitaliser ?<span class=\"ez-toc-section-end\"><\/span><\/h4>\r\n\r\n\r\n\r\n<p>Pourquoi l\u2019hospitalisation ? L\u2019hospitalisation vous permet de sortir de votre cadre de vie habituel, de vous concentrer sur vous-m\u00eame et sur votre r\u00e9tablissement. L\u2019hospitalisation peut \u00eatre une solution lorsque la d\u00e9pression n\u2019a pas pu \u00eatre surmont\u00e9e en dehors de l\u2019h\u00f4pital ou qu\u2019elle a atteint un degr\u00e9 avanc\u00e9.<\/p>\r\n\r\n\r\n\r\n<h4 class=\"wp-block-heading\"><span class=\"ez-toc-section\" id=\"Quand_hospitaliser_un_patient\"><\/span>Quand hospitaliser un patient ?<span class=\"ez-toc-section-end\"><\/span><\/h4>\r\n\r\n\r\n\r\n<p>(malade seul \u00e0 son domicile, absence ou insuffisance d\u2019aide familiale ou professionnelle, etc.). l\u2019h\u00f4pital s\u2019est av\u00e9r\u00e9 inefficace; \u2022 le patient ne s\u2019hydrate plus ou ne mange plus suffisamment ; l\u2019environnement professionnel ou familial ne peut plus garantir la qualit\u00e9 des soins.<\/p>\r\n\r\n\r\n\r\n<h3 class=\"wp-block-heading\"><span class=\"ez-toc-section\" id=\"Pourquoi_on_peut_etre_hospitalise\"><\/span>Pourquoi on peut \u00eatre hospitalis\u00e9 ?<span class=\"ez-toc-section-end\"><\/span><\/h3>\r\n\r\n\r\n\r\n<p>Pourquoi l\u2019hospitalisation ? L\u2019hospitalisation vous permet de sortir de votre cadre de vie habituel, de vous concentrer sur vous-m\u00eame et sur votre r\u00e9tablissement. L\u2019hospitalisation peut \u00eatre une solution lorsque la d\u00e9pression n\u2019a pas pu \u00eatre surmont\u00e9e en dehors de l\u2019h\u00f4pital ou qu\u2019elle a atteint un degr\u00e9 avanc\u00e9.<\/p>\r\n\r\n\r\n\r\n<h4 class=\"wp-block-heading\"><span class=\"ez-toc-section\" id=\"Quand_hospitaliser_un_patient-2\"><\/span>Quand hospitaliser un patient ?<span class=\"ez-toc-section-end\"><\/span><\/h4>\r\n\r\n\r\n\r\n<p>(malade seul \u00e0 son domicile, absence ou insuffisance d\u2019aide familiale ou professionnelle, etc.). l\u2019h\u00f4pital s\u2019est av\u00e9r\u00e9 inefficace; \u2022 le patient ne s\u2019hydrate plus ou ne mange plus suffisamment ; l\u2019environnement professionnel ou familial ne peut plus garantir la qualit\u00e9 des soins.<\/p>\r\n\r\n\r\n\r\n<h4 class=\"wp-block-heading\"><span class=\"ez-toc-section\" id=\"Qui_peut_faire_hospitaliser_une_personne\"><\/span>Qui peut faire hospitaliser une personne ?<span class=\"ez-toc-section-end\"><\/span><\/h4>\r\n\r\n\r\n\r\n<p>Selon le site du Service Public, un membre de sa famille peut adresser une lettre et deux certificats m\u00e9dicaux r\u00e9cents \u00e0 la direction d\u2019un \u00e9tablissement de sant\u00e9, si l\u2019\u00e9tat de la personne l\u2019emp\u00eache de donner son consentement ou si son \u00e9tat impose une prise en charge imm\u00e9diate. C\u2019est une hospitalisation \u00e0 la demande d\u2019un tiers.<\/p>\r\n\r\n\r\n\r\n<h2 class=\"wp-block-heading\"><span class=\"ez-toc-section\" id=\"Comment_se_passe_une_consultation_en_medecine_interne\"><\/span>Comment se passe une consultation en m\u00e9decine interne ?<span class=\"ez-toc-section-end\"><\/span><\/h2>\r\n\r\n\r\n\r\n<figure><img decoding=\"async\" class=\"attachment-full size-full\" src=\"https:\/\/toukiela.com\/wp-content\/uploads\/2022\/06\/Comment-se-passe-une-consultation-en-medecine-interne-.jpeg\" sizes=\"(max-width: 870px) 100vw, 870px\" srcset=\"https:\/\/i0.wp.com\/toukiela.com\/wp-content\/uploads\/2022\/06\/Comment-se-passe-une-consultation-en-medecine-interne-.jpeg?w=870&amp;ssl=1 870w, https:\/\/i0.wp.com\/toukiela.com\/wp-content\/uploads\/2022\/06\/Comment-se-passe-une-consultation-en-medecine-interne-.jpeg?resize=300%2C169&amp;ssl=1 300w, https:\/\/i0.wp.com\/toukiela.com\/wp-content\/uploads\/2022\/06\/Comment-se-passe-une-consultation-en-medecine-interne-.jpeg?resize=768%2C432&amp;ssl=1 768w, https:\/\/i0.wp.com\/toukiela.com\/wp-content\/uploads\/2022\/06\/Comment-se-passe-une-consultation-en-medecine-interne-.jpeg?resize=18%2C10&amp;ssl=1 18w, https:\/\/i0.wp.com\/toukiela.com\/wp-content\/uploads\/2022\/06\/Comment-se-passe-une-consultation-en-medecine-interne-.jpeg?resize=50%2C28&amp;ssl=1 50w, https:\/\/i0.wp.com\/toukiela.com\/wp-content\/uploads\/2022\/06\/Comment-se-passe-une-consultation-en-medecine-interne-.jpeg?resize=480%2C270&amp;ssl=1 480w\" alt=\"Comment se passe une consultation en m\u00e9decine interne ?\" width=\"870\" height=\"489\"><\/figure>\r\n\r\n\r\n\r\n<p>Comment se d\u00e9roule une consultation de m\u00e9decine interne ? L\u2019interniste regarde le patient dans son ensemble. Cette approche n\u00e9cessite souvent de nombreux examens pour poser un diagnostic et \u00e9valuer avec pr\u00e9cision l\u2019\u00e9tat de sant\u00e9 du patient avant d\u2019envisager un traitement.<\/p>\r\n\r\n\r\n\r\n<p>Quelles sont les maladies internes? Les pathologies les plus souvent rencontr\u00e9es telles que les maladies g\u00e9n\u00e9rales (inflammatoires ou auto-immunes), les maladies infectieuses, vasculaires, h\u00e9matologiques, cardiovasculaires et pulmonaires. Les internistes coordonnent les avis des sp\u00e9cialistes d\u2019organes et organisent les soins et les traitements.<\/p>\r\n\r\n\r\n\r\n<h3 class=\"wp-block-heading\"><span class=\"ez-toc-section\" id=\"Quelle_est_la_difference_entre_un_medecin_et_un_interne\"><\/span>Quelle est la diff\u00e9rence entre un m\u00e9decin et un interne ?<span class=\"ez-toc-section-end\"><\/span><\/h3>\r\n\r\n\r\n\r\n<p>Un m\u00e9decin\u2026 Aux termes de la loi, l\u2019interne est un \u00ab praticien en formation sp\u00e9cialis\u00e9e \u00bb, c\u2019est-\u00e0-dire un m\u00e9decin, certes, mais en formation.<\/p>\r\n\r\n\r\n\r\n<h4 class=\"wp-block-heading\"><span class=\"ez-toc-section\" id=\"Est-ce_quun_interne_est_un_medecin\"><\/span>Est-ce qu\u2019un interne est un m\u00e9decin ?<span class=\"ez-toc-section-end\"><\/span><\/h4>\r\n\r\n\r\n\r\n<p>L\u2019interne est donc m\u00e9decin d\u00e9l\u00e9gu\u00e9, c\u2019est-\u00e0-dire qu\u2019il ne peut exercer que sous la responsabilit\u00e9 d\u2019un m\u00e9decin-chef du centre hospitalier dont il d\u00e9pend. G\u00e9n\u00e9ralement ce r\u00e9f\u00e9rent est le chef de service.<\/p>\r\n\r\n\r\n\r\n<h4 class=\"wp-block-heading\"><span class=\"ez-toc-section\" id=\"Quand_Est-on_interne_en_medecine\"><\/span>Quand Est-on interne en m\u00e9decine ?<span class=\"ez-toc-section-end\"><\/span><\/h4>\r\n\r\n\r\n\r\n<p>L\u2019interne est un \u00e9tudiant ayant valid\u00e9 les 6 premi\u00e8res ann\u00e9es de M\u00e9decine. S\u2019il vient au cabinet pour un stage, c\u2019est parce qu\u2019il a choisi la m\u00e9decine g\u00e9n\u00e9rale apr\u00e8s avoir r\u00e9ussi l\u2019examen de stage. Le stage d\u00e9bute soit le 1er mai soit le 1er novembre et dure 6 mois.<\/p>\r\n\r\n\r\n\r\n<h3 class=\"wp-block-heading\"><span class=\"ez-toc-section\" id=\"Quels_sont_les_examens_que_lon_fait_passer_en_services_de_medecine_interne\"><\/span>Quels sont les examens que l\u2019on fait passer en services de m\u00e9decine interne ?<span class=\"ez-toc-section-end\"><\/span><\/h3>\r\n\r\n\r\n\r\n<p>Les examens qui pourront \u00eatre propos\u00e9s seront une prise de sang, une analyse de selles, une radiographie, une \u00e9chographie ou un examen endoscopique.<\/p>\r\n\r\n\r\n\r\n<h4 class=\"wp-block-heading\"><span class=\"ez-toc-section\" id=\"Pourquoi_aller_en_medecine_interne\"><\/span>Pourquoi aller en m\u00e9decine interne ?<span class=\"ez-toc-section-end\"><\/span><\/h4>\r\n\r\n\r\n\r\n<p>Le patient vient en effet consulter un interniste lorsqu\u2019il a des sympt\u00f4mes inexpliqu\u00e9s et\/ou multiples qui s\u2019\u00e9ternisent. L\u2019interniste essaie de relier les diff\u00e9rents sympt\u00f4mes entre eux et d\u2019en faire une synth\u00e8se, afin d\u2019arriver \u00e0 un diagnostic.<\/p>\r\n\r\n\r\n\r\n<h2 class=\"wp-block-heading\"><span class=\"ez-toc-section\" id=\"Comment_reconnaitre_une_maladie_infectieuse\"><\/span>Comment reconna\u00eetre une maladie infectieuse ?<span class=\"ez-toc-section-end\"><\/span><\/h2>\r\n\r\n\r\n\r\n<figure><img decoding=\"async\" class=\"attachment-full size-full\" src=\"https:\/\/toukiela.com\/wp-content\/uploads\/2022\/06\/Comment-reconnaitre-une-maladie-infectieuse-.jpeg\" sizes=\"(max-width: 768px) 100vw, 768px\" srcset=\"https:\/\/i0.wp.com\/toukiela.com\/wp-content\/uploads\/2022\/06\/Comment-reconnaitre-une-maladie-infectieuse-.jpeg?w=768&amp;ssl=1 768w, https:\/\/i0.wp.com\/toukiela.com\/wp-content\/uploads\/2022\/06\/Comment-reconnaitre-une-maladie-infectieuse-.jpeg?resize=300%2C199&amp;ssl=1 300w, https:\/\/i0.wp.com\/toukiela.com\/wp-content\/uploads\/2022\/06\/Comment-reconnaitre-une-maladie-infectieuse-.jpeg?resize=18%2C12&amp;ssl=1 18w, https:\/\/i0.wp.com\/toukiela.com\/wp-content\/uploads\/2022\/06\/Comment-reconnaitre-une-maladie-infectieuse-.jpeg?resize=50%2C33&amp;ssl=1 50w, https:\/\/i0.wp.com\/toukiela.com\/wp-content\/uploads\/2022\/06\/Comment-reconnaitre-une-maladie-infectieuse-.jpeg?resize=480%2C318&amp;ssl=1 480w\" alt=\"Comment reconna\u00eetre une maladie infectieuse ?\" width=\"768\" height=\"509\"><\/figure>\r\n\r\n\r\n\r\n<p>Sympt\u00f4mes des maladies infectieuses Les signes cliniques varient selon les maladies infectieuses mais peuvent \u00eatre des \u00e9ruptions cutan\u00e9es, de la fi\u00e8vre, des maux de t\u00eate, de l\u2019agitation ou de l\u2019apathie. La rougeole, le paludisme et le sida sont des maladies infectieuses.<\/p>\r\n\r\n\r\n\r\n<p>Quelle est la condition d\u2019une maladie infectieuse? Les maladies infectieuses sont caus\u00e9es par des micro-organismes pathog\u00e8nes, tels que des bact\u00e9ries, des virus, des parasites ou des champignons. Ces maladies peuvent se propager dans l\u2019environnement ou \u00eatre transmises d\u2019une personne \u00e0 l\u2019autre, entra\u00eenant la pr\u00e9sence de maladies dans nos communaut\u00e9s.<\/p>\r\n\r\n\r\n\r\n<h3 class=\"wp-block-heading\"><span class=\"ez-toc-section\" id=\"Quelles_sont_les_principales_maladies_infectieuses\"><\/span>Quelles sont les principales maladies infectieuses ?<span class=\"ez-toc-section-end\"><\/span><\/h3>\r\n\r\n\r\n\r\n<p>La liste des maladies infectieuses est tr\u00e8s longue : gastro-ent\u00e9rite, bronchiolite, tuberculose, h\u00e9patite, rougeole, infection saisonni\u00e8re, grippe, paludisme, chikungunya, etc. Une autre maladie infectieuse longtemps m\u00e9connue est la maladie de Lyme, ou borr\u00e9liose, transmise par une piq\u00fbre de tique.<\/p>\r\n\r\n\r\n\r\n<h2 class=\"wp-block-heading\"><span class=\"ez-toc-section\" id=\"Quelle_est_la_maladie_Auto-immune_la_plus_grave\"><\/span>Quelle est la maladie Auto-immune la plus grave ?<span class=\"ez-toc-section-end\"><\/span><\/h2>\r\n\r\n\r\n\r\n<p>Scl\u00e9rose en plaques Le syst\u00e8me immunitaire des personnes atteintes d\u00e9truit la my\u00e9line (sorte de gaine isolante des cellules nerveuses du cerveau et de la moelle \u00e9pini\u00e8re), ce qui alt\u00e8re la capacit\u00e9 des diff\u00e9rentes parties du syst\u00e8me nerveux \u00e0 communiquer entre elles.<\/p>\r\n\r\n\r\n\r\n<p>Pouvez-vous gu\u00e9rir une maladie auto-immune? \u00c0 proprement parler, il n\u2019y a pas de rem\u00e8de pour une maladie auto-immune, mais les traitements peuvent r\u00e9duire ou m\u00eame \u00e9liminer les sympt\u00f4mes. Cependant, un traitement \u00e0 vie est parfois n\u00e9cessaire.<\/p>\r\n\r\n\r\n\r\n<h3 class=\"wp-block-heading\"><span class=\"ez-toc-section\" id=\"Comment_savoir_si_on_souffre_dune_maladie_auto-immune\"><\/span>Comment savoir si on souffre d\u2019une maladie auto-immune ?<span class=\"ez-toc-section-end\"><\/span><\/h3>\r\n\r\n\r\n\r\n<p>prurit, d\u00e9formations articulaires, douleur, faiblesse, jaunisse, difficult\u00e9s respiratoires, \u0153d\u00e8me, confusion mentale, etc. C\u2019est \u00e0 partir d\u2019une analyse de sang que l\u2019on peut identifier une maladie auto-immune : vitesse de s\u00e9dimentation, pr\u00e9sence d\u2019anticorps antinucl\u00e9aires, an\u00e9mie, etc.<\/p>\r\n\r\n\r\n\r\n<h4 class=\"wp-block-heading\"><span class=\"ez-toc-section\" id=\"Est-ce_grave_davoir_une_maladie_auto-immune\"><\/span>Est-ce grave d\u2019avoir une maladie auto-immune ?<span class=\"ez-toc-section-end\"><\/span><\/h4>\r\n\r\n\r\n\r\n<p>Certaines maladies auto-immunes gu\u00e9rissent aussi inexplicablement qu\u2019elles apparaissent. Cependant, la plupart d\u2019entre eux sont chroniques. Des m\u00e9dicaments \u00e0 vie sont souvent n\u00e9cessaires pour contr\u00f4ler les sympt\u00f4mes. Le pronostic varie selon la maladie.<\/p>\r\n\r\n\r\n\r\n<h4 class=\"wp-block-heading\"><span class=\"ez-toc-section\" id=\"Quelle_maladie_auto-immune_fatigue\"><\/span>Quelle maladie auto-immune fatigue ?<span class=\"ez-toc-section-end\"><\/span><\/h4>\r\n\r\n\r\n\r\n<p>La myasth\u00e9nie grave est une maladie auto-immune (l\u2019organisme retourne ses propres d\u00e9fenses immunitaires contre lui-m\u00eame), neuromusculaire entra\u00eenant fatigue et faiblesse musculaire\u2026<\/p>\r\n\r\n\r\n\r\n<h3 class=\"wp-block-heading\"><span class=\"ez-toc-section\" id=\"Quelle_maladie_auto-immune_fatigue-2\"><\/span>Quelle maladie auto-immune fatigue ?<span class=\"ez-toc-section-end\"><\/span><\/h3>\r\n\r\n\r\n\r\n<p>La myasth\u00e9nie grave est une maladie auto-immune (l\u2019organisme retourne ses propres d\u00e9fenses immunitaires contre lui-m\u00eame), neuromusculaire entra\u00eenant fatigue et faiblesse musculaire\u2026<\/p>\r\n\r\n\r\n\r\n<h4 class=\"wp-block-heading\"><span class=\"ez-toc-section\" id=\"Est-ce_quune_maladie_Auto-immune_fatigue\"><\/span>Est-ce qu\u2019une maladie Auto-immune fatigue ?<span class=\"ez-toc-section-end\"><\/span><\/h4>\r\n\r\n\r\n\r\n<p>Bien que la fatigue et la douleur accompagnent la plupart des maladies auto-immunes, il faut savoir qu\u2019il n\u2019y a pas de sympt\u00f4mes g\u00e9n\u00e9raux mais des sympt\u00f4mes sp\u00e9cifiques au type d\u2019attaque.<\/p>\r\n\r\n<p><script type=\"application\/ld+json\">{\"@context\":\"https:\/\/schema.org\",\"@type\":\"FAQPage\",\"mainEntity\":[{\"@type\":\"Question\",\"name\":\"Est-ce que le cancer est une maladie auto-immune ?\",\"acceptedAnswer\":{\"@type\":\"Answer\",\"text\":\"Les cancers peuvent &ecirc;tre &agrave; l'origine de manifestations auto-immunes dont le champ d'expression est vari&eacute;. Les liens &eacute;troits entre auto-immunit&eacute; et lymphog&eacute;n&egrave;se se d&eacute;mant&egrave;lent progressivement, ces deux &eacute;v&eacute;nements pouvant correspondre &agrave; des facettes d'un m&ecirc;me processus.Comment se soigner quand on a une maladie auto-immune ? Le traitement immunologique des maladies auto-immunes repose sur trois points : supprimer les AcA pathog&egrave;nes (plasmaph&eacute;r&egrave;se), pr&eacute;venir leur production en agissant sur l'activation des lymphocytes et sur la synth&egrave;se des cytokines (immunosuppresseurs tels que les cortico&iuml;des, la cyclosporine A, les mol&eacute;cules interf&eacute;rentes...\"}},{\"@type\":\"Question\",\"name\":\"Quelle est la maladie auto-immune la plus fr&eacute;quente ?\",\"acceptedAnswer\":{\"@type\":\"Answer\",\"text\":\"La maladie de Basedow est la forme la plus courante de thyro&iuml;dite auto-immune. Chez les personnes touch&eacute;es, 1 % de la population, surtout les femmes, les anticorps attaquent la thyro&iuml;de, une glande dont le r&ocirc;le est la s&eacute;cr&eacute;tion et la r&eacute;gulation des hormones.Comment se d&eacute;clenche une maladie auto-immune ? L'origine des maladies auto-immunes reste mal comprise. Une association de plusieurs facteurs environnementaux, hormonaux, g&eacute;n&eacute;tiques, m&eacute;dicamenteux, infectieux et psychologiques est tr&egrave;s probable.\"}},{\"@type\":\"Question\",\"name\":\"Quelle maladie n&eacute;cessite une hospitalisation ?\",\"acceptedAnswer\":{\"@type\":\"Answer\",\"text\":\"Maladies et blessures courantesAVC ou Accident Vasculaire C&eacute;r&eacute;bral (AVC)...Asthme. ...Br&ucirc;lures. ...Coupures et blessures. ...Corps &eacute;tranger dans l'oeil. ...Corps &eacute;tranger dans le nez ou l'oreille. ...Coup de chaleur. ...Saisies.Quelles sont les maladies les plus courantes ?\"}},{\"@type\":\"Question\",\"name\":\"Comment se passe une consultation en m&eacute;decine interne ?\",\"acceptedAnswer\":{\"@type\":\"Answer\",\"text\":\"Comment se d&eacute;roule une consultation de m&eacute;decine interne ? L'interniste regarde le patient dans son ensemble. Cette approche n&eacute;cessite souvent de nombreux examens pour poser un diagnostic et &eacute;valuer avec pr&eacute;cision l'&eacute;tat de sant&eacute; du patient avant d'envisager un traitement.Quelles sont les maladies internes? Les pathologies les plus souvent rencontr&eacute;es telles que les maladies g&eacute;n&eacute;rales (inflammatoires ou auto-immunes), les maladies infectieuses, vasculaires, h&eacute;matologiques, cardiovasculaires et pulmonaires. Les internistes coordonnent les avis des sp&eacute;cialistes d'organes et organisent les soins et les traitements.\"}},{\"@type\":\"Question\",\"name\":\"Comment reconna&icirc;tre une maladie infectieuse ?\",\"acceptedAnswer\":{\"@type\":\"Answer\",\"text\":\"Sympt&ocirc;mes des maladies infectieuses Les signes cliniques varient selon les maladies infectieuses mais peuvent &ecirc;tre des &eacute;ruptions cutan&eacute;es, de la fi&egrave;vre, des maux de t&ecirc;te, de l'agitation ou de l'apathie. La rougeole, le paludisme et le sida sont des maladies infectieuses.Quelle est la condition d'une maladie infectieuse? Les maladies infectieuses sont caus&eacute;es par des micro-organismes pathog&egrave;nes, tels que des bact&eacute;ries, des virus, des parasites ou des champignons. Ces maladies peuvent se propager dans l'environnement ou &ecirc;tre transmises d'une personne &agrave; l'autre, entra&icirc;nant la pr&eacute;sence de maladies dans nos communaut&eacute;s.\"}},{\"@type\":\"Question\",\"name\":\"Quelle est la maladie Auto-immune la plus grave ?\",\"acceptedAnswer\":{\"@type\":\"Answer\",\"text\":\"Scl&eacute;rose en plaques Le syst&egrave;me immunitaire des personnes atteintes d&eacute;truit la my&eacute;line (sorte de gaine isolante des cellules nerveuses du cerveau et de la moelle &eacute;pini&egrave;re), ce qui alt&egrave;re la capacit&eacute; des diff&eacute;rentes parties du syst&egrave;me nerveux &agrave; communiquer entre elles.Pouvez-vous gu&eacute;rir une maladie auto-immune? &Agrave; proprement parler, il n'y a pas de rem&egrave;de pour une maladie auto-immune, mais les traitements peuvent r&eacute;duire ou m&ecirc;me &eacute;liminer les sympt&ocirc;mes. Cependant, un traitement &agrave; vie est parfois n&eacute;cessaire.\"}}]}<\/script><\/p>\n\n","protected":false},"excerpt":{"rendered":"","protected":false},"author":1,"featured_media":2710,"comment_status":"open","ping_status":"open","sticky":false,"template":"","format":"standard","meta":{"_seopress_robots_primary_cat":"none","_seopress_titles_title":"","_seopress_titles_desc":"","_seopress_robots_index":"","footnotes":""},"categories":[31],"tags":[352,510,518,520,509,512,517,519,421,507],"class_list":["post-2693","post","type-post","status-publish","format-standard","has-post-thumbnail","hentry","category-life-style","tag-auto","tag-gougerot","tag-immune","tag-immunes","tag-infection","tag-interne","tag-maladie","tag-maladies","tag-medecin","tag-medecine","generate-columns","tablet-grid-50","mobile-grid-100","grid-parent","grid-50"],"_links":{"self":[{"href":"https:\/\/toukiela.com\/es\/wp-json\/wp\/v2\/posts\/2693","targetHints":{"allow":["GET"]}}],"collection":[{"href":"https:\/\/toukiela.com\/es\/wp-json\/wp\/v2\/posts"}],"about":[{"href":"https:\/\/toukiela.com\/es\/wp-json\/wp\/v2\/types\/post"}],"author":[{"embeddable":true,"href":"https:\/\/toukiela.com\/es\/wp-json\/wp\/v2\/users\/1"}],"replies":[{"embeddable":true,"href":"https:\/\/toukiela.com\/es\/wp-json\/wp\/v2\/comments?post=2693"}],"version-history":[{"count":0,"href":"https:\/\/toukiela.com\/es\/wp-json\/wp\/v2\/posts\/2693\/revisions"}],"wp:featuredmedia":[{"embeddable":true,"href":"https:\/\/toukiela.com\/es\/wp-json\/wp\/v2\/media\/2710"}],"wp:attachment":[{"href":"https:\/\/toukiela.com\/es\/wp-json\/wp\/v2\/media?parent=2693"}],"wp:term":[{"taxonomy":"category","embeddable":true,"href":"https:\/\/toukiela.com\/es\/wp-json\/wp\/v2\/categories?post=2693"},{"taxonomy":"post_tag","embeddable":true,"href":"https:\/\/toukiela.com\/es\/wp-json\/wp\/v2\/tags?post=2693"}],"curies":[{"name":"wp","href":"https:\/\/api.w.org\/{rel}","templated":true}]}}