{"id":2537,"date":"2022-06-22T01:13:27","date_gmt":"2022-06-22T01:13:27","guid":{"rendered":"https:\/\/toukiela.com\/cest-quoi-etre-sous-prep-month-year\/"},"modified":"2022-07-26T17:06:38","modified_gmt":"2022-07-26T17:06:38","slug":"cest-quoi-etre-sous-prep-month-year","status":"publish","type":"post","link":"https:\/\/toukiela.com\/es\/cest-quoi-etre-sous-prep-month-year\/","title":{"rendered":"C&rsquo;est quoi \u00eatre sous PrEP ? abril 2026"},"content":{"rendered":"<p>Qu\u2019est-ce qu\u2019\u00eatre sous PrEP ?<\/p>\r\n<p>La PrEP est un m\u00e9dicament qui peut aider \u00e0 pr\u00e9venir la propagation du VIH s\u2019il est pris quotidiennement. Il a \u00e9t\u00e9 d\u00e9montr\u00e9 qu\u2019elle est efficace pour stopper la propagation du virus lorsqu\u2019elle est prise conform\u00e9ment \u00e0 la prescription.<\/p>\r\n<p>La PrEP peut \u00eatre prise de plusieurs mani\u00e8res diff\u00e9rentes. La premi\u00e8re consiste \u00e0 prendre une pilule, appel\u00e9e Truvada. Une autre fa\u00e7on est de le prendre sous forme d\u2019injection, qui s\u2019appelle Descovy.<\/p>\r\n<p>Si vous souhaitez prendre la PrEP, il est important de demander \u00e0 votre m\u00e9decin ou \u00e0 votre prestataire de soins de sant\u00e9 si elle vous convient ou non. Il pourra vous aider \u00e0 d\u00e9cider si la PrEP vous convient et vous aider \u00e0 commencer \u00e0 prendre le m\u00e9dicament.<\/p>\r\n<p>Si vous envisagez de prendre la PrEP, il est important de savoir que :<\/p>\r\n<p>Vous devrez prendre la PrEP tous les jours.<\/p>\r\n<p>La PrEP n\u2019est pas un vaccin et elle ne vous prot\u00e9gera pas contre les autres infections sexuellement transmissibles (IST).<\/p>\r\n<p>Vous devrez passer r\u00e9guli\u00e8rement des tests de d\u00e9pistage des IST.<\/p>\r\n<p>La PrEP peut avoir des effets secondaires, mais ils sont g\u00e9n\u00e9ralement l\u00e9gers.<\/p>\r\n<p>Si vous avez des questions sur la PrEP, parlez-en \u00e0 votre m\u00e9decin ou \u00e0 votre prestataire de soins de sant\u00e9. Ils peuvent vous aider \u00e0 d\u00e9cider si la PrEP vous convient.<\/p>\r\n<div id=\"ez-toc-container\" class=\"ez-toc-v2_0_82_2 counter-hierarchy ez-toc-counter ez-toc-grey ez-toc-container-direction\">\n<p class=\"ez-toc-title\" style=\"cursor:inherit\">Sommaire<\/p>\n<label for=\"ez-toc-cssicon-toggle-item-69f1c594ea02f\" class=\"ez-toc-cssicon-toggle-label\"><span class=\"\"><span class=\"eztoc-hide\" style=\"display:none;\">Toggle<\/span><span class=\"ez-toc-icon-toggle-span\"><svg style=\"fill: #999;color:#999\" xmlns=\"http:\/\/www.w3.org\/2000\/svg\" class=\"list-377408\" width=\"20px\" height=\"20px\" viewBox=\"0 0 24 24\" fill=\"none\"><path d=\"M6 6H4v2h2V6zm14 0H8v2h12V6zM4 11h2v2H4v-2zm16 0H8v2h12v-2zM4 16h2v2H4v-2zm16 0H8v2h12v-2z\" fill=\"currentColor\"><\/path><\/svg><svg style=\"fill: #999;color:#999\" class=\"arrow-unsorted-368013\" xmlns=\"http:\/\/www.w3.org\/2000\/svg\" width=\"10px\" height=\"10px\" viewBox=\"0 0 24 24\" version=\"1.2\" baseProfile=\"tiny\"><path d=\"M18.2 9.3l-6.2-6.3-6.2 6.3c-.2.2-.3.4-.3.7s.1.5.3.7c.2.2.4.3.7.3h11c.3 0 .5-.1.7-.3.2-.2.3-.5.3-.7s-.1-.5-.3-.7zM5.8 14.7l6.2 6.3 6.2-6.3c.2-.2.3-.5.3-.7s-.1-.5-.3-.7c-.2-.2-.4-.3-.7-.3h-11c-.3 0-.5.1-.7.3-.2.2-.3.5-.3.7s.1.5.3.7z\"\/><\/svg><\/span><\/span><\/label><input type=\"checkbox\"  id=\"ez-toc-cssicon-toggle-item-69f1c594ea02f\"  aria-label=\"Alternar\" \/><nav><ul class='ez-toc-list ez-toc-list-level-1 ' ><li class='ez-toc-page-1 ez-toc-heading-level-2'><a class=\"ez-toc-link ez-toc-heading-1\" href=\"https:\/\/toukiela.com\/es\/cest-quoi-etre-sous-prep-month-year\/#Pourquoi_faire_la_meteo_en_maternelle\" >Pourquoi faire la m\u00e9t\u00e9o en maternelle ?<\/a><ul class='ez-toc-list-level-3' ><li class='ez-toc-heading-level-3'><a class=\"ez-toc-link ez-toc-heading-2\" href=\"https:\/\/toukiela.com\/es\/cest-quoi-etre-sous-prep-month-year\/#Comment_faire_la_date_en_maternelle\" >Comment faire la date en maternelle ?<\/a><ul class='ez-toc-list-level-4' ><li class='ez-toc-heading-level-4'><a class=\"ez-toc-link ez-toc-heading-3\" href=\"https:\/\/toukiela.com\/es\/cest-quoi-etre-sous-prep-month-year\/#Quels_rituels_en_petite_section\" >Quels rituels en petite section ?<\/a><\/li><li class='ez-toc-page-1 ez-toc-heading-level-4'><a class=\"ez-toc-link ez-toc-heading-4\" href=\"https:\/\/toukiela.com\/es\/cest-quoi-etre-sous-prep-month-year\/#Comment_faire_evoluer_les_rituels_en_maternelle\" >Comment faire \u00e9voluer les rituels en maternelle ?<\/a><\/li><\/ul><\/li><li class='ez-toc-page-1 ez-toc-heading-level-3'><a class=\"ez-toc-link ez-toc-heading-5\" href=\"https:\/\/toukiela.com\/es\/cest-quoi-etre-sous-prep-month-year\/#Comment_faire_evoluer_les_rituels_en_maternelle-2\" >Comment faire \u00e9voluer les rituels en maternelle ?<\/a><ul class='ez-toc-list-level-4' ><li class='ez-toc-heading-level-4'><a class=\"ez-toc-link ez-toc-heading-6\" href=\"https:\/\/toukiela.com\/es\/cest-quoi-etre-sous-prep-month-year\/#Comment_faire_laccueil_en_maternelle\" >Comment faire l\u2019accueil en maternelle ?<\/a><\/li><li class='ez-toc-page-1 ez-toc-heading-level-4'><a class=\"ez-toc-link ez-toc-heading-7\" href=\"https:\/\/toukiela.com\/es\/cest-quoi-etre-sous-prep-month-year\/#Quelles_sont_les_fonctions_des_activites_ritualisees_en_maternelle\" >Quelles sont les fonctions des activit\u00e9s ritualis\u00e9es en maternelle ?<\/a><\/li><\/ul><\/li><\/ul><\/li><li class='ez-toc-page-1 ez-toc-heading-level-2'><a class=\"ez-toc-link ez-toc-heading-8\" href=\"https:\/\/toukiela.com\/es\/cest-quoi-etre-sous-prep-month-year\/#Comment_se_faire_respecter_par_ses_camarades_de_classe\" >Comment se faire respecter par ses camarades de classe ?<\/a><ul class='ez-toc-list-level-3' ><li class='ez-toc-heading-level-3'><a class=\"ez-toc-link ez-toc-heading-9\" href=\"https:\/\/toukiela.com\/es\/cest-quoi-etre-sous-prep-month-year\/#Comment_se_comporter_envers_ses_camarades\" >Comment se comporter envers ses camarades ?<\/a><ul class='ez-toc-list-level-4' ><li class='ez-toc-heading-level-4'><a class=\"ez-toc-link ez-toc-heading-10\" href=\"https:\/\/toukiela.com\/es\/cest-quoi-etre-sous-prep-month-year\/#Pourquoi_Dois-je_me_tenir_correctement_en_classe\" >Pourquoi Dois-je me tenir correctement en classe ?<\/a><\/li><\/ul><\/li><\/ul><\/li><li class='ez-toc-page-1 ez-toc-heading-level-2'><a class=\"ez-toc-link ez-toc-heading-11\" href=\"https:\/\/toukiela.com\/es\/cest-quoi-etre-sous-prep-month-year\/#Comment_faire_laccueil_en_maternelle-2\" >Comment faire l\u2019accueil en maternelle ?<\/a><ul class='ez-toc-list-level-3' ><li class='ez-toc-heading-level-3'><a class=\"ez-toc-link ez-toc-heading-12\" href=\"https:\/\/toukiela.com\/es\/cest-quoi-etre-sous-prep-month-year\/#Quelle_est_limportance_de_laccueil_au_prescolaire\" >Quelle est l\u2019importance de l\u2019accueil au pr\u00e9scolaire ?<\/a><ul class='ez-toc-list-level-4' ><li class='ez-toc-heading-level-4'><a class=\"ez-toc-link ez-toc-heading-13\" href=\"https:\/\/toukiela.com\/es\/cest-quoi-etre-sous-prep-month-year\/#Quest-ce_que_laccueil_a_la_maternelle\" >Qu\u2019est-ce que l\u2019accueil \u00e0 la maternelle ?<\/a><\/li><li class='ez-toc-page-1 ez-toc-heading-level-4'><a class=\"ez-toc-link ez-toc-heading-14\" href=\"https:\/\/toukiela.com\/es\/cest-quoi-etre-sous-prep-month-year\/#Quel_est_le_role_de_laccueil_au_prescolaire\" >Quel est le r\u00f4le de l\u2019accueil au pr\u00e9scolaire ?<\/a><\/li><\/ul><\/li><li class='ez-toc-page-1 ez-toc-heading-level-3'><a class=\"ez-toc-link ez-toc-heading-15\" href=\"https:\/\/toukiela.com\/es\/cest-quoi-etre-sous-prep-month-year\/#Comment_faire_un_cahier_de_vie_en_maternelle\" >Comment faire un cahier de vie en maternelle ?<\/a><ul class='ez-toc-list-level-4' ><li class='ez-toc-heading-level-4'><a class=\"ez-toc-link ez-toc-heading-16\" href=\"https:\/\/toukiela.com\/es\/cest-quoi-etre-sous-prep-month-year\/#Pourquoi_un_cahier_de_vie_en_maternelle\" >Pourquoi un cahier de vie en maternelle ?<\/a><\/li><\/ul><\/li><\/ul><\/li><li class='ez-toc-page-1 ez-toc-heading-level-2'><a class=\"ez-toc-link ez-toc-heading-17\" href=\"https:\/\/toukiela.com\/es\/cest-quoi-etre-sous-prep-month-year\/#Quels_sont_les_rituels_en_maternelle\" >Quels sont les rituels en maternelle ?<\/a><\/li><li class='ez-toc-page-1 ez-toc-heading-level-2'><a class=\"ez-toc-link ez-toc-heading-18\" href=\"https:\/\/toukiela.com\/es\/cest-quoi-etre-sous-prep-month-year\/#Quelle_est_limportance_de_laccueil_au_prescolaire-2\" >Quelle est l\u2019importance de l\u2019accueil au pr\u00e9scolaire ?<\/a><ul class='ez-toc-list-level-3' ><li class='ez-toc-heading-level-3'><a class=\"ez-toc-link ez-toc-heading-19\" href=\"https:\/\/toukiela.com\/es\/cest-quoi-etre-sous-prep-month-year\/#Quest-ce_que_laccueil_a_la_maternelle-2\" >Qu\u2019est-ce que l\u2019accueil \u00e0 la maternelle ?<\/a><ul class='ez-toc-list-level-4' ><li class='ez-toc-heading-level-4'><a class=\"ez-toc-link ez-toc-heading-20\" href=\"https:\/\/toukiela.com\/es\/cest-quoi-etre-sous-prep-month-year\/#Comment_accueillir_les_enfants_a_lecole\" >Comment accueillir les enfants \u00e0 l\u2019\u00e9cole ?<\/a><\/li><li class='ez-toc-page-1 ez-toc-heading-level-4'><a class=\"ez-toc-link ez-toc-heading-21\" href=\"https:\/\/toukiela.com\/es\/cest-quoi-etre-sous-prep-month-year\/#Comment_se_passe_laccueil_en_maternelle\" >Comment se passe l\u2019accueil en maternelle ?<\/a><\/li><\/ul><\/li><li class='ez-toc-page-1 ez-toc-heading-level-3'><a class=\"ez-toc-link ez-toc-heading-22\" href=\"https:\/\/toukiela.com\/es\/cest-quoi-etre-sous-prep-month-year\/#Quel_est_le_role_de_laccueil_au_prescolaire-2\" >Quel est le r\u00f4le de l\u2019accueil au pr\u00e9scolaire ?<\/a><ul class='ez-toc-list-level-4' ><li class='ez-toc-heading-level-4'><a class=\"ez-toc-link ez-toc-heading-23\" href=\"https:\/\/toukiela.com\/es\/cest-quoi-etre-sous-prep-month-year\/#Qui_accueille_les_enfants_en_maternelle\" >Qui accueille les enfants en maternelle ?<\/a><\/li><\/ul><\/li><\/ul><\/li><li class='ez-toc-page-1 ez-toc-heading-level-2'><a class=\"ez-toc-link ez-toc-heading-24\" href=\"https:\/\/toukiela.com\/es\/cest-quoi-etre-sous-prep-month-year\/#Qui_accueille_les_enfants_en_maternelle-2\" >Qui accueille les enfants en maternelle ?<\/a><\/li><\/ul><\/nav><\/div>\n<h2 class=\"wp-block-heading\"><span class=\"ez-toc-section\" id=\"Pourquoi_faire_la_meteo_en_maternelle\"><\/span>Pourquoi faire la m\u00e9t\u00e9o en maternelle ?<span class=\"ez-toc-section-end\"><\/span><\/h2>\r\n\r\n\r\n\r\n<figure><img decoding=\"async\" class=\"attachment-full size-full\" src=\"https:\/\/toukiela.com\/wp-content\/uploads\/2022\/06\/Pourquoi-faire-la-meteo-en-maternelle-.png\" sizes=\"(max-width: 800px) 100vw, 800px\" srcset=\"https:\/\/i0.wp.com\/toukiela.com\/wp-content\/uploads\/2022\/06\/Pourquoi-faire-la-meteo-en-maternelle-.png?w=800&amp;ssl=1 800w, https:\/\/i0.wp.com\/toukiela.com\/wp-content\/uploads\/2022\/06\/Pourquoi-faire-la-meteo-en-maternelle-.png?resize=300%2C300&amp;ssl=1 300w, https:\/\/i0.wp.com\/toukiela.com\/wp-content\/uploads\/2022\/06\/Pourquoi-faire-la-meteo-en-maternelle-.png?resize=150%2C150&amp;ssl=1 150w, https:\/\/i0.wp.com\/toukiela.com\/wp-content\/uploads\/2022\/06\/Pourquoi-faire-la-meteo-en-maternelle-.png?resize=768%2C768&amp;ssl=1 768w, https:\/\/i0.wp.com\/toukiela.com\/wp-content\/uploads\/2022\/06\/Pourquoi-faire-la-meteo-en-maternelle-.png?resize=12%2C12&amp;ssl=1 12w, https:\/\/i0.wp.com\/toukiela.com\/wp-content\/uploads\/2022\/06\/Pourquoi-faire-la-meteo-en-maternelle-.png?resize=50%2C50&amp;ssl=1 50w, https:\/\/i0.wp.com\/toukiela.com\/wp-content\/uploads\/2022\/06\/Pourquoi-faire-la-meteo-en-maternelle-.png?resize=480%2C480&amp;ssl=1 480w\" alt=\"Pourquoi faire la m\u00e9t\u00e9o en maternelle ?\" width=\"800\" height=\"800\"><\/figure>\r\n\r\n\r\n\r\n<p>La m\u00e9t\u00e9o permet de pr\u00e9voir le temps \u00e0 court terme, et donc de pr\u00e9voir et de contr\u00f4ler, ce qui calme les enfants. C\u2019est une mati\u00e8re omnipr\u00e9sente dans l\u2019enseignement de la maternelle.<\/p>\r\n\r\n\r\n\r\n<p>Quel genre de rituel de maternelle? Apr\u00e8s avoir accueilli tous les \u00e9l\u00e8ves, le professeur passe \u00e0 ce qu\u2019il est convenu d\u2019appeler les rituels du matin : appel nominal, comptage des pr\u00e9sents et \u00e9ventuellement des absents, identification de la date. Ces activit\u00e9s sont souvent accompagn\u00e9es de chansons pour enfants et\/ou de jeux de doigts qui sont r\u00e9cit\u00e9s \u00e0 haute voix.<\/p>\r\n\r\n\r\n\r\n<h3 class=\"wp-block-heading\"><span class=\"ez-toc-section\" id=\"Comment_faire_la_date_en_maternelle\"><\/span>Comment faire la date en maternelle ?<span class=\"ez-toc-section-end\"><\/span><\/h3>\r\n\r\n\r\n\r\n<p>Chaque jour, ils collent un autocollant sur la veille et encerclent le nombre de jours avec un crayon. \u00e2\u20ac\u201c tableau des dates \u00e0 remplir tous les jours : Cette ardoise doit \u00eatre imprim\u00e9e au format A4 (de pr\u00e9f\u00e9rence en couleur) et plastifi\u00e9e.<\/p>\r\n\r\n\r\n\r\n<h4 class=\"wp-block-heading\"><span class=\"ez-toc-section\" id=\"Quels_rituels_en_petite_section\"><\/span>Quels rituels en petite section ?<span class=\"ez-toc-section-end\"><\/span><\/h4>\r\n\r\n\r\n\r\n<p>R\u00e9alisez un tableau de lecture (exemple : nombre de jours ensoleill\u00e9s, nombre de jours de pluie\u2026) L\u2019\u00e9tude de la m\u00e9t\u00e9o peut commencer dans une petite section enfantine. Cela peut faire partie d\u2019un rituel. Il consiste \u00e0 observer le ciel.<\/p>\r\n\r\n\r\n\r\n<h4 class=\"wp-block-heading\"><span class=\"ez-toc-section\" id=\"Comment_faire_evoluer_les_rituels_en_maternelle\"><\/span>Comment faire \u00e9voluer les rituels en maternelle ?<span class=\"ez-toc-section-end\"><\/span><\/h4>\r\n\r\n\r\n\r\n<p>Les rituels de la maternelle doivent \u00eatre d\u00e9velopp\u00e9s tout au long de l\u2019ann\u00e9e et au cours du cycle. Les programmes 2008 (B.O. H.S. n\u00b03 du 19 juin 2008) permettent l\u2019application de certaines comp\u00e9tences. L\u2019\u00e9l\u00e8ve doit : \u00ab acqu\u00e9rir des connaissances et des comp\u00e9tences pour r\u00e9ussir les apprentissages de base au CP \u00bb.<\/p>\r\n\r\n\r\n\r\n<h3 class=\"wp-block-heading\"><span class=\"ez-toc-section\" id=\"Comment_faire_evoluer_les_rituels_en_maternelle-2\"><\/span>Comment faire \u00e9voluer les rituels en maternelle ?<span class=\"ez-toc-section-end\"><\/span><\/h3>\r\n\r\n\r\n\r\n<p>Les rituels de la maternelle doivent \u00eatre d\u00e9velopp\u00e9s tout au long de l\u2019ann\u00e9e et au cours du cycle. Les programmes 2008 (B.O. H.S. n\u00b03 du 19 juin 2008) permettent l\u2019application de certaines comp\u00e9tences. L\u2019\u00e9l\u00e8ve doit : \u00ab acqu\u00e9rir des connaissances et des comp\u00e9tences pour r\u00e9ussir les apprentissages de base au CP \u00bb.<\/p>\r\n\r\n\r\n\r\n<h4 class=\"wp-block-heading\"><span class=\"ez-toc-section\" id=\"Comment_faire_laccueil_en_maternelle\"><\/span>Comment faire l\u2019accueil en maternelle ?<span class=\"ez-toc-section-end\"><\/span><\/h4>\r\n\r\n\r\n\r\n<p>Cela signifie accueillir chaque enfant individuellement : placez-vous \u00e0 hauteur de l\u2019enfant, dites-lui votre nom (les pr\u00e9noms sont souvent utilis\u00e9s en maternelle), saluez-le, demandez-lui son nom, comment il est, ce qu\u2019il veut faire, laissez la classe \u00eatre explor\u00e9, (encore) d\u00e9couvrir des amis\u2026<\/p>\r\n\r\n\r\n\r\n<h4 class=\"wp-block-heading\"><span class=\"ez-toc-section\" id=\"Quelles_sont_les_fonctions_des_activites_ritualisees_en_maternelle\"><\/span>Quelles sont les fonctions des activit\u00e9s ritualis\u00e9es en maternelle ?<span class=\"ez-toc-section-end\"><\/span><\/h4>\r\n\r\n\r\n\r\n<p>Les activit\u00e9s ritualis\u00e9es en maternelle sont de v\u00e9ritables supports pour mettre en place des situations d\u2019apprentissage qui favorisent progressivement l\u2019autonomie des \u00e9l\u00e8ves dans leur rapport \u00ab famille-\u00e9cole \u00bb et par rapport au groupe classe, d\u2019autant plus si elles sont enseign\u00e9es.<\/p>\r\n\r\n\r\n\r\n<h2 class=\"wp-block-heading\"><span class=\"ez-toc-section\" id=\"Comment_se_faire_respecter_par_ses_camarades_de_classe\"><\/span>Comment se faire respecter par ses camarades de classe ?<span class=\"ez-toc-section-end\"><\/span><\/h2>\r\n\r\n\r\n\r\n<figure><img decoding=\"async\" class=\"attachment-full size-full\" src=\"https:\/\/toukiela.com\/wp-content\/uploads\/2022\/06\/Comment-se-faire-respecter-par-ses-camarades-de-classe-.jpeg\" sizes=\"(max-width: 2560px) 100vw, 2560px\" srcset=\"https:\/\/i0.wp.com\/toukiela.com\/wp-content\/uploads\/2022\/06\/Comment-se-faire-respecter-par-ses-camarades-de-classe-.jpeg?w=2560&amp;ssl=1 2560w, https:\/\/i0.wp.com\/toukiela.com\/wp-content\/uploads\/2022\/06\/Comment-se-faire-respecter-par-ses-camarades-de-classe-.jpeg?resize=300%2C300&amp;ssl=1 300w, https:\/\/i0.wp.com\/toukiela.com\/wp-content\/uploads\/2022\/06\/Comment-se-faire-respecter-par-ses-camarades-de-classe-.jpeg?resize=1024%2C1024&amp;ssl=1 1024w, https:\/\/i0.wp.com\/toukiela.com\/wp-content\/uploads\/2022\/06\/Comment-se-faire-respecter-par-ses-camarades-de-classe-.jpeg?resize=150%2C150&amp;ssl=1 150w, https:\/\/i0.wp.com\/toukiela.com\/wp-content\/uploads\/2022\/06\/Comment-se-faire-respecter-par-ses-camarades-de-classe-.jpeg?resize=768%2C768&amp;ssl=1 768w, https:\/\/i0.wp.com\/toukiela.com\/wp-content\/uploads\/2022\/06\/Comment-se-faire-respecter-par-ses-camarades-de-classe-.jpeg?resize=1536%2C1536&amp;ssl=1 1536w, https:\/\/i0.wp.com\/toukiela.com\/wp-content\/uploads\/2022\/06\/Comment-se-faire-respecter-par-ses-camarades-de-classe-.jpeg?resize=2048%2C2048&amp;ssl=1 2048w, https:\/\/i0.wp.com\/toukiela.com\/wp-content\/uploads\/2022\/06\/Comment-se-faire-respecter-par-ses-camarades-de-classe-.jpeg?resize=12%2C12&amp;ssl=1 12w, https:\/\/i0.wp.com\/toukiela.com\/wp-content\/uploads\/2022\/06\/Comment-se-faire-respecter-par-ses-camarades-de-classe-.jpeg?resize=50%2C50&amp;ssl=1 50w, https:\/\/i0.wp.com\/toukiela.com\/wp-content\/uploads\/2022\/06\/Comment-se-faire-respecter-par-ses-camarades-de-classe-.jpeg?resize=1080%2C1080&amp;ssl=1 1080w, https:\/\/i0.wp.com\/toukiela.com\/wp-content\/uploads\/2022\/06\/Comment-se-faire-respecter-par-ses-camarades-de-classe-.jpeg?resize=1280%2C1280&amp;ssl=1 1280w, https:\/\/i0.wp.com\/toukiela.com\/wp-content\/uploads\/2022\/06\/Comment-se-faire-respecter-par-ses-camarades-de-classe-.jpeg?resize=980%2C980&amp;ssl=1 980w, https:\/\/i0.wp.com\/toukiela.com\/wp-content\/uploads\/2022\/06\/Comment-se-faire-respecter-par-ses-camarades-de-classe-.jpeg?resize=480%2C480&amp;ssl=1 480w, https:\/\/i0.wp.com\/toukiela.com\/wp-content\/uploads\/2022\/06\/Comment-se-faire-respecter-par-ses-camarades-de-classe-.jpeg?w=2160&amp;ssl=1 2160w\" alt=\"Comment se faire respecter par ses camarades de classe ?\" width=\"2560\" height=\"2560\"><\/figure>\r\n\r\n\r\n\r\n<p>\u00catre absolument confiant, \u00eatre tr\u00e8s intelligent et \u00e9viter l\u2019insolence dans la communication quotidienne sont toujours les meilleurs moyens pour vos camarades de classe de vous aimer et, plus important encore, de vous respecter.<\/p>\r\n\r\n\r\n\r\n<p>Comment faire respecter les r\u00e8gles en classe ? R\u00e8gles de base de la classe<\/p>\r\n\r\n\r\n\r\n<ul class=\"wp-block-list\">\r\n<li>Tout le monde doit entrer et sortir correctement.<\/li>\r\n<li>Il convient de dire au revoir et au revoir.<\/li>\r\n<li>Les changements de parole doivent \u00eatre respect\u00e9s et personne ne doit \u00eatre interrompu en classe.<\/li>\r\n<li>Tout le monde devrait pr\u00eater attention \u00e0 l\u2019enseignement.<\/li>\r\n<\/ul>\r\n\r\n\r\n\r\n<h3 class=\"wp-block-heading\"><span class=\"ez-toc-section\" id=\"Comment_se_comporter_envers_ses_camarades\"><\/span>Comment se comporter envers ses camarades ?<span class=\"ez-toc-section-end\"><\/span><\/h3>\r\n\r\n\r\n\r\n<p>C\u2019est poli avec eux et agr\u00e9able de leur parler. Comme les adultes, vos camarades de classe comprendront mieux si vous leur parlez sans crier. N\u2019oubliez pas non plus de dire \u00ab\u00a0Merci\u00a0\u00bb et \u00ab\u00a0S\u2019il vous pla\u00eet\u00a0\u00bb. Il s\u2019agit d\u2019\u00eatre calme et d\u2019\u00e9viter d\u2019\u00eatre violent avec eux.<\/p>\r\n\r\n\r\n\r\n<h4 class=\"wp-block-heading\"><span class=\"ez-toc-section\" id=\"Pourquoi_Dois-je_me_tenir_correctement_en_classe\"><\/span>Pourquoi Dois-je me tenir correctement en classe ?<span class=\"ez-toc-section-end\"><\/span><\/h4>\r\n\r\n\r\n\r\n<p>Respecter les r\u00e8gles de vie dans l\u2019enseignement, c\u2019est permettre le bon d\u00e9roulement des cours, pour bien travailler, \u00e9tudier et ensuite trouver un travail int\u00e9ressant.<\/p>\r\n\r\n\r\n\r\n<h2 class=\"wp-block-heading\"><span class=\"ez-toc-section\" id=\"Comment_faire_laccueil_en_maternelle-2\"><\/span>Comment faire l\u2019accueil en maternelle ?<span class=\"ez-toc-section-end\"><\/span><\/h2>\r\n\r\n\r\n\r\n<figure><img decoding=\"async\" class=\"attachment-full size-full\" src=\"https:\/\/toukiela.com\/wp-content\/uploads\/2022\/06\/Comment-faire-laccueil-en-maternelle-.jpeg\" sizes=\"(max-width: 269px) 100vw, 269px\" srcset=\"https:\/\/i0.wp.com\/toukiela.com\/wp-content\/uploads\/2022\/06\/Comment-faire-laccueil-en-maternelle-.jpeg?w=269&amp;ssl=1 269w, https:\/\/i0.wp.com\/toukiela.com\/wp-content\/uploads\/2022\/06\/Comment-faire-laccueil-en-maternelle-.jpeg?resize=231%2C300&amp;ssl=1 231w, https:\/\/i0.wp.com\/toukiela.com\/wp-content\/uploads\/2022\/06\/Comment-faire-laccueil-en-maternelle-.jpeg?resize=9%2C12&amp;ssl=1 9w, https:\/\/i0.wp.com\/toukiela.com\/wp-content\/uploads\/2022\/06\/Comment-faire-laccueil-en-maternelle-.jpeg?resize=38%2C50&amp;ssl=1 38w\" alt=\"Comment faire l'accueil en maternelle ?\" width=\"269\" height=\"350\"><\/figure>\r\n\r\n\r\n\r\n<p>Cela signifie accueillir chaque enfant individuellement : placez-vous \u00e0 hauteur de l\u2019enfant, dites-lui votre nom (les pr\u00e9noms sont souvent utilis\u00e9s en maternelle), saluez-le, demandez-lui son nom, comment il est, ce qu\u2019il veut faire, laissez la classe \u00eatre explor\u00e9, (encore) d\u00e9couvrir des amis\u2026<\/p>\r\n\r\n\r\n\r\n<p>Comment prendre rendez-vous \u00e0 la maternelle ? Chaque jour, ils collent un autocollant sur la veille et encerclent le nombre de jours avec un crayon. \u00e2\u20ac\u201c tableau des dates \u00e0 remplir tous les jours : Cette ardoise doit \u00eatre imprim\u00e9e au format A4 (de pr\u00e9f\u00e9rence en couleur) et plastifi\u00e9e.<\/p>\r\n\r\n\r\n\r\n<h3 class=\"wp-block-heading\"><span class=\"ez-toc-section\" id=\"Quelle_est_limportance_de_laccueil_au_prescolaire\"><\/span>Quelle est l\u2019importance de l\u2019accueil au pr\u00e9scolaire ?<span class=\"ez-toc-section-end\"><\/span><\/h3>\r\n\r\n\r\n\r\n<p>Int\u00e9grer les \u00e9tudiants \u00e0 l\u2019accueil. En effet, l\u2019accueil cr\u00e9e non seulement une atmosph\u00e8re chaleureuse et bienveillante pour les \u00e9tudiants, mais est aussi un bon moyen de s\u2019int\u00e9grer au groupe.<\/p>\r\n\r\n\r\n\r\n<h4 class=\"wp-block-heading\"><span class=\"ez-toc-section\" id=\"Quest-ce_que_laccueil_a_la_maternelle\"><\/span>Qu\u2019est-ce que l\u2019accueil \u00e0 la maternelle ?<span class=\"ez-toc-section-end\"><\/span><\/h4>\r\n\r\n\r\n\r\n<p>L\u2019admission est le moment o\u00f9 un groupe se forme. Permet : \u00e2\u017e obitelj transition famille \/ \u00e9cole \u00e2\u017e \u00a2 p\u00e9riode d\u2019adaptation : r\u00e9installation progressive dans le groupe et l\u2019espace public \u00e2\u017e \u00a2 entr\u00e9e progressive dans les activit\u00e9s.<\/p>\r\n\r\n\r\n\r\n<h4 class=\"wp-block-heading\"><span class=\"ez-toc-section\" id=\"Quel_est_le_role_de_laccueil_au_prescolaire\"><\/span>Quel est le r\u00f4le de l\u2019accueil au pr\u00e9scolaire ?<span class=\"ez-toc-section-end\"><\/span><\/h4>\r\n\r\n\r\n\r\n<p>Il salue l\u2019enfant et ses parents. Communique rapidement avec la famille. Il met en place des rituels : un tableau pour assister, s\u2019inscrire (et participer) aux activit\u00e9s d\u2019accueil. Les parents sont pr\u00e9sents pour s\u2019int\u00e9resser aux activit\u00e9s de l\u2019enfant.<\/p>\r\n\r\n\r\n\r\n<h3 class=\"wp-block-heading\"><span class=\"ez-toc-section\" id=\"Comment_faire_un_cahier_de_vie_en_maternelle\"><\/span>Comment faire un cahier de vie en maternelle ?<span class=\"ez-toc-section-end\"><\/span><\/h3>\r\n\r\n\r\n\r\n<p>LE \u00ab\u00a0CARNET DE VIE\u00a0\u00bb DONT NOUS PARLONS ICI EST UN CARNET INDIVIDUEL ET PERSONNALIS\u00c9. \u2013 Sur la couverture du cahier, il est important d\u2019avoir son titre, le nom et pr\u00e9nom de l\u2019\u00e9l\u00e8ve, l\u2019ann\u00e9e scolaire et la section, et le nom et pr\u00e9nom de l\u2019enseignant.<\/p>\r\n\r\n\r\n\r\n<h4 class=\"wp-block-heading\"><span class=\"ez-toc-section\" id=\"Pourquoi_un_cahier_de_vie_en_maternelle\"><\/span>Pourquoi un cahier de vie en maternelle ?<span class=\"ez-toc-section-end\"><\/span><\/h4>\r\n\r\n\r\n\r\n<p>Le carnet de vie permet de communiquer avec les parents, de leur raconter ce qui se passe en classe, mais aussi d\u2019individualiser le travail de l\u2019enfant : contrairement \u00e0 un registre classique avec des fiches faites par un \u00e9l\u00e8ve, avec une pr\u00e9sentation standardis\u00e9e, le Livre de Vie est un objet \u00ab\u00a0sur mesure\u00a0\u00bb en sa propre voie. .<\/p>\r\n\r\n\r\n\r\n<h2 class=\"wp-block-heading\"><span class=\"ez-toc-section\" id=\"Quels_sont_les_rituels_en_maternelle\"><\/span>Quels sont les rituels en maternelle ?<span class=\"ez-toc-section-end\"><\/span><\/h2>\r\n\r\n\r\n\r\n<figure><img decoding=\"async\" class=\"attachment-full size-full\" src=\"https:\/\/toukiela.com\/wp-content\/uploads\/2022\/06\/Quels-sont-les-rituels-en-maternelle-.jpeg\" sizes=\"(max-width: 1200px) 100vw, 1200px\" srcset=\"https:\/\/i0.wp.com\/toukiela.com\/wp-content\/uploads\/2022\/06\/Quels-sont-les-rituels-en-maternelle-.jpeg?w=1200&amp;ssl=1 1200w, https:\/\/i0.wp.com\/toukiela.com\/wp-content\/uploads\/2022\/06\/Quels-sont-les-rituels-en-maternelle-.jpeg?resize=300%2C300&amp;ssl=1 300w, https:\/\/i0.wp.com\/toukiela.com\/wp-content\/uploads\/2022\/06\/Quels-sont-les-rituels-en-maternelle-.jpeg?resize=1024%2C1024&amp;ssl=1 1024w, https:\/\/i0.wp.com\/toukiela.com\/wp-content\/uploads\/2022\/06\/Quels-sont-les-rituels-en-maternelle-.jpeg?resize=150%2C150&amp;ssl=1 150w, https:\/\/i0.wp.com\/toukiela.com\/wp-content\/uploads\/2022\/06\/Quels-sont-les-rituels-en-maternelle-.jpeg?resize=768%2C768&amp;ssl=1 768w, https:\/\/i0.wp.com\/toukiela.com\/wp-content\/uploads\/2022\/06\/Quels-sont-les-rituels-en-maternelle-.jpeg?resize=12%2C12&amp;ssl=1 12w, https:\/\/i0.wp.com\/toukiela.com\/wp-content\/uploads\/2022\/06\/Quels-sont-les-rituels-en-maternelle-.jpeg?resize=50%2C50&amp;ssl=1 50w, https:\/\/i0.wp.com\/toukiela.com\/wp-content\/uploads\/2022\/06\/Quels-sont-les-rituels-en-maternelle-.jpeg?resize=1080%2C1080&amp;ssl=1 1080w, https:\/\/i0.wp.com\/toukiela.com\/wp-content\/uploads\/2022\/06\/Quels-sont-les-rituels-en-maternelle-.jpeg?resize=980%2C980&amp;ssl=1 980w, https:\/\/i0.wp.com\/toukiela.com\/wp-content\/uploads\/2022\/06\/Quels-sont-les-rituels-en-maternelle-.jpeg?resize=480%2C480&amp;ssl=1 480w\" alt=\"Quels sont les rituels en maternelle ?\" width=\"1200\" height=\"1200\"><\/figure>\r\n\r\n\r\n\r\n<p>Apr\u00e8s avoir accueilli tous les \u00e9l\u00e8ves, le professeur passe \u00e0 ce qu\u2019il est convenu d\u2019appeler les rituels du matin : appel nominal, comptage des pr\u00e9sents et \u00e9ventuellement des absents, identification de la date. Ces activit\u00e9s sont souvent accompagn\u00e9es de chansons d\u2019enfants et\/ou de jeux de doigts, r\u00e9cit\u00e9s en ch\u0153ur.<\/p>\r\n\r\n\r\n\r\n<p>Comment mettre en place des rituels en maternelle ? \u00b7 Annoncez-le toujours de la m\u00eame mani\u00e8re : avec la m\u00eame musique (par exemple, un extrait d\u2019une cassette du coin \u00e9coute). \u00b7 \u00c9tablissez un rituel de lecture : par exemple, annoncez le titre, montrez la couverture, puis d\u00e9cidez comment g\u00e9rer la lecture et le visionnage des illustrations des albums.<\/p>\r\n\r\n\r\n\r\n<h2 class=\"wp-block-heading\"><span class=\"ez-toc-section\" id=\"Quelle_est_limportance_de_laccueil_au_prescolaire-2\"><\/span>Quelle est l\u2019importance de l\u2019accueil au pr\u00e9scolaire ?<span class=\"ez-toc-section-end\"><\/span><\/h2>\r\n\r\n\r\n\r\n<figure><img decoding=\"async\" class=\"attachment-full size-full\" src=\"https:\/\/toukiela.com\/wp-content\/uploads\/2022\/06\/Quelle-est-limportance-de-laccueil-au-prescolaire-.png\" sizes=\"(max-width: 1600px) 100vw, 1600px\" srcset=\"https:\/\/i0.wp.com\/toukiela.com\/wp-content\/uploads\/2022\/06\/Quelle-est-limportance-de-laccueil-au-prescolaire-.png?w=1600&amp;ssl=1 1600w, https:\/\/i0.wp.com\/toukiela.com\/wp-content\/uploads\/2022\/06\/Quelle-est-limportance-de-laccueil-au-prescolaire-.png?resize=300%2C300&amp;ssl=1 300w, https:\/\/i0.wp.com\/toukiela.com\/wp-content\/uploads\/2022\/06\/Quelle-est-limportance-de-laccueil-au-prescolaire-.png?resize=1024%2C1024&amp;ssl=1 1024w, https:\/\/i0.wp.com\/toukiela.com\/wp-content\/uploads\/2022\/06\/Quelle-est-limportance-de-laccueil-au-prescolaire-.png?resize=150%2C150&amp;ssl=1 150w, https:\/\/i0.wp.com\/toukiela.com\/wp-content\/uploads\/2022\/06\/Quelle-est-limportance-de-laccueil-au-prescolaire-.png?resize=768%2C768&amp;ssl=1 768w, https:\/\/i0.wp.com\/toukiela.com\/wp-content\/uploads\/2022\/06\/Quelle-est-limportance-de-laccueil-au-prescolaire-.png?resize=1536%2C1536&amp;ssl=1 1536w, https:\/\/i0.wp.com\/toukiela.com\/wp-content\/uploads\/2022\/06\/Quelle-est-limportance-de-laccueil-au-prescolaire-.png?resize=12%2C12&amp;ssl=1 12w, https:\/\/i0.wp.com\/toukiela.com\/wp-content\/uploads\/2022\/06\/Quelle-est-limportance-de-laccueil-au-prescolaire-.png?resize=50%2C50&amp;ssl=1 50w, https:\/\/i0.wp.com\/toukiela.com\/wp-content\/uploads\/2022\/06\/Quelle-est-limportance-de-laccueil-au-prescolaire-.png?resize=1080%2C1080&amp;ssl=1 1080w, https:\/\/i0.wp.com\/toukiela.com\/wp-content\/uploads\/2022\/06\/Quelle-est-limportance-de-laccueil-au-prescolaire-.png?resize=1280%2C1280&amp;ssl=1 1280w, https:\/\/i0.wp.com\/toukiela.com\/wp-content\/uploads\/2022\/06\/Quelle-est-limportance-de-laccueil-au-prescolaire-.png?resize=980%2C980&amp;ssl=1 980w, https:\/\/i0.wp.com\/toukiela.com\/wp-content\/uploads\/2022\/06\/Quelle-est-limportance-de-laccueil-au-prescolaire-.png?resize=480%2C480&amp;ssl=1 480w\" alt=\"Quelle est l'importance de l'accueil au pr\u00e9scolaire ?\" width=\"1600\" height=\"1600\"><\/figure>\r\n\r\n\r\n\r\n<p>Int\u00e9grer les \u00e9tudiants \u00e0 l\u2019accueil. En effet, l\u2019accueil cr\u00e9e non seulement une atmosph\u00e8re chaleureuse et bienveillante pour les \u00e9tudiants, mais est aussi un bon moyen de s\u2019int\u00e9grer au groupe.<\/p>\r\n\r\n\r\n\r\n<p>Comment accueillir les \u00e9tudiants ? Saluer gentiment les \u00e9l\u00e8ves L\u2019enseignant appelle chaque \u00e9l\u00e8ve par son nom, un sourire et parfois un c\u00e2lin. Il peut aussi leur parler en leur demandant comment ils ont pass\u00e9 leurs vacances. Un accueil chaleureux et bienveillant est un bon moyen de les int\u00e9grer dans un groupe et de faire tomber les barri\u00e8res.<\/p>\r\n\r\n\r\n\r\n<h3 class=\"wp-block-heading\"><span class=\"ez-toc-section\" id=\"Quest-ce_que_laccueil_a_la_maternelle-2\"><\/span>Qu\u2019est-ce que l\u2019accueil \u00e0 la maternelle ?<span class=\"ez-toc-section-end\"><\/span><\/h3>\r\n\r\n\r\n\r\n<p>L\u2019admission est le moment o\u00f9 un groupe se forme. Permet : \u00e2\u017e obitelj transition famille \/ \u00e9cole \u00e2\u017e \u00a2 p\u00e9riode d\u2019adaptation : r\u00e9installation progressive dans le groupe et l\u2019espace public \u00e2\u017e \u00a2 entr\u00e9e progressive dans les activit\u00e9s.<\/p>\r\n\r\n\r\n\r\n<h4 class=\"wp-block-heading\"><span class=\"ez-toc-section\" id=\"Comment_accueillir_les_enfants_a_lecole\"><\/span>Comment accueillir les enfants \u00e0 l\u2019\u00e9cole ?<span class=\"ez-toc-section-end\"><\/span><\/h4>\r\n\r\n\r\n\r\n<p>\u00c9tablir une relation de confiance avec les familles est essentiel pour permettre \u00e0 un enfant de grandir sereinement entre l\u2019\u00e9cole et la maison. Par cons\u00e9quent, une attention particuli\u00e8re doit \u00eatre port\u00e9e \u00e0 la relation avec les parents. La prise en charge de chaque enfant est une question d\u2019\u00e9change avec ses parents.<\/p>\r\n\r\n\r\n\r\n<h4 class=\"wp-block-heading\"><span class=\"ez-toc-section\" id=\"Comment_se_passe_laccueil_en_maternelle\"><\/span>Comment se passe l\u2019accueil en maternelle ?<span class=\"ez-toc-section-end\"><\/span><\/h4>\r\n\r\n\r\n\r\n<p>L\u2019enseignant organise les espaces destin\u00e9s \u00e0 l\u2019accueil. Il accueille personnellement l\u2019enfant puis ses parents. Il met en place des rituels : un signe d\u2019adieu (personnalis\u00e9) aux parents, un refrain pour marquer la fin de l\u2019accueil, une photographie (quand cela fait sens pour les \u00e9l\u00e8ves).<\/p>\r\n\r\n\r\n\r\n<h3 class=\"wp-block-heading\"><span class=\"ez-toc-section\" id=\"Quel_est_le_role_de_laccueil_au_prescolaire-2\"><\/span>Quel est le r\u00f4le de l\u2019accueil au pr\u00e9scolaire ?<span class=\"ez-toc-section-end\"><\/span><\/h3>\r\n\r\n\r\n\r\n<p>Il salue l\u2019enfant et ses parents. Communique rapidement avec la famille. Il met en place des rituels : un tableau pour assister, s\u2019inscrire (et participer) aux activit\u00e9s d\u2019accueil. Les parents sont pr\u00e9sents pour s\u2019int\u00e9resser aux activit\u00e9s de l\u2019enfant.<\/p>\r\n\r\n\r\n\r\n<h4 class=\"wp-block-heading\"><span class=\"ez-toc-section\" id=\"Qui_accueille_les_enfants_en_maternelle\"><\/span>Qui accueille les enfants en maternelle ?<span class=\"ez-toc-section-end\"><\/span><\/h4>\r\n\r\n\r\n\r\n<p>L\u2019\u00e9cole maternelle accueille les enfants au d\u00e9but de la scolarit\u00e9 obligatoire, qui commence \u00e0 l\u2019\u00e2ge de trois ans. Elle est le plus souvent organis\u00e9e en petites, moyennes et grandes sections, selon l\u2019\u00e2ge des enfants. L\u2019espace scolaire appartient aux municipalit\u00e9s qui sont responsables de leur entretien.<\/p>\r\n\r\n\r\n\r\n<h2 class=\"wp-block-heading\"><span class=\"ez-toc-section\" id=\"Qui_accueille_les_enfants_en_maternelle-2\"><\/span>Qui accueille les enfants en maternelle ?<span class=\"ez-toc-section-end\"><\/span><\/h2>\r\n\r\n\r\n\r\n<p>L\u2019\u00e9cole maternelle accueille les enfants au d\u00e9but de la scolarit\u00e9 obligatoire, qui commence \u00e0 l\u2019\u00e2ge de trois ans. Elle est le plus souvent organis\u00e9e en petites, moyennes et grandes sections, selon l\u2019\u00e2ge des enfants. L\u2019espace scolaire appartient aux municipalit\u00e9s qui sont responsables de leur entretien.<\/p>\r\n\r\n<p><script type=\"application\/ld+json\">{\"@context\":\"https:\/\/schema.org\",\"@type\":\"FAQPage\",\"mainEntity\":[{\"@type\":\"Question\",\"name\":\"Pourquoi faire la m&eacute;t&eacute;o en maternelle ?\",\"acceptedAnswer\":{\"@type\":\"Answer\",\"text\":\"La m&eacute;t&eacute;o permet de pr&eacute;voir le temps &agrave; court terme, et donc de pr&eacute;voir et de contr&ocirc;ler, ce qui calme les enfants. C'est une mati&egrave;re omnipr&eacute;sente dans l'enseignement de la maternelle.Quel genre de rituel de maternelle? Apr&egrave;s avoir accueilli tous les &eacute;l&egrave;ves, le professeur passe &agrave; ce qu'il est convenu d'appeler les rituels du matin : appel nominal, comptage des pr&eacute;sents et &eacute;ventuellement des absents, identification de la date. Ces activit&eacute;s sont souvent accompagn&eacute;es de chansons pour enfants et\/ou de jeux de doigts qui sont r&eacute;cit&eacute;s &agrave; haute voix.\"}},{\"@type\":\"Question\",\"name\":\"Comment se faire respecter par ses camarades de classe ?\",\"acceptedAnswer\":{\"@type\":\"Answer\",\"text\":\"&Ecirc;tre absolument confiant, &ecirc;tre tr&egrave;s intelligent et &eacute;viter l'insolence dans la communication quotidienne sont toujours les meilleurs moyens pour vos camarades de classe de vous aimer et, plus important encore, de vous respecter.Comment faire respecter les r&egrave;gles en classe ? R&egrave;gles de base de la classeTout le monde doit entrer et sortir correctement.Il convient de dire au revoir et au revoir.Les changements de parole doivent &ecirc;tre respect&eacute;s et personne ne doit &ecirc;tre interrompu en classe.Tout le monde devrait pr&ecirc;ter attention &agrave; l'enseignement.\"}},{\"@type\":\"Question\",\"name\":\"Comment faire l'accueil en maternelle ?\",\"acceptedAnswer\":{\"@type\":\"Answer\",\"text\":\"Cela signifie accueillir chaque enfant individuellement : placez-vous &agrave; hauteur de l'enfant, dites-lui votre nom (les pr&eacute;noms sont souvent utilis&eacute;s en maternelle), saluez-le, demandez-lui son nom, comment il est, ce qu'il veut faire, laissez la classe &ecirc;tre explor&eacute;, (encore) d&eacute;couvrir des amis...Comment prendre rendez-vous &agrave; la maternelle ? Chaque jour, ils collent un autocollant sur la veille et encerclent le nombre de jours avec un crayon. &acirc;&euro;&ldquo; tableau des dates &agrave; remplir tous les jours : Cette ardoise doit &ecirc;tre imprim&eacute;e au format A4 (de pr&eacute;f&eacute;rence en couleur) et plastifi&eacute;e.\"}},{\"@type\":\"Question\",\"name\":\"Quels sont les rituels en maternelle ?\",\"acceptedAnswer\":{\"@type\":\"Answer\",\"text\":\"Apr&egrave;s avoir accueilli tous les &eacute;l&egrave;ves, le professeur passe &agrave; ce qu'il est convenu d'appeler les rituels du matin : appel nominal, comptage des pr&eacute;sents et &eacute;ventuellement des absents, identification de la date. Ces activit&eacute;s sont souvent accompagn&eacute;es de chansons d'enfants et\/ou de jeux de doigts, r&eacute;cit&eacute;s en ch&oelig;ur.Comment mettre en place des rituels en maternelle ? &middot; Annoncez-le toujours de la m&ecirc;me mani&egrave;re : avec la m&ecirc;me musique (par exemple, un extrait d'une cassette du coin &eacute;coute). &middot; &Eacute;tablissez un rituel de lecture : par exemple, annoncez le titre, montrez la couverture, puis d&eacute;cidez comment g&eacute;rer la lecture et le visionnage des illustrations des albums.\"}},{\"@type\":\"Question\",\"name\":\"Quelle est l'importance de l'accueil au pr&eacute;scolaire ?\",\"acceptedAnswer\":{\"@type\":\"Answer\",\"text\":\"Int&eacute;grer les &eacute;tudiants &agrave; l'accueil. En effet, l'accueil cr&eacute;e non seulement une atmosph&egrave;re chaleureuse et bienveillante pour les &eacute;tudiants, mais est aussi un bon moyen de s'int&eacute;grer au groupe.Comment accueillir les &eacute;tudiants ? Saluer gentiment les &eacute;l&egrave;ves L'enseignant appelle chaque &eacute;l&egrave;ve par son nom, un sourire et parfois un c&acirc;lin. Il peut aussi leur parler en leur demandant comment ils ont pass&eacute; leurs vacances. Un accueil chaleureux et bienveillant est un bon moyen de les int&eacute;grer dans un groupe et de faire tomber les barri&egrave;res.\"}},{\"@type\":\"Question\",\"name\":\"Qui accueille les enfants en maternelle ?\",\"acceptedAnswer\":{\"@type\":\"Answer\",\"text\":\"L'&eacute;cole maternelle accueille les enfants au d&eacute;but de la scolarit&eacute; obligatoire, qui commence &agrave; l'&acirc;ge de trois ans. Elle est le plus souvent organis&eacute;e en petites, moyennes et grandes sections, selon l'&acirc;ge des enfants. L'espace scolaire appartient aux municipalit&eacute;s qui sont responsables de leur entretien.\"}}]}<\/script><\/p>\n\n","protected":false},"excerpt":{"rendered":"","protected":false},"author":1,"featured_media":2538,"comment_status":"open","ping_status":"open","sticky":false,"template":"","format":"standard","meta":{"_seopress_robots_primary_cat":"none","_seopress_titles_title":"","_seopress_titles_desc":"","_seopress_robots_index":"","footnotes":""},"categories":[31],"tags":[443,72,39,438,441],"class_list":["post-2537","post","type-post","status-publish","format-standard","has-post-thumbnail","hentry","category-life-style","tag-activites","tag-enfant","tag-enfants","tag-maternelle","tag-rituels","generate-columns","tablet-grid-50","mobile-grid-100","grid-parent","grid-50"],"_links":{"self":[{"href":"https:\/\/toukiela.com\/es\/wp-json\/wp\/v2\/posts\/2537","targetHints":{"allow":["GET"]}}],"collection":[{"href":"https:\/\/toukiela.com\/es\/wp-json\/wp\/v2\/posts"}],"about":[{"href":"https:\/\/toukiela.com\/es\/wp-json\/wp\/v2\/types\/post"}],"author":[{"embeddable":true,"href":"https:\/\/toukiela.com\/es\/wp-json\/wp\/v2\/users\/1"}],"replies":[{"embeddable":true,"href":"https:\/\/toukiela.com\/es\/wp-json\/wp\/v2\/comments?post=2537"}],"version-history":[{"count":0,"href":"https:\/\/toukiela.com\/es\/wp-json\/wp\/v2\/posts\/2537\/revisions"}],"wp:featuredmedia":[{"embeddable":true,"href":"https:\/\/toukiela.com\/es\/wp-json\/wp\/v2\/media\/2538"}],"wp:attachment":[{"href":"https:\/\/toukiela.com\/es\/wp-json\/wp\/v2\/media?parent=2537"}],"wp:term":[{"taxonomy":"category","embeddable":true,"href":"https:\/\/toukiela.com\/es\/wp-json\/wp\/v2\/categories?post=2537"},{"taxonomy":"post_tag","embeddable":true,"href":"https:\/\/toukiela.com\/es\/wp-json\/wp\/v2\/tags?post=2537"}],"curies":[{"name":"wp","href":"https:\/\/api.w.org\/{rel}","templated":true}]}}