{"id":2489,"date":"2022-06-22T01:10:02","date_gmt":"2022-06-22T01:10:02","guid":{"rendered":"https:\/\/toukiela.com\/comment-valider-le-dpc-month-year\/"},"modified":"2022-07-26T17:23:46","modified_gmt":"2022-07-26T17:23:46","slug":"comment-valider-le-dpc-month-year","status":"publish","type":"post","link":"https:\/\/toukiela.com\/es\/comment-valider-le-dpc-month-year\/","title":{"rendered":"Comment valider le DPC ? abril 2026"},"content":{"rendered":"<p>La premi\u00e8re \u00e9tape de la validation du DPC consiste \u00e0 s\u2019assurer que la date est correcte. Le mois doit \u00eatre compris entre 1 et 12, et l\u2019ann\u00e9e entre 1901 et 2100.<\/p>\r\n<p>Ensuite, il convient de v\u00e9rifier que le certificat de DPC contient les informations suivantes :<\/p>\r\n<p>\u2013 Le nom du titulaire du certificat<\/p>\r\n<p>\u2013 Le nom de l\u2019autorit\u00e9 \u00e9mettrice<\/p>\r\n<p>\u2013 La p\u00e9riode de validit\u00e9 du certificat<\/p>\r\n<p>\u2013 L\u2019objet du certificat<\/p>\r\n<p>\u2013 Le niveau du certificat<\/p>\r\n<p>\u2013 Le type de certificat<\/p>\r\n<p>Si l\u2019une de ces informations est manquante, le certificat de DPC n\u2019est pas valide.<\/p>\r\n<p>Il est \u00e9galement important de v\u00e9rifier que le certificat CPD a \u00e9t\u00e9 sign\u00e9 par l\u2019autorit\u00e9 \u00e9mettrice. Si la signature est absente ou ne correspond pas au nom de l\u2019autorit\u00e9 \u00e9mettrice, le certificat n\u2019est pas valide.<\/p>\r\n<p>Le certificat de DPC doit \u00e9galement \u00eatre marqu\u00e9 du sceau officiel de l\u2019autorit\u00e9 de d\u00e9livrance. Si le sceau est manquant ou endommag\u00e9, le certificat n\u2019est pas valable.<\/p>\r\n<p>Si vous avez des questions sur la validit\u00e9 d\u2019un certificat de DPC, veuillez contacter l\u2019autorit\u00e9 \u00e9mettrice.<\/p>\r\n<p><strong>Le d\u00e9veloppement professionnel continu (DPC) vise \u00e0 : \u00e9valuer et am\u00e9liorer la pratique professionnelle et la gestion des risques ; maintenir et mettre \u00e0 jour les connaissances et les comp\u00e9tences; prise en compte des priorit\u00e9s de sant\u00e9 publique (exemple : PAERPA).<\/strong><\/p>\r\n\r\n\r\n\r\n<div id=\"ez-toc-container\" class=\"ez-toc-v2_0_82_2 counter-hierarchy ez-toc-counter ez-toc-grey ez-toc-container-direction\">\n<p class=\"ez-toc-title\" style=\"cursor:inherit\">Sommaire<\/p>\n<label for=\"ez-toc-cssicon-toggle-item-69f1c57f97afc\" class=\"ez-toc-cssicon-toggle-label\"><span class=\"\"><span class=\"eztoc-hide\" style=\"display:none;\">Toggle<\/span><span class=\"ez-toc-icon-toggle-span\"><svg style=\"fill: #999;color:#999\" xmlns=\"http:\/\/www.w3.org\/2000\/svg\" class=\"list-377408\" width=\"20px\" height=\"20px\" viewBox=\"0 0 24 24\" fill=\"none\"><path d=\"M6 6H4v2h2V6zm14 0H8v2h12V6zM4 11h2v2H4v-2zm16 0H8v2h12v-2zM4 16h2v2H4v-2zm16 0H8v2h12v-2z\" fill=\"currentColor\"><\/path><\/svg><svg style=\"fill: #999;color:#999\" class=\"arrow-unsorted-368013\" xmlns=\"http:\/\/www.w3.org\/2000\/svg\" width=\"10px\" height=\"10px\" viewBox=\"0 0 24 24\" version=\"1.2\" baseProfile=\"tiny\"><path d=\"M18.2 9.3l-6.2-6.3-6.2 6.3c-.2.2-.3.4-.3.7s.1.5.3.7c.2.2.4.3.7.3h11c.3 0 .5-.1.7-.3.2-.2.3-.5.3-.7s-.1-.5-.3-.7zM5.8 14.7l6.2 6.3 6.2-6.3c.2-.2.3-.5.3-.7s-.1-.5-.3-.7c-.2-.2-.4-.3-.7-.3h-11c-.3 0-.5.1-.7.3-.2.2-.3.5-.3.7s.1.5.3.7z\"\/><\/svg><\/span><\/span><\/label><input type=\"checkbox\"  id=\"ez-toc-cssicon-toggle-item-69f1c57f97afc\"  aria-label=\"Alternar\" \/><nav><ul class='ez-toc-list ez-toc-list-level-1 ' ><li class='ez-toc-page-1 ez-toc-heading-level-2'><a class=\"ez-toc-link ez-toc-heading-1\" href=\"https:\/\/toukiela.com\/es\/comment-valider-le-dpc-month-year\/#Comment_se_faire_rembourser_une_formation_DPC\" >Comment se faire rembourser une formation DPC ?<\/a><ul class='ez-toc-list-level-3' ><li class='ez-toc-heading-level-3'><a class=\"ez-toc-link ez-toc-heading-2\" href=\"https:\/\/toukiela.com\/es\/comment-valider-le-dpc-month-year\/#Comment_faire_une_prise_en_charge_DPC\" >Comment faire une prise en charge DPC ?<\/a><ul class='ez-toc-list-level-4' ><li class='ez-toc-heading-level-4'><a class=\"ez-toc-link ez-toc-heading-3\" href=\"https:\/\/toukiela.com\/es\/comment-valider-le-dpc-month-year\/#Comment_demander_une_prise_en_charge_DPC\" >Comment demander une prise en charge DPC ?<\/a><\/li><li class='ez-toc-page-1 ez-toc-heading-level-4'><a class=\"ez-toc-link ez-toc-heading-4\" href=\"https:\/\/toukiela.com\/es\/comment-valider-le-dpc-month-year\/#Qui_finance_le_DPC\" >Qui finance le DPC ?<\/a><\/li><\/ul><\/li><li class='ez-toc-page-1 ez-toc-heading-level-3'><a class=\"ez-toc-link ez-toc-heading-5\" href=\"https:\/\/toukiela.com\/es\/comment-valider-le-dpc-month-year\/#Comment_declarer_DPC\" >Comment d\u00e9clarer DPC ?<\/a><ul class='ez-toc-list-level-4' ><li class='ez-toc-heading-level-4'><a class=\"ez-toc-link ez-toc-heading-6\" href=\"https:\/\/toukiela.com\/es\/comment-valider-le-dpc-month-year\/#Comment_valider_le_DPC\" >Comment valider le DPC ?<\/a><\/li><li class='ez-toc-page-1 ez-toc-heading-level-4'><a class=\"ez-toc-link ez-toc-heading-7\" href=\"https:\/\/toukiela.com\/es\/comment-valider-le-dpc-month-year\/#Comment_activer_mon_compte_DPC\" >Comment activer mon compte DPC ?<\/a><\/li><\/ul><\/li><li class='ez-toc-page-1 ez-toc-heading-level-3'><a class=\"ez-toc-link ez-toc-heading-8\" href=\"https:\/\/toukiela.com\/es\/comment-valider-le-dpc-month-year\/#Qui_paye_les_formations_DPC\" >Qui paye les formations DPC ?<\/a><ul class='ez-toc-list-level-4' ><li class='ez-toc-heading-level-4'><a class=\"ez-toc-link ez-toc-heading-9\" href=\"https:\/\/toukiela.com\/es\/comment-valider-le-dpc-month-year\/#Qui_controle_le_DPC\" >Qui contr\u00f4le le DPC ?<\/a><\/li><\/ul><\/li><\/ul><\/li><li class='ez-toc-page-1 ez-toc-heading-level-2'><a class=\"ez-toc-link ez-toc-heading-10\" href=\"https:\/\/toukiela.com\/es\/comment-valider-le-dpc-month-year\/#Quelles_sont_les_obligations_DPC\" >Quelles sont les obligations DPC ?<\/a><ul class='ez-toc-list-level-3' ><li class='ez-toc-heading-level-3'><a class=\"ez-toc-link ez-toc-heading-11\" href=\"https:\/\/toukiela.com\/es\/comment-valider-le-dpc-month-year\/#Quels_sont_les_objectifs_du_DPC\" >Quels sont les objectifs du DPC ?<\/a><ul class='ez-toc-list-level-4' ><li class='ez-toc-heading-level-4'><a class=\"ez-toc-link ez-toc-heading-12\" href=\"https:\/\/toukiela.com\/es\/comment-valider-le-dpc-month-year\/#Qui_controle_le_DPC-2\" >Qui contr\u00f4le le DPC ?<\/a><\/li><li class='ez-toc-page-1 ez-toc-heading-level-4'><a class=\"ez-toc-link ez-toc-heading-13\" href=\"https:\/\/toukiela.com\/es\/comment-valider-le-dpc-month-year\/#Pourquoi_DPC\" >Pourquoi DPC ?<\/a><\/li><\/ul><\/li><\/ul><\/li><li class='ez-toc-page-1 ez-toc-heading-level-2'><a class=\"ez-toc-link ez-toc-heading-14\" href=\"https:\/\/toukiela.com\/es\/comment-valider-le-dpc-month-year\/#Comment_activer_mon_compte_DPC-2\" >Comment activer mon compte DPC ?<\/a><ul class='ez-toc-list-level-3' ><li class='ez-toc-heading-level-3'><a class=\"ez-toc-link ez-toc-heading-15\" href=\"https:\/\/toukiela.com\/es\/comment-valider-le-dpc-month-year\/#Comment_activer_son_compte_DPC\" >Comment activer son compte DPC ?<\/a><ul class='ez-toc-list-level-4' ><li class='ez-toc-heading-level-4'><a class=\"ez-toc-link ez-toc-heading-16\" href=\"https:\/\/toukiela.com\/es\/comment-valider-le-dpc-month-year\/#Comment_activer_mon_compte_DPC-3\" >Comment activer mon compte DPC ?<\/a><\/li><li class='ez-toc-page-1 ez-toc-heading-level-4'><a class=\"ez-toc-link ez-toc-heading-17\" href=\"https:\/\/toukiela.com\/es\/comment-valider-le-dpc-month-year\/#Comment_sinscrire_a_une_formation_DPC\" >Comment s\u2019inscrire \u00e0 une formation DPC ?<\/a><\/li><\/ul><\/li><li class='ez-toc-page-1 ez-toc-heading-level-3'><a class=\"ez-toc-link ez-toc-heading-18\" href=\"https:\/\/toukiela.com\/es\/comment-valider-le-dpc-month-year\/#Comment_valider_le_DPC-2\" >Comment valider le DPC ?<\/a><ul class='ez-toc-list-level-4' ><li class='ez-toc-heading-level-4'><a class=\"ez-toc-link ez-toc-heading-19\" href=\"https:\/\/toukiela.com\/es\/comment-valider-le-dpc-month-year\/#Comment_connaitre_son_DPC\" >Comment conna\u00eetre son DPC ?<\/a><\/li><li class='ez-toc-page-1 ez-toc-heading-level-4'><a class=\"ez-toc-link ez-toc-heading-20\" href=\"https:\/\/toukiela.com\/es\/comment-valider-le-dpc-month-year\/#Comment_activer_mon_compte_DPC-4\" >Comment activer mon compte DPC ?<\/a><\/li><\/ul><\/li><li class='ez-toc-page-1 ez-toc-heading-level-3'><a class=\"ez-toc-link ez-toc-heading-21\" href=\"https:\/\/toukiela.com\/es\/comment-valider-le-dpc-month-year\/#Comment_sinscrire_a_une_formation_DPC-2\" >Comment s\u2019inscrire \u00e0 une formation DPC ?<\/a><ul class='ez-toc-list-level-4' ><li class='ez-toc-heading-level-4'><a class=\"ez-toc-link ez-toc-heading-22\" href=\"https:\/\/toukiela.com\/es\/comment-valider-le-dpc-month-year\/#Quand_faire_demande_DPC\" >Quand faire demande DPC ?<\/a><\/li><\/ul><\/li><\/ul><\/li><li class='ez-toc-page-1 ez-toc-heading-level-2'><a class=\"ez-toc-link ez-toc-heading-23\" href=\"https:\/\/toukiela.com\/es\/comment-valider-le-dpc-month-year\/#Comment_se_faire_financer_une_formation_de_cadre_de_sante\" >Comment se faire financer une formation de cadre de sant\u00e9 ?<\/a><ul class='ez-toc-list-level-3' ><li class='ez-toc-heading-level-3'><a class=\"ez-toc-link ez-toc-heading-24\" href=\"https:\/\/toukiela.com\/es\/comment-valider-le-dpc-month-year\/#Qui_peut_aider_a_financer_une_formation\" >Qui peut aider \u00e0 financer une formation ?<\/a><ul class='ez-toc-list-level-4' ><li class='ez-toc-heading-level-4'><a class=\"ez-toc-link ez-toc-heading-25\" href=\"https:\/\/toukiela.com\/es\/comment-valider-le-dpc-month-year\/#Comment_se_faire_payer_une_formation_par_la_Region\" >Comment se faire payer une formation par la R\u00e9gion ?<\/a><\/li><li class='ez-toc-page-1 ez-toc-heading-level-4'><a class=\"ez-toc-link ez-toc-heading-26\" href=\"https:\/\/toukiela.com\/es\/comment-valider-le-dpc-month-year\/#Est-ce_que_Pole_emploi_peut_financer_une_formation\" >Est-ce que P\u00f4le emploi peut financer une formation ?<\/a><\/li><\/ul><\/li><li class='ez-toc-page-1 ez-toc-heading-level-3'><a class=\"ez-toc-link ez-toc-heading-27\" href=\"https:\/\/toukiela.com\/es\/comment-valider-le-dpc-month-year\/#Comment_se_faire_payer_une_formation_par_la_Region-2\" >Comment se faire payer une formation par la R\u00e9gion ?<\/a><ul class='ez-toc-list-level-4' ><li class='ez-toc-heading-level-4'><a class=\"ez-toc-link ez-toc-heading-28\" href=\"https:\/\/toukiela.com\/es\/comment-valider-le-dpc-month-year\/#Comment_demander_une_aide_de_la_Region\" >Comment demander une aide de la R\u00e9gion ?<\/a><\/li><\/ul><\/li><li class='ez-toc-page-1 ez-toc-heading-level-3'><a class=\"ez-toc-link ez-toc-heading-29\" href=\"https:\/\/toukiela.com\/es\/comment-valider-le-dpc-month-year\/#Comment_obtenir_une_aide_financiere_pour_une_formation\" >Comment obtenir une aide financi\u00e8re pour une formation ?<\/a><ul class='ez-toc-list-level-4' ><li class='ez-toc-heading-level-4'><a class=\"ez-toc-link ez-toc-heading-30\" href=\"https:\/\/toukiela.com\/es\/comment-valider-le-dpc-month-year\/#Est-ce_que_la_CAF_peut_financer_une_formation\" >Est-ce que la CAF peut financer une formation ?<\/a><\/li><li class='ez-toc-page-1 ez-toc-heading-level-4'><a class=\"ez-toc-link ez-toc-heading-31\" href=\"https:\/\/toukiela.com\/es\/comment-valider-le-dpc-month-year\/#Comment_avoir_une_aide_financiere_pour_une_formation\" >Comment avoir une aide financi\u00e8re pour une formation ?<\/a><\/li><\/ul><\/li><\/ul><\/li><li class='ez-toc-page-1 ez-toc-heading-level-2'><a class=\"ez-toc-link ez-toc-heading-32\" href=\"https:\/\/toukiela.com\/es\/comment-valider-le-dpc-month-year\/#Comment_sinscrire_a_une_formation_DPC-3\" >Comment s\u2019inscrire \u00e0 une formation DPC ?<\/a><\/li><li class='ez-toc-page-1 ez-toc-heading-level-2'><a class=\"ez-toc-link ez-toc-heading-33\" href=\"https:\/\/toukiela.com\/es\/comment-valider-le-dpc-month-year\/#Comment_se_faire_financer_sa_formation_par_lOPCA\" >Comment se faire financer sa formation par l\u2019OPCA ?<\/a><ul class='ez-toc-list-level-3' ><li class='ez-toc-heading-level-3'><a class=\"ez-toc-link ez-toc-heading-34\" href=\"https:\/\/toukiela.com\/es\/comment-valider-le-dpc-month-year\/#Quelle_formation_prise_en_charge_par_OPCO\" >Quelle formation prise en charge par OPCO ?<\/a><ul class='ez-toc-list-level-4' ><li class='ez-toc-heading-level-4'><a class=\"ez-toc-link ez-toc-heading-35\" href=\"https:\/\/toukiela.com\/es\/comment-valider-le-dpc-month-year\/#Comment_demander_prise_en_charge_OPCO\" >Comment demander prise en charge OPCO ?<\/a><\/li><li class='ez-toc-page-1 ez-toc-heading-level-4'><a class=\"ez-toc-link ez-toc-heading-36\" href=\"https:\/\/toukiela.com\/es\/comment-valider-le-dpc-month-year\/#Comment_savoir_si_formation_prise_en_charge_par_OPCO\" >Comment savoir si formation prise en charge par OPCO ?<\/a><\/li><\/ul><\/li><li class='ez-toc-page-1 ez-toc-heading-level-3'><a class=\"ez-toc-link ez-toc-heading-37\" href=\"https:\/\/toukiela.com\/es\/comment-valider-le-dpc-month-year\/#Qui_finance_les_OPCA\" >Qui finance les OPCA ?<\/a><ul class='ez-toc-list-level-4' ><li class='ez-toc-heading-level-4'><a class=\"ez-toc-link ez-toc-heading-38\" href=\"https:\/\/toukiela.com\/es\/comment-valider-le-dpc-month-year\/#Comment_savoir_si_une_formation_est_prise_en_charge_par_OPCO\" >Comment savoir si une formation est prise en charge par OPCO ?<\/a><\/li><li class='ez-toc-page-1 ez-toc-heading-level-4'><a class=\"ez-toc-link ez-toc-heading-39\" href=\"https:\/\/toukiela.com\/es\/comment-valider-le-dpc-month-year\/#Quelle_difference_entre_OPCO_et_OPCA\" >Quelle diff\u00e9rence entre OPCO et OPCA ?<\/a><\/li><\/ul><\/li><li class='ez-toc-page-1 ez-toc-heading-level-3'><a class=\"ez-toc-link ez-toc-heading-40\" href=\"https:\/\/toukiela.com\/es\/comment-valider-le-dpc-month-year\/#Quelles_sont_les_conditions_pour_obtenir_des_financements_de_la_part_de_l_OPCO\" >Quelles sont les conditions pour obtenir des financements de la part de l OPCO ?<\/a><ul class='ez-toc-list-level-4' ><li class='ez-toc-heading-level-4'><a class=\"ez-toc-link ez-toc-heading-41\" href=\"https:\/\/toukiela.com\/es\/comment-valider-le-dpc-month-year\/#Comment_se_faire_rembourser_une_formation_par_l_OPCO\" >Comment se faire rembourser une formation par l OPCO ?<\/a><\/li><li class='ez-toc-page-1 ez-toc-heading-level-4'><a class=\"ez-toc-link ez-toc-heading-42\" href=\"https:\/\/toukiela.com\/es\/comment-valider-le-dpc-month-year\/#Comment_etre_finance_par_l_OPCO\" >Comment \u00eatre financ\u00e9 par l OPCO ?<\/a><\/li><\/ul><\/li><\/ul><\/li><\/ul><\/nav><\/div>\n<h2 class=\"wp-block-heading\"><span class=\"ez-toc-section\" id=\"Comment_se_faire_rembourser_une_formation_DPC\"><\/span>Comment se faire rembourser une formation DPC ?<span class=\"ez-toc-section-end\"><\/span><\/h2>\r\n\r\n\r\n\r\n<figure><img decoding=\"async\" class=\"attachment-full size-full\" src=\"https:\/\/toukiela.com\/wp-content\/uploads\/2022\/06\/Comment-se-faire-rembourser-une-formation-DPC-.jpeg\" sizes=\"(max-width: 1000px) 100vw, 1000px\" srcset=\"https:\/\/i0.wp.com\/toukiela.com\/wp-content\/uploads\/2022\/06\/Comment-se-faire-rembourser-une-formation-DPC-.jpeg?w=1000&amp;ssl=1 1000w, https:\/\/i0.wp.com\/toukiela.com\/wp-content\/uploads\/2022\/06\/Comment-se-faire-rembourser-une-formation-DPC-.jpeg?resize=300%2C200&amp;ssl=1 300w, https:\/\/i0.wp.com\/toukiela.com\/wp-content\/uploads\/2022\/06\/Comment-se-faire-rembourser-une-formation-DPC-.jpeg?resize=768%2C512&amp;ssl=1 768w, https:\/\/i0.wp.com\/toukiela.com\/wp-content\/uploads\/2022\/06\/Comment-se-faire-rembourser-une-formation-DPC-.jpeg?resize=18%2C12&amp;ssl=1 18w, https:\/\/i0.wp.com\/toukiela.com\/wp-content\/uploads\/2022\/06\/Comment-se-faire-rembourser-une-formation-DPC-.jpeg?resize=50%2C33&amp;ssl=1 50w, https:\/\/i0.wp.com\/toukiela.com\/wp-content\/uploads\/2022\/06\/Comment-se-faire-rembourser-une-formation-DPC-.jpeg?resize=980%2C654&amp;ssl=1 980w, https:\/\/i0.wp.com\/toukiela.com\/wp-content\/uploads\/2022\/06\/Comment-se-faire-rembourser-une-formation-DPC-.jpeg?resize=480%2C320&amp;ssl=1 480w\" alt=\"Comment se faire rembourser une formation DPC ?\" width=\"1000\" height=\"667\"><\/figure>\r\n\r\n\r\n\r\n<p>Remboursement des frais li\u00e9s au programme de DPC<\/p>\r\n\r\n\r\n\r\n<ul class=\"wp-block-list\">\r\n<li>Paiement direct \u00e0 l\u2019organisme CPD sur pr\u00e9sentation d\u2019une facture.<\/li>\r\n<li>Indemnisation au praticien qui a avanc\u00e9 les frais sur pr\u00e9sentation d\u2019une facture acquitt\u00e9e de l\u2019organisme DPC.<\/li>\r\n<li>Indemnisation \u00e0 l\u2019\u00e9tablissement si celui-ci a pay\u00e9 la facture.<\/li>\r\n<\/ul>\r\n\r\n\r\n\r\n<p>Comment contacter DPC ? Nos \u00e9quipes vous accueillent et vous suivent du lundi au vendredi : par t\u00e9l\u00e9phone de 9h30 \u00e0 14 heures au 01 48 76 19 05 et par e-mail : contactez-nous.<\/p>\r\n\r\n\r\n\r\n<h3 class=\"wp-block-heading\"><span class=\"ez-toc-section\" id=\"Comment_faire_une_prise_en_charge_DPC\"><\/span>Comment faire une prise en charge DPC ?<span class=\"ez-toc-section-end\"><\/span><\/h3>\r\n\r\n\r\n\r\n<p>Afin de continuer \u00e0 \u00eatre accompagn\u00e9 pour vos actions DPC, vous devez cr\u00e9er un nouveau compte sur www.agencedpc.fr\/professionnel avant le 30 juin 2021. Malgr\u00e9 ce nouvel engagement, vos demandes de formation continueront \u00e0 se faire, comme aujourd\u2019hui, sur www . .mondpc.fr.<\/p>\r\n\r\n\r\n\r\n<h4 class=\"wp-block-heading\"><span class=\"ez-toc-section\" id=\"Comment_demander_une_prise_en_charge_DPC\"><\/span>Comment demander une prise en charge DPC ?<span class=\"ez-toc-section-end\"><\/span><\/h4>\r\n\r\n\r\n\r\n<p>Rendez-vous sur www.mondpc.fr pour y cr\u00e9er votre profil en pr\u00e9cisant votre num\u00e9ro ADELI. Ce compte vous permettra de vous connecter \u00e0 un ANDPC (guichet unique qui g\u00e8re les DPC) pour g\u00e9rer votre inscription et vos frais de perte d\u2019activit\u00e9.<\/p>\r\n\r\n\r\n\r\n<h4 class=\"wp-block-heading\"><span class=\"ez-toc-section\" id=\"Qui_finance_le_DPC\"><\/span>Qui finance le DPC ?<span class=\"ez-toc-section-end\"><\/span><\/h4>\r\n\r\n\r\n\r\n<p>La DPC est financ\u00e9e : \u2013 par une partie du produit de la contribution au chiffre d\u2019affaires des entreprises exer\u00e7ant dans une ou plusieurs sp\u00e9cialit\u00e9s pharmaceutiques couvertes par l\u2019assurance maladie.<\/p>\r\n\r\n\r\n\r\n<h3 class=\"wp-block-heading\"><span class=\"ez-toc-section\" id=\"Comment_declarer_DPC\"><\/span>Comment d\u00e9clarer DPC ?<span class=\"ez-toc-section-end\"><\/span><\/h3>\r\n\r\n\r\n\r\n<p>Afin de valider facilement le respect de l\u2019obligation de formation en DPC en trois ans, l\u2019Agence Nationale de la Formation Professionnelle Continue (ANDPC) met \u00e0 votre disposition un document de tra\u00e7abilit\u00e9 \u00e0 remplir sur le site www.agencedpc.fr.<\/p>\r\n\r\n\r\n\r\n<h4 class=\"wp-block-heading\"><span class=\"ez-toc-section\" id=\"Comment_valider_le_DPC\"><\/span>Comment valider le DPC ?<span class=\"ez-toc-section-end\"><\/span><\/h4>\r\n\r\n\r\n\r\n<p>Votre demande d\u2019inscription doit \u00eatre confirm\u00e9e par l\u2019organisme de DPC qui propose l\u2019action de DPC souhait\u00e9e. Vous pouvez suivre vos inscriptions et votre pass depuis les menus \u00ab\u00a0Mes Actions DPC\u00a0\u00bb et \u00ab\u00a0Mon Pass DPC\u00a0\u00bb disponibles depuis votre espace li\u00e9.<\/p>\r\n\r\n\r\n\r\n<h4 class=\"wp-block-heading\"><span class=\"ez-toc-section\" id=\"Comment_activer_mon_compte_DPC\"><\/span>Comment activer mon compte DPC ?<span class=\"ez-toc-section-end\"><\/span><\/h4>\r\n\r\n\r\n\r\n<p>Afin de r\u00e9activer leur compte, les professionnels de sant\u00e9 concern\u00e9s doivent suivre la proc\u00e9dure classique de r\u00e9activation d\u2019un compte en cas de perte d\u2019un identifiant en cliquant sur le lien suivant : https:\/\/www.agencedpc.fr\/contact et en s\u00e9lectionnant dans l\u2019objet du message \u00ab\u00a0demande concernant la perte de son identifiant ou\u2026<\/p>\r\n\r\n\r\n\r\n<h3 class=\"wp-block-heading\"><span class=\"ez-toc-section\" id=\"Qui_paye_les_formations_DPC\"><\/span>Qui paye les formations DPC ?<span class=\"ez-toc-section-end\"><\/span><\/h3>\r\n\r\n\r\n\r\n<p>L\u2019Agence nationale pour la formation professionnelle continue (ANDPC) prend en charge les frais de formation de certaines professions exer\u00e7ant en tant que salari\u00e9 libre ou salari\u00e9 dans un centre d\u2019accueil conventionn\u00e9.<\/p>\r\n\r\n\r\n\r\n<h4 class=\"wp-block-heading\"><span class=\"ez-toc-section\" id=\"Qui_controle_le_DPC\"><\/span>Qui contr\u00f4le le DPC ?<span class=\"ez-toc-section-end\"><\/span><\/h4>\r\n\r\n\r\n\r\n<p>La Haute Autorit\u00e9 de Sant\u00e9 (HAS) est charg\u00e9e d\u2019\u00e9laborer les m\u00e9thodes et modalit\u00e9s de DPC. Un portail d\u00e9di\u00e9 au DPC est consultable sur le site de l\u2019Administration, incluant des fiches m\u00e9thodologiques.<\/p>\r\n\r\n\r\n\r\n<h2 class=\"wp-block-heading\"><span class=\"ez-toc-section\" id=\"Quelles_sont_les_obligations_DPC\"><\/span>Quelles sont les obligations DPC ?<span class=\"ez-toc-section-end\"><\/span><\/h2>\r\n\r\n\r\n\r\n<figure><img decoding=\"async\" class=\"attachment-full size-full\" src=\"https:\/\/toukiela.com\/wp-content\/uploads\/2022\/06\/Quelles-sont-les-obligations-DPC-.png\" sizes=\"(max-width: 1123px) 100vw, 1123px\" srcset=\"https:\/\/i0.wp.com\/toukiela.com\/wp-content\/uploads\/2022\/06\/Quelles-sont-les-obligations-DPC-.png?w=1123&amp;ssl=1 1123w, https:\/\/i0.wp.com\/toukiela.com\/wp-content\/uploads\/2022\/06\/Quelles-sont-les-obligations-DPC-.png?resize=300%2C300&amp;ssl=1 300w, https:\/\/i0.wp.com\/toukiela.com\/wp-content\/uploads\/2022\/06\/Quelles-sont-les-obligations-DPC-.png?resize=1024%2C1024&amp;ssl=1 1024w, https:\/\/i0.wp.com\/toukiela.com\/wp-content\/uploads\/2022\/06\/Quelles-sont-les-obligations-DPC-.png?resize=150%2C150&amp;ssl=1 150w, https:\/\/i0.wp.com\/toukiela.com\/wp-content\/uploads\/2022\/06\/Quelles-sont-les-obligations-DPC-.png?resize=768%2C769&amp;ssl=1 768w, https:\/\/i0.wp.com\/toukiela.com\/wp-content\/uploads\/2022\/06\/Quelles-sont-les-obligations-DPC-.png?resize=12%2C12&amp;ssl=1 12w, https:\/\/i0.wp.com\/toukiela.com\/wp-content\/uploads\/2022\/06\/Quelles-sont-les-obligations-DPC-.png?resize=50%2C50&amp;ssl=1 50w, https:\/\/i0.wp.com\/toukiela.com\/wp-content\/uploads\/2022\/06\/Quelles-sont-les-obligations-DPC-.png?resize=1080%2C1081&amp;ssl=1 1080w, https:\/\/i0.wp.com\/toukiela.com\/wp-content\/uploads\/2022\/06\/Quelles-sont-les-obligations-DPC-.png?resize=980%2C981&amp;ssl=1 980w, https:\/\/i0.wp.com\/toukiela.com\/wp-content\/uploads\/2022\/06\/Quelles-sont-les-obligations-DPC-.png?resize=480%2C480&amp;ssl=1 480w\" alt=\"Quelles sont les obligations DPC ?\" width=\"1123\" height=\"1124\"><\/figure>\r\n\r\n\r\n\r\n<p>L\u2019engagement triennal CPD (Continuing Professional Development) consiste en un parcours que tout professionnel de sant\u00e9 doit suivre sur 3 ans. Il se compose de 3 activit\u00e9s : la formation continue, l\u2019\u00e9valuation des pratiques professionnelles (EPP) et les d\u00e9marches de gestion des risques (GDR).<\/p>\r\n\r\n\r\n\r\n<p>Comment valider une formation DPC ? Comment confirmer son engagement dans la formation avec DPC ? Afin de remplir son obligation de formation continue, la professionnelle en soins doit donc : suivre l\u2019action de formation continue d\u2019une part et l\u2019\u00e9valuation de la pratique professionnelle (EPP).<\/p>\r\n\r\n\r\n\r\n<h3 class=\"wp-block-heading\"><span class=\"ez-toc-section\" id=\"Quels_sont_les_objectifs_du_DPC\"><\/span>Quels sont les objectifs du DPC ?<span class=\"ez-toc-section-end\"><\/span><\/h3>\r\n\r\n\r\n\r\n<p>Le d\u00e9veloppement professionnel continu (DPC) vise \u00e0 maintenir et \u00e0 mettre \u00e0 jour les connaissances et les comp\u00e9tences, ainsi qu\u2019\u00e0 am\u00e9liorer la pratique. Elle est de la responsabilit\u00e9 de tous les professionnels de sant\u00e9, quel que soit leur mode ou secteur d\u2019action.<\/p>\r\n\r\n\r\n\r\n<h4 class=\"wp-block-heading\"><span class=\"ez-toc-section\" id=\"Qui_controle_le_DPC-2\"><\/span>Qui contr\u00f4le le DPC ?<span class=\"ez-toc-section-end\"><\/span><\/h4>\r\n\r\n\r\n\r\n<p>La Haute Autorit\u00e9 de Sant\u00e9 (HAS) est charg\u00e9e d\u2019\u00e9laborer les m\u00e9thodes et modalit\u00e9s de DPC. Un portail d\u00e9di\u00e9 au DPC est consultable sur le site de l\u2019Administration, incluant des fiches m\u00e9thodologiques.<\/p>\r\n\r\n\r\n\r\n<h4 class=\"wp-block-heading\"><span class=\"ez-toc-section\" id=\"Pourquoi_DPC\"><\/span>Pourquoi DPC ?<span class=\"ez-toc-section-end\"><\/span><\/h4>\r\n\r\n\r\n\r\n<p>Pourquoi s\u2019entra\u00eener ? Le DPC permet d\u2019\u00e9valuer les expertises et les comp\u00e9tences pour optimiser la pratique en vue d\u2019am\u00e9liorer la s\u00e9curit\u00e9 des soins.<\/p>\r\n\r\n\r\n\r\n<h2 class=\"wp-block-heading\"><span class=\"ez-toc-section\" id=\"Comment_activer_mon_compte_DPC-2\"><\/span>Comment activer mon compte DPC ?<span class=\"ez-toc-section-end\"><\/span><\/h2>\r\n\r\n\r\n\r\n<figure><img decoding=\"async\" class=\"attachment-full size-full\" src=\"https:\/\/toukiela.com\/wp-content\/uploads\/2022\/06\/Comment-activer-mon-compte-DPC-.jpeg\" sizes=\"(max-width: 1280px) 100vw, 1280px\" srcset=\"https:\/\/i0.wp.com\/toukiela.com\/wp-content\/uploads\/2022\/06\/Comment-activer-mon-compte-DPC-.jpeg?w=1280&amp;ssl=1 1280w, https:\/\/i0.wp.com\/toukiela.com\/wp-content\/uploads\/2022\/06\/Comment-activer-mon-compte-DPC-.jpeg?resize=300%2C209&amp;ssl=1 300w, https:\/\/i0.wp.com\/toukiela.com\/wp-content\/uploads\/2022\/06\/Comment-activer-mon-compte-DPC-.jpeg?resize=1024%2C714&amp;ssl=1 1024w, https:\/\/i0.wp.com\/toukiela.com\/wp-content\/uploads\/2022\/06\/Comment-activer-mon-compte-DPC-.jpeg?resize=768%2C535&amp;ssl=1 768w, https:\/\/i0.wp.com\/toukiela.com\/wp-content\/uploads\/2022\/06\/Comment-activer-mon-compte-DPC-.jpeg?resize=18%2C12&amp;ssl=1 18w, https:\/\/i0.wp.com\/toukiela.com\/wp-content\/uploads\/2022\/06\/Comment-activer-mon-compte-DPC-.jpeg?resize=50%2C35&amp;ssl=1 50w, https:\/\/i0.wp.com\/toukiela.com\/wp-content\/uploads\/2022\/06\/Comment-activer-mon-compte-DPC-.jpeg?resize=1080%2C753&amp;ssl=1 1080w, https:\/\/i0.wp.com\/toukiela.com\/wp-content\/uploads\/2022\/06\/Comment-activer-mon-compte-DPC-.jpeg?resize=980%2C683&amp;ssl=1 980w, https:\/\/i0.wp.com\/toukiela.com\/wp-content\/uploads\/2022\/06\/Comment-activer-mon-compte-DPC-.jpeg?resize=480%2C335&amp;ssl=1 480w\" alt=\"Comment activer mon compte DPC ?\" width=\"1280\" height=\"892\"><\/figure>\r\n\r\n\r\n\r\n<p>Cliquez sur \u00ab\u00a0\u00c9tape suivante\u00a0\u00bb. Votre compte www.agencedpc.fr a \u00e9t\u00e9 activ\u00e9. Vous pouvez acc\u00e9der au document de tra\u00e7abilit\u00e9 sur l\u2019onglet \u00ab\u00a0Mon DPC\u00a0\u00bb en haut de page. Vous pouvez continuer \u00e0 vous inscrire \u00e0 vos actions DPC sur www.mondpc.fr avec le mot de passe que vous venez de cr\u00e9er.<\/p>\r\n\r\n\r\n\r\n<p>Comment savoir si le cours est CPD? Pour savoir si la formation que vous suivez ou souhaitez suivre est bien un DPC permettant de remplir votre obligation, v\u00e9rifiez qu\u2019elle appara\u00eet dans notre moteur de recherche disponible sur www.mondpc.fr depuis votre espace personnel ou sur www.agencedpc. Tour.<\/p>\r\n\r\n\r\n\r\n<h3 class=\"wp-block-heading\"><span class=\"ez-toc-section\" id=\"Comment_activer_son_compte_DPC\"><\/span>Comment activer son compte DPC ?<span class=\"ez-toc-section-end\"><\/span><\/h3>\r\n\r\n\r\n\r\n<p>Rendez-vous sur www.agencedpc.fr Cliquez sur \u00ab\u00a0Professionnel de sant\u00e9\u00a0\u00bb en haut de page, puis \u00ab\u00a0Acc\u00e9der \u00e0 votre compte et MonDPC, document de tra\u00e7abilit\u00e9\u00a0\u00bb.<\/p>\r\n\r\n\r\n\r\n<h4 class=\"wp-block-heading\"><span class=\"ez-toc-section\" id=\"Comment_activer_mon_compte_DPC-3\"><\/span>Comment activer mon compte DPC ?<span class=\"ez-toc-section-end\"><\/span><\/h4>\r\n\r\n\r\n\r\n<p>Afin de r\u00e9activer leur compte, les professionnels de sant\u00e9 concern\u00e9s doivent suivre la proc\u00e9dure classique de r\u00e9activation d\u2019un compte en cas de perte d\u2019un identifiant en cliquant sur le lien suivant : https:\/\/www.agencedpc.fr\/contact et en s\u00e9lectionnant dans l\u2019objet du message \u00ab\u00a0demande concernant la perte de son identifiant ou\u2026<\/p>\r\n\r\n\r\n\r\n<h4 class=\"wp-block-heading\"><span class=\"ez-toc-section\" id=\"Comment_sinscrire_a_une_formation_DPC\"><\/span>Comment s\u2019inscrire \u00e0 une formation DPC ?<span class=\"ez-toc-section-end\"><\/span><\/h4>\r\n\r\n\r\n\r\n<p>\u2013 rechercher votre programme\/action DPC depuis votre compte personnel ; \u2013 s\u2019inscrire \u00e0 la session souhait\u00e9e directement en ligne ; \u2013 attendre la confirmation de cette inscription par l\u2019organisme de DPC dispensant le DPC ; \u2013 suivre toutes ses \u00e9tapes.<\/p>\r\n\r\n\r\n\r\n<h3 class=\"wp-block-heading\"><span class=\"ez-toc-section\" id=\"Comment_valider_le_DPC-2\"><\/span>Comment valider le DPC ?<span class=\"ez-toc-section-end\"><\/span><\/h3>\r\n\r\n\r\n\r\n<p>Votre demande d\u2019inscription doit \u00eatre confirm\u00e9e par l\u2019organisme de DPC qui propose l\u2019action de DPC souhait\u00e9e. Vous pouvez suivre vos inscriptions et votre pass depuis les menus \u00ab\u00a0Mes Actions DPC\u00a0\u00bb et \u00ab\u00a0Mon Pass DPC\u00a0\u00bb disponibles depuis votre espace li\u00e9.<\/p>\r\n\r\n\r\n\r\n<h4 class=\"wp-block-heading\"><span class=\"ez-toc-section\" id=\"Comment_connaitre_son_DPC\"><\/span>Comment conna\u00eetre son DPC ?<span class=\"ez-toc-section-end\"><\/span><\/h4>\r\n\r\n\r\n\r\n<p>Sur notre site internet : https:\/\/www.agencedpc.fr\/forfaits-de-dpc ; Sur www.mondpc.fr, le menu \u00ab\u00a0Mon Forfait DPC\u00a0\u00bb. Les forfaits sont d\u00e9termin\u00e9s par ann\u00e9e civile et ne peuvent \u00eatre combin\u00e9s d\u2019une ann\u00e9e \u00e0 l\u2019autre. Tout d\u00e9passement ne sera pas pris en charge par l\u2019Agence Nationale DPC.<\/p>\r\n\r\n\r\n\r\n<h4 class=\"wp-block-heading\"><span class=\"ez-toc-section\" id=\"Comment_activer_mon_compte_DPC-4\"><\/span>Comment activer mon compte DPC ?<span class=\"ez-toc-section-end\"><\/span><\/h4>\r\n\r\n\r\n\r\n<p>Afin de r\u00e9activer leur compte, les professionnels de sant\u00e9 concern\u00e9s doivent suivre la proc\u00e9dure classique de r\u00e9activation d\u2019un compte en cas de perte d\u2019un identifiant en cliquant sur le lien suivant : https:\/\/www.agencedpc.fr\/contact et en s\u00e9lectionnant dans l\u2019objet du message \u00ab\u00a0demande concernant la perte de son identifiant ou\u2026<\/p>\r\n\r\n\r\n\r\n<h3 class=\"wp-block-heading\"><span class=\"ez-toc-section\" id=\"Comment_sinscrire_a_une_formation_DPC-2\"><\/span>Comment s\u2019inscrire \u00e0 une formation DPC ?<span class=\"ez-toc-section-end\"><\/span><\/h3>\r\n\r\n\r\n\r\n<p>\u2013 rechercher votre programme\/action DPC depuis votre compte personnel ; \u2013 s\u2019inscrire \u00e0 la session souhait\u00e9e directement en ligne ; \u2013 attendre la confirmation de cette inscription par l\u2019organisme de DPC dispensant le DPC ; \u2013 suivre toutes ses \u00e9tapes.<\/p>\r\n\r\n\r\n\r\n<h4 class=\"wp-block-heading\"><span class=\"ez-toc-section\" id=\"Quand_faire_demande_DPC\"><\/span>Quand faire demande DPC ?<span class=\"ez-toc-section-end\"><\/span><\/h4>\r\n\r\n\r\n\r\n<p>Afin de continuer \u00e0 \u00eatre accompagn\u00e9 pour vos actions DPC, vous devez cr\u00e9er un nouveau compte sur www.agencedpc.fr\/professionnel avant le 30 juin 2021. Malgr\u00e9 ce nouvel engagement, vos demandes de formation continueront \u00e0 se faire, comme aujourd\u2019hui, sur www . .mondpc.fr.<\/p>\r\n\r\n\r\n\r\n<h2 class=\"wp-block-heading\"><span class=\"ez-toc-section\" id=\"Comment_se_faire_financer_une_formation_de_cadre_de_sante\"><\/span>Comment se faire financer une formation de cadre de sant\u00e9 ?<span class=\"ez-toc-section-end\"><\/span><\/h2>\r\n\r\n\r\n\r\n<figure><img decoding=\"async\" class=\"attachment-full size-full\" src=\"https:\/\/toukiela.com\/wp-content\/uploads\/2022\/06\/Comment-se-faire-financer-une-formation-de-cadre-de-sante-.jpeg\" sizes=\"(max-width: 1000px) 100vw, 1000px\" srcset=\"https:\/\/i0.wp.com\/toukiela.com\/wp-content\/uploads\/2022\/06\/Comment-se-faire-financer-une-formation-de-cadre-de-sante-.jpeg?w=1000&amp;ssl=1 1000w, https:\/\/i0.wp.com\/toukiela.com\/wp-content\/uploads\/2022\/06\/Comment-se-faire-financer-une-formation-de-cadre-de-sante-.jpeg?resize=210%2C300&amp;ssl=1 210w, https:\/\/i0.wp.com\/toukiela.com\/wp-content\/uploads\/2022\/06\/Comment-se-faire-financer-une-formation-de-cadre-de-sante-.jpeg?resize=717%2C1024&amp;ssl=1 717w, https:\/\/i0.wp.com\/toukiela.com\/wp-content\/uploads\/2022\/06\/Comment-se-faire-financer-une-formation-de-cadre-de-sante-.jpeg?resize=768%2C1097&amp;ssl=1 768w, https:\/\/i0.wp.com\/toukiela.com\/wp-content\/uploads\/2022\/06\/Comment-se-faire-financer-une-formation-de-cadre-de-sante-.jpeg?resize=8%2C12&amp;ssl=1 8w, https:\/\/i0.wp.com\/toukiela.com\/wp-content\/uploads\/2022\/06\/Comment-se-faire-financer-une-formation-de-cadre-de-sante-.jpeg?resize=35%2C50&amp;ssl=1 35w, https:\/\/i0.wp.com\/toukiela.com\/wp-content\/uploads\/2022\/06\/Comment-se-faire-financer-une-formation-de-cadre-de-sante-.jpeg?resize=980%2C1400&amp;ssl=1 980w, https:\/\/i0.wp.com\/toukiela.com\/wp-content\/uploads\/2022\/06\/Comment-se-faire-financer-une-formation-de-cadre-de-sante-.jpeg?resize=480%2C686&amp;ssl=1 480w\" alt=\"Comment se faire financer une formation de cadre de sant\u00e9 ?\" width=\"1000\" height=\"1429\"><\/figure>\r\n\r\n\r\n\r\n<p>La formation peut \u00eatre financ\u00e9e par les h\u00f4pitaux. Depuis le d\u00e9cret du 18 ao\u00fbt 1995 portant cr\u00e9ation du Dipl\u00f4me Professionnel de Sant\u00e9 Cadres, les Instituts de Formation des Professionnels de Sant\u00e9 Cadres (IFCS) peuvent \u00e9tablir un partenariat avec l\u2019Universit\u00e9.<\/p>\r\n\r\n\r\n\r\n<p>Comment obtenir des fonds de formation quand on est ind\u00e9termin\u00e9 ? Cong\u00e9 Individuel de Formation (C.I.F-CDI) Permet de financer tout ou partie des frais de formation et d\u2019en r\u00e9gler la redevance. La dur\u00e9e ne peut exc\u00e9der 1 an si la formation est \u00e0 temps plein, ou 1200 heures si elle est \u00e9court\u00e9e ou interrompue.<\/p>\r\n\r\n\r\n\r\n<h3 class=\"wp-block-heading\"><span class=\"ez-toc-section\" id=\"Qui_peut_aider_a_financer_une_formation\"><\/span>Qui peut aider \u00e0 financer une formation ?<span class=\"ez-toc-section-end\"><\/span><\/h3>\r\n\r\n\r\n\r\n<p>Le financement est assur\u00e9 par le Fongecif, l\u2019Opacif ou l\u2019OPCA de votre employeur. Quelle que soit l\u2019organisation utilis\u00e9e, votre employeur a contribu\u00e9 \u00e0 la formation. Elle s\u2019occupe donc de la formation et du maintien de votre salaire jusqu\u2019au double du SMIC.<\/p>\r\n\r\n\r\n\r\n<h4 class=\"wp-block-heading\"><span class=\"ez-toc-section\" id=\"Comment_se_faire_payer_une_formation_par_la_Region\"><\/span>Comment se faire payer une formation par la R\u00e9gion ?<span class=\"ez-toc-section-end\"><\/span><\/h4>\r\n\r\n\r\n\r\n<p>En droit local, le financement de la formation par le conseil r\u00e9gional est possible sous forme de ch\u00e8ques formation. Une personne re\u00e7oit un montant d\u00e9termin\u00e9 en fonction de sa situation et de l\u2019importance de son dossier. La r\u00e9gion finance \u00e9galement des formations sous forme de compensation.<\/p>\r\n\r\n\r\n\r\n<h4 class=\"wp-block-heading\"><span class=\"ez-toc-section\" id=\"Est-ce_que_Pole_emploi_peut_financer_une_formation\"><\/span>Est-ce que P\u00f4le emploi peut financer une formation ?<span class=\"ez-toc-section-end\"><\/span><\/h4>\r\n\r\n\r\n\r\n<p>P\u00f4le emploi finance principalement la formation des demandeurs d\u2019emploi. A condition d\u2019\u00eatre inscrit \u00e0 P\u00f4le Emploi et d\u2019avoir confirm\u00e9 son projet de formation aupr\u00e8s d\u2019un conseiller P\u00f4le Emploi. Le Conseil r\u00e9gional finance principalement la formation des personnes non r\u00e9mun\u00e9r\u00e9es par P\u00f4le emploi.<\/p>\r\n\r\n\r\n\r\n<h3 class=\"wp-block-heading\"><span class=\"ez-toc-section\" id=\"Comment_se_faire_payer_une_formation_par_la_Region-2\"><\/span>Comment se faire payer une formation par la R\u00e9gion ?<span class=\"ez-toc-section-end\"><\/span><\/h3>\r\n\r\n\r\n\r\n<p>En droit local, le financement de la formation par le conseil r\u00e9gional est possible sous forme de ch\u00e8ques formation. Une personne re\u00e7oit un montant d\u00e9termin\u00e9 en fonction de sa situation et de l\u2019importance de son dossier. La r\u00e9gion finance \u00e9galement des formations sous forme de compensation.<\/p>\r\n\r\n\r\n\r\n<h4 class=\"wp-block-heading\"><span class=\"ez-toc-section\" id=\"Comment_demander_une_aide_de_la_Region\"><\/span>Comment demander une aide de la R\u00e9gion ?<span class=\"ez-toc-section-end\"><\/span><\/h4>\r\n\r\n\r\n\r\n<p>Vous pouvez demander une aide r\u00e9gionale sur la page R\u00e9gions et formation. Dans \u00ab\u00a0Recherche guid\u00e9e\u00a0\u00bb, s\u00e9lectionnez \u00ab\u00a0Aide\u00a0\u00bb, puis s\u00e9lectionnez votre r\u00e9gion.<\/p>\r\n\r\n\r\n\r\n<h3 class=\"wp-block-heading\"><span class=\"ez-toc-section\" id=\"Comment_obtenir_une_aide_financiere_pour_une_formation\"><\/span>Comment obtenir une aide financi\u00e8re pour une formation ?<span class=\"ez-toc-section-end\"><\/span><\/h3>\r\n\r\n\r\n\r\n<p>P\u00f4le emploi Vous pouvez solliciter l\u2019aide de P\u00f4le emploi directement sur la plateforme Mon Compte Formation. Le montant de l\u2019aide n\u2019est pas limit\u00e9 et vous pouvez en faire la demande plusieurs fois. L\u2019aide de P\u00f4le Emploi s\u2019adresse en priorit\u00e9 aux demandeurs d\u2019emploi qui per\u00e7oivent des allocations de ch\u00f4mage.<\/p>\r\n\r\n\r\n\r\n<h4 class=\"wp-block-heading\"><span class=\"ez-toc-section\" id=\"Est-ce_que_la_CAF_peut_financer_une_formation\"><\/span>Est-ce que la CAF peut financer une formation ?<span class=\"ez-toc-section-end\"><\/span><\/h4>\r\n\r\n\r\n\r\n<p>L\u2019Aide Personnalis\u00e9e au Retour (APRE) C\u2019est la seule solution d\u2019aide au financement de la formation pouvant b\u00e9n\u00e9ficier aux demandeurs d\u2019emploi dont le seul avantage est le RSA.<\/p>\r\n\r\n\r\n\r\n<h4 class=\"wp-block-heading\"><span class=\"ez-toc-section\" id=\"Comment_avoir_une_aide_financiere_pour_une_formation\"><\/span>Comment avoir une aide financi\u00e8re pour une formation ?<span class=\"ez-toc-section-end\"><\/span><\/h4>\r\n\r\n\r\n\r\n<p>L\u2019Aide Individuelle \u00e0 la Formation, AIF, est un service propos\u00e9 par P\u00f4le Emploi en partenariat avec les r\u00e9gions. Cette aide permet de financer les frais de formation. Le FIA \u200b\u200best destin\u00e9 aux demandeurs d\u2019emploi ou aux b\u00e9n\u00e9ficiaires d\u2019un contrat de pr\u00e9voyance professionnelle (CSP).<\/p>\r\n\r\n\r\n\r\n<h2 class=\"wp-block-heading\"><span class=\"ez-toc-section\" id=\"Comment_sinscrire_a_une_formation_DPC-3\"><\/span>Comment s\u2019inscrire \u00e0 une formation DPC ?<span class=\"ez-toc-section-end\"><\/span><\/h2>\r\n\r\n\r\n\r\n<figure><img decoding=\"async\" class=\"attachment-full size-full\" src=\"https:\/\/toukiela.com\/wp-content\/uploads\/2022\/06\/Comment-sinscrire-a-une-formation-DPC-.jpeg\" sizes=\"(max-width: 500px) 100vw, 500px\" srcset=\"https:\/\/i0.wp.com\/toukiela.com\/wp-content\/uploads\/2022\/06\/Comment-sinscrire-a-une-formation-DPC-.jpeg?w=500&amp;ssl=1 500w, https:\/\/i0.wp.com\/toukiela.com\/wp-content\/uploads\/2022\/06\/Comment-sinscrire-a-une-formation-DPC-.jpeg?resize=300%2C300&amp;ssl=1 300w, https:\/\/i0.wp.com\/toukiela.com\/wp-content\/uploads\/2022\/06\/Comment-sinscrire-a-une-formation-DPC-.jpeg?resize=150%2C150&amp;ssl=1 150w, https:\/\/i0.wp.com\/toukiela.com\/wp-content\/uploads\/2022\/06\/Comment-sinscrire-a-une-formation-DPC-.jpeg?resize=12%2C12&amp;ssl=1 12w, https:\/\/i0.wp.com\/toukiela.com\/wp-content\/uploads\/2022\/06\/Comment-sinscrire-a-une-formation-DPC-.jpeg?resize=50%2C50&amp;ssl=1 50w, https:\/\/i0.wp.com\/toukiela.com\/wp-content\/uploads\/2022\/06\/Comment-sinscrire-a-une-formation-DPC-.jpeg?resize=480%2C480&amp;ssl=1 480w\" alt=\"Comment s'inscrire \u00e0 une formation DPC ?\" width=\"500\" height=\"500\"><\/figure>\r\n\r\n\r\n\r\n<p>\u2013 rechercher votre programme\/action DPC depuis votre compte personnel ; \u2013 s\u2019inscrire \u00e0 la session souhait\u00e9e directement en ligne ; \u2013 attendre la confirmation de cette inscription par l\u2019organisme de DPC dispensant le DPC ; \u2013 suivre toutes ses \u00e9tapes.<\/p>\r\n\r\n\r\n\r\n<p>Quand faire une demande de DPC ? Afin de continuer \u00e0 \u00eatre accompagn\u00e9 pour vos actions DPC, vous devez cr\u00e9er un nouveau compte sur www.agencedpc.fr\/professionnel avant le 30 juin 2021. Malgr\u00e9 ce nouvel engagement, vos demandes de formation continueront \u00e0 se faire, comme aujourd\u2019hui, sur www . .mondpc.fr.<\/p>\r\n\r\n\r\n\r\n<h2 class=\"wp-block-heading\"><span class=\"ez-toc-section\" id=\"Comment_se_faire_financer_sa_formation_par_lOPCA\"><\/span>Comment se faire financer sa formation par l\u2019OPCA ?<span class=\"ez-toc-section-end\"><\/span><\/h2>\r\n\r\n\r\n\r\n<p>Contactez votre OPCA et remplissez le dossier. Dans la plupart des cas, l\u2019OPCA transmet au demandeur un dossier pour compl\u00e9ter la demande de prise en charge des frais de formation (scolarit\u00e9 et frais). En g\u00e9n\u00e9ral, une offre pr\u00e9sent\u00e9e par l\u2019organisme de formation est \u00e9galement requise.<\/p>\r\n\r\n\r\n\r\n<p>Comment puis-je demander une aide \u00e0 la formation ? Quelles mesures faut-il prendre ? Demandez un devis \u00e0 l\u2019organisme de formation, si vous le confirmez, adressez une demande d\u2019accompagnement \u00e0 P\u00f4le emploi. Votre conseiller \u00e9tudiera le dossier en fonction de votre plan de retour.<\/p>\r\n\r\n\r\n\r\n<h3 class=\"wp-block-heading\"><span class=\"ez-toc-section\" id=\"Quelle_formation_prise_en_charge_par_OPCO\"><\/span>Quelle formation prise en charge par OPCO ?<span class=\"ez-toc-section-end\"><\/span><\/h3>\r\n\r\n\r\n\r\n<p>L\u2019OPCO prend en charge les frais d\u2019enseignement et de formation des ma\u00eetres apprentis pour les entreprises de moins de 11 salari\u00e9s. Les frais sont pris en charge dans la limite de 15 \u20ac par heure de formation dans la limite des 40 heures.<\/p>\r\n\r\n\r\n\r\n<h4 class=\"wp-block-heading\"><span class=\"ez-toc-section\" id=\"Comment_demander_prise_en_charge_OPCO\"><\/span>Comment demander prise en charge OPCO ?<span class=\"ez-toc-section-end\"><\/span><\/h4>\r\n\r\n\r\n\r\n<p>Pour \u00eatre prise en charge, l\u2019action de formation doit durer au minimum : \u00e2 \u20ac \u00a2 en pr\u00e9sentiel : 1\/2 journ\u00e9e correspondant \u00e0 au moins 3 heures cons\u00e9cutives, \u00e2 \u20ac \u00a2 \u00e0 distance : dur\u00e9e estim\u00e9e sup\u00e9rieure ou \u00e9gale \u00e0 1 heure. L\u2019entreprise doit \u00eatre consciente de ses contributions \u00e0 OPCO Mobilit\u00e9s.<\/p>\r\n\r\n\r\n\r\n<h4 class=\"wp-block-heading\"><span class=\"ez-toc-section\" id=\"Comment_savoir_si_formation_prise_en_charge_par_OPCO\"><\/span>Comment savoir si formation prise en charge par OPCO ?<span class=\"ez-toc-section-end\"><\/span><\/h4>\r\n\r\n\r\n\r\n<p>Le r\u00f4le d\u2019interm\u00e9diaire des OPCO aupr\u00e8s des salari\u00e9s Les OPCO informent et accompagnent les salari\u00e9s dans la prise en charge de leur formation CPF. Comment savoir si une formation est \u00e9ligible au CPF ? Acc\u00e9dez \u00e0 votre compte personnel de formation pour consulter le catalogue des formations disciplinaires.<\/p>\r\n\r\n\r\n\r\n<h3 class=\"wp-block-heading\"><span class=\"ez-toc-section\" id=\"Qui_finance_les_OPCA\"><\/span>Qui finance les OPCA ?<span class=\"ez-toc-section-end\"><\/span><\/h3>\r\n\r\n\r\n\r\n<p>Qu\u2019est-ce que l\u2019OPCA et que finance-t-il ? L\u2019OPCA, devenu OPCO en avril 2019, est un organisme agr\u00e9\u00e9 par l\u2019Etat. Elle l\u00e8ve des fonds pour la formation professionnelle aupr\u00e8s d\u2019entreprises priv\u00e9es de toutes tailles. Elles sont tenues de contribuer au financement de la formation continue de leurs salari\u00e9s.<\/p>\r\n\r\n\r\n\r\n<h4 class=\"wp-block-heading\"><span class=\"ez-toc-section\" id=\"Comment_savoir_si_une_formation_est_prise_en_charge_par_OPCO\"><\/span>Comment savoir si une formation est prise en charge par OPCO ?<span class=\"ez-toc-section-end\"><\/span><\/h4>\r\n\r\n\r\n\r\n<p>Le r\u00f4le d\u2019interm\u00e9diaire des OPCO aupr\u00e8s des salari\u00e9s Les OPCO informent et accompagnent les salari\u00e9s dans la prise en charge de leur formation CPF. Comment savoir si une formation est \u00e9ligible au CPF ? Acc\u00e9dez \u00e0 votre compte personnel de formation pour consulter le catalogue des formations disciplinaires.<\/p>\r\n\r\n\r\n\r\n<h4 class=\"wp-block-heading\"><span class=\"ez-toc-section\" id=\"Quelle_difference_entre_OPCO_et_OPCA\"><\/span>Quelle diff\u00e9rence entre OPCO et OPCA ?<span class=\"ez-toc-section-end\"><\/span><\/h4>\r\n\r\n\r\n\r\n<p>OPCA devient OPCO ! Le gouvernement a souhait\u00e9 simplifier les r\u00e8gles de financement de la formation professionnelle et ainsi uniformiser le financement de la formation professionnelle. Avant le 1er janvier 2019, nous avions 20 OPCA, selon les secteurs ou branches professionnelles.<\/p>\r\n\r\n\r\n\r\n<h3 class=\"wp-block-heading\"><span class=\"ez-toc-section\" id=\"Quelles_sont_les_conditions_pour_obtenir_des_financements_de_la_part_de_l_OPCO\"><\/span>Quelles sont les conditions pour obtenir des financements de la part de l OPCO ?<span class=\"ez-toc-section-end\"><\/span><\/h3>\r\n\r\n\r\n\r\n<p>Pour pouvoir b\u00e9n\u00e9ficier d\u2019un financement OPCO, une activit\u00e9 de formation doit : R\u00e9pondre \u00e0 la d\u00e9finition l\u00e9gale d\u2019une activit\u00e9 de formation, c\u2019est-\u00e0-dire \u00eatre organis\u00e9e comme un parcours p\u00e9dagogique permettant d\u2019atteindre un objectif professionnel : voir \u00ab Qu\u2019entendons-nous par \u00ab action de formation \u00bb ? \u00ab\u00a0.<\/p>\r\n\r\n\r\n\r\n<h4 class=\"wp-block-heading\"><span class=\"ez-toc-section\" id=\"Comment_se_faire_rembourser_une_formation_par_l_OPCO\"><\/span>Comment se faire rembourser une formation par l OPCO ?<span class=\"ez-toc-section-end\"><\/span><\/h4>\r\n\r\n\r\n\r\n<p>Pour faire financer une action de formation par OPCO Sant\u00e9, utilisez un espace d\u00e9di\u00e9, les Webservices, qui vous permet de param\u00e9trer en ligne vos remboursements et demandes de remboursement.<\/p>\r\n\r\n\r\n\r\n<h4 class=\"wp-block-heading\"><span class=\"ez-toc-section\" id=\"Comment_etre_finance_par_l_OPCO\"><\/span>Comment \u00eatre financ\u00e9 par l OPCO ?<span class=\"ez-toc-section-end\"><\/span><\/h4>\r\n\r\n\r\n\r\n<p>L\u2019acc\u00e8s au syst\u00e8me se fait par une demande \u00e9crite simplifi\u00e9e de l\u2019entreprise aupr\u00e8s de son OPCO. Les entreprises en difficult\u00e9 devront confirmer leur honneur \u00e0 leur situation. Pour conna\u00eetre notre accompagnement \u00e0 la formation FNE, contactez-nous !<\/p>\r\n\r\n<p><script type=\"application\/ld+json\">{\"@context\":\"https:\/\/schema.org\",\"@type\":\"FAQPage\",\"mainEntity\":[{\"@type\":\"Question\",\"name\":\"Comment se faire rembourser une formation DPC ?\",\"acceptedAnswer\":{\"@type\":\"Answer\",\"text\":\"Remboursement des frais li&eacute;s au programme de DPCPaiement direct &agrave; l'organisme CPD sur pr&eacute;sentation d'une facture.Indemnisation au praticien qui a avanc&eacute; les frais sur pr&eacute;sentation d'une facture acquitt&eacute;e de l'organisme DPC.Indemnisation &agrave; l'&eacute;tablissement si celui-ci a pay&eacute; la facture.Comment contacter DPC ? Nos &eacute;quipes vous accueillent et vous suivent du lundi au vendredi : par t&eacute;l&eacute;phone de 9h30 &agrave; 14 heures au 01 48 76 19 05 et par e-mail : contactez-nous.\"}},{\"@type\":\"Question\",\"name\":\"Quelles sont les obligations DPC ?\",\"acceptedAnswer\":{\"@type\":\"Answer\",\"text\":\"L'engagement triennal CPD (Continuing Professional Development) consiste en un parcours que tout professionnel de sant&eacute; doit suivre sur 3 ans. Il se compose de 3 activit&eacute;s : la formation continue, l'&eacute;valuation des pratiques professionnelles (EPP) et les d&eacute;marches de gestion des risques (GDR).Comment valider une formation DPC ? Comment confirmer son engagement dans la formation avec DPC ? Afin de remplir son obligation de formation continue, la professionnelle en soins doit donc : suivre l'action de formation continue d'une part et l'&eacute;valuation de la pratique professionnelle (EPP).\"}},{\"@type\":\"Question\",\"name\":\"Comment activer mon compte DPC ?\",\"acceptedAnswer\":{\"@type\":\"Answer\",\"text\":\"Cliquez sur \\\"&Eacute;tape suivante\\\". Votre compte www.agencedpc.fr a &eacute;t&eacute; activ&eacute;. Vous pouvez acc&eacute;der au document de tra&ccedil;abilit&eacute; sur l'onglet \\\"Mon DPC\\\" en haut de page. Vous pouvez continuer &agrave; vous inscrire &agrave; vos actions DPC sur www.mondpc.fr avec le mot de passe que vous venez de cr&eacute;er.Comment savoir si le cours est CPD? Pour savoir si la formation que vous suivez ou souhaitez suivre est bien un DPC permettant de remplir votre obligation, v&eacute;rifiez qu'elle appara&icirc;t dans notre moteur de recherche disponible sur www.mondpc.fr depuis votre espace personnel ou sur www.agencedpc. Tour.\"}},{\"@type\":\"Question\",\"name\":\"Comment se faire financer une formation de cadre de sant&eacute; ?\",\"acceptedAnswer\":{\"@type\":\"Answer\",\"text\":\"La formation peut &ecirc;tre financ&eacute;e par les h&ocirc;pitaux. Depuis le d&eacute;cret du 18 ao&ucirc;t 1995 portant cr&eacute;ation du Dipl&ocirc;me Professionnel de Sant&eacute; Cadres, les Instituts de Formation des Professionnels de Sant&eacute; Cadres (IFCS) peuvent &eacute;tablir un partenariat avec l'Universit&eacute;.Comment obtenir des fonds de formation quand on est ind&eacute;termin&eacute; ? Cong&eacute; Individuel de Formation (C.I.F-CDI) Permet de financer tout ou partie des frais de formation et d'en r&eacute;gler la redevance. La dur&eacute;e ne peut exc&eacute;der 1 an si la formation est &agrave; temps plein, ou 1200 heures si elle est &eacute;court&eacute;e ou interrompue.\"}},{\"@type\":\"Question\",\"name\":\"Comment s'inscrire &agrave; une formation DPC ?\",\"acceptedAnswer\":{\"@type\":\"Answer\",\"text\":\"- rechercher votre programme\/action DPC depuis votre compte personnel ; - s'inscrire &agrave; la session souhait&eacute;e directement en ligne ; - attendre la confirmation de cette inscription par l'organisme de DPC dispensant le DPC ; - suivre toutes ses &eacute;tapes.Quand faire une demande de DPC ? Afin de continuer &agrave; &ecirc;tre accompagn&eacute; pour vos actions DPC, vous devez cr&eacute;er un nouveau compte sur www.agencedpc.fr\/professionnel avant le 30 juin 2021. Malgr&eacute; ce nouvel engagement, vos demandes de formation continueront &agrave; se faire, comme aujourd'hui, sur www . .mondpc.fr.\"}},{\"@type\":\"Question\",\"name\":\"Comment se faire financer sa formation par l'OPCA ?\",\"acceptedAnswer\":{\"@type\":\"Answer\",\"text\":\"Contactez votre OPCA et remplissez le dossier. Dans la plupart des cas, l'OPCA transmet au demandeur un dossier pour compl&eacute;ter la demande de prise en charge des frais de formation (scolarit&eacute; et frais). En g&eacute;n&eacute;ral, une offre pr&eacute;sent&eacute;e par l'organisme de formation est &eacute;galement requise.Comment puis-je demander une aide &agrave; la formation ? Quelles mesures faut-il prendre ? Demandez un devis &agrave; l'organisme de formation, si vous le confirmez, adressez une demande d'accompagnement &agrave; P&ocirc;le emploi. Votre conseiller &eacute;tudiera le dossier en fonction de votre plan de retour.\"}}]}<\/script><\/p>\n\n","protected":false},"excerpt":{"rendered":"","protected":false},"author":1,"featured_media":2490,"comment_status":"open","ping_status":"open","sticky":false,"template":"","format":"standard","meta":{"_seopress_robots_primary_cat":"none","_seopress_titles_title":"","_seopress_titles_desc":"","_seopress_robots_index":"","footnotes":""},"categories":[31],"tags":[418,422,218,425,416],"class_list":["post-2489","post","type-post","status-publish","format-standard","has-post-thumbnail","hentry","category-life-style","tag-agencedpc","tag-emploi","tag-formation","tag-opco","tag-sante","generate-columns","tablet-grid-50","mobile-grid-100","grid-parent","grid-50"],"_links":{"self":[{"href":"https:\/\/toukiela.com\/es\/wp-json\/wp\/v2\/posts\/2489","targetHints":{"allow":["GET"]}}],"collection":[{"href":"https:\/\/toukiela.com\/es\/wp-json\/wp\/v2\/posts"}],"about":[{"href":"https:\/\/toukiela.com\/es\/wp-json\/wp\/v2\/types\/post"}],"author":[{"embeddable":true,"href":"https:\/\/toukiela.com\/es\/wp-json\/wp\/v2\/users\/1"}],"replies":[{"embeddable":true,"href":"https:\/\/toukiela.com\/es\/wp-json\/wp\/v2\/comments?post=2489"}],"version-history":[{"count":0,"href":"https:\/\/toukiela.com\/es\/wp-json\/wp\/v2\/posts\/2489\/revisions"}],"wp:featuredmedia":[{"embeddable":true,"href":"https:\/\/toukiela.com\/es\/wp-json\/wp\/v2\/media\/2490"}],"wp:attachment":[{"href":"https:\/\/toukiela.com\/es\/wp-json\/wp\/v2\/media?parent=2489"}],"wp:term":[{"taxonomy":"category","embeddable":true,"href":"https:\/\/toukiela.com\/es\/wp-json\/wp\/v2\/categories?post=2489"},{"taxonomy":"post_tag","embeddable":true,"href":"https:\/\/toukiela.com\/es\/wp-json\/wp\/v2\/tags?post=2489"}],"curies":[{"name":"wp","href":"https:\/\/api.w.org\/{rel}","templated":true}]}}