{"id":2211,"date":"2022-06-22T00:47:00","date_gmt":"2022-06-22T00:47:00","guid":{"rendered":"https:\/\/toukiela.com\/forum-infoclimat-month-year\/"},"modified":"2022-08-30T10:32:05","modified_gmt":"2022-08-30T10:32:05","slug":"forum-infoclimat-month-year","status":"publish","type":"post","link":"https:\/\/toukiela.com\/es\/foro-infoclimat-mes-ano\/","title":{"rendered":"Forum infoclimat abril 2026"},"content":{"rendered":"<p><iframe title=\"allure libre de la rentre\u0301e Musson aou\u0302t 2022\" width=\"1200\" height=\"675\" src=\"https:\/\/www.youtube-nocookie.com\/embed\/NPJoXW93iZk?feature=oembed\" frameborder=\"0\" allow=\"accelerometer; autoplay; clipboard-write; encrypted-media; gyroscope; picture-in-picture; web-share\" allowfullscreen><\/iframe><\/p>\r\n<p>Comme nous l\u2019avons mentionn\u00e9 pr\u00e9c\u00e9demment, le facteur le plus important pour choisir le bon fournisseur d\u2019h\u00e9bergement Web est de s\u2019assurer qu\u2019il offre un temps de disponibilit\u00e9 fiable. Cela signifie que votre site web sera accessible aux utilisateurs \u00e0 tout moment, avec un minimum de temps d\u2019arr\u00eat. Cependant, m\u00eame les meilleurs fournisseurs d\u2019h\u00e9bergement web peuvent rencontrer des difficult\u00e9s techniques occasionnelles. C\u2019est pourquoi il est important de choisir un fournisseur qui offre une assistance client\u00e8le 24 heures sur 24 et 7 jours sur 7, afin que vous puissiez toujours obtenir de l\u2019aide lorsque vous en avez besoin.<\/p>\r\n<p>Outre la fiabilit\u00e9, vous devez \u00e9galement tenir compte de la vitesse de votre h\u00e9bergeur. C\u2019est particuli\u00e8rement important si vous avez un site Web important ou si vous recevez beaucoup de trafic. Un site Web lent peut frustrer les visiteurs et entra\u00eener une perte d\u2019activit\u00e9. Veillez \u00e0 tester la vitesse de vos h\u00e9bergeurs potentiels avant de faire votre choix.<\/p>\r\n<p>Enfin, n\u2019oubliez pas de prendre en compte le prix de l\u2019h\u00e9bergement web. Bien qu\u2019il soit important de trouver un fournisseur fiable et rapide, vous ne voulez pas d\u00e9penser trop pour votre h\u00e9bergement. Il existe de nombreux fournisseurs abordables qui offrent un service et une assistance de qualit\u00e9. Veillez \u00e0 comparer les prix avant de prendre votre d\u00e9cision finale.<\/p>\r\n<p>En suivant ces conseils, vous pouvez \u00eatre s\u00fbr de choisir le meilleur fournisseur d\u2019h\u00e9bergement Web pour vos besoins. En trouvant un fournisseur fiable, rapide et dot\u00e9 d\u2019une excellente assistance \u00e0 la client\u00e8le, vous pouvez vous assurer que votre site Web est toujours disponible pour vos utilisateurs. Et en obtenant une bonne affaire sur votre h\u00e9bergement, vous pouvez \u00e9conomiser de l\u2019argent tout en obtenant le service de qualit\u00e9 dont vous avez besoin.<\/p>\r\n<p><strong>Des temp\u00e9ratures souvent basses Malgr\u00e9 cet \u00e9pisode chaud, les temp\u00e9ratures les plus \u00e9lev\u00e9es de cette saison ont \u00e9t\u00e9 froides, s\u2019\u00e9tablissant en moyenne de 1 \u00e0 3\u00b0C sous la normale, sauf autour de la M\u00e9diterran\u00e9e et de la Corse. La temp\u00e9rature moyenne de 20,0\u00b0C au-dessus de la France et dans le mois a \u00e9t\u00e9 inf\u00e9rieure \u00e0 la normale* de 0,5\u00b0C.<\/strong><\/p>\r\n\r\n\r\n\r\n<div id=\"ez-toc-container\" class=\"ez-toc-v2_0_82_2 counter-hierarchy ez-toc-counter ez-toc-grey ez-toc-container-direction\">\n<p class=\"ez-toc-title\" style=\"cursor:inherit\">Sommaire<\/p>\n<label for=\"ez-toc-cssicon-toggle-item-69f1c5954cf4a\" class=\"ez-toc-cssicon-toggle-label\"><span class=\"\"><span class=\"eztoc-hide\" style=\"display:none;\">Toggle<\/span><span class=\"ez-toc-icon-toggle-span\"><svg style=\"fill: #999;color:#999\" xmlns=\"http:\/\/www.w3.org\/2000\/svg\" class=\"list-377408\" width=\"20px\" height=\"20px\" viewBox=\"0 0 24 24\" fill=\"none\"><path d=\"M6 6H4v2h2V6zm14 0H8v2h12V6zM4 11h2v2H4v-2zm16 0H8v2h12v-2zM4 16h2v2H4v-2zm16 0H8v2h12v-2z\" fill=\"currentColor\"><\/path><\/svg><svg style=\"fill: #999;color:#999\" class=\"arrow-unsorted-368013\" xmlns=\"http:\/\/www.w3.org\/2000\/svg\" width=\"10px\" height=\"10px\" viewBox=\"0 0 24 24\" version=\"1.2\" baseProfile=\"tiny\"><path d=\"M18.2 9.3l-6.2-6.3-6.2 6.3c-.2.2-.3.4-.3.7s.1.5.3.7c.2.2.4.3.7.3h11c.3 0 .5-.1.7-.3.2-.2.3-.5.3-.7s-.1-.5-.3-.7zM5.8 14.7l6.2 6.3 6.2-6.3c.2-.2.3-.5.3-.7s-.1-.5-.3-.7c-.2-.2-.4-.3-.7-.3h-11c-.3 0-.5.1-.7.3-.2.2-.3.5-.3.7s.1.5.3.7z\"\/><\/svg><\/span><\/span><\/label><input type=\"checkbox\"  id=\"ez-toc-cssicon-toggle-item-69f1c5954cf4a\"  aria-label=\"Alternar\" \/><nav><ul class='ez-toc-list ez-toc-list-level-1 ' ><li class='ez-toc-page-1 ez-toc-heading-level-2'><a class=\"ez-toc-link ez-toc-heading-1\" href=\"https:\/\/toukiela.com\/es\/foro-infoclimat-mes-ano\/#Quel_temps_en_juillet_et_aout_2021\" >Quel temps en juillet et ao\u00fbt 2021 ?<\/a><ul class='ez-toc-list-level-3' ><li class='ez-toc-heading-level-3'><a class=\"ez-toc-link ez-toc-heading-2\" href=\"https:\/\/toukiela.com\/es\/foro-infoclimat-mes-ano\/#Quel_temps_Fera-t-il_en_juillet_et_aout_2022\" >Quel temps Fera-t-il en juillet et ao\u00fbt 2022 ?<\/a><ul class='ez-toc-list-level-4' ><li class='ez-toc-heading-level-4'><a class=\"ez-toc-link ez-toc-heading-3\" href=\"https:\/\/toukiela.com\/es\/foro-infoclimat-mes-ano\/#Est-ce_que_lete_2022_sera_chaud\" >Est-ce que l\u2019\u00e9t\u00e9 2022 sera chaud ?<\/a><\/li><li class='ez-toc-page-1 ez-toc-heading-level-4'><a class=\"ez-toc-link ez-toc-heading-4\" href=\"https:\/\/toukiela.com\/es\/foro-infoclimat-mes-ano\/#Quel_temps_il_va_faire_au_mois_daout\" >Quel temps il va faire au mois d\u2019ao\u00fbt ?<\/a><\/li><\/ul><\/li><li class='ez-toc-page-1 ez-toc-heading-level-3'><a class=\"ez-toc-link ez-toc-heading-5\" href=\"https:\/\/toukiela.com\/es\/foro-infoclimat-mes-ano\/#Quel_temps_pour_juillet_et_aout\" >Quel temps pour juillet et ao\u00fbt ?<\/a><ul class='ez-toc-list-level-4' ><li class='ez-toc-heading-level-4'><a class=\"ez-toc-link ez-toc-heading-6\" href=\"https:\/\/toukiela.com\/es\/foro-infoclimat-mes-ano\/#Quel_temps_il_va_faire_au_mois_daout-2\" >Quel temps il va faire au mois d\u2019ao\u00fbt ?<\/a><\/li><li class='ez-toc-page-1 ez-toc-heading-level-4'><a class=\"ez-toc-link ez-toc-heading-7\" href=\"https:\/\/toukiela.com\/es\/foro-infoclimat-mes-ano\/#Quel_temps_il_va_faire_au_mois_de_juillet\" >Quel temps il va faire au mois de juillet ?<\/a><\/li><\/ul><\/li><\/ul><\/li><li class='ez-toc-page-1 ez-toc-heading-level-2'><a class=\"ez-toc-link ez-toc-heading-8\" href=\"https:\/\/toukiela.com\/es\/foro-infoclimat-mes-ano\/#Ou_habiter_en_France_en_2030\" >O\u00f9 habiter en France en 2030 ?<\/a><ul class='ez-toc-list-level-3' ><li class='ez-toc-heading-level-3'><a class=\"ez-toc-link ez-toc-heading-9\" href=\"https:\/\/toukiela.com\/es\/foro-infoclimat-mes-ano\/#Ou_vivre_en_France_en_cas_deffondrement\" >O\u00f9 vivre en France en cas d\u2019effondrement ?<\/a><ul class='ez-toc-list-level-4' ><li class='ez-toc-heading-level-4'><a class=\"ez-toc-link ez-toc-heading-10\" href=\"https:\/\/toukiela.com\/es\/foro-infoclimat-mes-ano\/#Quels_seront_les_meilleurs_endroits_ou_vivre_en_cas_deffondrement_de_la_societe\" >Quels seront les meilleurs endroits o\u00f9 vivre en cas d\u2019effondrement de la soci\u00e9t\u00e9 ?<\/a><\/li><li class='ez-toc-page-1 ez-toc-heading-level-4'><a class=\"ez-toc-link ez-toc-heading-11\" href=\"https:\/\/toukiela.com\/es\/foro-infoclimat-mes-ano\/#Quand_aura_lieu_leffondrement\" >Quand aura lieu l\u2019effondrement ?<\/a><\/li><\/ul><\/li><li class='ez-toc-page-1 ez-toc-heading-level-3'><a class=\"ez-toc-link ez-toc-heading-12\" href=\"https:\/\/toukiela.com\/es\/foro-infoclimat-mes-ano\/#Comment_sera_la_France_en_2050\" >Comment sera la France en 2050 ?<\/a><\/li><li class='ez-toc-page-1 ez-toc-heading-level-3'><a class=\"ez-toc-link ez-toc-heading-13\" href=\"https:\/\/toukiela.com\/es\/foro-infoclimat-mes-ano\/#Ou_habiter_en_France_avec_le_rechauffement_climatique\" >O\u00f9 habiter en France avec le r\u00e9chauffement climatique ?<\/a><ul class='ez-toc-list-level-4' ><li class='ez-toc-heading-level-4'><a class=\"ez-toc-link ez-toc-heading-14\" href=\"https:\/\/toukiela.com\/es\/foro-infoclimat-mes-ano\/#Ou_vivre_en_France_apres_leffondrement\" >O\u00f9 vivre en France apr\u00e8s l\u2019effondrement ?<\/a><\/li><li class='ez-toc-page-1 ez-toc-heading-level-4'><a class=\"ez-toc-link ez-toc-heading-15\" href=\"https:\/\/toukiela.com\/es\/foro-infoclimat-mes-ano\/#Ou_investir_avec_le_rechauffement_climatique\" >O\u00f9 investir avec le r\u00e9chauffement climatique ?<\/a><\/li><\/ul><\/li><\/ul><\/li><li class='ez-toc-page-1 ez-toc-heading-level-2'><a class=\"ez-toc-link ez-toc-heading-16\" href=\"https:\/\/toukiela.com\/es\/foro-infoclimat-mes-ano\/#Pourquoi_il_fait_si_moche_en_juillet_2021\" >Pourquoi il fait si moche en juillet 2021 ?<\/a><ul class='ez-toc-list-level-3' ><li class='ez-toc-heading-level-3'><a class=\"ez-toc-link ez-toc-heading-17\" href=\"https:\/\/toukiela.com\/es\/foro-infoclimat-mes-ano\/#Pourquoi_la_meteo_est_si_mauvaise_juillet_2021\" >Pourquoi la m\u00e9t\u00e9o est si mauvaise juillet 2021 ?<\/a><ul class='ez-toc-list-level-4' ><li class='ez-toc-heading-level-4'><a class=\"ez-toc-link ez-toc-heading-18\" href=\"https:\/\/toukiela.com\/es\/foro-infoclimat-mes-ano\/#Pourquoi_A-t-on_un_ete_pourri\" >Pourquoi A-t-on un \u00e9t\u00e9 pourri ?<\/a><\/li><li class='ez-toc-page-1 ez-toc-heading-level-4'><a class=\"ez-toc-link ez-toc-heading-19\" href=\"https:\/\/toukiela.com\/es\/foro-infoclimat-mes-ano\/#Pourquoi_il_fait_si_froid_juillet_2021\" >Pourquoi il fait si froid juillet 2021 ?<\/a><\/li><\/ul><\/li><li class='ez-toc-page-1 ez-toc-heading-level-3'><a class=\"ez-toc-link ez-toc-heading-20\" href=\"https:\/\/toukiela.com\/es\/foro-infoclimat-mes-ano\/#Pourquoi_un_si_mauvais_temps_en_juillet\" >Pourquoi un si mauvais temps en juillet ?<\/a><ul class='ez-toc-list-level-4' ><li class='ez-toc-heading-level-4'><a class=\"ez-toc-link ez-toc-heading-21\" href=\"https:\/\/toukiela.com\/es\/foro-infoclimat-mes-ano\/#Pourquoi_un_mois_de_juillet_aussi_pluvieux\" >Pourquoi un mois de juillet aussi pluvieux ?<\/a><\/li><li class='ez-toc-page-1 ez-toc-heading-level-4'><a class=\"ez-toc-link ez-toc-heading-22\" href=\"https:\/\/toukiela.com\/es\/foro-infoclimat-mes-ano\/#Pourquoi_le_temps_est_pourri_en_ce_moment\" >Pourquoi le temps est pourri en ce moment ?<\/a><\/li><\/ul><\/li><li class='ez-toc-page-1 ez-toc-heading-level-3'><a class=\"ez-toc-link ez-toc-heading-23\" href=\"https:\/\/toukiela.com\/es\/foro-infoclimat-mes-ano\/#Pourquoi_ete_pourri_2021\" >Pourquoi \u00e9t\u00e9 pourri 2021 ?<\/a><ul class='ez-toc-list-level-4' ><li class='ez-toc-heading-level-4'><a class=\"ez-toc-link ez-toc-heading-24\" href=\"https:\/\/toukiela.com\/es\/foro-infoclimat-mes-ano\/#Pourquoi_le_temps_est_pourri_en_ce_moment-2\" >Pourquoi le temps est pourri en ce moment ?<\/a><\/li><li class='ez-toc-page-1 ez-toc-heading-level-4'><a class=\"ez-toc-link ez-toc-heading-25\" href=\"https:\/\/toukiela.com\/es\/foro-infoclimat-mes-ano\/#Pourquoi_lete_2021_est_pluvieux\" >Pourquoi l\u2019\u00e9t\u00e9 2021 est pluvieux ?<\/a><\/li><\/ul><\/li><\/ul><\/li><li class='ez-toc-page-1 ez-toc-heading-level-2'><a class=\"ez-toc-link ez-toc-heading-26\" href=\"https:\/\/toukiela.com\/es\/foro-infoclimat-mes-ano\/#Quel_est_le_climat_actuel_en_France\" >Quel est le climat actuel en France ?<\/a><ul class='ez-toc-list-level-3' ><li class='ez-toc-heading-level-3'><a class=\"ez-toc-link ez-toc-heading-27\" href=\"https:\/\/toukiela.com\/es\/foro-infoclimat-mes-ano\/#Quel_degre_fait_aujourdhui\" >Quel degr\u00e9 fait aujourd\u2019hui ?<\/a><ul class='ez-toc-list-level-4' ><li class='ez-toc-heading-level-4'><a class=\"ez-toc-link ez-toc-heading-28\" href=\"https:\/\/toukiela.com\/es\/foro-infoclimat-mes-ano\/#Quel_est_le_climat_daujourdhui\" >Quel est le climat d\u2019aujourd\u2019hui ?<\/a><\/li><li class='ez-toc-page-1 ez-toc-heading-level-4'><a class=\"ez-toc-link ez-toc-heading-29\" href=\"https:\/\/toukiela.com\/es\/foro-infoclimat-mes-ano\/#Quand_Va-t-il_neiger_a_Paris_20-22\" >Quand Va-t-il neiger \u00e0 Paris 20-22 ?<\/a><\/li><\/ul><\/li><li class='ez-toc-page-1 ez-toc-heading-level-3'><a class=\"ez-toc-link ez-toc-heading-30\" href=\"https:\/\/toukiela.com\/es\/foro-infoclimat-mes-ano\/#Comment_sera_lete_2022\" >Comment sera l\u2019\u00e9t\u00e9 2022 ?<\/a><ul class='ez-toc-list-level-4' ><li class='ez-toc-heading-level-4'><a class=\"ez-toc-link ez-toc-heading-31\" href=\"https:\/\/toukiela.com\/es\/foro-infoclimat-mes-ano\/#Comment_savoir_si_lete_sera_chaud\" >Comment savoir si l\u2019\u00e9t\u00e9 sera chaud ?<\/a><\/li><li class='ez-toc-page-1 ez-toc-heading-level-4'><a class=\"ez-toc-link ez-toc-heading-32\" href=\"https:\/\/toukiela.com\/es\/foro-infoclimat-mes-ano\/#Est-ce_que_lete_2022_sera_chaud-2\" >Est-ce que l\u2019\u00e9t\u00e9 2022 sera chaud ?<\/a><\/li><\/ul><\/li><li class='ez-toc-page-1 ez-toc-heading-level-3'><a class=\"ez-toc-link ez-toc-heading-33\" href=\"https:\/\/toukiela.com\/es\/foro-infoclimat-mes-ano\/#Quel_est_le_climat_le_plus_agreable_en_France\" >Quel est le climat le plus agr\u00e9able en France ?<\/a><ul class='ez-toc-list-level-4' ><li class='ez-toc-heading-level-4'><a class=\"ez-toc-link ez-toc-heading-34\" href=\"https:\/\/toukiela.com\/es\/foro-infoclimat-mes-ano\/#Quel_est_le_meilleur_climat_pour_vivre\" >Quel est le meilleur climat pour vivre ?<\/a><\/li><li class='ez-toc-page-1 ez-toc-heading-level-4'><a class=\"ez-toc-link ez-toc-heading-35\" href=\"https:\/\/toukiela.com\/es\/foro-infoclimat-mes-ano\/#Ou_passer_lhiver_au_chaud_en_France\" >O\u00f9 passer l\u2019hiver au chaud en France ?<\/a><\/li><\/ul><\/li><\/ul><\/li><li class='ez-toc-page-1 ez-toc-heading-level-2'><a class=\"ez-toc-link ez-toc-heading-36\" href=\"https:\/\/toukiela.com\/es\/foro-infoclimat-mes-ano\/#Quel_temps_Fera-t-il_en_juillet_et_aout_2022-2\" >Quel temps Fera-t-il en juillet et ao\u00fbt 2022 ?<\/a><ul class='ez-toc-list-level-3' ><li class='ez-toc-heading-level-3'><a class=\"ez-toc-link ez-toc-heading-37\" href=\"https:\/\/toukiela.com\/es\/foro-infoclimat-mes-ano\/#Quel_temps_fera_en_ete_2022\" >Quel temps fera en \u00e9t\u00e9 2022 ?<\/a><ul class='ez-toc-list-level-4' ><li class='ez-toc-heading-level-4'><a class=\"ez-toc-link ez-toc-heading-38\" href=\"https:\/\/toukiela.com\/es\/foro-infoclimat-mes-ano\/#Est-ce_quil_fera_beau_en_juin\" >Est-ce qu\u2019il fera beau en juin ?<\/a><\/li><li class='ez-toc-page-1 ez-toc-heading-level-4'><a class=\"ez-toc-link ez-toc-heading-39\" href=\"https:\/\/toukiela.com\/es\/foro-infoclimat-mes-ano\/#Quel_temps_prevu_pour_le_mois_de_juillet\" >Quel temps pr\u00e9vu pour le mois de juillet ?<\/a><\/li><\/ul><\/li><li class='ez-toc-page-1 ez-toc-heading-level-3'><a class=\"ez-toc-link ez-toc-heading-40\" href=\"https:\/\/toukiela.com\/es\/foro-infoclimat-mes-ano\/#Quel_temps_il_va_faire_au_mois_daout-3\" >Quel temps il va faire au mois d\u2019ao\u00fbt ?<\/a><ul class='ez-toc-list-level-4' ><li class='ez-toc-heading-level-4'><a class=\"ez-toc-link ez-toc-heading-41\" href=\"https:\/\/toukiela.com\/es\/foro-infoclimat-mes-ano\/#Comment_sannonce_lete_2022\" >Comment s\u2019annonce l\u2019\u00e9t\u00e9 2022 ?<\/a><\/li><li class='ez-toc-page-1 ez-toc-heading-level-4'><a class=\"ez-toc-link ez-toc-heading-42\" href=\"https:\/\/toukiela.com\/es\/foro-infoclimat-mes-ano\/#Quel_temps_pour_lete_2021\" >Quel temps pour l\u2019\u00e9t\u00e9 2021 ?<\/a><\/li><\/ul><\/li><li class='ez-toc-page-1 ez-toc-heading-level-3'><a class=\"ez-toc-link ez-toc-heading-43\" href=\"https:\/\/toukiela.com\/es\/foro-infoclimat-mes-ano\/#Quel_temps_pour_juillet_et_aout_2022\" >Quel temps pour juillet et ao\u00fbt 2022 ?<\/a><ul class='ez-toc-list-level-4' ><li class='ez-toc-heading-level-4'><a class=\"ez-toc-link ez-toc-heading-44\" href=\"https:\/\/toukiela.com\/es\/foro-infoclimat-mes-ano\/#Quel_temps_il_va_faire_au_mois_daout-4\" >Quel temps il va faire au mois d\u2019ao\u00fbt ?<\/a><\/li><li class='ez-toc-page-1 ez-toc-heading-level-4'><a class=\"ez-toc-link ez-toc-heading-45\" href=\"https:\/\/toukiela.com\/es\/foro-infoclimat-mes-ano\/#Quel_temps_pour_cette_ete_2022\" >Quel temps pour cette \u00e9t\u00e9 2022 ?<\/a><\/li><\/ul><\/li><\/ul><\/li><\/ul><\/nav><\/div>\n<h2 class=\"wp-block-heading\"><span class=\"ez-toc-section\" id=\"Quel_temps_en_juillet_et_aout_2021\"><\/span>Quel temps en juillet et ao\u00fbt 2021 ?<span class=\"ez-toc-section-end\"><\/span><\/h2>\r\n\r\n\r\n\r\n<figure><img decoding=\"async\" class=\"attachment-full size-full\" src=\"https:\/\/toukiela.com\/wp-content\/uploads\/2022\/06\/Quel-temps-en-juillet-et-aout-2021-.jpeg\" sizes=\"(max-width: 1000px) 100vw, 1000px\" srcset=\"https:\/\/i0.wp.com\/toukiela.com\/wp-content\/uploads\/2022\/06\/Quel-temps-en-juillet-et-aout-2021-.jpeg?w=1000&amp;ssl=1 1000w, https:\/\/i0.wp.com\/toukiela.com\/wp-content\/uploads\/2022\/06\/Quel-temps-en-juillet-et-aout-2021-.jpeg?resize=300%2C145&amp;ssl=1 300w, https:\/\/i0.wp.com\/toukiela.com\/wp-content\/uploads\/2022\/06\/Quel-temps-en-juillet-et-aout-2021-.jpeg?resize=768%2C370&amp;ssl=1 768w, https:\/\/i0.wp.com\/toukiela.com\/wp-content\/uploads\/2022\/06\/Quel-temps-en-juillet-et-aout-2021-.jpeg?resize=18%2C9&amp;ssl=1 18w, https:\/\/i0.wp.com\/toukiela.com\/wp-content\/uploads\/2022\/06\/Quel-temps-en-juillet-et-aout-2021-.jpeg?resize=50%2C24&amp;ssl=1 50w, https:\/\/i0.wp.com\/toukiela.com\/wp-content\/uploads\/2022\/06\/Quel-temps-en-juillet-et-aout-2021-.jpeg?resize=980%2C472&amp;ssl=1 980w, https:\/\/i0.wp.com\/toukiela.com\/wp-content\/uploads\/2022\/06\/Quel-temps-en-juillet-et-aout-2021-.jpeg?resize=480%2C231&amp;ssl=1 480w\" alt=\"Quel temps en juillet et ao\u00fbt 2021 ?\" width=\"1000\" height=\"482\"><\/figure>\r\n\r\n\r\n\r\n<p>Le mois d\u2019ao\u00fbt 2021 a \u00e9t\u00e9 le moins chaud des 3 mois de l\u2019\u00e9t\u00e9 m\u00e9t\u00e9orologique 2021 avec une premi\u00e8re d\u00e9cade tr\u00e8s froide avant la courte p\u00e9riode chaude du 15 ao\u00fbt. Contrairement aux mois tr\u00e8s humides de juin et juillet, ao\u00fbt 2021 a \u00e9t\u00e9 sec dans la majeure partie du pays.<\/p>\r\n\r\n\r\n\r\n<p>Quand le beau temps reviendra-t-il en ao\u00fbt 2021 ? Quelques nuages \u200b\u200bdevraient appara\u00eetre dans le ciel dans les prochains jours avant le retour du soleil \u00e9tincelant et des temp\u00e9ratures estivales sur toute la France \u00e0 partir du vendredi 13 ao\u00fbt 2021.<\/p>\r\n\r\n\r\n\r\n<h3 class=\"wp-block-heading\"><span class=\"ez-toc-section\" id=\"Quel_temps_Fera-t-il_en_juillet_et_aout_2022\"><\/span>Quel temps Fera-t-il en juillet et ao\u00fbt 2022 ?<span class=\"ez-toc-section-end\"><\/span><\/h3>\r\n\r\n\r\n\r\n<p>Juillet 2022 : Ce mois devrait \u00eatre similaire \u00e0 juin avec des temp\u00e9ratures assez \u00e9lev\u00e9es et pas mal d\u2019orages. Ao\u00fbt 2022 : attention, le temps devrait \u00eatre plus humide, mais toujours avec des temp\u00e9ratures sup\u00e9rieures de 0,5\u00b0 \u00e0 1\u00b0C par rapport aux normales saisonni\u00e8res.<\/p>\r\n\r\n\r\n\r\n<h4 class=\"wp-block-heading\"><span class=\"ez-toc-section\" id=\"Est-ce_que_lete_2022_sera_chaud\"><\/span>Est-ce que l\u2019\u00e9t\u00e9 2022 sera chaud ?<span class=\"ez-toc-section-end\"><\/span><\/h4>\r\n\r\n\r\n\r\n<p>Ce jeudi 16 juin et vendredi 17 juin 2022, des temp\u00e9ratures sup\u00e9rieures \u00e0 40\u00b0C sont attendues en France. Un \u00e9pisode de canicule tr\u00e8s pr\u00e9coce pour la saison. Vingt quartiers sont plac\u00e9s en vigilance orange pour la canicule. La France va surchauffer.<\/p>\r\n\r\n\r\n\r\n<h4 class=\"wp-block-heading\"><span class=\"ez-toc-section\" id=\"Quel_temps_il_va_faire_au_mois_daout\"><\/span>Quel temps il va faire au mois d\u2019ao\u00fbt ?<span class=\"ez-toc-section-end\"><\/span><\/h4>\r\n\r\n\r\n\r\n<p>Apr\u00e8s une pause dans la semaine du 16 au 22, la deuxi\u00e8me partie du mois d\u2019ao\u00fbt pourrait donc s\u2019av\u00e9rer estivale avec un temps g\u00e9n\u00e9ralement sec, ensoleill\u00e9 et g\u00e9n\u00e9ralement assez chaud. Une tendance qui pourrait se poursuivre d\u00e9but septembre.<\/p>\r\n\r\n\r\n\r\n<h3 class=\"wp-block-heading\"><span class=\"ez-toc-section\" id=\"Quel_temps_pour_juillet_et_aout\"><\/span>Quel temps pour juillet et ao\u00fbt ?<span class=\"ez-toc-section-end\"><\/span><\/h3>\r\n\r\n\r\n\r\n<p>Les temp\u00e9ratures moyennes seront comprises entre 16 et 25\u00b0C. La premi\u00e8re semaine du mois pourrait \u00eatre tr\u00e8s chaude : selon le site internet, il y a 31 % de chances que le mercure monte \u00e0 29\u00b0C. Cependant, le risque d\u2019averses reste quasiment le m\u00eame (probabilit\u00e9 de 28 %).<\/p>\r\n\r\n\r\n\r\n<h4 class=\"wp-block-heading\"><span class=\"ez-toc-section\" id=\"Quel_temps_il_va_faire_au_mois_daout-2\"><\/span>Quel temps il va faire au mois d\u2019ao\u00fbt ?<span class=\"ez-toc-section-end\"><\/span><\/h4>\r\n\r\n\r\n\r\n<p>Les temp\u00e9ratures les plus basses de France peuvent atteindre 15\u00b0C et les plus \u00e9lev\u00e9es 24\u00b0C. pour le mois d\u2019ao\u00fbt. C\u2019est la temp\u00e9rature id\u00e9ale pour d\u00e9couvrir la France sans avoir trop chaud ni trop froid. En France, vous pouvez vous attendre \u00e0 de la pluie vers la mi-ao\u00fbt.<\/p>\r\n\r\n\r\n\r\n<h4 class=\"wp-block-heading\"><span class=\"ez-toc-section\" id=\"Quel_temps_il_va_faire_au_mois_de_juillet\"><\/span>Quel temps il va faire au mois de juillet ?<span class=\"ez-toc-section-end\"><\/span><\/h4>\r\n\r\n\r\n\r\n<p>Les temp\u00e9ratures les plus basses de France peuvent atteindre 15\u00b0C et les plus \u00e9lev\u00e9es 25\u00b0C. pour le mois de juillet. C\u2019est la temp\u00e9rature id\u00e9ale pour d\u00e9couvrir la France sans avoir trop chaud ni trop froid. En juillet, vous pouvez vous attendre \u00e0 environ 3 \u00e0 8 jours de pluie en France.<\/p>\r\n\r\n\r\n\r\n<h2 class=\"wp-block-heading\"><span class=\"ez-toc-section\" id=\"Ou_habiter_en_France_en_2030\"><\/span>O\u00f9 habiter en France en 2030 ?<span class=\"ez-toc-section-end\"><\/span><\/h2>\r\n\r\n\r\n\r\n<figure><img decoding=\"async\" class=\"attachment-full size-full\" src=\"https:\/\/toukiela.com\/wp-content\/uploads\/2022\/06\/Ou-habiter-en-France-en-2030-.jpeg\" sizes=\"(max-width: 122px) 100vw, 122px\" srcset=\"https:\/\/i0.wp.com\/toukiela.com\/wp-content\/uploads\/2022\/06\/Ou-habiter-en-France-en-2030-.jpeg?w=122&amp;ssl=1 122w, https:\/\/i0.wp.com\/toukiela.com\/wp-content\/uploads\/2022\/06\/Ou-habiter-en-France-en-2030-.jpeg?resize=12%2C12&amp;ssl=1 12w, https:\/\/i0.wp.com\/toukiela.com\/wp-content\/uploads\/2022\/06\/Ou-habiter-en-France-en-2030-.jpeg?resize=50%2C50&amp;ssl=1 50w\" alt=\"O\u00f9 habiter en France en 2030 ?\" width=\"122\" height=\"122\"><\/figure>\r\n\r\n\r\n\r\n<p>Avec des villes comme Lyon ou Grenoble, la r\u00e9gion Rh\u00f4ne-Alpes devrait en \u00eatre la principale b\u00e9n\u00e9ficiaire : sa croissance d\u00e9mographique sera de 16,8 %. En 2030, l\u2019Ile-de-France sera la r\u00e9gion la plus peupl\u00e9e avec 6,9 millions d\u2019habitants.<\/p>\r\n\r\n\r\n\r\n<p>Quel est le climat en France en 2030 ? En 2030, selon M\u00e9t\u00e9o France, le mercure pourrait d\u00e9passer localement les 50\u00b0C en France. Dans ce contexte, limiter le chauffage \u00e0 1,5\u00b0C, comme le pr\u00e9conise le GIEC, n\u00e9cessite de profonds changements.<\/p>\r\n\r\n\r\n\r\n<h3 class=\"wp-block-heading\"><span class=\"ez-toc-section\" id=\"Ou_vivre_en_France_en_cas_deffondrement\"><\/span>O\u00f9 vivre en France en cas d\u2019effondrement ?<span class=\"ez-toc-section-end\"><\/span><\/h3>\r\n\r\n\r\n\r\n<p>Le port du Havre, l\u2019\u00eele d\u2019Ol\u00e9ron ou une partie du Languedoc-Roussillon, pourraient devenir inhabit\u00e9s en raison de la crue. Il est peut-\u00eatre temps de troquer votre villa en bord de mer contre une maison isol\u00e9e \u00e0 l\u2019int\u00e9rieur\u2026 et de passer du bain des pieds au bain dans les bois !<\/p>\r\n\r\n\r\n\r\n<h4 class=\"wp-block-heading\"><span class=\"ez-toc-section\" id=\"Quels_seront_les_meilleurs_endroits_ou_vivre_en_cas_deffondrement_de_la_societe\"><\/span>Quels seront les meilleurs endroits o\u00f9 vivre en cas d\u2019effondrement de la soci\u00e9t\u00e9 ?<span class=\"ez-toc-section-end\"><\/span><\/h4>\r\n\r\n\r\n\r\n<p>crise climatique associ\u00e9e \u00e0 une destruction accrue de la nature ; crise financi\u00e8re\u2026 Selon le rapport sur le d\u00e9veloppement durable, les meilleurs endroits au monde pour survivre \u00e0 un \u00e9ventuel effondrement social sont :<\/p>\r\n\r\n\r\n\r\n<ul class=\"wp-block-list\">\r\n<li>Nouvelle-Z\u00e9lande,<\/li>\r\n<li>Islande,<\/li>\r\n<li>Tasmanie,<\/li>\r\n<li>Irlande.<\/li>\r\n<\/ul>\r\n\r\n\r\n\r\n<h4 class=\"wp-block-heading\"><span class=\"ez-toc-section\" id=\"Quand_aura_lieu_leffondrement\"><\/span>Quand aura lieu l\u2019effondrement ?<span class=\"ez-toc-section-end\"><\/span><\/h4>\r\n\r\n\r\n\r\n<p>Comme l\u2019ont pr\u00e9dit plusieurs collapsologues (par exemple Yves Cochet et Pablo Servigne), l\u2019effondrement dans sa phase finale et tangible devrait se produire dans la prochaine d\u00e9cennie, entre 2020 et 2030 !<\/p>\r\n\r\n\r\n\r\n<h3 class=\"wp-block-heading\"><span class=\"ez-toc-section\" id=\"Comment_sera_la_France_en_2050\"><\/span>Comment sera la France en 2050 ?<span class=\"ez-toc-section-end\"><\/span><\/h3>\r\n\r\n\r\n\r\n<p>\u00e0 l\u2019\u00e9t\u00e9 2050, aucune for\u00eat ne sera \u00e0 l\u2019abri des incendies. En montagne, la situation n\u2019est gu\u00e8re meilleure : \u00e9conomiquement, ces zones seront durement touch\u00e9es. En effet, la saison des sports d\u2019hiver, si elle existe encore, sera ridiculement courte et l\u2019\u00e9t\u00e9 sera trop chaud pour que le tourisme puisse soutenir ces r\u00e9gions.<\/p>\r\n\r\n\r\n\r\n<h3 class=\"wp-block-heading\"><span class=\"ez-toc-section\" id=\"Ou_habiter_en_France_avec_le_rechauffement_climatique\"><\/span>O\u00f9 habiter en France avec le r\u00e9chauffement climatique ?<span class=\"ez-toc-section-end\"><\/span><\/h3>\r\n\r\n\r\n\r\n<p>Si l\u2019on augmente la France m\u00e9tropolitaine, on voit qu\u2019une hausse de 0,5 m serait \u00ab\u00a0tr\u00e8s probable\u00a0\u00bb d\u2019ici 2080-2100 et inonderait par cons\u00e9quent une partie du littoral breton (Roscoff, Brest) et des Pays-de-Loire (Saint-Nazaire). Hauts-de-France (Dunkerque, Calais\u2026), Normandie (Dieppe, Le Havre, \u2026<\/p>\r\n\r\n\r\n\r\n<h4 class=\"wp-block-heading\"><span class=\"ez-toc-section\" id=\"Ou_vivre_en_France_apres_leffondrement\"><\/span>O\u00f9 vivre en France apr\u00e8s l\u2019effondrement ?<span class=\"ez-toc-section-end\"><\/span><\/h4>\r\n\r\n\r\n\r\n<p>Les zones c\u00f4ti\u00e8res du Havre, de l\u2019\u00eele d\u2019Ol\u00e9ron ou d\u2019une partie du Languedoc-Roussillon pourraient alors devenir inhabit\u00e9es en raison de l\u2019inondation. Il est peut-\u00eatre temps de troquer votre villa en bord de mer contre une maison isol\u00e9e \u00e0 l\u2019int\u00e9rieur\u2026 et de passer du bain des pieds au bain dans les bois !<\/p>\r\n\r\n\r\n\r\n<h4 class=\"wp-block-heading\"><span class=\"ez-toc-section\" id=\"Ou_investir_avec_le_rechauffement_climatique\"><\/span>O\u00f9 investir avec le r\u00e9chauffement climatique ?<span class=\"ez-toc-section-end\"><\/span><\/h4>\r\n\r\n\r\n\r\n<p>Ces secteurs ne sont pas \u00e9pargn\u00e9s par les changements climatiques et notamment la hausse des temp\u00e9ratures\u2026. Si vous souhaitez investir dans l\u2019immobilier locatif, les localisations suivantes sont \u00e0 privil\u00e9gier :<\/p>\r\n\r\n\r\n\r\n<ul class=\"wp-block-list\">\r\n<li>Dunkerque,<\/li>\r\n<li>Lille,<\/li>\r\n<li>Le Havre,<\/li>\r\n<li>Brest,<\/li>\r\n<li>Nantes,<\/li>\r\n<li>Bordeaux,<\/li>\r\n<li>Marseille,<\/li>\r\n<li>Toulouse,<\/li>\r\n<\/ul>\r\n\r\n\r\n\r\n<h2 class=\"wp-block-heading\"><span class=\"ez-toc-section\" id=\"Pourquoi_il_fait_si_moche_en_juillet_2021\"><\/span>Pourquoi il fait si moche en juillet 2021 ?<span class=\"ez-toc-section-end\"><\/span><\/h2>\r\n\r\n\r\n\r\n<figure><img decoding=\"async\" class=\"attachment-full size-full\" src=\"https:\/\/toukiela.com\/wp-content\/uploads\/2022\/06\/Pourquoi-il-fait-si-moche-en-juillet-2021-.png\" sizes=\"(max-width: 760px) 100vw, 760px\" srcset=\"https:\/\/i0.wp.com\/toukiela.com\/wp-content\/uploads\/2022\/06\/Pourquoi-il-fait-si-moche-en-juillet-2021-.png?w=760&amp;ssl=1 760w, https:\/\/i0.wp.com\/toukiela.com\/wp-content\/uploads\/2022\/06\/Pourquoi-il-fait-si-moche-en-juillet-2021-.png?resize=300%2C82&amp;ssl=1 300w, https:\/\/i0.wp.com\/toukiela.com\/wp-content\/uploads\/2022\/06\/Pourquoi-il-fait-si-moche-en-juillet-2021-.png?resize=18%2C5&amp;ssl=1 18w, https:\/\/i0.wp.com\/toukiela.com\/wp-content\/uploads\/2022\/06\/Pourquoi-il-fait-si-moche-en-juillet-2021-.png?resize=50%2C14&amp;ssl=1 50w, https:\/\/i0.wp.com\/toukiela.com\/wp-content\/uploads\/2022\/06\/Pourquoi-il-fait-si-moche-en-juillet-2021-.png?resize=480%2C131&amp;ssl=1 480w\" alt=\"Pourquoi il fait si moche en juillet 2021 ?\" width=\"760\" height=\"207\"><\/figure>\r\n\r\n\r\n\r\n<p>Donc 2021 n\u2019a rien d\u2019exceptionnel \u00bb, explique Fr\u00e9d\u00e9ric Nathan, annonceur pour M\u00e9t\u00e9o France. Alors si ce d\u00e9but juillet n\u2019est pas anormalement pluvieux, il est tout de m\u00eame marqu\u00e9 par un manque g\u00e9n\u00e9ral d\u2019ensoleillement. \u00ab Nous observons beaucoup de nuages \u200b\u200bbas et souvent un ciel gris.<\/p>\r\n\r\n\r\n\r\n<p>Pourquoi juillet 2021 est moche ? Des pr\u00e9cipitations particuli\u00e8rement abondantes cet \u00e9t\u00e9 compensent de mani\u00e8re d\u00e9cisive l\u2019impression d\u2019\u00e9t\u00e9 \u00ab\u00a0pourri\u00a0\u00bb, mais les temp\u00e9ratures sont tout de m\u00eame sup\u00e9rieures de 1,1\u00b0C \u00e0 la normale de 1981-2010 sur l\u2019ensemble du territoire, et l\u2019ensoleillement est tr\u00e8s proche de la normale dans la plupart des r\u00e9gions, ce qui\u2026<\/p>\r\n\r\n\r\n\r\n<h3 class=\"wp-block-heading\"><span class=\"ez-toc-section\" id=\"Pourquoi_la_meteo_est_si_mauvaise_juillet_2021\"><\/span>Pourquoi la m\u00e9t\u00e9o est si mauvaise juillet 2021 ?<span class=\"ez-toc-section-end\"><\/span><\/h3>\r\n\r\n\r\n\r\n<p>Un peu de soleil, une m\u00e9t\u00e9o incertaine\u2026 Pour certains, l\u2019\u00e9t\u00e9 2021 n\u2019a vraiment pas \u00e9t\u00e9 \u00e0 la hauteur des attentes. C\u2019est avant tout une histoire de sentiments, explique l\u2019animateur.<\/p>\r\n\r\n\r\n\r\n<h4 class=\"wp-block-heading\"><span class=\"ez-toc-section\" id=\"Pourquoi_A-t-on_un_ete_pourri\"><\/span>Pourquoi A-t-on un \u00e9t\u00e9 pourri ?<span class=\"ez-toc-section-end\"><\/span><\/h4>\r\n\r\n\r\n\r\n<p>Soleil en berne C\u2019est un facteur qui renforce le sentiment d\u2019avoir rat\u00e9 l\u2019\u00e9t\u00e9 : le soleil a \u00e9t\u00e9 plus faible cette ann\u00e9e. Et un paysage avec un ciel nuageux et nuageux ressemble tout de suite moins \u00e0 une carte postale\u2026 En juin, l\u2019ensoleillement est rest\u00e9 plus ou moins moyen.<\/p>\r\n\r\n\r\n\r\n<h4 class=\"wp-block-heading\"><span class=\"ez-toc-section\" id=\"Pourquoi_il_fait_si_froid_juillet_2021\"><\/span>Pourquoi il fait si froid juillet 2021 ?<span class=\"ez-toc-section-end\"><\/span><\/h4>\r\n\r\n\r\n\r\n<p>En raison de fortes pluies et du manque de soleil, juillet 2021 peut sembler particuli\u00e8rement froid.<\/p>\r\n\r\n\r\n\r\n<h3 class=\"wp-block-heading\"><span class=\"ez-toc-section\" id=\"Pourquoi_un_si_mauvais_temps_en_juillet\"><\/span>Pourquoi un si mauvais temps en juillet ?<span class=\"ez-toc-section-end\"><\/span><\/h3>\r\n\r\n\r\n\r\n<p>Le mauvais temps de ce d\u00e9but d\u2019\u00e9t\u00e9 a une explication : une goutte froide, une poche de froid venue des hautes latitudes, fait baisser le mercure. Orages, pluie, nuages \u200b\u200bet chute de mercure. Alors que l\u2019\u00e9t\u00e9 commence dans l\u2019humidit\u00e9 et la fra\u00eecheur, la m\u00e9t\u00e9o des jours \u00e0 venir ne s\u2019annonce que l\u00e9g\u00e8rement meilleure.<\/p>\r\n\r\n\r\n\r\n<h4 class=\"wp-block-heading\"><span class=\"ez-toc-section\" id=\"Pourquoi_un_mois_de_juillet_aussi_pluvieux\"><\/span>Pourquoi un mois de juillet aussi pluvieux ?<span class=\"ez-toc-section-end\"><\/span><\/h4>\r\n\r\n\r\n\r\n<p>En France aussi, le mois de juillet a \u00e9t\u00e9 particuli\u00e8rement pluvieux et devrait l\u2019\u00eatre un peu plus. Fran\u00e7ois Gourand, ing\u00e9nieur pr\u00e9visionniste \u00e0 M\u00e9t\u00e9o-France, explique que ce mois de juillet, comme novembre, est le r\u00e9sultat d\u2019une s\u00e9rie de gel\u00e9es \u00e0 partir de la mi-juin.<\/p>\r\n\r\n\r\n\r\n<h4 class=\"wp-block-heading\"><span class=\"ez-toc-section\" id=\"Pourquoi_le_temps_est_pourri_en_ce_moment\"><\/span>Pourquoi le temps est pourri en ce moment ?<span class=\"ez-toc-section-end\"><\/span><\/h4>\r\n\r\n\r\n\r\n<p>Une succession d\u2019\u00e9t\u00e9s chauds et de canicules exceptionnelles. Derni\u00e8re explication qui peut expliquer cette impression d\u2019\u00e9t\u00e9 \u00ab pourri \u00bb : deux ou trois \u00e9t\u00e9s pr\u00e9c\u00e9dents ont \u00e9t\u00e9 tr\u00e8s chauds, avec de tr\u00e8s longues canicules (pas en dessous de 21 degr\u00e9s et au dessus la nuit). 36 degr\u00e9s pendant la journ\u00e9e).<\/p>\r\n\r\n\r\n\r\n<h3 class=\"wp-block-heading\"><span class=\"ez-toc-section\" id=\"Pourquoi_ete_pourri_2021\"><\/span>Pourquoi \u00e9t\u00e9 pourri 2021 ?<span class=\"ez-toc-section-end\"><\/span><\/h3>\r\n\r\n\r\n\r\n<p>De juin \u00e0 ao\u00fbt, les pluies ont \u00e9t\u00e9 plus importantes en France que les \u00e9t\u00e9s pr\u00e9c\u00e9dents. Mais c\u00f4t\u00e9 temp\u00e9rature, l\u2019\u00e9t\u00e9 se termine par une hausse moyenne de 0,5 degr\u00e9. Effet net du r\u00e9chauffement climatique, l\u2019\u00e9t\u00e9 2021 est \u00ab\u00a0le quinzi\u00e8me le plus chaud enregistr\u00e9 depuis 1900\u00a0\u00bb, explique Paul Marquis, m\u00e9t\u00e9orologue.<\/p>\r\n\r\n\r\n\r\n<h4 class=\"wp-block-heading\"><span class=\"ez-toc-section\" id=\"Pourquoi_le_temps_est_pourri_en_ce_moment-2\"><\/span>Pourquoi le temps est pourri en ce moment ?<span class=\"ez-toc-section-end\"><\/span><\/h4>\r\n\r\n\r\n\r\n<p>Une succession d\u2019\u00e9t\u00e9s chauds et de canicules exceptionnelles. Derni\u00e8re explication qui peut expliquer cette impression d\u2019\u00e9t\u00e9 \u00ab pourri \u00bb : deux ou trois \u00e9t\u00e9s pr\u00e9c\u00e9dents ont \u00e9t\u00e9 tr\u00e8s chauds, avec de tr\u00e8s longues canicules (pas en dessous de 21 degr\u00e9s et au dessus la nuit). 36 degr\u00e9s pendant la journ\u00e9e).<\/p>\r\n\r\n\r\n\r\n<h4 class=\"wp-block-heading\"><span class=\"ez-toc-section\" id=\"Pourquoi_lete_2021_est_pluvieux\"><\/span>Pourquoi l\u2019\u00e9t\u00e9 2021 est pluvieux ?<span class=\"ez-toc-section-end\"><\/span><\/h4>\r\n\r\n\r\n\r\n<p>Alors que l\u2019\u00e9t\u00e9 s\u2019\u00e9tend habituellement sur la France, il est revenu sur l\u2019Atlantique fin juin 2021 et a expos\u00e9 la France \u00e0 des \u00ab gouttes froides \u00bb, c\u2019est-\u00e0-dire des masses d\u2019air froid en altitude dont l\u2019interaction avec l\u2019air de surface plus chaud provoque des pluies et une baisse de temp\u00e9rature.<\/p>\r\n\r\n\r\n\r\n<h2 class=\"wp-block-heading\"><span class=\"ez-toc-section\" id=\"Quel_est_le_climat_actuel_en_France\"><\/span>Quel est le climat actuel en France ?<span class=\"ez-toc-section-end\"><\/span><\/h2>\r\n\r\n\r\n\r\n<figure><img decoding=\"async\" class=\"attachment-full size-full\" src=\"https:\/\/toukiela.com\/wp-content\/uploads\/2022\/06\/Quel-est-le-climat-actuel-en-France-.png\" sizes=\"(max-width: 750px) 100vw, 750px\" srcset=\"https:\/\/i0.wp.com\/toukiela.com\/wp-content\/uploads\/2022\/06\/Quel-est-le-climat-actuel-en-France-.png?w=750&amp;ssl=1 750w, https:\/\/i0.wp.com\/toukiela.com\/wp-content\/uploads\/2022\/06\/Quel-est-le-climat-actuel-en-France-.png?resize=300%2C300&amp;ssl=1 300w, https:\/\/i0.wp.com\/toukiela.com\/wp-content\/uploads\/2022\/06\/Quel-est-le-climat-actuel-en-France-.png?resize=150%2C150&amp;ssl=1 150w, https:\/\/i0.wp.com\/toukiela.com\/wp-content\/uploads\/2022\/06\/Quel-est-le-climat-actuel-en-France-.png?resize=12%2C12&amp;ssl=1 12w, https:\/\/i0.wp.com\/toukiela.com\/wp-content\/uploads\/2022\/06\/Quel-est-le-climat-actuel-en-France-.png?resize=50%2C50&amp;ssl=1 50w, https:\/\/i0.wp.com\/toukiela.com\/wp-content\/uploads\/2022\/06\/Quel-est-le-climat-actuel-en-France-.png?resize=480%2C480&amp;ssl=1 480w\" alt=\"Quel est le climat actuel en France ?\" width=\"750\" height=\"750\"><\/figure>\r\n\r\n\r\n\r\n<p>En g\u00e9n\u00e9ral, la France m\u00e9tropolitaine a un climat temp\u00e9r\u00e9. La m\u00e9t\u00e9o est souvent cl\u00e9mente, mais les \u00e9carts entre les saisons et entre les r\u00e9gions sont consid\u00e9rables.<\/p>\r\n\r\n\r\n\r\n<p>Quels sont les 4 types de climat en France ? Climat en France :<\/p>\r\n\r\n\r\n\r\n<ul class=\"wp-block-list\">\r\n<li>Climat oc\u00e9anique. Climat oc\u00e9anique avec des hivers assez doux et des \u00e9t\u00e9s relativement froids. \u2026<\/li>\r\n<li>Climat oc\u00e9anique d\u00e9grad\u00e9\u2026<\/li>\r\n<li>Climat continental (climat de l\u2019abri) \u2026<\/li>\r\n<li>Climat m\u00e9diterran\u00e9en. \u2026<\/li>\r\n<li>Climat montagnard.<\/li>\r\n<\/ul>\r\n\r\n\r\n\r\n<h3 class=\"wp-block-heading\"><span class=\"ez-toc-section\" id=\"Quel_degre_fait_aujourdhui\"><\/span>Quel degr\u00e9 fait aujourd\u2019hui ?<span class=\"ez-toc-section-end\"><\/span><\/h3>\r\n\r\n\r\n\r\n<p>M\u00e9t\u00e9o en France aujourd\u2019hui La temp\u00e9rature en France sera de 20\u00b0C \u00e0 midi aujourd\u2019hui. avec une sensation de 20\u00b0C. L\u2019humidit\u00e9 sera d\u2019environ 45%, le vent atteindra 17 km\/h. La temp\u00e9rature en France ce soir sera de 22\u00b0C.<\/p>\r\n\r\n\r\n\r\n<h4 class=\"wp-block-heading\"><span class=\"ez-toc-section\" id=\"Quel_est_le_climat_daujourdhui\"><\/span>Quel est le climat d\u2019aujourd\u2019hui ?<span class=\"ez-toc-section-end\"><\/span><\/h4>\r\n\r\n\r\n\r\n<p>Ce soir ciel d\u00e9gag\u00e9 avec des temp\u00e9ratures proches de 24\u00b0C. Le vent du nord-ouest soufflera \u00e0 une vitesse moyenne de 12 km\/h tout au long de la journ\u00e9e.<\/p>\r\n\r\n\r\n\r\n<h4 class=\"wp-block-heading\"><span class=\"ez-toc-section\" id=\"Quand_Va-t-il_neiger_a_Paris_20-22\"><\/span>Quand Va-t-il neiger \u00e0 Paris 20-22 ?<span class=\"ez-toc-section-end\"><\/span><\/h4>\r\n\r\n\r\n\r\n<p>Jusqu\u2019\u00e0 5 cm de neige sont attendus \u00e0 Paris vendredi \u00ab\u00a0Le jeudi 31 mars 2022, 1 \u00e0 3 cm de neige sont attendus \u00e0 Paris et en r\u00e9gion parisienne\u00a0\u00bb, a indiqu\u00e9 Fran\u00e7ois Gourand, pr\u00e9visionniste \u00e0 M\u00e9t\u00e9o-France. Jusqu\u2019\u00e0 5 cm de neige peuvent tomber le vendredi matin 1er avril.<\/p>\r\n\r\n\r\n\r\n<h3 class=\"wp-block-heading\"><span class=\"ez-toc-section\" id=\"Comment_sera_lete_2022\"><\/span>Comment sera l\u2019\u00e9t\u00e9 2022 ?<span class=\"ez-toc-section-end\"><\/span><\/h3>\r\n\r\n\r\n\r\n<p>Un \u00e9t\u00e9 2022 plus chaud que d\u2019habitude ? Au final, la moyenne de trois mois d\u2019\u00e9t\u00e9 m\u00e9t\u00e9orologique nous montre un signal assez chaud, surtout au sud de la Loire, mais plus encore dans l\u2019extr\u00eame sud.<\/p>\r\n\r\n\r\n\r\n<h4 class=\"wp-block-heading\"><span class=\"ez-toc-section\" id=\"Comment_savoir_si_lete_sera_chaud\"><\/span>Comment savoir si l\u2019\u00e9t\u00e9 sera chaud ?<span class=\"ez-toc-section-end\"><\/span><\/h4>\r\n\r\n\r\n\r\n<p>Si on parle de canicule, les temp\u00e9ratures devraient \u00eatre sup\u00e9rieures de 5 degr\u00e9s \u00e0 la normale de la saison, de jour comme de nuit, pendant au moins 3 jours et 3 nuits. Le seuil de temp\u00e9rature de la canicule varie donc selon les d\u00e9partements et les r\u00e9gions.<\/p>\r\n\r\n\r\n\r\n<h4 class=\"wp-block-heading\"><span class=\"ez-toc-section\" id=\"Est-ce_que_lete_2022_sera_chaud-2\"><\/span>Est-ce que l\u2019\u00e9t\u00e9 2022 sera chaud ?<span class=\"ez-toc-section-end\"><\/span><\/h4>\r\n\r\n\r\n\r\n<p>Un \u00e9t\u00e9 2022 plus chaud que d\u2019habitude ? Au final, la moyenne de trois mois d\u2019\u00e9t\u00e9 m\u00e9t\u00e9orologique nous montre un signal assez chaud, surtout au sud de la Loire, mais plus encore dans l\u2019extr\u00eame sud. A partir de cette \u00e9criture, il est trop t\u00f4t pour lister une \u00e9ventuelle anomalie.<\/p>\r\n\r\n\r\n\r\n<h3 class=\"wp-block-heading\"><span class=\"ez-toc-section\" id=\"Quel_est_le_climat_le_plus_agreable_en_France\"><\/span>Quel est le climat le plus agr\u00e9able en France ?<span class=\"ez-toc-section-end\"><\/span><\/h3>\r\n\r\n\r\n\r\n<p>Baie de Fr\u00e9jus, petit village de Saint-Tropez. Le climat du Golfe de Fr\u00e9jus est privil\u00e9gi\u00e9 car peu affect\u00e9 par le mistral, prot\u00e9g\u00e9 par l\u2019Esterel et les Maures. Dans cette r\u00e9gion, les cadrans solaires sont les plus importants de France avec plus de 2700 heures par an.<\/p>\r\n\r\n\r\n\r\n<h4 class=\"wp-block-heading\"><span class=\"ez-toc-section\" id=\"Quel_est_le_meilleur_climat_pour_vivre\"><\/span>Quel est le meilleur climat pour vivre ?<span class=\"ez-toc-section-end\"><\/span><\/h4>\r\n\r\n\r\n\r\n<p>Le climat des \u00eeles Canaries est consid\u00e9r\u00e9 comme le meilleur climat du monde en raison de ses temp\u00e9ratures douces et agr\u00e9ables tout au long de l\u2019ann\u00e9e.<\/p>\r\n\r\n\r\n\r\n<h4 class=\"wp-block-heading\"><span class=\"ez-toc-section\" id=\"Ou_passer_lhiver_au_chaud_en_France\"><\/span>O\u00f9 passer l\u2019hiver au chaud en France ?<span class=\"ez-toc-section-end\"><\/span><\/h4>\r\n\r\n\r\n\r\n<p>Malte, petit paradis ensoleill\u00e9 La Valette d\u00e9tient m\u00eame le record de la ville la plus chaude d\u2019Europe en hiver. Si bien s\u00fbr il ne fait pas aussi chaud qu\u2019en \u00e9t\u00e9, les temp\u00e9ratures de d\u00e9cembre \u00e0 f\u00e9vrier oscillent entre 15 et 17 degr\u00e9s. Et si janvier peut \u00eatre pluvieux, le soleil est bien pr\u00e9sent.<\/p>\r\n\r\n\r\n\r\n<h2 class=\"wp-block-heading\"><span class=\"ez-toc-section\" id=\"Quel_temps_Fera-t-il_en_juillet_et_aout_2022-2\"><\/span>Quel temps Fera-t-il en juillet et ao\u00fbt 2022 ?<span class=\"ez-toc-section-end\"><\/span><\/h2>\r\n\r\n\r\n\r\n<figure><img decoding=\"async\" class=\"attachment-full size-full\" src=\"https:\/\/toukiela.com\/wp-content\/uploads\/2022\/06\/Quel-temps-Fera-t-il-en-juillet-et-aout-2022-.png\" sizes=\"(max-width: 1070px) 100vw, 1070px\" srcset=\"https:\/\/i0.wp.com\/toukiela.com\/wp-content\/uploads\/2022\/06\/Quel-temps-Fera-t-il-en-juillet-et-aout-2022-.png?w=1070&amp;ssl=1 1070w, https:\/\/i0.wp.com\/toukiela.com\/wp-content\/uploads\/2022\/06\/Quel-temps-Fera-t-il-en-juillet-et-aout-2022-.png?resize=300%2C210&amp;ssl=1 300w, https:\/\/i0.wp.com\/toukiela.com\/wp-content\/uploads\/2022\/06\/Quel-temps-Fera-t-il-en-juillet-et-aout-2022-.png?resize=1024%2C716&amp;ssl=1 1024w, https:\/\/i0.wp.com\/toukiela.com\/wp-content\/uploads\/2022\/06\/Quel-temps-Fera-t-il-en-juillet-et-aout-2022-.png?resize=768%2C537&amp;ssl=1 768w, https:\/\/i0.wp.com\/toukiela.com\/wp-content\/uploads\/2022\/06\/Quel-temps-Fera-t-il-en-juillet-et-aout-2022-.png?resize=18%2C12&amp;ssl=1 18w, https:\/\/i0.wp.com\/toukiela.com\/wp-content\/uploads\/2022\/06\/Quel-temps-Fera-t-il-en-juillet-et-aout-2022-.png?resize=50%2C35&amp;ssl=1 50w, https:\/\/i0.wp.com\/toukiela.com\/wp-content\/uploads\/2022\/06\/Quel-temps-Fera-t-il-en-juillet-et-aout-2022-.png?resize=980%2C685&amp;ssl=1 980w, https:\/\/i0.wp.com\/toukiela.com\/wp-content\/uploads\/2022\/06\/Quel-temps-Fera-t-il-en-juillet-et-aout-2022-.png?resize=480%2C336&amp;ssl=1 480w\" alt=\"Quel temps Fera-t-il en juillet et ao\u00fbt 2022 ?\" width=\"1070\" height=\"748\"><\/figure>\r\n\r\n\r\n\r\n<p>Juillet 2022 : Ce mois devrait \u00eatre similaire \u00e0 juin avec des temp\u00e9ratures assez \u00e9lev\u00e9es et pas mal d\u2019orages. Ao\u00fbt 2022 : Attention, le temps devrait \u00eatre plus humide, mais avec des temp\u00e9ratures plus \u00e9lev\u00e9es de +0,5\u00b0 \u00e0 +1\u00b0C par rapport aux normales saisonni\u00e8res.<\/p>\r\n\r\n\r\n\r\n<p>L\u2019\u00e9t\u00e9 2022 sera-t-il chaud ? Ce jeudi 16 juin et vendredi 17 juin 2022, des temp\u00e9ratures sup\u00e9rieures \u00e0 40\u00b0C sont attendues en France. Un \u00e9pisode de canicule tr\u00e8s pr\u00e9coce pour la saison. Vingt quartiers sont plac\u00e9s en vigilance orange pour la canicule. La France va surchauffer.<\/p>\r\n\r\n\r\n\r\n<h3 class=\"wp-block-heading\"><span class=\"ez-toc-section\" id=\"Quel_temps_fera_en_ete_2022\"><\/span>Quel temps fera en \u00e9t\u00e9 2022 ?<span class=\"ez-toc-section-end\"><\/span><\/h3>\r\n\r\n\r\n\r\n<p>Le c\u0153ur de l\u2019\u00e9t\u00e9 2022 pourrait commencer \u00e0 prendre une allure automnale avant de passer rapidement \u00e0 l\u2019\u00e9t\u00e9\u00a0; par cons\u00e9quent, l\u2019anomalie thermique moyenne est l\u00e9g\u00e8rement sup\u00e9rieure \u00e0 la normale (0,5\u00b0C) avec des pr\u00e9cipitations tr\u00e8s in\u00e9galement r\u00e9parties entre le nord et le sud, ainsi que le soleil.<\/p>\r\n\r\n\r\n\r\n<h4 class=\"wp-block-heading\"><span class=\"ez-toc-section\" id=\"Est-ce_quil_fera_beau_en_juin\"><\/span>Est-ce qu\u2019il fera beau en juin ?<span class=\"ez-toc-section-end\"><\/span><\/h4>\r\n\r\n\r\n\r\n<p>Le mois de juin en France est majoritairement caract\u00e9ris\u00e9 par un temps ensoleill\u00e9 et parfois des averses. On peut compter sur 19 jours ensoleill\u00e9s, mais il faut s\u2019attendre \u00e0 23% du temps, ce qui est menac\u00e9 par des pluies g\u00e9n\u00e9ralement fortes.<\/p>\r\n\r\n\r\n\r\n<h4 class=\"wp-block-heading\"><span class=\"ez-toc-section\" id=\"Quel_temps_prevu_pour_le_mois_de_juillet\"><\/span>Quel temps pr\u00e9vu pour le mois de juillet ?<span class=\"ez-toc-section-end\"><\/span><\/h4>\r\n\r\n\r\n\r\n<p>Les temp\u00e9ratures moyennes seront comprises entre 16 et 25\u00b0C. La premi\u00e8re semaine du mois pourrait \u00eatre tr\u00e8s chaude : selon le site internet, il y a 31 % de chances que le mercure monte \u00e0 29\u00b0C. Cependant, le risque d\u2019averses reste quasiment le m\u00eame (probabilit\u00e9 de 28 %).<\/p>\r\n\r\n\r\n\r\n<h3 class=\"wp-block-heading\"><span class=\"ez-toc-section\" id=\"Quel_temps_il_va_faire_au_mois_daout-3\"><\/span>Quel temps il va faire au mois d\u2019ao\u00fbt ?<span class=\"ez-toc-section-end\"><\/span><\/h3>\r\n\r\n\r\n\r\n<p>Apr\u00e8s une pause dans la semaine du 16 au 22, la deuxi\u00e8me partie du mois d\u2019ao\u00fbt pourrait donc s\u2019av\u00e9rer estivale avec un temps g\u00e9n\u00e9ralement sec, ensoleill\u00e9 et g\u00e9n\u00e9ralement assez chaud. Une tendance qui pourrait se poursuivre d\u00e9but septembre.<\/p>\r\n\r\n\r\n\r\n<h4 class=\"wp-block-heading\"><span class=\"ez-toc-section\" id=\"Comment_sannonce_lete_2022\"><\/span>Comment s\u2019annonce l\u2019\u00e9t\u00e9 2022 ?<span class=\"ez-toc-section-end\"><\/span><\/h4>\r\n\r\n\r\n\r\n<p>Juin 2022 : C\u2019est probablement l\u2019\u00e9t\u00e9 le plus chaud de France avec des temp\u00e9ratures \u00e9lev\u00e9es et des orages. Juillet 2022 : Ce mois devrait \u00eatre similaire \u00e0 juin avec des temp\u00e9ratures assez \u00e9lev\u00e9es et pas mal d\u2019orages.<\/p>\r\n\r\n\r\n\r\n<h4 class=\"wp-block-heading\"><span class=\"ez-toc-section\" id=\"Quel_temps_pour_lete_2021\"><\/span>Quel temps pour l\u2019\u00e9t\u00e9 2021 ?<span class=\"ez-toc-section-end\"><\/span><\/h4>\r\n\r\n\r\n\r\n<p>\u00c9tonnamment, cet \u00e9t\u00e9 2021 a \u00e9t\u00e9 l\u00e9g\u00e8rement plus chaud que d\u2019habitude, calcul\u00e9 sur la p\u00e9riode 1981-2010, avec un exc\u00e8s de pr\u00e8s de 0,5\u00b0C. Cependant, cette moyenne augmente au chaud mois de juin (2\u00b0C).<\/p>\r\n\r\n\r\n\r\n<h3 class=\"wp-block-heading\"><span class=\"ez-toc-section\" id=\"Quel_temps_pour_juillet_et_aout_2022\"><\/span>Quel temps pour juillet et ao\u00fbt 2022 ?<span class=\"ez-toc-section-end\"><\/span><\/h3>\r\n\r\n\r\n\r\n<p>Juillet 2022 : Ce mois devrait \u00eatre similaire \u00e0 juin avec des temp\u00e9ratures assez \u00e9lev\u00e9es et pas mal d\u2019orages. Ao\u00fbt 2022 : attention, le temps devrait \u00eatre plus humide, mais toujours avec des temp\u00e9ratures sup\u00e9rieures de 0,5\u00b0 \u00e0 1\u00b0C par rapport aux normales saisonni\u00e8res.<\/p>\r\n\r\n\r\n\r\n<h4 class=\"wp-block-heading\"><span class=\"ez-toc-section\" id=\"Quel_temps_il_va_faire_au_mois_daout-4\"><\/span>Quel temps il va faire au mois d\u2019ao\u00fbt ?<span class=\"ez-toc-section-end\"><\/span><\/h4>\r\n\r\n\r\n\r\n<p>Selon la Cha\u00eene M\u00e9t\u00e9o, pour l\u2019instant le temps en ao\u00fbt sera tr\u00e8s probablement doux et assez ensoleill\u00e9 : on s\u2019attend \u00e0 22 jours ensoleill\u00e9s, 6 jours pluvieux. Les temp\u00e9ratures moyennes seront comprises entre 16 et 25\u00b0C.<\/p>\r\n\r\n\r\n\r\n<h4 class=\"wp-block-heading\"><span class=\"ez-toc-section\" id=\"Quel_temps_pour_cette_ete_2022\"><\/span>Quel temps pour cette \u00e9t\u00e9 2022 ?<span class=\"ez-toc-section-end\"><\/span><\/h4>\r\n\r\n\r\n\r\n<p>Temp\u00e9rature. Les projections du mod\u00e8le europ\u00e9en pour le mois de juin 2022 pr\u00e9voient un d\u00e9but de mois tr\u00e8s chaud dans le sud de la France, mais plus classique dans le nord du pays. La semaine du 6 au 12 juin resterait plus chaude que d\u2019habitude dans le sud et l\u2019ouest, de fa\u00e7on saisonni\u00e8re dans le nord-est.<\/p>\r\n\r\n<p><script type=\"application\/ld+json\">{\"@context\":\"https:\/\/schema.org\",\"@type\":\"FAQPage\",\"mainEntity\":[{\"@type\":\"Question\",\"name\":\"Quel temps en juillet et ao&ucirc;t 2021 ?\",\"acceptedAnswer\":{\"@type\":\"Answer\",\"text\":\"Le mois d'ao&ucirc;t 2021 a &eacute;t&eacute; le moins chaud des 3 mois de l'&eacute;t&eacute; m&eacute;t&eacute;orologique 2021 avec une premi&egrave;re d&eacute;cade tr&egrave;s froide avant la courte p&eacute;riode chaude du 15 ao&ucirc;t. Contrairement aux mois tr&egrave;s humides de juin et juillet, ao&ucirc;t 2021 a &eacute;t&eacute; sec dans la majeure partie du pays.Quand le beau temps reviendra-t-il en ao&ucirc;t 2021 ? Quelques nuages &#8203;&#8203;devraient appara&icirc;tre dans le ciel dans les prochains jours avant le retour du soleil &eacute;tincelant et des temp&eacute;ratures estivales sur toute la France &agrave; partir du vendredi 13 ao&ucirc;t 2021.\"}},{\"@type\":\"Question\",\"name\":\"O&ugrave; habiter en France en 2030 ?\",\"acceptedAnswer\":{\"@type\":\"Answer\",\"text\":\"Avec des villes comme Lyon ou Grenoble, la r&eacute;gion Rh&ocirc;ne-Alpes devrait en &ecirc;tre la principale b&eacute;n&eacute;ficiaire : sa croissance d&eacute;mographique sera de 16,8 %. En 2030, l'Ile-de-France sera la r&eacute;gion la plus peupl&eacute;e avec 6,9 millions d'habitants.Quel est le climat en France en 2030 ? En 2030, selon M&eacute;t&eacute;o France, le mercure pourrait d&eacute;passer localement les 50&deg;C en France. Dans ce contexte, limiter le chauffage &agrave; 1,5&deg;C, comme le pr&eacute;conise le GIEC, n&eacute;cessite de profonds changements.\"}},{\"@type\":\"Question\",\"name\":\"Pourquoi il fait si moche en juillet 2021 ?\",\"acceptedAnswer\":{\"@type\":\"Answer\",\"text\":\"Donc 2021 n'a rien d'exceptionnel &raquo;, explique Fr&eacute;d&eacute;ric Nathan, annonceur pour M&eacute;t&eacute;o France. Alors si ce d&eacute;but juillet n'est pas anormalement pluvieux, il est tout de m&ecirc;me marqu&eacute; par un manque g&eacute;n&eacute;ral d'ensoleillement. &laquo; Nous observons beaucoup de nuages &#8203;&#8203;bas et souvent un ciel gris.Pourquoi juillet 2021 est moche ? Des pr&eacute;cipitations particuli&egrave;rement abondantes cet &eacute;t&eacute; compensent de mani&egrave;re d&eacute;cisive l'impression d'&eacute;t&eacute; \\\"pourri\\\", mais les temp&eacute;ratures sont tout de m&ecirc;me sup&eacute;rieures de 1,1&deg;C &agrave; la normale de 1981-2010 sur l'ensemble du territoire, et l'ensoleillement est tr&egrave;s proche de la normale dans la plupart des r&eacute;gions, ce qui...\"}},{\"@type\":\"Question\",\"name\":\"Quel est le climat actuel en France ?\",\"acceptedAnswer\":{\"@type\":\"Answer\",\"text\":\"En g&eacute;n&eacute;ral, la France m&eacute;tropolitaine a un climat temp&eacute;r&eacute;. La m&eacute;t&eacute;o est souvent cl&eacute;mente, mais les &eacute;carts entre les saisons et entre les r&eacute;gions sont consid&eacute;rables.Quels sont les 4 types de climat en France ? Climat en France :Climat oc&eacute;anique. Climat oc&eacute;anique avec des hivers assez doux et des &eacute;t&eacute;s relativement froids. ...Climat oc&eacute;anique d&eacute;grad&eacute;...Climat continental (climat de l'abri) ...Climat m&eacute;diterran&eacute;en. ...Climat montagnard.\"}},{\"@type\":\"Question\",\"name\":\"Quel temps Fera-t-il en juillet et ao&ucirc;t 2022 ?\",\"acceptedAnswer\":{\"@type\":\"Answer\",\"text\":\"Juillet 2022 : Ce mois devrait &ecirc;tre similaire &agrave; juin avec des temp&eacute;ratures assez &eacute;lev&eacute;es et pas mal d'orages. Ao&ucirc;t 2022 : Attention, le temps devrait &ecirc;tre plus humide, mais avec des temp&eacute;ratures plus &eacute;lev&eacute;es de +0,5&deg; &agrave; +1&deg;C par rapport aux normales saisonni&egrave;res.L'&eacute;t&eacute; 2022 sera-t-il chaud ? Ce jeudi 16 juin et vendredi 17 juin 2022, des temp&eacute;ratures sup&eacute;rieures &agrave; 40&deg;C sont attendues en France. Un &eacute;pisode de canicule tr&egrave;s pr&eacute;coce pour la saison. Vingt quartiers sont plac&eacute;s en vigilance orange pour la canicule. La France va surchauffer.\"}}]}<\/script><\/p>\n\n","protected":false},"excerpt":{"rendered":"","protected":false},"author":1,"featured_media":2212,"comment_status":"open","ping_status":"open","sticky":false,"template":"","format":"standard","meta":{"_seopress_robots_primary_cat":"none","_seopress_titles_title":"","_seopress_titles_desc":"","_seopress_robots_index":"","footnotes":""},"categories":[31],"tags":[37,330,126,331,176],"class_list":["post-2211","post","type-post","status-publish","format-standard","has-post-thumbnail","hentry","category-life-style","tag-france","tag-juillet","tag-mois","tag-temperatures","tag-temps","generate-columns","tablet-grid-50","mobile-grid-100","grid-parent","grid-50"],"_links":{"self":[{"href":"https:\/\/toukiela.com\/es\/wp-json\/wp\/v2\/posts\/2211","targetHints":{"allow":["GET"]}}],"collection":[{"href":"https:\/\/toukiela.com\/es\/wp-json\/wp\/v2\/posts"}],"about":[{"href":"https:\/\/toukiela.com\/es\/wp-json\/wp\/v2\/types\/post"}],"author":[{"embeddable":true,"href":"https:\/\/toukiela.com\/es\/wp-json\/wp\/v2\/users\/1"}],"replies":[{"embeddable":true,"href":"https:\/\/toukiela.com\/es\/wp-json\/wp\/v2\/comments?post=2211"}],"version-history":[{"count":0,"href":"https:\/\/toukiela.com\/es\/wp-json\/wp\/v2\/posts\/2211\/revisions"}],"wp:featuredmedia":[{"embeddable":true,"href":"https:\/\/toukiela.com\/es\/wp-json\/wp\/v2\/media\/2212"}],"wp:attachment":[{"href":"https:\/\/toukiela.com\/es\/wp-json\/wp\/v2\/media?parent=2211"}],"wp:term":[{"taxonomy":"category","embeddable":true,"href":"https:\/\/toukiela.com\/es\/wp-json\/wp\/v2\/categories?post=2211"},{"taxonomy":"post_tag","embeddable":true,"href":"https:\/\/toukiela.com\/es\/wp-json\/wp\/v2\/tags?post=2211"}],"curies":[{"name":"wp","href":"https:\/\/api.w.org\/{rel}","templated":true}]}}