{"id":12362,"date":"2024-04-16T18:40:08","date_gmt":"2024-04-16T16:40:08","guid":{"rendered":"https:\/\/toukiela.com\/le-principal-accuse-du-proces-de-larchive-danna-nie-toute-implication-avec-le-site-scandale-et-rebondissements-garantis\/"},"modified":"2024-04-16T18:40:09","modified_gmt":"2024-04-16T16:40:09","slug":"le-principal-accuse-du-proces-de-larchive-danna-nie-toute-implication-avec-le-site-scandale-et-rebondissements-garantis","status":"publish","type":"post","link":"https:\/\/toukiela.com\/es\/le-principal-accuse-du-proces-de-larchive-danna-nie-toute-implication-avec-le-site-scandale-et-rebondissements-garantis\/","title":{"rendered":"Le principal accus\u00e9 du proc\u00e8s de l&rsquo;Archive d&rsquo;Anna nie toute implication avec le site &#8211; Scandale et rebondissements garantis !"},"content":{"rendered":"<p><em><\/em><\/p>\n<div id=\"ez-toc-container\" class=\"ez-toc-v2_0_82_2 counter-hierarchy ez-toc-counter ez-toc-grey ez-toc-container-direction\">\n<p class=\"ez-toc-title\" style=\"cursor:inherit\">Contenido<\/p>\n<label for=\"ez-toc-cssicon-toggle-item-69f1c58c072cd\" class=\"ez-toc-cssicon-toggle-label\"><span class=\"\"><span class=\"eztoc-hide\" style=\"display:none;\">Toggle<\/span><span class=\"ez-toc-icon-toggle-span\"><svg style=\"fill: #999;color:#999\" xmlns=\"http:\/\/www.w3.org\/2000\/svg\" class=\"list-377408\" width=\"20px\" height=\"20px\" viewbox=\"0 0 24 24\" fill=\"none\"><path d=\"M6 6H4v2h2V6zm14 0H8v2h12V6zM4 11h2v2H4v-2zm16 0H8v2h12v-2zM4 16h2v2H4v-2zm16 0H8v2h12v-2z\" fill=\"currentColor\"><\/path><\/svg><svg style=\"fill: #999;color:#999\" class=\"arrow-unsorted-368013\" xmlns=\"http:\/\/www.w3.org\/2000\/svg\" width=\"10px\" height=\"10px\" viewbox=\"0 0 24 24\" version=\"1.2\" baseprofile=\"tiny\"><path d=\"M18.2 9.3l-6.2-6.3-6.2 6.3c-.2.2-.3.4-.3.7s.1.5.3.7c.2.2.4.3.7.3h11c.3 0 .5-.1.7-.3.2-.2.3-.5.3-.7s-.1-.5-.3-.7zM5.8 14.7l6.2 6.3 6.2-6.3c.2-.2.3-.5.3-.7s-.1-.5-.3-.7c-.2-.2-.4-.3-.7-.3h-11c-.3 0-.5.1-.7.3-.2.2-.3.5-.3.7s.1.5.3.7z\"\/><\/svg><\/span><\/span><\/label><input type=\"checkbox\"  id=\"ez-toc-cssicon-toggle-item-69f1c58c072cd\"  aria-label=\"Alternar\" \/><nav><ul class='ez-toc-list ez-toc-list-level-1' ><li class='ez-toc-page-1 ez-toc-heading-level-2'><a class=\"ez-toc-link ez-toc-heading-1\" href=\"https:\/\/toukiela.com\/es\/le-principal-accuse-du-proces-de-larchive-danna-nie-toute-implication-avec-le-site-scandale-et-rebondissements-garantis\/#Un_moteur_de_recherche_pour_les_bibliotheques_pirates\" >Un moteur de recherche pour les biblioth\u00e8ques pirates<\/a><\/li><li class='ez-toc-page-1 ez-toc-heading-level-2'><a class=\"ez-toc-link ez-toc-heading-2\" href=\"https:\/\/toukiela.com\/es\/le-principal-accuse-du-proces-de-larchive-danna-nie-toute-implication-avec-le-site-scandale-et-rebondissements-garantis\/#Un_vol_massif_de_donnees\" >Un vol massif de donn\u00e9es<\/a><\/li><li class='ez-toc-page-1 ez-toc-heading-level-2'><a class=\"ez-toc-link ez-toc-heading-3\" href=\"https:\/\/toukiela.com\/es\/le-principal-accuse-du-proces-de-larchive-danna-nie-toute-implication-avec-le-site-scandale-et-rebondissements-garantis\/#Qui_est_Anna\" >Qui est Anna ?<\/a><\/li><li class='ez-toc-page-1 ez-toc-heading-level-2'><a class=\"ez-toc-link ez-toc-heading-4\" href=\"https:\/\/toukiela.com\/es\/le-principal-accuse-du-proces-de-larchive-danna-nie-toute-implication-avec-le-site-scandale-et-rebondissements-garantis\/#Motion_de_rejet\" >Motion de rejet<\/a><\/li><li class='ez-toc-page-1 ez-toc-heading-level-2'><a class=\"ez-toc-link ez-toc-heading-5\" href=\"https:\/\/toukiela.com\/es\/le-principal-accuse-du-proces-de-larchive-danna-nie-toute-implication-avec-le-site-scandale-et-rebondissements-garantis\/#%C2%AB_Aucune_preuve_%C2%BB\" >\u00ab\u00a0Aucune preuve\u00a0\u00bb<\/a><\/li><\/ul><\/nav><\/div>\n<h2><span class=\"ez-toc-section\" id=\"Un_moteur_de_recherche_pour_les_bibliotheques_pirates\"><\/span>Un moteur de recherche pour les biblioth\u00e8ques pirates<span class=\"ez-toc-section-end\"><\/span><\/h2>\n<p><\/p>\n<p>Anna\u2019s Archive est un m\u00e9ta-moteur de recherche pour les biblioth\u00e8ques parall\u00e8les qui permet aux utilisateurs de trouver des livres pirat\u00e9s et d\u2019autres sources connexes.<\/p>\n<p><\/p>\n<p>Le site a \u00e9t\u00e9 lanc\u00e9 \u00e0 l\u2019automne 2022, quelques jours seulement apr\u00e8s que Z-Library ait \u00e9t\u00e9 cibl\u00e9 par une r\u00e9pression criminelle aux \u00c9tats-Unis, afin de garantir la disponibilit\u00e9 continue de livres et d\u2019articles \u00ab\u00a0gratuits\u00a0\u00bb au grand public.<\/p>\n<p><\/p>\n<p>En fin d\u2019ann\u00e9e derni\u00e8re, Anna\u2019s Archive a \u00e9tendu son offre en rendant les informations de la base de donn\u00e9es propri\u00e9taire de l\u2019OCLC, WorldCat, disponibles en ligne. Les op\u00e9rateurs du site ont mis plus d\u2019un an \u00e0 collecter plusieurs t\u00e9raoctets de donn\u00e9es et ont publi\u00e9 environ 700 millions d\u2019enregistrements uniques en ligne, gratuitement.<\/p>\n<p><\/p>\n<h2><span class=\"ez-toc-section\" id=\"Un_vol_massif_de_donnees\"><\/span>Un vol massif de donn\u00e9es<span class=\"ez-toc-section-end\"><\/span><\/h2>\n<p><\/p>\n<p>Ce vol de \u00ab\u00a0m\u00e9tadonn\u00e9es\u00a0\u00bb a \u00e9t\u00e9 une avanc\u00e9e majeure dans la qu\u00eate d\u2019archiver autant de contenus publi\u00e9s que possible en ligne. Cependant, l\u2019OCLC n\u2019\u00e9tait pas satisfait et a r\u00e9pondu par une poursuite devant un tribunal f\u00e9d\u00e9ral de l\u2019Ohio, accusant le site et ses op\u00e9rateurs de piratage et r\u00e9clamant des dommages et int\u00e9r\u00eats.<\/p>\n<p><\/p>\n<p>Le groupe \u00e0 but non lucratif affirme avoir d\u00e9pens\u00e9 plus d\u2019un million de dollars pour r\u00e9pondre aux pr\u00e9tendus efforts de piratage d\u2019Anna\u2019s Archive. M\u00eame ainsi, il n\u2019a pas pu emp\u00eacher la diffusion des donn\u00e9es via un torrent.<\/p>\n<p><\/p>\n<p>\u00ab\u00a0Les d\u00e9fendeurs, par le biais des domaines d\u2019Anna\u2019s Archive, ont rendu, et continuent de rendre, les 2,2 To de donn\u00e9es de WorldCat\u00ae disponibles en t\u00e9l\u00e9chargement public via leurs torrents\u00a0\u00bb, a \u00e9crit l\u2019OCLC dans sa plainte.<\/p>\n<p><\/p>\n<h2><span class=\"ez-toc-section\" id=\"Qui_est_Anna\"><\/span>Qui est Anna ?<span class=\"ez-toc-section-end\"><\/span><\/h2>\n<p><\/p>\n<p>Suite aux efforts de piratage pr\u00e9sum\u00e9s, l\u2019OCLC a tent\u00e9 d\u2019identifier les responsables. Cette enqu\u00eate les a conduits \u00e0 Maria Dolores Anasztasia Matienzo, une habitante de Seattle, dans l\u2019\u00c9tat de Washington, qui \u00e9tait mentionn\u00e9e comme la seule d\u00e9fenderesse.<\/p>\n<p><\/p>\n<p>La plainte mentionnait que Matienzo se d\u00e9crit comme une \u00ab\u00a0archiviste\u00a0\u00bb et utilise le pseudonyme \u00ab\u00a0anarchivist\u00a0\u00bb sur les r\u00e9seaux sociaux. La d\u00e9fenderesse travaille apparemment en tant qu\u2019ing\u00e9nieure logicielle dans une start-up d\u2019intelligence artificielle et a pr\u00e9c\u00e9demment occup\u00e9 le poste de biblioth\u00e9caire-catalogueur chez un concurrent direct de l\u2019OCLC.<\/p>\n<p><\/p>\n<p>Pour l\u2019OCLC, ces \u00e9l\u00e9ments et les d\u00e9couvertes connexes \u00e9taient suffisants pour poursuivre Matienzo dans le cadre du complot d\u2019Anna\u2019s Archive. Cependant, dans une motion de rejet d\u00e9pos\u00e9e hier, Matienzo nie toute implication avec la biblioth\u00e8que parall\u00e8le ou le piratage.<\/p>\n<p><\/p>\n<p>\u00ab\u00a0Je ne suis affili\u00e9e d\u2019aucune mani\u00e8re \u00e0 Anna\u2019s Archive et je n\u2019ai eu aucune implication dans le pr\u00e9tendu piratage et\/ou le vol de donn\u00e9es de WorldCat.org qui aurait \u00e9t\u00e9 orchestr\u00e9 et r\u00e9alis\u00e9 par Anna\u2019s Archive\u00a0\u00bb, \u00e9crit Matienzo dans une d\u00e9claration accompagnant la motion de rejet.<\/p>\n<p><\/p>\n<h2><span class=\"ez-toc-section\" id=\"Motion_de_rejet\"><\/span>Motion de rejet<span class=\"ez-toc-section-end\"><\/span><\/h2>\n<p><\/p>\n<p>La motion demande le rejet des plaintes pour plusieurs raisons. Tout d\u2019abord, elle souligne que le tribunal de l\u2019Ohio n\u2019a pas comp\u00e9tence sur la d\u00e9fenderesse, qui n\u2019a jamais exerc\u00e9 d\u2019activit\u00e9 dans cet \u00c9tat.<\/p>\n<p><\/p>\n<p>Deuxi\u00e8mement, la plainte mentionne \u00e0 peine Matienzo. Il y a six paragraphes contenant des all\u00e9gations individuelles et deux autres o\u00f9 elle est mentionn\u00e9e en tant que membre du groupe Anna\u2019s Archive. Cependant, la d\u00e9fense soutient que rien de tout cela ne repose sur des preuves factuelles.<\/p>\n<p><\/p>\n<p>\u00ab\u00a0Un examen de ces paragraphes r\u00e9v\u00e8le que les all\u00e9gations qu\u2019ils contiennent ne sont rien de plus que des d\u00e9clarations sans fondement soutenues par aucune preuve factuelle\u00a0\u00bb, lit-on dans la motion de rejet.<\/p>\n<p><\/p>\n<p>\u00ab\u00a0L\u2019all\u00e9gation concluante et non \u00e9tay\u00e9e selon laquelle \u2018Matienzo est propri\u00e9taire, exploite et\/ou contr\u00f4le Anna\u2019s Archive\u2019 n\u2019est pas suffisante pour justifier une plainte contre Mme Matienzo.\u00a0\u00bb<\/p>\n<p><\/p>\n<h2><span class=\"ez-toc-section\" id=\"%C2%AB_Aucune_preuve_%C2%BB\"><\/span>\u00ab\u00a0Aucune preuve\u00a0\u00bb<span class=\"ez-toc-section-end\"><\/span><\/h2>\n<p><\/p>\n<p>Au total, l\u2019OCLC formule douze accusations contre Matienzo, dont rupture de contrat, enrichissement sans cause et intrusion sur des biens meubles. La d\u00e9fense souligne que ces accusations \u00e9chouent toutes, car aucune d\u2019entre elles n\u2019est sp\u00e9cifiquement li\u00e9e \u00e0 elle avec des preuves concr\u00e8tes.<\/p>\n<p><\/p>\n<p>\u00ab\u00a0L\u2019OCLC n\u2019all\u00e8gue pas avoir remont\u00e9 l\u2019une des attaques jusqu\u2019\u00e0 Mme Matienzo, que l\u2019OCLC ait d\u00e9couvert la moindre preuve d\u00e9montrant les liens pr\u00e9sum\u00e9s de Mme Matienzo avec Anna\u2019s Archive, ou que Mme Matienzo elle-m\u00eame ait commis un acte r\u00e9pr\u00e9hensible \u00e0 l\u2019encontre de l\u2019OCLC. Cela s\u2019explique par le fait qu\u2019aucune preuve de ce genre n\u2019existe.\u00a0\u00bb<\/p>\n<p><\/p>\n<p>La d\u00e9fense ajoute que la similitude entre le pseudonyme de l\u2019accus\u00e9e sur les r\u00e9seaux sociaux, \u00ab\u00a0anarchivist\u00a0\u00bb, et Anna\u2019s Archive n\u2019est pas suffisante pour \u00e9tayer les accusations. Il en va de m\u00eame pour d\u2019autres faits, dont son ancienne profession de biblioth\u00e9caire-catalogueur.<\/p>\n<p><\/p>\n<p>Matienzo a constamment ni\u00e9 tout lien avec Anna\u2019s Archive et a coop\u00e9r\u00e9 informellement avec l\u2019OCLC dans le but de r\u00e9soudre le litige avant de d\u00e9penser de l\u2019argent pour se d\u00e9fendre. Cependant, cela n\u2019a pas abouti \u00e0 un accord.<\/p>\n<p><\/p>\n<p>La d\u00e9fense demande donc au tribunal f\u00e9d\u00e9ral de l\u2019Ohio de rejeter toutes les accusations afin d\u2019\u00e9viter que Matienzo ne doive investir davantage de temps et d\u2019argent dans cette affaire.<\/p>\n<p><\/p>\n<p>Une copie de la motion de rejet compl\u00e8te, d\u00e9pos\u00e9e hier devant le tribunal de district des \u00c9tats-Unis pour le district sud de l\u2019Ohio, est disponible ici (pdf).<\/p>","protected":false},"excerpt":{"rendered":"","protected":false},"author":1,"featured_media":12364,"comment_status":"open","ping_status":"open","sticky":false,"template":"","format":"standard","meta":{"_seopress_robots_primary_cat":"","_seopress_titles_title":"","_seopress_titles_desc":"","_seopress_robots_index":"","footnotes":""},"categories":[586],"tags":[],"class_list":["post-12362","post","type-post","status-publish","format-standard","has-post-thumbnail","hentry","category-actu-tech","generate-columns","tablet-grid-50","mobile-grid-100","grid-parent","grid-50"],"_links":{"self":[{"href":"https:\/\/toukiela.com\/es\/wp-json\/wp\/v2\/posts\/12362","targetHints":{"allow":["GET"]}}],"collection":[{"href":"https:\/\/toukiela.com\/es\/wp-json\/wp\/v2\/posts"}],"about":[{"href":"https:\/\/toukiela.com\/es\/wp-json\/wp\/v2\/types\/post"}],"author":[{"embeddable":true,"href":"https:\/\/toukiela.com\/es\/wp-json\/wp\/v2\/users\/1"}],"replies":[{"embeddable":true,"href":"https:\/\/toukiela.com\/es\/wp-json\/wp\/v2\/comments?post=12362"}],"version-history":[{"count":1,"href":"https:\/\/toukiela.com\/es\/wp-json\/wp\/v2\/posts\/12362\/revisions"}],"predecessor-version":[{"id":12363,"href":"https:\/\/toukiela.com\/es\/wp-json\/wp\/v2\/posts\/12362\/revisions\/12363"}],"wp:featuredmedia":[{"embeddable":true,"href":"https:\/\/toukiela.com\/es\/wp-json\/wp\/v2\/media\/12364"}],"wp:attachment":[{"href":"https:\/\/toukiela.com\/es\/wp-json\/wp\/v2\/media?parent=12362"}],"wp:term":[{"taxonomy":"category","embeddable":true,"href":"https:\/\/toukiela.com\/es\/wp-json\/wp\/v2\/categories?post=12362"},{"taxonomy":"post_tag","embeddable":true,"href":"https:\/\/toukiela.com\/es\/wp-json\/wp\/v2\/tags?post=12362"}],"curies":[{"name":"wp","href":"https:\/\/api.w.org\/{rel}","templated":true}]}}