{"id":12232,"date":"2024-04-11T17:13:34","date_gmt":"2024-04-11T15:13:34","guid":{"rendered":"https:\/\/toukiela.com\/lieux-de-tournage-de-civil-war-2024-ou-a-t-il-ete-filme\/"},"modified":"2024-04-11T17:13:34","modified_gmt":"2024-04-11T15:13:34","slug":"lieux-de-tournage-de-civil-war-2024-ou-a-t-il-ete-filme","status":"publish","type":"post","link":"https:\/\/toukiela.com\/es\/lieux-de-tournage-de-civil-war-2024-ou-a-t-il-ete-filme\/","title":{"rendered":"Lieux de Tournage de Civil War (2024) : O\u00f9 a-t-il \u00e9t\u00e9 film\u00e9 ?"},"content":{"rendered":"<p><em><\/em><\/p>\n<p>Plongez-vous dans l\u2019univers captivant de <strong>Toukiela<\/strong> et d\u00e9couvrez des articles fascinants qui vous plongeront au c\u0153ur de l\u2019action. De l\u2019explication de la fin de SOS Fant\u00f4mes \u00e0 la pr\u00e9sentation de Ivan Reitman, en passant par la date de sortie de SOS Fant\u00f4mes 3, nous avons tout ce qu\u2019il vous faut pour satisfaire votre curiosit\u00e9.<\/p>\n<div id=\"ez-toc-container\" class=\"ez-toc-v2_0_82_2 counter-hierarchy ez-toc-counter ez-toc-grey ez-toc-container-direction\">\n<p class=\"ez-toc-title\" style=\"cursor:inherit\">Contenido<\/p>\n<label for=\"ez-toc-cssicon-toggle-item-69f238e18296f\" class=\"ez-toc-cssicon-toggle-label\"><span class=\"\"><span class=\"eztoc-hide\" style=\"display:none;\">Toggle<\/span><span class=\"ez-toc-icon-toggle-span\"><svg style=\"fill: #999;color:#999\" xmlns=\"http:\/\/www.w3.org\/2000\/svg\" class=\"list-377408\" width=\"20px\" height=\"20px\" viewbox=\"0 0 24 24\" fill=\"none\"><path d=\"M6 6H4v2h2V6zm14 0H8v2h12V6zM4 11h2v2H4v-2zm16 0H8v2h12v-2zM4 16h2v2H4v-2zm16 0H8v2h12v-2z\" fill=\"currentColor\"><\/path><\/svg><svg style=\"fill: #999;color:#999\" class=\"arrow-unsorted-368013\" xmlns=\"http:\/\/www.w3.org\/2000\/svg\" width=\"10px\" height=\"10px\" viewbox=\"0 0 24 24\" version=\"1.2\" baseprofile=\"tiny\"><path d=\"M18.2 9.3l-6.2-6.3-6.2 6.3c-.2.2-.3.4-.3.7s.1.5.3.7c.2.2.4.3.7.3h11c.3 0 .5-.1.7-.3.2-.2.3-.5.3-.7s-.1-.5-.3-.7zM5.8 14.7l6.2 6.3 6.2-6.3c.2-.2.3-.5.3-.7s-.1-.5-.3-.7c-.2-.2-.4-.3-.7-.3h-11c-.3 0-.5.1-.7.3-.2.2-.3.5-.3.7s.1.5.3.7z\"\/><\/svg><\/span><\/span><\/label><input type=\"checkbox\"  id=\"ez-toc-cssicon-toggle-item-69f238e18296f\"  aria-label=\"Alternar\" \/><nav><ul class='ez-toc-list ez-toc-list-level-1' ><li class='ez-toc-page-1 ez-toc-heading-level-2'><a class=\"ez-toc-link ez-toc-heading-1\" href=\"https:\/\/toukiela.com\/es\/lieux-de-tournage-de-civil-war-2024-ou-a-t-il-ete-filme\/#La_fin_mysterieuse_de_SOS_Fantomes_expliquee\" >La fin myst\u00e9rieuse de SOS Fant\u00f4mes expliqu\u00e9e<\/a><\/li><li class='ez-toc-page-1 ez-toc-heading-level-2'><a class=\"ez-toc-link ez-toc-heading-2\" href=\"https:\/\/toukiela.com\/es\/lieux-de-tournage-de-civil-war-2024-ou-a-t-il-ete-filme\/#Qui_est_Ivan_Reitman_de_SOS_Fantomes\" >Qui est Ivan Reitman de SOS Fant\u00f4mes ?<\/a><\/li><li class='ez-toc-page-1 ez-toc-heading-level-2'><a class=\"ez-toc-link ez-toc-heading-3\" href=\"https:\/\/toukiela.com\/es\/lieux-de-tournage-de-civil-war-2024-ou-a-t-il-ete-filme\/#La_sortie_tant_attendue_de_SOS_Fantomes_3\" >La sortie tant attendue de SOS Fant\u00f4mes 3<\/a><\/li><li class='ez-toc-page-1 ez-toc-heading-level-2'><a class=\"ez-toc-link ez-toc-heading-4\" href=\"https:\/\/toukiela.com\/es\/lieux-de-tournage-de-civil-war-2024-ou-a-t-il-ete-filme\/#Suivez-nous_pour_plus_darticles_passionnants\" >Suivez-nous pour plus d\u2019articles passionnants<\/a><\/li><li class='ez-toc-page-1 ez-toc-heading-level-2'><a class=\"ez-toc-link ez-toc-heading-5\" href=\"https:\/\/toukiela.com\/es\/lieux-de-tournage-de-civil-war-2024-ou-a-t-il-ete-filme\/#Rejoignez_la_communaute_de_Toukiela\" >Rejoignez la communaut\u00e9 de Toukiela<\/a><\/li><\/ul><\/nav><\/div>\n<h2><span class=\"ez-toc-section\" id=\"La_fin_mysterieuse_de_SOS_Fantomes_expliquee\"><\/span>La fin myst\u00e9rieuse de SOS Fant\u00f4mes expliqu\u00e9e <span class=\"ez-toc-section-end\"><\/span><\/h2>\n<p><\/p>\n<p> Vous vous interrogez sur le d\u00e9roulement final de <strong>SOS Fant\u00f4mes La Menace de Glace<\/strong> ? Nous avons \u00e9labor\u00e9 une interpr\u00e9tation d\u00e9taill\u00e9e de cette conclusion captivante. D\u00e9couvrez notre analyse d\u00e9taill\u00e9e pour comprendre tous les tenants et aboutissants de cette fin palpitante.<\/p>\n<h2><span class=\"ez-toc-section\" id=\"Qui_est_Ivan_Reitman_de_SOS_Fantomes\"><\/span>Qui est Ivan Reitman de SOS Fant\u00f4mes ?<span class=\"ez-toc-section-end\"><\/span><\/h2>\n<p><\/p>\n<p> Vous vous demandez peut-\u00eatre qui est le fameux <strong>Ivan Reitman<\/strong> mentionn\u00e9 dans <strong>SOS Fant\u00f4mes La Menace de Glace<\/strong> ? Ne cherchez plus, nous avons pr\u00e9par\u00e9 un profil complet de cette figure embl\u00e9matique. Apprenez-en plus sur l\u2019homme derri\u00e8re le personnage et d\u00e9couvrez pourquoi il est si crucial pour l\u2019histoire. <\/p>\n<h2><span class=\"ez-toc-section\" id=\"La_sortie_tant_attendue_de_SOS_Fantomes_3\"><\/span>La sortie tant attendue de SOS Fant\u00f4mes 3<span class=\"ez-toc-section-end\"><\/span><\/h2>\n<p><\/p>\n<p> Impatient de savoir quand <strong>SOS Fant\u00f4mes 3<\/strong> sortira en salle ? Nous avons recueilli toutes les informations officielles concernant la date de sortie de ce film tr\u00e8s attendu. Restez \u00e0 jour avec les derni\u00e8res nouvelles et soyez pr\u00eat \u00e0 marquer votre calendrier! <\/p>\n<h2><span class=\"ez-toc-section\" id=\"Suivez-nous_pour_plus_darticles_passionnants\"><\/span>Suivez-nous pour plus d\u2019articles passionnants<span class=\"ez-toc-section-end\"><\/span><\/h2>\n<p><\/p>\n<p> Si vous avez appr\u00e9ci\u00e9 ces articles, n\u2019oubliez pas de consulter r\u00e9guli\u00e8rement Toukiela pour d\u00e9couvrir de nouvelles publications fascinantes. Que vous soyez un fan de longue date de SOS Fant\u00f4mes ou que vous d\u00e9couvriez tout juste cette saga culte, nous avons de quoi satisfaire votre soif de connaissances. <\/p>\n<h2><span class=\"ez-toc-section\" id=\"Rejoignez_la_communaute_de_Toukiela\"><\/span>Rejoignez la communaut\u00e9 de Toukiela<span class=\"ez-toc-section-end\"><\/span><\/h2>\n<p><\/p>\n<p> Envie de partager vos r\u00e9flexions sur SOS Fant\u00f4mes ou de discuter avec d\u2019autres fans ? N\u2019h\u00e9sitez pas \u00e0 rejoindre notre communaut\u00e9 dynamique et passionn\u00e9e. Nous attendons avec impatience de lire vos commentaires et vos th\u00e9ories ! <\/p>","protected":false},"excerpt":{"rendered":"","protected":false},"author":1,"featured_media":12234,"comment_status":"open","ping_status":"open","sticky":false,"template":"","format":"standard","meta":{"_seopress_robots_primary_cat":"","_seopress_titles_title":"","_seopress_titles_desc":"","_seopress_robots_index":"","footnotes":""},"categories":[644],"tags":[],"class_list":["post-12232","post","type-post","status-publish","format-standard","has-post-thumbnail","hentry","category-series","generate-columns","tablet-grid-50","mobile-grid-100","grid-parent","grid-50"],"_links":{"self":[{"href":"https:\/\/toukiela.com\/es\/wp-json\/wp\/v2\/posts\/12232","targetHints":{"allow":["GET"]}}],"collection":[{"href":"https:\/\/toukiela.com\/es\/wp-json\/wp\/v2\/posts"}],"about":[{"href":"https:\/\/toukiela.com\/es\/wp-json\/wp\/v2\/types\/post"}],"author":[{"embeddable":true,"href":"https:\/\/toukiela.com\/es\/wp-json\/wp\/v2\/users\/1"}],"replies":[{"embeddable":true,"href":"https:\/\/toukiela.com\/es\/wp-json\/wp\/v2\/comments?post=12232"}],"version-history":[{"count":1,"href":"https:\/\/toukiela.com\/es\/wp-json\/wp\/v2\/posts\/12232\/revisions"}],"predecessor-version":[{"id":12233,"href":"https:\/\/toukiela.com\/es\/wp-json\/wp\/v2\/posts\/12232\/revisions\/12233"}],"wp:featuredmedia":[{"embeddable":true,"href":"https:\/\/toukiela.com\/es\/wp-json\/wp\/v2\/media\/12234"}],"wp:attachment":[{"href":"https:\/\/toukiela.com\/es\/wp-json\/wp\/v2\/media?parent=12232"}],"wp:term":[{"taxonomy":"category","embeddable":true,"href":"https:\/\/toukiela.com\/es\/wp-json\/wp\/v2\/categories?post=12232"},{"taxonomy":"post_tag","embeddable":true,"href":"https:\/\/toukiela.com\/es\/wp-json\/wp\/v2\/tags?post=12232"}],"curies":[{"name":"wp","href":"https:\/\/api.w.org\/{rel}","templated":true}]}}