{"id":11924,"date":"2024-03-30T06:31:24","date_gmt":"2024-03-30T04:31:24","guid":{"rendered":"https:\/\/toukiela.com\/wwdc-2024-dapple-du-10-au-14-juin-preparez-vous-a-vivre-une-experience-absolument-incroyable\/"},"modified":"2024-03-30T06:31:25","modified_gmt":"2024-03-30T04:31:25","slug":"wwdc-2024-dapple-du-10-au-14-juin-preparez-vous-a-vivre-une-experience-absolument-incroyable","status":"publish","type":"post","link":"https:\/\/toukiela.com\/es\/wwdc-2024-dapple-du-10-au-14-juin-preparez-vous-a-vivre-une-experience-absolument-incroyable\/","title":{"rendered":"WWDC 2024 d&rsquo;Apple : du 10 au 14 juin, pr\u00e9parez-vous \u00e0 vivre une exp\u00e9rience &lsquo;Absolument Incroyable&rsquo; !"},"content":{"rendered":"<p><em><\/em><\/p>\n<div id=\"ez-toc-container\" class=\"ez-toc-v2_0_82_2 counter-hierarchy ez-toc-counter ez-toc-grey ez-toc-container-direction\">\n<p class=\"ez-toc-title\" style=\"cursor:inherit\">Contenido<\/p>\n<label for=\"ez-toc-cssicon-toggle-item-69f1df1bbd929\" class=\"ez-toc-cssicon-toggle-label\"><span class=\"\"><span class=\"eztoc-hide\" style=\"display:none;\">Toggle<\/span><span class=\"ez-toc-icon-toggle-span\"><svg style=\"fill: #999;color:#999\" xmlns=\"http:\/\/www.w3.org\/2000\/svg\" class=\"list-377408\" width=\"20px\" height=\"20px\" viewbox=\"0 0 24 24\" fill=\"none\"><path d=\"M6 6H4v2h2V6zm14 0H8v2h12V6zM4 11h2v2H4v-2zm16 0H8v2h12v-2zM4 16h2v2H4v-2zm16 0H8v2h12v-2z\" fill=\"currentColor\"><\/path><\/svg><svg style=\"fill: #999;color:#999\" class=\"arrow-unsorted-368013\" xmlns=\"http:\/\/www.w3.org\/2000\/svg\" width=\"10px\" height=\"10px\" viewbox=\"0 0 24 24\" version=\"1.2\" baseprofile=\"tiny\"><path d=\"M18.2 9.3l-6.2-6.3-6.2 6.3c-.2.2-.3.4-.3.7s.1.5.3.7c.2.2.4.3.7.3h11c.3 0 .5-.1.7-.3.2-.2.3-.5.3-.7s-.1-.5-.3-.7zM5.8 14.7l6.2 6.3 6.2-6.3c.2-.2.3-.5.3-.7s-.1-.5-.3-.7c-.2-.2-.4-.3-.7-.3h-11c-.3 0-.5.1-.7.3-.2.2-.3.5-.3.7s.1.5.3.7z\"\/><\/svg><\/span><\/span><\/label><input type=\"checkbox\"  id=\"ez-toc-cssicon-toggle-item-69f1df1bbd929\"  aria-label=\"Alternar\" \/><nav><ul class='ez-toc-list ez-toc-list-level-1' ><li class='ez-toc-page-1 ez-toc-heading-level-2'><a class=\"ez-toc-link ez-toc-heading-1\" href=\"https:\/\/toukiela.com\/es\/wwdc-2024-dapple-du-10-au-14-juin-preparez-vous-a-vivre-une-experience-absolument-incroyable\/#La_conference_annuelle_des_developpeurs_dApple_aura_lieu_du_10_au_14_juin\" >La conf\u00e9rence annuelle des d\u00e9veloppeurs d\u2019Apple aura lieu du 10 au 14 juin<\/a><\/li><li class='ez-toc-page-1 ez-toc-heading-level-2'><a class=\"ez-toc-link ez-toc-heading-2\" href=\"https:\/\/toukiela.com\/es\/wwdc-2024-dapple-du-10-au-14-juin-preparez-vous-a-vivre-une-experience-absolument-incroyable\/#Un_evenement_axe_sur_les_developpeurs_et_les_systemes_dexploitation\" >Un \u00e9v\u00e9nement ax\u00e9 sur les d\u00e9veloppeurs et les syst\u00e8mes d\u2019exploitation<\/a><\/li><li class='ez-toc-page-1 ez-toc-heading-level-2'><a class=\"ez-toc-link ez-toc-heading-3\" href=\"https:\/\/toukiela.com\/es\/wwdc-2024-dapple-du-10-au-14-juin-preparez-vous-a-vivre-une-experience-absolument-incroyable\/#Focus_sur_la_realite_virtuelle_et_lintelligence_artificielle\" >Focus sur la r\u00e9alit\u00e9 virtuelle et l\u2019intelligence artificielle<\/a><\/li><li class='ez-toc-page-1 ez-toc-heading-level-2'><a class=\"ez-toc-link ez-toc-heading-4\" href=\"https:\/\/toukiela.com\/es\/wwdc-2024-dapple-du-10-au-14-juin-preparez-vous-a-vivre-une-experience-absolument-incroyable\/#iOS_18_la_plus_grande_mise_a_jour_de_lhistoire_dApple\" >iOS 18 : la plus grande mise \u00e0 jour de l\u2019histoire d\u2019Apple ?<\/a><\/li><li class='ez-toc-page-1 ez-toc-heading-level-2'><a class=\"ez-toc-link ez-toc-heading-5\" href=\"https:\/\/toukiela.com\/es\/wwdc-2024-dapple-du-10-au-14-juin-preparez-vous-a-vivre-une-experience-absolument-incroyable\/#Un_evenement_special_pour_les_developpeurs_et_les_etudiants\" >Un \u00e9v\u00e9nement sp\u00e9cial pour les d\u00e9veloppeurs et les \u00e9tudiants<\/a><\/li><li class='ez-toc-page-1 ez-toc-heading-level-2'><a class=\"ez-toc-link ez-toc-heading-6\" href=\"https:\/\/toukiela.com\/es\/wwdc-2024-dapple-du-10-au-14-juin-preparez-vous-a-vivre-une-experience-absolument-incroyable\/#Une_invitation_exclusive_pour_un_petit_groupe\" >Une invitation exclusive pour un petit groupe<\/a><\/li><li class='ez-toc-page-1 ez-toc-heading-level-2'><a class=\"ez-toc-link ez-toc-heading-7\" href=\"https:\/\/toukiela.com\/es\/wwdc-2024-dapple-du-10-au-14-juin-preparez-vous-a-vivre-une-experience-absolument-incroyable\/#Une_annonce_faite_apres_des_poursuites_judiciaires\" >Une annonce faite apr\u00e8s des poursuites judiciaires<\/a><\/li><\/ul><\/nav><\/div>\n<h2><span class=\"ez-toc-section\" id=\"La_conference_annuelle_des_developpeurs_dApple_aura_lieu_du_10_au_14_juin\"><\/span>La conf\u00e9rence annuelle des d\u00e9veloppeurs d\u2019Apple aura lieu du 10 au 14 juin<span class=\"ez-toc-section-end\"><\/span><\/h2>\n<p><\/p>\n<p>Le vice-pr\u00e9sident principal d\u2019Apple, Greg \u00ab\u00a0Joz\u00a0\u00bb Joswiak, vient de confirmer via la plateforme de m\u00e9dias sociaux autrefois connue sous le nom de Twitter que la conf\u00e9rence annuelle des d\u00e9veloppeurs d\u2019Apple, appel\u00e9e World Wide Developer Conference (WWDC), aura lieu du 10 au 14 juin. En clin d\u2019\u0153il aux ambitions d\u2019intelligence artificielle de l\u2019entreprise, le responsable promet que l\u2019\u00e9v\u00e9nement sera \u00ab\u00a0absolument incroyable\u00a0\u00bb.<\/p>\n<h2><span class=\"ez-toc-section\" id=\"Un_evenement_axe_sur_les_developpeurs_et_les_systemes_dexploitation\"><\/span>Un \u00e9v\u00e9nement ax\u00e9 sur les d\u00e9veloppeurs et les syst\u00e8mes d\u2019exploitation<span class=\"ez-toc-section-end\"><\/span><\/h2>\n<p><\/p>\n<p>Comme le sugg\u00e8re le \u00ab\u00a0D\u00a0\u00bb dans WWDC, l\u2019\u00e9v\u00e9nement est largement ax\u00e9 sur les d\u00e9veloppeurs des diff\u00e9rents syst\u00e8mes d\u2019exploitation d\u2019Apple. L\u2019\u00e9v\u00e9nement, qui a r\u00e9cemment eu lieu au Steve Jobs Theater sur le campus de Cupertino de l\u2019entreprise, propose plusieurs jours de conf\u00e9rences et d\u2019ateliers ax\u00e9s sur ses diff\u00e9rents \u00e9cosyst\u00e8mes. L\u2019\u00e9v\u00e9nement sert \u00e9galement de tremplin pour ces \u00e9cosyst\u00e8mes. On peut s\u2019attendre \u00e0 de grandes annonces concernant iOS et iPadOS 18, macOS 15 et watchOS 11, entre autres.<\/p>\n<h2><span class=\"ez-toc-section\" id=\"Focus_sur_la_realite_virtuelle_et_lintelligence_artificielle\"><\/span>Focus sur la r\u00e9alit\u00e9 virtuelle et l\u2019intelligence artificielle<span class=\"ez-toc-section-end\"><\/span><\/h2>\n<p><\/p>\n<p>\u00c9tant donn\u00e9 que le spectacle de cette ann\u00e9e marquera un an depuis l\u2019annonce du Vision Pro, on peut s\u2019attendre \u00e0 beaucoup de nouveaux d\u00e9veloppeurs autour du casque et de son syst\u00e8me d\u2019exploitation visionOS. Des mises \u00e0 jour de l\u2019Apple Silicon et, peut-\u00eatre, de nouveaux Mac semblent \u00e9galement tr\u00e8s probables.<\/p>\n<p><\/p>\n<p>Cependant, les plans d\u2019IA d\u2019Apple seront presque certainement au premier plan de l\u2019\u00e9v\u00e9nement cette fois-ci. En r\u00e9ponse aux questions sur les plans de l\u2019entreprise pour rattraper les offres d\u2019IA g\u00e9n\u00e9rative de ses principaux concurrents tels que Microsoft et Google lors de sa derni\u00e8re conf\u00e9rence t\u00e9l\u00e9phonique sur les r\u00e9sultats, le PDG Tim Cook a promis une \u00ab\u00a0innovation r\u00e9volutionnaire\u00a0\u00bb qui sera annonc\u00e9e plus tard cette ann\u00e9e. La WWDC semble \u00eatre la plateforme la plus probable pour une telle annonce, ainsi que pour des d\u00e9tails sur un partenariat pr\u00e9sum\u00e9 avec Google Gemini pour l\u2019iPhone.<\/p>\n<p><\/p>\n<p>Le myst\u00e9rieux acronyme de Joz ne fera sans aucun doute qu\u2019alimenter les sp\u00e9culations.<\/p>\n<h2><span class=\"ez-toc-section\" id=\"iOS_18_la_plus_grande_mise_a_jour_de_lhistoire_dApple\"><\/span>iOS 18 : la plus grande mise \u00e0 jour de l\u2019histoire d\u2019Apple ?<span class=\"ez-toc-section-end\"><\/span><\/h2>\n<p><\/p>\n<p>Des rumeurs suppl\u00e9mentaires laissent entendre que iOS 18 pourrait \u00eatre \u00ab\u00a0la plus grande\u00a0\u00bb mise \u00e0 jour de l\u2019histoire du syst\u00e8me d\u2019exploitation. Cependant, au lieu de simplement se concentrer sur l\u2019IA g\u00e9n\u00e9rative, des rapports indiquent qu\u2019il y aura des \u00ab\u00a0outils d\u2019IA pour vous aider \u00e0 g\u00e9rer votre vie quotidienne\u00a0\u00bb.<\/p>\n<p><\/p>\n<p>La notion de smartphone \u00e0 intelligence artificielle n\u2019est certainement pas sp\u00e9cifique \u00e0 Apple. Samsung s\u2019est fortement appuy\u00e9 sur ce concept plus t\u00f4t cette ann\u00e9e avec le lancement de sa gamme Galaxy S24, qui reposait \u00e9galement sur les efforts de Google Gemini. Le mois suivant, Apple a affirm\u00e9 que les nouveaux MacBook Air aliment\u00e9s par le M3 sont \u00ab\u00a0les meilleurs ordinateurs portables grand public pour l\u2019IA\u00a0\u00bb principalement en raison des unit\u00e9s de traitement neuronal incluses dans ses SoC internes.<\/p>\n<h2><span class=\"ez-toc-section\" id=\"Un_evenement_special_pour_les_developpeurs_et_les_etudiants\"><\/span>Un \u00e9v\u00e9nement sp\u00e9cial pour les d\u00e9veloppeurs et les \u00e9tudiants<span class=\"ez-toc-section-end\"><\/span><\/h2>\n<p><\/p>\n<p>Apple ajoute : \u00ab\u00a0Les d\u00e9veloppeurs et les \u00e9tudiants auront l\u2019occasion de c\u00e9l\u00e9brer en personne lors d\u2019un \u00e9v\u00e9nement sp\u00e9cial \u00e0 Apple Park le premier jour\u00a0\u00bb. Il s\u2019agit probablement de la keynote remplie de nouvelles qui lance traditionnellement l\u2019\u00e9v\u00e9nement. Bien s\u00fbr, les choses restent consid\u00e9rablement r\u00e9duites depuis l\u2019\u00e9poque d\u2019avant la pand\u00e9mie au San Jose Convention Center.<\/p>\n<h2><span class=\"ez-toc-section\" id=\"Une_invitation_exclusive_pour_un_petit_groupe\"><\/span>Une invitation exclusive pour un petit groupe<span class=\"ez-toc-section-end\"><\/span><\/h2>\n<p><\/p>\n<p>Comme toujours, l\u2019\u00e9v\u00e9nement comprendra un petit groupe de \u00ab\u00a0gagnants\u00a0\u00bb, dont 50 seront invit\u00e9s \u00e0 l\u2019\u00e9v\u00e9nement en personne \u00e0 Cupertino. L\u2019\u00e9v\u00e9nement aura lieu peu de temps apr\u00e8s le Google I\/O (14-15 mai) et Microsoft Build (21-24 mai).<\/p>\n<h2><span class=\"ez-toc-section\" id=\"Une_annonce_faite_apres_des_poursuites_judiciaires\"><\/span>Une annonce faite apr\u00e8s des poursuites judiciaires<span class=\"ez-toc-section-end\"><\/span><\/h2>\n<p><\/p>\n<p>Cette annonce survient moins d\u2019une semaine apr\u00e8s que le D\u00e9partement de la Justice a annonc\u00e9 qu\u2019il poursuivait le g\u00e9ant du mat\u00e9riel informatique pour des pratiques monopolistiques li\u00e9es \u00e0 l\u2019iPhone.<\/p>","protected":false},"excerpt":{"rendered":"","protected":false},"author":1,"featured_media":11926,"comment_status":"open","ping_status":"open","sticky":false,"template":"","format":"standard","meta":{"_seopress_robots_primary_cat":"","_seopress_titles_title":"","_seopress_titles_desc":"","_seopress_robots_index":"","footnotes":""},"categories":[608],"tags":[],"class_list":["post-11924","post","type-post","status-publish","format-standard","has-post-thumbnail","hentry","category-actualite-intelligence-artificielle","generate-columns","tablet-grid-50","mobile-grid-100","grid-parent","grid-50"],"_links":{"self":[{"href":"https:\/\/toukiela.com\/es\/wp-json\/wp\/v2\/posts\/11924","targetHints":{"allow":["GET"]}}],"collection":[{"href":"https:\/\/toukiela.com\/es\/wp-json\/wp\/v2\/posts"}],"about":[{"href":"https:\/\/toukiela.com\/es\/wp-json\/wp\/v2\/types\/post"}],"author":[{"embeddable":true,"href":"https:\/\/toukiela.com\/es\/wp-json\/wp\/v2\/users\/1"}],"replies":[{"embeddable":true,"href":"https:\/\/toukiela.com\/es\/wp-json\/wp\/v2\/comments?post=11924"}],"version-history":[{"count":1,"href":"https:\/\/toukiela.com\/es\/wp-json\/wp\/v2\/posts\/11924\/revisions"}],"predecessor-version":[{"id":11925,"href":"https:\/\/toukiela.com\/es\/wp-json\/wp\/v2\/posts\/11924\/revisions\/11925"}],"wp:featuredmedia":[{"embeddable":true,"href":"https:\/\/toukiela.com\/es\/wp-json\/wp\/v2\/media\/11926"}],"wp:attachment":[{"href":"https:\/\/toukiela.com\/es\/wp-json\/wp\/v2\/media?parent=11924"}],"wp:term":[{"taxonomy":"category","embeddable":true,"href":"https:\/\/toukiela.com\/es\/wp-json\/wp\/v2\/categories?post=11924"},{"taxonomy":"post_tag","embeddable":true,"href":"https:\/\/toukiela.com\/es\/wp-json\/wp\/v2\/tags?post=11924"}],"curies":[{"name":"wp","href":"https:\/\/api.w.org\/{rel}","templated":true}]}}