{"id":11918,"date":"2024-03-29T21:08:06","date_gmt":"2024-03-29T19:08:06","guid":{"rendered":"https:\/\/toukiela.com\/le-blocage-de-telegram-evite-pour-le-moment-mais-la-menace-croissante-est-loin-detre-terminee\/"},"modified":"2024-03-29T21:08:07","modified_gmt":"2024-03-29T19:08:07","slug":"le-blocage-de-telegram-evite-pour-le-moment-mais-la-menace-croissante-est-loin-detre-terminee","status":"publish","type":"post","link":"https:\/\/toukiela.com\/es\/le-blocage-de-telegram-evite-pour-le-moment-mais-la-menace-croissante-est-loin-detre-terminee\/","title":{"rendered":"Le blocage de Telegram \u00e9vit\u00e9 pour le moment, mais la menace croissante est loin d&rsquo;\u00eatre termin\u00e9e !"},"content":{"rendered":"<p><em><\/em><\/p>\n<div id=\"ez-toc-container\" class=\"ez-toc-v2_0_82_2 counter-hierarchy ez-toc-counter ez-toc-grey ez-toc-container-direction\">\n<p class=\"ez-toc-title\" style=\"cursor:inherit\">Sommaire<\/p>\n<label for=\"ez-toc-cssicon-toggle-item-69f2393052e9e\" class=\"ez-toc-cssicon-toggle-label\"><span class=\"\"><span class=\"eztoc-hide\" style=\"display:none;\">Toggle<\/span><span class=\"ez-toc-icon-toggle-span\"><svg style=\"fill: #999;color:#999\" xmlns=\"http:\/\/www.w3.org\/2000\/svg\" class=\"list-377408\" width=\"20px\" height=\"20px\" viewBox=\"0 0 24 24\" fill=\"none\"><path d=\"M6 6H4v2h2V6zm14 0H8v2h12V6zM4 11h2v2H4v-2zm16 0H8v2h12v-2zM4 16h2v2H4v-2zm16 0H8v2h12v-2z\" fill=\"currentColor\"><\/path><\/svg><svg style=\"fill: #999;color:#999\" class=\"arrow-unsorted-368013\" xmlns=\"http:\/\/www.w3.org\/2000\/svg\" width=\"10px\" height=\"10px\" viewBox=\"0 0 24 24\" version=\"1.2\" baseProfile=\"tiny\"><path d=\"M18.2 9.3l-6.2-6.3-6.2 6.3c-.2.2-.3.4-.3.7s.1.5.3.7c.2.2.4.3.7.3h11c.3 0 .5-.1.7-.3.2-.2.3-.5.3-.7s-.1-.5-.3-.7zM5.8 14.7l6.2 6.3 6.2-6.3c.2-.2.3-.5.3-.7s-.1-.5-.3-.7c-.2-.2-.4-.3-.7-.3h-11c-.3 0-.5.1-.7.3-.2.2-.3.5-.3.7s.1.5.3.7z\"\/><\/svg><\/span><\/span><\/label><input type=\"checkbox\"  id=\"ez-toc-cssicon-toggle-item-69f2393052e9e\"  aria-label=\"Alternar\" \/><nav><ul class='ez-toc-list ez-toc-list-level-1 ' ><li class='ez-toc-page-1 ez-toc-heading-level-2'><a class=\"ez-toc-link ez-toc-heading-1\" href=\"https:\/\/toukiela.com\/es\/le-blocage-de-telegram-evite-pour-le-moment-mais-la-menace-croissante-est-loin-detre-terminee\/#La_demande_de_blocage_de_Telegram_en_Espagne\" >La demande de blocage de Telegram en Espagne<\/a><\/li><li class='ez-toc-page-1 ez-toc-heading-level-2'><a class=\"ez-toc-link ez-toc-heading-2\" href=\"https:\/\/toukiela.com\/es\/le-blocage-de-telegram-evite-pour-le-moment-mais-la-menace-croissante-est-loin-detre-terminee\/#La_controverse_autour_des_mesures_anti-piratage\" >La controverse autour des mesures anti-piratage<\/a><\/li><li class='ez-toc-page-1 ez-toc-heading-level-2'><a class=\"ez-toc-link ez-toc-heading-3\" href=\"https:\/\/toukiela.com\/es\/le-blocage-de-telegram-evite-pour-le-moment-mais-la-menace-croissante-est-loin-detre-terminee\/#La_decision_de_blocage_de_Telegram_en_Espagne\" >La d\u00e9cision de blocage de Telegram en Espagne<\/a><\/li><li class='ez-toc-page-1 ez-toc-heading-level-2'><a class=\"ez-toc-link ez-toc-heading-4\" href=\"https:\/\/toukiela.com\/es\/le-blocage-de-telegram-evite-pour-le-moment-mais-la-menace-croissante-est-loin-detre-terminee\/#Lordonnance_de_blocage_ne_laisse_pas_de_place_au_conflit\" >L\u2019ordonnance de blocage ne laisse pas de place au conflit<\/a><\/li><li class='ez-toc-page-1 ez-toc-heading-level-2'><a class=\"ez-toc-link ez-toc-heading-5\" href=\"https:\/\/toukiela.com\/es\/le-blocage-de-telegram-evite-pour-le-moment-mais-la-menace-croissante-est-loin-detre-terminee\/#La_justification_du_juge_pour_le_blocage\" >La justification du juge pour le blocage<\/a><\/li><li class='ez-toc-page-1 ez-toc-heading-level-2'><a class=\"ez-toc-link ez-toc-heading-6\" href=\"https:\/\/toukiela.com\/es\/le-blocage-de-telegram-evite-pour-le-moment-mais-la-menace-croissante-est-loin-detre-terminee\/#Mais_etait-ce_vraiment_proportionnel\" >Mais \u00e9tait-ce vraiment proportionnel ?<\/a><\/li><li class='ez-toc-page-1 ez-toc-heading-level-2'><a class=\"ez-toc-link ez-toc-heading-7\" href=\"https:\/\/toukiela.com\/es\/le-blocage-de-telegram-evite-pour-le-moment-mais-la-menace-croissante-est-loin-detre-terminee\/#Pas_proportionnel_et_peu_susceptible_detre_efficace_non_plus\" >Pas proportionnel et peu susceptible d\u2019\u00eatre efficace non plus<\/a><\/li><li class='ez-toc-page-1 ez-toc-heading-level-2'><a class=\"ez-toc-link ez-toc-heading-8\" href=\"https:\/\/toukiela.com\/es\/le-blocage-de-telegram-evite-pour-le-moment-mais-la-menace-croissante-est-loin-detre-terminee\/#La_pression_devrait_augmenter_sur_Telegram\" >La pression devrait augmenter sur Telegram<\/a><\/li><\/ul><\/nav><\/div>\n<h2><span class=\"ez-toc-section\" id=\"La_demande_de_blocage_de_Telegram_en_Espagne\"><\/span>La demande de blocage de Telegram en Espagne<span class=\"ez-toc-section-end\"><\/span><\/h2>\n<p><\/p>\n<p>Il y a une semaine, un juge espagnol a donn\u00e9 son accord \u00e0 une demande des d\u00e9tenteurs de droits pour bloquer Telegram dans son int\u00e9gralit\u00e9, \u00e0 l\u2019\u00e9chelle nationale. Suite \u00e0 une vive r\u00e9action, l\u2019ex\u00e9cution de l\u2019ordonnance a \u00e9t\u00e9 suspendue, repr\u00e9sentant une victoire en quelque sorte pour les huit millions d\u2019utilisateurs de Telegram en Espagne. Ce qui semble clair, cependant, c\u2019est que sous une forme ou une autre, ce type d\u2019action semble peu susceptible de dispara\u00eetre.<\/p>\n<h2><span class=\"ez-toc-section\" id=\"La_controverse_autour_des_mesures_anti-piratage\"><\/span>La controverse autour des mesures anti-piratage<span class=\"ez-toc-section-end\"><\/span><\/h2>\n<p><\/p>\n<p>Depuis pr\u00e8s d\u2019un quart de si\u00e8cle, un groupe d\u2019activistes sur Internet assimile certaines mesures de lutte contre le piratage \u00e0 de la censure et \u00e0 des attaques contre la libert\u00e9 d\u2019expression.<\/p>\n<p><\/p>\n<p>Un \u00e9chantillon d\u2019opinions sur ce sujet controvers\u00e9 placerait probablement des sentiments de ce genre \u00e0 l\u2019extr\u00e9mit\u00e9 d\u2019un spectre, agissant comme un contrepoids parfait aux positions tout aussi extr\u00eames adopt\u00e9es par un sous-ensemble de d\u00e9tenteurs de droits particuli\u00e8rement agressifs.<\/p>\n<h2><span class=\"ez-toc-section\" id=\"La_decision_de_blocage_de_Telegram_en_Espagne\"><\/span>La d\u00e9cision de blocage de Telegram en Espagne<span class=\"ez-toc-section-end\"><\/span><\/h2>\n<p><\/p>\n<p>Une ordonnance visant \u00e0 bloquer Telegram dans son int\u00e9gralit\u00e9, prononc\u00e9e la semaine derni\u00e8re par un tribunal espagnol, a donn\u00e9 \u00e0 ce dernier groupe la victoire dont il r\u00eavait dans le monde de la lutte contre le piratage. Elle a \u00e9galement cr\u00e9dibilis\u00e9 les pr\u00e9dictions des activistes \u00ab\u00a0extr\u00e9mistes\u00a0\u00bb d\u2019Internet qui mettent en garde contre ce type de glissement progressif depuis plus de 20 ans.<\/p>\n<h2><span class=\"ez-toc-section\" id=\"Lordonnance_de_blocage_ne_laisse_pas_de_place_au_conflit\"><\/span>L\u2019ordonnance de blocage ne laisse pas de place au conflit<span class=\"ez-toc-section-end\"><\/span><\/h2>\n<p><\/p>\n<p>L\u2019ordonnance rendue par le juge Pedraz a \u00e9t\u00e9 rendue publique le week-end dernier et, malgr\u00e9 sa gravit\u00e9, ne montre aucun signe que le juge ait ressenti un conflit par rapport \u00e0 l\u2019affaire en question.<\/p>\n<p><\/p>\n<p>Le groupe de lutte contre le piratage EGEDA, Mediaset Espa\u00f1a, Atresmedia et Movistar Plus ont d\u00e9pos\u00e9 une demande de blocage de l\u2019int\u00e9gralit\u00e9 de Telegram sur l\u2019ensemble du territoire espagnol, car les informations demand\u00e9es \u00e0 Telegram pour soutenir une enqu\u00eate sur le piratage n\u2019avaient pas \u00e9t\u00e9 fournies.<\/p>\n<p><\/p>\n<p>Le juge a r\u00e9pondu en cochant m\u00e9taphoriquement les cases \u00ab\u00a0n\u00e9cessaire\u00a0\u00bb et \u00ab\u00a0proportionnel\u00a0\u00bb, ind\u00e9pendamment des huit millions d\u2019utilisateurs espagnols de Telegram qui seraient impact\u00e9s n\u00e9gativement.<\/p>\n<h2><span class=\"ez-toc-section\" id=\"La_justification_du_juge_pour_le_blocage\"><\/span>La justification du juge pour le blocage<span class=\"ez-toc-section-end\"><\/span><\/h2>\n<p><\/p>\n<p>Les commentaires du juge lors de la suspension de l\u2019ordonnance de blocage, publi\u00e9e le 25 mars, montrent que la nature de la plateforme avait \u00e9t\u00e9 pleinement comprise et que les int\u00e9r\u00eats des d\u00e9tenteurs de droits avaient simplement pris le dessus.<\/p>\n<p><\/p>\n<p>Les commentaires ult\u00e9rieurs sur la suspension des mesures de blocage indiquent que la r\u00e9f\u00e9rence au Commissaire g\u00e9n\u00e9ral de l\u2019information pour \u00e9valuer l\u2019impact du blocage sur des millions d\u2019utilisateurs espagnols n\u2019a jamais fait partie du plan.<\/p>\n<p><\/p>\n<p>La d\u00e9claration commence de mani\u00e8re assez d\u00e9fensive ; la violation continue sur Telegram justifiait l\u2019adoption de mesures de pr\u00e9caution et en raison du manque de coop\u00e9ration des autorit\u00e9s des \u00eeles Vierges o\u00f9 est bas\u00e9 Telegram, le blocage de la plateforme enti\u00e8re \u00e9tait la seule mesure possible pour stopper toute violation ult\u00e9rieure.<\/p>\n<p><\/p>\n<p>La mesure \u00e9tait consid\u00e9r\u00e9e comme proportionnelle \u00e0 la gravit\u00e9 des actes, elle \u00e9tait jug\u00e9e n\u00e9cessaire et, surtout, totalement l\u00e9gale.<\/p>\n<h2><span class=\"ez-toc-section\" id=\"Mais_etait-ce_vraiment_proportionnel\"><\/span>Mais \u00e9tait-ce vraiment proportionnel ?<span class=\"ez-toc-section-end\"><\/span><\/h2>\n<p><\/p>\n<p>Apr\u00e8s la publication de l\u2019ordonnance de blocage \u00ab\u00a0dans tous types de m\u00e9dias\u00a0\u00bb, la d\u00e9claration admet qu\u2019il pourrait y avoir un \u00ab\u00a0impact possible sur de nombreux utilisateurs\u00a0\u00bb. Cela soul\u00e8ve la question de savoir si cela \u00e9tait vraiment proportionnel, et c\u2019est pourquoi le Commissaire g\u00e9n\u00e9ral a \u00e9t\u00e9 invit\u00e9 \u00e0 examiner la question.<\/p>\n<p><\/p>\n<p>\u00c0 ce stade, quelques signes de la perception de Telegram \u00e9mergent, y compris des suggestions selon lesquelles la vie priv\u00e9e sur Telegram a un prix.<\/p>\n<p><\/p>\n<p>\u00ab\u00a0Eh bien, la v\u00e9rit\u00e9 est que, sans pr\u00e9judice du fait qu\u2019il est connu que cette plateforme est \u00e9galement utilis\u00e9e pour des activit\u00e9s criminelles, il y a plus de multiples utilisateurs de toutes sortes (particuliers, entreprises, fonctionnaires, travailleurs en g\u00e9n\u00e9ral, \u2026) qui ont choisi d\u2019utiliser Telegram, leur fournissant des \u2018avantages\u2019 que d\u2019autres plateformes ne donnent pas. Et tout cela sous une \u2018protection de la vie priv\u00e9e'\u00a0\u00bb, poursuit la d\u00e9claration.<\/p>\n<p><\/p>\n<p>\u00ab\u00a0Cela signifie aussi qu\u2019ils acceptent que les garanties n\u00e9cessaires \u00e0 la protection des droits des tiers ne soient pas respect\u00e9es avec l\u2019\u00e9change de donn\u00e9es personnelles des utilisateurs de l\u2019application. En bref, la cession de droits fondamentaux en \u00e9change d\u2019une pr\u00e9tendue vie priv\u00e9e.\u00a0\u00bb<\/p>\n<p><\/p>\n<p>En r\u00e9sum\u00e9, bloquer Telegram serait \u00ab\u00a0clairement pr\u00e9judiciable\u00a0\u00bb pour les millions d\u2019utilisateurs qui l\u2019utilisent, y compris en n\u2019ayant plus acc\u00e8s \u00e0 une multitude de donn\u00e9es t\u00e9l\u00e9charg\u00e9es sur Telegram auxquelles ils n\u2019auraient plus acc\u00e8s.<\/p>\n<h2><span class=\"ez-toc-section\" id=\"Pas_proportionnel_et_peu_susceptible_detre_efficace_non_plus\"><\/span>Pas proportionnel et peu susceptible d\u2019\u00eatre efficace non plus<span class=\"ez-toc-section-end\"><\/span><\/h2>\n<p><\/p>\n<p>Avant de convenir que la suspension de l\u2019ordonnance de blocage \u00e9tait la bonne chose \u00e0 faire, la d\u00e9claration note qu\u2019il s\u2019agit seulement de bloquer la plateforme enti\u00e8re et de savoir si cela aurait \u00e9t\u00e9 une r\u00e9ponse \u00e9quilibr\u00e9e.<\/p>\n<p><\/p>\n<p>\u00ab\u00a0Il ne s\u2019agit pas de libert\u00e9 d\u2019expression ou d\u2019information, mais de savoir si la mesure est proportionn\u00e9e. Et ce que l\u2019on d\u00e9couvre, d\u2019apr\u00e8s ce qui a \u00e9t\u00e9 dit et apr\u00e8s avoir rendu l\u2019ordonnance, c\u2019est que la mesure serait excessive et non proportionn\u00e9e\u00a0\u00bb, ajoute la d\u00e9claration. Et puis quelque chose d\u2019inattendu.<\/p>\n<p><\/p>\n<p>\u00ab\u00a0De plus, m\u00eame la mesure elle-m\u00eame serait inappropri\u00e9e car les utilisateurs pourraient utiliser un r\u00e9seau VPN ou un proxy pour acc\u00e9der \u00e0 Telegram et continuer \u00e0 consommer ou \u00e0 publier ce type de contenu, comme l\u2019a soulign\u00e9 le Commissaire g\u00e9n\u00e9ral de l\u2019information.\u00a0\u00bb<\/p>\n<p><\/p>\n<p>Des arguments similaires ont \u00e9t\u00e9 pr\u00e9sent\u00e9s contre les ordonnances de blocage de sites Web dans toute l\u2019Europe, mais nous ne sommes pas au courant d\u2019un pays qui a rejet\u00e9 une injonction de blocage au motif qu\u2019elle serait inefficace.<\/p>\n<h2><span class=\"ez-toc-section\" id=\"La_pression_devrait_augmenter_sur_Telegram\"><\/span>La pression devrait augmenter sur Telegram<span class=\"ez-toc-section-end\"><\/span><\/h2>\n<p><\/p>\n<p>Si cette d\u00e9claration repr\u00e9sente une d\u00e9faite \u00e0 court terme pour les d\u00e9tenteurs de droits, qui semblent avoir demand\u00e9 trop et trop t\u00f4t, leur demande indique o\u00f9 semble se diriger cette bataille d\u2019int\u00e9r\u00eats. Le fait qu\u2019un juge soit totalement d\u2019accord jusqu\u2019\u00e0 ce que l\u2019affaire devienne une controverse nationale devrait \u00eatre un signal d\u2019alarme pour l\u2019ensemble du pays.<\/p>\n<p><\/p>\n<p>Il s\u2019agit fondamentalement d\u2019un diff\u00e9rend entre les d\u00e9tenteurs de droits et une poign\u00e9e de pirates sur Telegram, qui n\u2019ont gu\u00e8re \u00e9t\u00e9 mentionn\u00e9s tout au long de cette controverse. Au lieu de cela, l\u2019attention est d\u00e9sormais port\u00e9e sur Telegram et il y a des signes clairs que, d\u2019une mani\u00e8re ou d\u2019une autre, il devra payer le prix.<\/p>\n<p><\/p>\n<p>\u00ab\u00a0Il s\u2019agit d\u2019enqu\u00eater sur une affaire pour un certain crime qui n\u00e9cessite une enqu\u00eate et qui n\u00e9cessite des informations qui ne peuvent \u00eatre fournies que par [Telegram]. Comme c\u2019est le cas pour d\u2019autres, qui le font\u00a0\u00bb, ajoute la d\u00e9claration.<\/p>\n<p><\/p>\n<p>\u00ab\u00a0Quant \u00e0 nous, ici, pouvoir obtenir ces informations sera une question \u00e0 r\u00e9soudre par le l\u00e9gislateur, qui le fera sans aucun doute \u2013 comme l\u2019exige le droit europ\u00e9en \u2013 conform\u00e9ment \u00e0 la loi sur les services num\u00e9riques et \u00e0 la loi sur les march\u00e9s num\u00e9riques.\u00a0\u00bb<\/p>\n<p><\/p>\n<p><em><\/em>La d\u00e9claration est disponible ici (pdf, en espagnol)<\/p>\n\n\n","protected":false},"excerpt":{"rendered":"","protected":false},"author":1,"featured_media":11920,"comment_status":"open","ping_status":"open","sticky":false,"template":"","format":"standard","meta":{"_seopress_robots_primary_cat":"","_seopress_titles_title":"","_seopress_titles_desc":"","_seopress_robots_index":"","footnotes":""},"categories":[586],"tags":[],"class_list":["post-11918","post","type-post","status-publish","format-standard","has-post-thumbnail","hentry","category-actu-tech","generate-columns","tablet-grid-50","mobile-grid-100","grid-parent","grid-50"],"_links":{"self":[{"href":"https:\/\/toukiela.com\/es\/wp-json\/wp\/v2\/posts\/11918","targetHints":{"allow":["GET"]}}],"collection":[{"href":"https:\/\/toukiela.com\/es\/wp-json\/wp\/v2\/posts"}],"about":[{"href":"https:\/\/toukiela.com\/es\/wp-json\/wp\/v2\/types\/post"}],"author":[{"embeddable":true,"href":"https:\/\/toukiela.com\/es\/wp-json\/wp\/v2\/users\/1"}],"replies":[{"embeddable":true,"href":"https:\/\/toukiela.com\/es\/wp-json\/wp\/v2\/comments?post=11918"}],"version-history":[{"count":1,"href":"https:\/\/toukiela.com\/es\/wp-json\/wp\/v2\/posts\/11918\/revisions"}],"predecessor-version":[{"id":11919,"href":"https:\/\/toukiela.com\/es\/wp-json\/wp\/v2\/posts\/11918\/revisions\/11919"}],"wp:featuredmedia":[{"embeddable":true,"href":"https:\/\/toukiela.com\/es\/wp-json\/wp\/v2\/media\/11920"}],"wp:attachment":[{"href":"https:\/\/toukiela.com\/es\/wp-json\/wp\/v2\/media?parent=11918"}],"wp:term":[{"taxonomy":"category","embeddable":true,"href":"https:\/\/toukiela.com\/es\/wp-json\/wp\/v2\/categories?post=11918"},{"taxonomy":"post_tag","embeddable":true,"href":"https:\/\/toukiela.com\/es\/wp-json\/wp\/v2\/tags?post=11918"}],"curies":[{"name":"wp","href":"https:\/\/api.w.org\/{rel}","templated":true}]}}