{"id":10414,"date":"2024-02-08T20:51:29","date_gmt":"2024-02-08T18:51:29","guid":{"rendered":"https:\/\/toukiela.com\/explosion-choquante-prevue-meta-va-etendre-letiquetage-des-images-generees-par-lia-lors-dune-annee-electorale-mouvementee\/"},"modified":"2024-02-08T20:51:30","modified_gmt":"2024-02-08T18:51:30","slug":"explosion-choquante-prevue-meta-va-etendre-letiquetage-des-images-generees-par-lia-lors-dune-annee-electorale-mouvementee","status":"publish","type":"post","link":"https:\/\/toukiela.com\/es\/explosion-choquante-prevue-meta-va-etendre-letiquetage-des-images-generees-par-lia-lors-dune-annee-electorale-mouvementee\/","title":{"rendered":"Explosion choquante pr\u00e9vue : Meta va \u00e9tendre l&rsquo;\u00e9tiquetage des images g\u00e9n\u00e9r\u00e9es par l&rsquo;IA lors d&rsquo;une ann\u00e9e \u00e9lectorale mouvement\u00e9e !"},"content":{"rendered":"<p><em><\/em><\/p>\n<h2>Meta va \u00e9tendre les \u00e9tiquettes d\u2019images g\u00e9n\u00e9r\u00e9es par IA sur ses plateformes de m\u00e9dias sociaux<\/h2>\n<p><\/p>\n<p>Meta va \u00e9tendre les \u00e9tiquettes d\u2019images g\u00e9n\u00e9r\u00e9es par IA sur ses plateformes de m\u00e9dias sociaux, Facebook, Instagram et Threads, pour couvrir certaines images synth\u00e9tiques cr\u00e9\u00e9es \u00e0 l\u2019aide d\u2019outils d\u2019IA g\u00e9n\u00e9rative de concurrents \u2013 du moins lorsque les concurrents utilisent ce que Meta qualifie d'\u00a0\u00bbindicateurs de l\u2019industrie standard\u00a0\u00bb indiquant que le contenu est g\u00e9n\u00e9r\u00e9 par IA et que Meta est capable de d\u00e9tecter.<\/p>\n<p><\/p>\n<p>Cette \u00e9volution signifie que le g\u00e9ant des m\u00e9dias sociaux s\u2019attend \u00e0 \u00e9tiqueter davantage d\u2019images g\u00e9n\u00e9r\u00e9es par IA circulant sur ses plateformes \u00e0 l\u2019avenir. Cependant, il ne fournit pas de chiffres sur ce sujet \u2013 c\u2019est-\u00e0-dire la quantit\u00e9 de contenu synth\u00e9tique par rapport au contenu authentique qui est r\u00e9guli\u00e8rement diffus\u00e9 aux utilisateurs \u2013 il est donc difficile de dire \u00e0 quel point cette mesure pourrait \u00eatre significative dans la lutte contre la d\u00e9sinformation aliment\u00e9e par l\u2019IA (dans une ann\u00e9e \u00e9lectorale massive \u00e0 l\u2019\u00e9chelle mondiale).<\/p>\n<p><\/p>\n<p>Meta affirme qu\u2019elle d\u00e9tecte d\u00e9j\u00e0 et \u00e9tiquette les \u00ab\u00a0images photor\u00e9alistes\u00a0\u00bb cr\u00e9\u00e9es avec son propre outil d\u2019IA g\u00e9n\u00e9rative \u00ab\u00a0Imagine with Meta\u00a0\u00bb, lanc\u00e9 en d\u00e9cembre dernier. Mais jusqu\u2019\u00e0 pr\u00e9sent, elle n\u2019avait pas \u00e9tiquet\u00e9 les images synth\u00e9tiques cr\u00e9\u00e9es \u00e0 l\u2019aide d\u2019outils d\u2019autres entreprises. C\u2019est donc la (petite) \u00e9tape qu\u2019elle annonce aujourd\u2019hui.<\/p>\n<p><\/p>\n<h2>Collaboration avec des partenaires de l\u2019industrie<\/h2>\n<p><\/p>\n<p>Meta indique qu\u2019elle travaille avec des partenaires de l\u2019industrie pour se mettre d\u2019accord sur des normes techniques communes qui signalent qu\u2019un contenu a \u00e9t\u00e9 cr\u00e9\u00e9 \u00e0 l\u2019aide de l\u2019IA\u00a0\u00bb, a \u00e9crit le pr\u00e9sident de Meta, Nick Clegg, dans un article de blog annon\u00e7ant l\u2019extension des \u00e9tiquettes. \u00ab\u00a0\u00catre capable de d\u00e9tecter ces signaux nous permettra d\u2019\u00e9tiqueter les images g\u00e9n\u00e9r\u00e9es par IA que les utilisateurs publient sur Facebook, Instagram et Threads.\u00a0\u00bb<\/p>\n<p><\/p>\n<p>Meta d\u00e9ploiera progressivement les \u00e9tiquettes \u00e9tendues \u00ab\u00a0dans les mois \u00e0 venir\u00a0\u00bb et les appliquera \u00ab\u00a0dans toutes les langues prises en charge par chaque application\u00a0\u00bb, selon Clegg.<\/p>\n<p><\/p>\n<p>Un porte-parole de Meta n\u2019a pas pu fournir de calendrier plus pr\u00e9cis, ni de d\u00e9tails sur les march\u00e9s qui b\u00e9n\u00e9ficieront des \u00e9tiquettes suppl\u00e9mentaires lorsque nous avons demand\u00e9 plus d\u2019informations. Mais le message de Clegg sugg\u00e8re que le d\u00e9ploiement sera progressif \u2013 \u00ab\u00a0au cours de l\u2019ann\u00e9e prochaine\u00a0\u00bb \u2013 et que Meta pourrait se concentrer sur les calendriers \u00e9lectoraux du monde entier pour prendre des d\u00e9cisions sur le moment et l\u2019endroit o\u00f9 lancer l\u2019extension des \u00e9tiquettes dans diff\u00e9rents march\u00e9s.<\/p>\n<p><\/p>\n<p>Meta s\u2019appuie sur la d\u00e9tection de marques visibles appliqu\u00e9es aux images synth\u00e9tiques par sa technologie d\u2019IA g\u00e9n\u00e9rative, ainsi que sur des \u00ab\u00a0tatouages invisibles\u00a0\u00bb et des m\u00e9tadonn\u00e9es int\u00e9gr\u00e9es par l\u2019outil. C\u2019est \u00e9galement sur la base de ces m\u00eames signaux, int\u00e9gr\u00e9s par les outils d\u2019IA g\u00e9n\u00e9rative des concurrents, que la technologie de d\u00e9tection de Meta effectuera ses recherches.<\/p>\n<p><\/p>\n<h2>Contenu vid\u00e9o et audio g\u00e9n\u00e9r\u00e9 par IA<\/h2>\n<p><\/p>\n<p>En ce qui concerne les vid\u00e9os et l\u2019audio g\u00e9n\u00e9r\u00e9s par IA, Clegg affirme qu\u2019il est g\u00e9n\u00e9ralement encore trop difficile de d\u00e9tecter ce type de contrefa\u00e7ons \u2013 car le marquage et le tatouage n\u2019ont pas encore \u00e9t\u00e9 adopt\u00e9s \u00e0 une \u00e9chelle suffisante pour permettre aux outils de d\u00e9tection de bien faire leur travail. De plus, ces signaux peuvent \u00eatre supprim\u00e9s par le biais de manipulations suppl\u00e9mentaires des m\u00e9dias.<\/p>\n<p><\/p>\n<p>Par cons\u00e9quent, Meta exige d\u00e9sormais que les utilisateurs qui publient des vid\u00e9os AI-g\u00e9n\u00e9r\u00e9es \u00ab\u00a0photor\u00e9alistes\u00a0\u00bb ou un audio \u00ab\u00a0r\u00e9aliste\u00a0\u00bb d\u00e9clarent explicitement que le contenu est synth\u00e9tique. Si l\u2019utilisateur ne fait pas cette d\u00e9claration manuelle, il pourrait \u00eatre sanctionn\u00e9 en vertu des normes communautaires de Meta (suspension de compte, interdiction, etc.).<\/p>\n<p><\/p>\n<p>Meta envisage \u00e9galement d\u2019utiliser des mod\u00e8les de langage g\u00e9n\u00e9ratif (LLMs) pour soutenir ses efforts de mod\u00e9ration du contenu lors de moments de \u00ab\u00a0risque accru\u00a0\u00bb, tels que les \u00e9lections. Cela permettrait \u00e0 Meta de supprimer plus rapidement et plus pr\u00e9cis\u00e9ment les contenus nocifs.<\/p>\n<p><\/p>\n<p>Il est important de rappeler que la manipulation des m\u00e9dias num\u00e9riques n\u2019est pas nouvelle et qu\u2019il n\u2019est pas n\u00e9cessaire d\u2019utiliser des outils d\u2019IA g\u00e9n\u00e9rative sophistiqu\u00e9s pour tromper les gens \u00e0 grande \u00e9chelle. L\u2019acc\u00e8s \u00e0 un compte de m\u00e9dias sociaux et des comp\u00e9tences de base en \u00e9dition de m\u00e9dias peuvent suffire \u00e0 cr\u00e9er une fausse information virale.<\/p>\n<p><\/p>\n<p>Meta est sous pression pour \u00eatre per\u00e7u comme prenant des mesures dans une ann\u00e9e o\u00f9 les fausses informations li\u00e9es aux \u00e9lections seront sans aucun doute tr\u00e8s m\u00e9diatis\u00e9es. Cependant, sans donn\u00e9es solides sur la pr\u00e9valence du contenu synth\u00e9tique par rapport au contenu authentique sur les plateformes de Meta, et sans donn\u00e9es sur l\u2019efficacit\u00e9 r\u00e9elle de ses syst\u00e8mes de d\u00e9tection des faux contenus g\u00e9n\u00e9r\u00e9s par IA, il est difficile de tirer des conclusions d\u00e9finitives.<\/p>\n<p><\/p>\n<p>En fin de compte, Meta cherche \u00e0 trouver un \u00e9quilibre entre les outils d\u2019IA et les mod\u00e9rateurs humains pour lutter contre les contenus nocifs et trompeurs sur ses plateformes, mais il reste encore beaucoup de travail \u00e0 faire pour r\u00e9soudre ces probl\u00e8mes complexes.<\/p>","protected":false},"excerpt":{"rendered":"","protected":false},"author":1,"featured_media":10416,"comment_status":"open","ping_status":"open","sticky":false,"template":"","format":"standard","meta":{"_seopress_robots_primary_cat":"","_seopress_titles_title":"","_seopress_titles_desc":"","_seopress_robots_index":"","footnotes":""},"categories":[608],"tags":[],"class_list":["post-10414","post","type-post","status-publish","format-standard","has-post-thumbnail","hentry","category-actualite-intelligence-artificielle","generate-columns","tablet-grid-50","mobile-grid-100","grid-parent","grid-50"],"_links":{"self":[{"href":"https:\/\/toukiela.com\/es\/wp-json\/wp\/v2\/posts\/10414","targetHints":{"allow":["GET"]}}],"collection":[{"href":"https:\/\/toukiela.com\/es\/wp-json\/wp\/v2\/posts"}],"about":[{"href":"https:\/\/toukiela.com\/es\/wp-json\/wp\/v2\/types\/post"}],"author":[{"embeddable":true,"href":"https:\/\/toukiela.com\/es\/wp-json\/wp\/v2\/users\/1"}],"replies":[{"embeddable":true,"href":"https:\/\/toukiela.com\/es\/wp-json\/wp\/v2\/comments?post=10414"}],"version-history":[{"count":1,"href":"https:\/\/toukiela.com\/es\/wp-json\/wp\/v2\/posts\/10414\/revisions"}],"predecessor-version":[{"id":10415,"href":"https:\/\/toukiela.com\/es\/wp-json\/wp\/v2\/posts\/10414\/revisions\/10415"}],"wp:featuredmedia":[{"embeddable":true,"href":"https:\/\/toukiela.com\/es\/wp-json\/wp\/v2\/media\/10416"}],"wp:attachment":[{"href":"https:\/\/toukiela.com\/es\/wp-json\/wp\/v2\/media?parent=10414"}],"wp:term":[{"taxonomy":"category","embeddable":true,"href":"https:\/\/toukiela.com\/es\/wp-json\/wp\/v2\/categories?post=10414"},{"taxonomy":"post_tag","embeddable":true,"href":"https:\/\/toukiela.com\/es\/wp-json\/wp\/v2\/tags?post=10414"}],"curies":[{"name":"wp","href":"https:\/\/api.w.org\/{rel}","templated":true}]}}