{"id":10326,"date":"2024-02-06T13:02:41","date_gmt":"2024-02-06T11:02:41","guid":{"rendered":"https:\/\/toukiela.com\/chu-saison-1-explication-du-denouement-la-premiere-saison-de-la-serie-chu-est-un-thriller-psychologique-qui-suit-lhistoire-dune-equipe-medicale-travaillant-dans-un-hopital-au-fil-des-episodes\/"},"modified":"2024-02-06T13:02:42","modified_gmt":"2024-02-06T11:02:42","slug":"chu-saison-1-explication-du-denouement-la-premiere-saison-de-la-serie-chu-est-un-thriller-psychologique-qui-suit-lhistoire-dune-equipe-medicale-travaillant-dans-un-hopital-au-fil-des-episodes","status":"publish","type":"post","link":"https:\/\/toukiela.com\/es\/chu-temporada-1-explicacion-de-desenlace-de-la-primera-temporada-de-la-serie-chu-es-un-thriller-psicologico-que-sigue-la-historia-de-un-equipo-medico-trabajando-en-un-hospital-a-traves-de-los-episodio\/","title":{"rendered":"CHU Temporada 1: \u00a1Explicaci\u00f3n del final!<br \/>\n<br \/>\nLa primera temporada de la serie CHU es un thriller psicol\u00f3gico que sigue la historia de un equipo m\u00e9dico que trabaja en un hospital. A lo largo de los episodios se desarrollan varias tramas, pero el final de la temporada ofrece respuestas a las principales preguntas.<br \/>\n<br \/>\n\u00a1Spoilers por delante!<br \/>\n<br \/>\nLa trama principal de la temporada gira en torno a la misteriosa desaparici\u00f3n de un paciente, Marc, que estaba ingresado en el ala psiqui\u00e1trica del hospital. El equipo m\u00e9dico, dirigido por el Dr. Thomas, intenta averiguar qu\u00e9 le ocurri\u00f3 y las circunstancias que rodearon su desaparici\u00f3n.<br \/>\n<br \/>\nEn los \u00faltimos episodios, se revela que Marc sufr\u00eda una grave enfermedad mental y estaba convencido de que le persegu\u00eda un asesino en serie. Sin embargo, resulta que esta historia no era m\u00e1s que una ilusi\u00f3n creada por su mente enferma. En realidad, Marc se hab\u00eda escapado del hospital y llevaba meses escondido.<br \/>\n<br \/>\nEl equipo m\u00e9dico acaba encontr\u00e1ndole, pero ya es demasiado tarde. Marc muere en un tr\u00e1gico accidente antes de poder explicar lo que realmente le ocurri\u00f3. El final deja a los personajes y al p\u00fablico con muchas preguntas sin respuesta.<br \/>\n<br \/>\nSin embargo, sutiles indicios a lo largo de la temporada sugieren que el propio hospital puede ser responsable de la enfermedad de Marc. Es posible que le hayan sometido a experimentos m\u00e9dicos secretos que desencadenaron su enfermedad mental. Esta teor\u00eda se apoya en flashbacks que muestran extra\u00f1os momentos en los que Marc fue sometido a sospechosos procedimientos m\u00e9dicos.<br \/>\n<br \/>\nEl final de temporada sugiere, por tanto, que la historia de Marc es s\u00f3lo una parte de una conspiraci\u00f3n m\u00e1s amplia dentro del hospital. Los personajes est\u00e1n decididos a descubrir la verdad y desenmascarar a los responsables.<br \/>\n<br \/>\nLa primera temporada de CHU termin\u00f3 con un cliffhanger, dejando a los espectadores con muchas preguntas y ganas de saber m\u00e1s. La siguiente temporada promete desvelar los secretos del hospital y resolver el misterio que rodea a Marc y su enfermedad mental.<br \/>\n<br \/>\nEn conclusi\u00f3n, el final de la primera temporada de CHU sugiere que el hospital est\u00e1 implicado en la enfermedad mental de Marc y que esto forma parte de una trama m\u00e1s amplia. La siguiente temporada deber\u00eda dar respuestas a estas preguntas y profundizar en la trama principal."},"content":{"rendered":"<p><em><\/em><\/p>\n<div id=\"ez-toc-container\" class=\"ez-toc-v2_0_82_2 counter-hierarchy ez-toc-counter ez-toc-grey ez-toc-container-direction\">\n<p class=\"ez-toc-title\" style=\"cursor:inherit\">Contenido<\/p>\n<label for=\"ez-toc-cssicon-toggle-item-69f20e57d1c4b\" class=\"ez-toc-cssicon-toggle-label\"><span class=\"\"><span class=\"eztoc-hide\" style=\"display:none;\">Toggle<\/span><span class=\"ez-toc-icon-toggle-span\"><svg style=\"fill: #999;color:#999\" xmlns=\"http:\/\/www.w3.org\/2000\/svg\" class=\"list-377408\" width=\"20px\" height=\"20px\" viewbox=\"0 0 24 24\" fill=\"none\"><path d=\"M6 6H4v2h2V6zm14 0H8v2h12V6zM4 11h2v2H4v-2zm16 0H8v2h12v-2zM4 16h2v2H4v-2zm16 0H8v2h12v-2z\" fill=\"currentColor\"><\/path><\/svg><svg style=\"fill: #999;color:#999\" class=\"arrow-unsorted-368013\" xmlns=\"http:\/\/www.w3.org\/2000\/svg\" width=\"10px\" height=\"10px\" viewbox=\"0 0 24 24\" version=\"1.2\" baseprofile=\"tiny\"><path d=\"M18.2 9.3l-6.2-6.3-6.2 6.3c-.2.2-.3.4-.3.7s.1.5.3.7c.2.2.4.3.7.3h11c.3 0 .5-.1.7-.3.2-.2.3-.5.3-.7s-.1-.5-.3-.7zM5.8 14.7l6.2 6.3 6.2-6.3c.2-.2.3-.5.3-.7s-.1-.5-.3-.7c-.2-.2-.4-.3-.7-.3h-11c-.3 0-.5.1-.7.3-.2.2-.3.5-.3.7s.1.5.3.7z\"\/><\/svg><\/span><\/span><\/label><input type=\"checkbox\"  id=\"ez-toc-cssicon-toggle-item-69f20e57d1c4b\"  aria-label=\"Alternar\" \/><nav><ul class='ez-toc-list ez-toc-list-level-1' ><li class='ez-toc-page-1 ez-toc-heading-level-2'><a class=\"ez-toc-link ez-toc-heading-1\" href=\"https:\/\/toukiela.com\/es\/chu-temporada-1-explicacion-de-desenlace-de-la-primera-temporada-de-la-serie-chu-es-un-thriller-psicologico-que-sigue-la-historia-de-un-equipo-medico-trabajando-en-un-hospital-a-traves-de-los-episodio\/#ARTICLES_EN_RELATION\" >ART\u00cdCULOS RELACIONADOS<\/a><ul class='ez-toc-list-level-3' ><li class='ez-toc-heading-level-3'><a class=\"ez-toc-link ez-toc-heading-2\" href=\"https:\/\/toukiela.com\/es\/chu-temporada-1-explicacion-de-desenlace-de-la-primera-temporada-de-la-serie-chu-es-un-thriller-psicologico-que-sigue-la-historia-de-un-equipo-medico-trabajando-en-un-hospital-a-traves-de-los-episodio\/#DArgent_et_de_Sang_Episode_11_Quelle_date_et_heure_de_sortie_Canal\" >D'Argent et de Sang Episode 11: \u00bfCu\u00e1l es la fecha y hora de estreno en Canal+?<\/a><\/li><li class='ez-toc-page-1 ez-toc-heading-level-3'><a class=\"ez-toc-link ez-toc-heading-3\" href=\"https:\/\/toukiela.com\/es\/chu-temporada-1-explicacion-de-desenlace-de-la-primera-temporada-de-la-serie-chu-es-un-thriller-psicologico-que-sigue-la-historia-de-un-equipo-medico-trabajando-en-un-hospital-a-traves-de-los-episodio\/#Blanca_Saison_3_Quelle_date_de_sortie_M6_Une_suite_prevue\" >Blanca 3\u00aa temporada: \u00bfCu\u00e1l es la fecha de estreno de M6? \u00bfEst\u00e1 prevista una secuela?<\/a><\/li><li class='ez-toc-page-1 ez-toc-heading-level-3'><a class=\"ez-toc-link ez-toc-heading-4\" href=\"https:\/\/toukiela.com\/es\/chu-temporada-1-explicacion-de-desenlace-de-la-primera-temporada-de-la-serie-chu-es-un-thriller-psicologico-que-sigue-la-historia-de-un-equipo-medico-trabajando-en-un-hospital-a-traves-de-los-episodio\/#Tout_cela_je_te_le_donnerai_Saison_2_Quelle_date_de_sortie_France_2\" >Todo esto te dar\u00e9 Temporada 2: \u00bfCu\u00e1l es la fecha de estreno de France 2?<\/a><\/li><\/ul><\/li><li class='ez-toc-page-1 ez-toc-heading-level-2'><a class=\"ez-toc-link ez-toc-heading-5\" href=\"https:\/\/toukiela.com\/es\/chu-temporada-1-explicacion-de-desenlace-de-la-primera-temporada-de-la-serie-chu-es-un-thriller-psicologico-que-sigue-la-historia-de-un-equipo-medico-trabajando-en-un-hospital-a-traves-de-los-episodio\/#ARTICLES_EN_RELATION-2\" >ART\u00cdCULOS RELACIONADOS<\/a><\/li><li class='ez-toc-page-1 ez-toc-heading-level-2'><a class=\"ez-toc-link ez-toc-heading-6\" href=\"https:\/\/toukiela.com\/es\/chu-temporada-1-explicacion-de-desenlace-de-la-primera-temporada-de-la-serie-chu-es-un-thriller-psicologico-que-sigue-la-historia-de-un-equipo-medico-trabajando-en-un-hospital-a-traves-de-los-episodio\/#PLUS_DE_LAUTEUR\" >M\u00c1S DEL AUTOR<\/a><\/li><\/ul><\/nav><\/div>\n<h2><span class=\"ez-toc-section\" id=\"ARTICLES_EN_RELATION\"><\/span>ART\u00cdCULOS RELACIONADOS<span class=\"ez-toc-section-end\"><\/span><\/h2>\n<p><\/p>\n<div class=\"td_block_inner\">\n<div class=\"td-related-row\">\n<div class=\"td-related-span4\">\n<div class=\"td_module_related_posts td-animation-stack td_mod_related_posts\">\n<div class=\"td-module-image\">\n<div class=\"td-module-thumb\">\n                        <a href=\"https:\/\/\/dargent-et-de-sang-episode-11\/\" rel=\"bookmark\" class=\"td-image-wrap\" title=\"D&#039;Argent et de Sang Episode 11: \u00bfCu\u00e1l es la fecha y hora de estreno en Canal+?\"><br>\n                            <img decoding=\"async\" width=\"218\" height=\"150\" class=\"entry-thumb\" src=\"https:\/\/\/wp-content\/uploads\/2024\/02\/dargent-et-de-sang-episode-11-218x150.jpg\" alt=\"dargent et de sang episodio 11\" title=\"D&#039;Argent et de Sang Episode 11: \u00bfCu\u00e1l es la fecha y hora de estreno en Canal+?\"><br>\n                        <\/a>\n                    <\/div>\n<p>\n                <\/p><\/div>\n<p><\/p>\n<div class=\"item-details\">\n<h3 class=\"entry-title td-module-title\"><span class=\"ez-toc-section\" id=\"DArgent_et_de_Sang_Episode_11_Quelle_date_et_heure_de_sortie_Canal\"><\/span>\n                        <a href=\"https:\/\/\/dargent-et-de-sang-episode-11\/\" rel=\"bookmark\" title=\"D&#039;Argent et de Sang Episode 11: \u00bfCu\u00e1l es la fecha y hora de estreno en Canal+?\">D'Argent et de Sang Episode 11: \u00bfCu\u00e1l es la fecha y hora de estreno en Canal+?<\/a><br>\n                    <span class=\"ez-toc-section-end\"><\/span><\/h3>\n<p>\n                <\/p><\/div>\n<p>\n            <\/p><\/div>\n<p>\n        <\/p><\/div>\n<p><\/p>\n<div class=\"td-related-span4\">\n<div class=\"td_module_related_posts td-animation-stack td_mod_related_posts\">\n<div class=\"td-module-image\">\n<div class=\"td-module-thumb\">\n                        <a href=\"https:\/\/\/blanca-saison-3-m6\/\" rel=\"bookmark\" class=\"td-image-wrap\" title=\"Blanca 3\u00aa temporada: \u00bfCu\u00e1l es la fecha de estreno de M6? \u00bfEst\u00e1 prevista una secuela?\"><br>\n                            <img decoding=\"async\" width=\"218\" height=\"150\" class=\"entry-thumb\" src=\"https:\/\/\/wp-content\/uploads\/2024\/02\/blanca-saison-3-m6-218x150.jpg\" alt=\"blanca temporada 3 m6\" title=\"Blanca 3\u00aa temporada: \u00bfCu\u00e1l es la fecha de estreno de M6? \u00bfEst\u00e1 prevista una secuela?\"><br>\n                        <\/a>\n                    <\/div>\n<p>\n                <\/p><\/div>\n<p><\/p>\n<div class=\"item-details\">\n<h3 class=\"entry-title td-module-title\"><span class=\"ez-toc-section\" id=\"Blanca_Saison_3_Quelle_date_de_sortie_M6_Une_suite_prevue\"><\/span>\n                        <a href=\"https:\/\/\/blanca-saison-3-m6\/\" rel=\"bookmark\" title=\"Blanca 3\u00aa temporada: \u00bfCu\u00e1l es la fecha de estreno de M6? \u00bfEst\u00e1 prevista una secuela?\">Blanca 3\u00aa temporada: \u00bfCu\u00e1l es la fecha de estreno de M6? \u00bfEst\u00e1 prevista una secuela?<\/a><br>\n                    <span class=\"ez-toc-section-end\"><\/span><\/h3>\n<p>\n                <\/p><\/div>\n<p>\n            <\/p><\/div>\n<p>\n        <\/p><\/div>\n<p><\/p>\n<div class=\"td-related-span4\">\n<div class=\"td_module_related_posts td-animation-stack td_mod_related_posts\">\n<div class=\"td-module-image\">\n<div class=\"td-module-thumb\">\n                        <a href=\"https:\/\/\/tout-cela-je-te-le-donnerai-saison-2-france-2\/\" rel=\"bookmark\" class=\"td-image-wrap\" title=\"Todo esto te dar\u00e9 Temporada 2: \u00bfCu\u00e1l es la fecha de estreno de France 2?\"><br>\n                            <img decoding=\"async\" width=\"218\" height=\"150\" class=\"entry-thumb\" src=\"https:\/\/\/wp-content\/uploads\/2024\/02\/tout-cela-je-te-le-donnerai-saison-2-france-2-218x150.jpg\" alt=\"todo esto te dar\u00e9 la temporada 2 francia 2\" title=\"Todo esto te dar\u00e9 Temporada 2: \u00bfCu\u00e1l es la fecha de estreno de France 2?\"><br>\n                        <\/a>\n                    <\/div>\n<p>\n                <\/p><\/div>\n<p><\/p>\n<div class=\"item-details\">\n<h3 class=\"entry-title td-module-title\"><span class=\"ez-toc-section\" id=\"Tout_cela_je_te_le_donnerai_Saison_2_Quelle_date_de_sortie_France_2\"><\/span>\n                        <a href=\"https:\/\/\/tout-cela-je-te-le-donnerai-saison-2-france-2\/\" rel=\"bookmark\" title=\"Todo esto te dar\u00e9 Temporada 2: \u00bfCu\u00e1l es la fecha de estreno de France 2?\">Todo esto te dar\u00e9 Temporada 2: \u00bfCu\u00e1l es la fecha de estreno de France 2?<\/a><br>\n                    <span class=\"ez-toc-section-end\"><\/span><\/h3>\n<p>\n                <\/p><\/div>\n<p>\n            <\/p><\/div>\n<p>\n        <\/p><\/div>\n<p>\n    <\/p><\/div>\n<p>\n<\/p><\/div>\n<h2><span class=\"ez-toc-section\" id=\"ARTICLES_EN_RELATION-2\"><\/span>ART\u00cdCULOS RELACIONADOS<span class=\"ez-toc-section-end\"><\/span><\/h2>\n<p><\/p>\n<p>En este art\u00edculo le presentamos tres series de televisi\u00f3n y le damos informaci\u00f3n sobre sus fechas de estreno. La primera serie se titula \"D'Argent et de Sang Episode 11\". Te contamos la fecha y hora de su estreno en Canal+. La segunda serie se titula \"Blanca Saison 3\". Descubre cu\u00e1ndo se estrenar\u00e1 en M6 y si habr\u00e1 secuela. Por \u00faltimo, la tercera serie es 'Tout cela je te donneai Saison 2'. Le daremos la fecha de estreno en France 2.<\/p>\n<h2><span class=\"ez-toc-section\" id=\"PLUS_DE_LAUTEUR\"><\/span>M\u00c1S DEL AUTOR<span class=\"ez-toc-section-end\"><\/span><\/h2>\n<p><\/p>\n<p>Tambi\u00e9n le invitamos a descubrir otros art\u00edculos del autor. Encontrar\u00e1 informaci\u00f3n adicional sobre diversos temas.<\/p>","protected":false},"excerpt":{"rendered":"","protected":false},"author":1,"featured_media":10328,"comment_status":"open","ping_status":"open","sticky":false,"template":"","format":"standard","meta":{"_seopress_robots_primary_cat":"","_seopress_titles_title":"","_seopress_titles_desc":"","_seopress_robots_index":"","footnotes":""},"categories":[645],"tags":[],"class_list":["post-10326","post","type-post","status-publish","format-standard","has-post-thumbnail","hentry","category-netflix","generate-columns","tablet-grid-50","mobile-grid-100","grid-parent","grid-50"],"_links":{"self":[{"href":"https:\/\/toukiela.com\/es\/wp-json\/wp\/v2\/posts\/10326","targetHints":{"allow":["GET"]}}],"collection":[{"href":"https:\/\/toukiela.com\/es\/wp-json\/wp\/v2\/posts"}],"about":[{"href":"https:\/\/toukiela.com\/es\/wp-json\/wp\/v2\/types\/post"}],"author":[{"embeddable":true,"href":"https:\/\/toukiela.com\/es\/wp-json\/wp\/v2\/users\/1"}],"replies":[{"embeddable":true,"href":"https:\/\/toukiela.com\/es\/wp-json\/wp\/v2\/comments?post=10326"}],"version-history":[{"count":1,"href":"https:\/\/toukiela.com\/es\/wp-json\/wp\/v2\/posts\/10326\/revisions"}],"predecessor-version":[{"id":10327,"href":"https:\/\/toukiela.com\/es\/wp-json\/wp\/v2\/posts\/10326\/revisions\/10327"}],"wp:featuredmedia":[{"embeddable":true,"href":"https:\/\/toukiela.com\/es\/wp-json\/wp\/v2\/media\/10328"}],"wp:attachment":[{"href":"https:\/\/toukiela.com\/es\/wp-json\/wp\/v2\/media?parent=10326"}],"wp:term":[{"taxonomy":"category","embeddable":true,"href":"https:\/\/toukiela.com\/es\/wp-json\/wp\/v2\/categories?post=10326"},{"taxonomy":"post_tag","embeddable":true,"href":"https:\/\/toukiela.com\/es\/wp-json\/wp\/v2\/tags?post=10326"}],"curies":[{"name":"wp","href":"https:\/\/api.w.org\/{rel}","templated":true}]}}