{"id":9351,"date":"2024-01-06T07:03:19","date_gmt":"2024-01-06T05:03:19","guid":{"rendered":"https:\/\/toukiela.com\/leffet-veuf-explication-de-la-fin-le-destin-de-marc-et-theo-revele-dans-le-roman-leffet-veuf-ecrit-par-francois-salvaing-la-fin-laisse-place-a-une-certaine-ambiguite-quant-a\/"},"modified":"2024-01-06T07:03:20","modified_gmt":"2024-01-06T05:03:20","slug":"leffet-veuf-explication-de-la-fin-le-destin-de-marc-et-theo-revele-dans-le-roman-leffet-veuf-ecrit-par-francois-salvaing-la-fin-laisse-place-a-une-certaine-ambiguite-quant-a","status":"publish","type":"post","link":"https:\/\/toukiela.com\/en\/leffet-veuf-explication-de-la-fin-le-destin-de-marc-et-theo-revele-dans-le-roman-leffet-veuf-ecrit-par-francois-salvaing-la-fin-laisse-place-a-une-certaine-ambiguite-quant-a\/","title":{"rendered":"L\u2019Effet Veuf : Explication de la fin ! Le destin de Marc et Theo r\u00e9v\u00e9l\u00e9 !<br \/>\n<br \/>\nDans le roman L\u2019Effet Veuf, \u00e9crit par Fran\u00e7ois Salvaing, la fin laisse place \u00e0 une certaine ambigu\u00eft\u00e9 quant au sort des personnages principaux, Marc et Theo. Voici une tentative d&rsquo;explication pour mieux comprendre ce qui leur arrive.<br \/>\n<br \/>\nTout au long de l&rsquo;histoire, nous suivons l&rsquo;\u00e9volution de la relation entre Marc, un veuf \u00e2g\u00e9, et Theo, un jeune homme qui se retrouve \u00e0 vivre avec lui apr\u00e8s la mort de sa m\u00e8re. Marc, qui vit dans une certaine solitude depuis le d\u00e9c\u00e8s de sa femme, trouve en Theo une pr\u00e9sence r\u00e9confortante et une nouvelle raison de vivre.<br \/>\n<br \/>\nCependant, le roman ne nous donne pas de r\u00e9ponse claire quant \u00e0 la nature exacte de la relation entre Marc et Theo. S&rsquo;agit-il simplement d&rsquo;une amiti\u00e9 profonde et sinc\u00e8re, ou y a-t-il \u00e9galement une dimension amoureuse ?<br \/>\n<br \/>\nLa fin du roman laisse entendre que Marc est sur le point de partir, laissant Theo derri\u00e8re lui. Il d\u00e9cide de prendre la route, sans vraiment donner d&rsquo;explication \u00e0 Theo ni aux lecteurs. Cette d\u00e9cision soudaine peut \u00eatre interpr\u00e9t\u00e9e de diff\u00e9rentes mani\u00e8res.<br \/>\n<br \/>\nCertains lecteurs pourraient voir dans ce d\u00e9part une volont\u00e9 de Marc de retrouver sa libert\u00e9, de se d\u00e9faire du poids de la responsabilit\u00e9 qu&rsquo;il a ressentie envers Theo. Il pourrait \u00e9galement s&rsquo;agir d&rsquo;un moyen pour Marc de se prot\u00e9ger \u00e9motionnellement, en \u00e9vitant de s&rsquo;engager davantage dans une relation qui pourrait \u00eatre ambigu\u00eb ou difficile \u00e0 d\u00e9finir.<br \/>\n<br \/>\nD&rsquo;autres pourraient interpr\u00e9ter ce d\u00e9part comme un signe que Marc a finalement r\u00e9alis\u00e9 qu&rsquo;il ne peut pas combler le vide laiss\u00e9 par sa femme avec Theo, et qu&rsquo;il doit continuer \u00e0 avancer seul pour trouver son propre chemin de gu\u00e9rison.<br \/>\n<br \/>\nQuant \u00e0 Theo, sa r\u00e9action face au d\u00e9part de Marc est sujette \u00e0 interpr\u00e9tation. On peut imaginer qu&rsquo;il ressent un certain chagrin et une perte, ayant d\u00e9velopp\u00e9 une forte affection pour Marc. Cependant, il est \u00e9galement possible qu&rsquo;il comprenne et accepte la d\u00e9cision de Marc, sachant qu&rsquo;il est important pour lui de suivre son propre chemin.<br \/>\n<br \/>\nEn fin de compte, la fin de L\u2019Effet Veuf laisse une part d&rsquo;incertitude quant \u00e0 l&rsquo;avenir des personnages. Cela permet aux lecteurs de se questionner sur la nature de leurs sentiments et sur la signification de leur relation. Toutefois, il est important de souligner que chaque lecteur peut interpr\u00e9ter la fin et le destin de Marc et Theo de mani\u00e8re diff\u00e9rente, en fonction de sa propre compr\u00e9hension et de ses propres exp\u00e9riences."},"content":{"rendered":"<p><em><\/em><\/p>\n<h2>RELATED ARTICLES<\/h2>\n<p><\/p>\n<p>Il existe de nombreux articles en relation avec le sujet trait\u00e9. Parmi eux, on peut citer \u00ab\u00a0L\u2019Effet Veuf : Qui sont Pat &amp; Redmond ? Mort ?\u00a0\u00bb, qui explore les personnages de Pat et Redmond dans la s\u00e9rie \u00ab\u00a0L\u2019Effet Veuf\u00a0\u00bb. Ce dernier article aborde leur identit\u00e9 et leur destin dans la s\u00e9rie.<\/p>\n<p><\/p>\n<p>Un autre article int\u00e9ressant est \u00ab\u00a0Les Fr\u00e8res Sun Saison 1 : Est-ce inspir\u00e9 d\u2019une histoire vraie ?\u00a0\u00bb. Il s\u2019agit d\u2019une analyse de la premi\u00e8re saison de la s\u00e9rie \u00ab\u00a0Les Fr\u00e8res Sun\u00a0\u00bb et de ses liens \u00e9ventuels avec des \u00e9v\u00e9nements r\u00e9els.<\/p>\n<p><\/p>\n<p>Enfin, \u00ab\u00a0Gloutons &amp; Dragons Saison 2 : Quelle date de sortie Netflix ?\u00a0\u00bb est un article qui se penche sur la deuxi\u00e8me saison de la s\u00e9rie \u00ab\u00a0Gloutons &amp; Dragons\u00a0\u00bb et cherche \u00e0 d\u00e9terminer quand elle sera disponible sur Netflix.<\/p>\n<h2>MORE FROM THE AUTHOR<\/h2>\n<p><\/p>\n<p>En plus des articles en relation, vous pouvez \u00e9galement consulter d\u2019autres \u0153uvres de l\u2019auteur. Ces articles abordent des sujets vari\u00e9s et vous permettront de d\u00e9couvrir diff\u00e9rentes facettes de son travail.<\/p>","protected":false},"excerpt":{"rendered":"","protected":false},"author":1,"featured_media":9353,"comment_status":"open","ping_status":"open","sticky":false,"template":"","format":"standard","meta":{"_seopress_robots_primary_cat":"","_seopress_titles_title":"","_seopress_titles_desc":"","_seopress_robots_index":"","footnotes":""},"categories":[645],"tags":[],"class_list":["post-9351","post","type-post","status-publish","format-standard","has-post-thumbnail","hentry","category-netflix","generate-columns","tablet-grid-50","mobile-grid-100","grid-parent","grid-50"],"_links":{"self":[{"href":"https:\/\/toukiela.com\/en\/wp-json\/wp\/v2\/posts\/9351","targetHints":{"allow":["GET"]}}],"collection":[{"href":"https:\/\/toukiela.com\/en\/wp-json\/wp\/v2\/posts"}],"about":[{"href":"https:\/\/toukiela.com\/en\/wp-json\/wp\/v2\/types\/post"}],"author":[{"embeddable":true,"href":"https:\/\/toukiela.com\/en\/wp-json\/wp\/v2\/users\/1"}],"replies":[{"embeddable":true,"href":"https:\/\/toukiela.com\/en\/wp-json\/wp\/v2\/comments?post=9351"}],"version-history":[{"count":1,"href":"https:\/\/toukiela.com\/en\/wp-json\/wp\/v2\/posts\/9351\/revisions"}],"predecessor-version":[{"id":9352,"href":"https:\/\/toukiela.com\/en\/wp-json\/wp\/v2\/posts\/9351\/revisions\/9352"}],"wp:featuredmedia":[{"embeddable":true,"href":"https:\/\/toukiela.com\/en\/wp-json\/wp\/v2\/media\/9353"}],"wp:attachment":[{"href":"https:\/\/toukiela.com\/en\/wp-json\/wp\/v2\/media?parent=9351"}],"wp:term":[{"taxonomy":"category","embeddable":true,"href":"https:\/\/toukiela.com\/en\/wp-json\/wp\/v2\/categories?post=9351"},{"taxonomy":"post_tag","embeddable":true,"href":"https:\/\/toukiela.com\/en\/wp-json\/wp\/v2\/tags?post=9351"}],"curies":[{"name":"wp","href":"https:\/\/api.w.org\/{rel}","templated":true}]}}