{"id":9154,"date":"2023-12-30T19:07:31","date_gmt":"2023-12-30T17:07:31","guid":{"rendered":"https:\/\/toukiela.com\/berlin-saison-1-le-vienot-existe-t-il-a-paris\/"},"modified":"2023-12-30T19:07:32","modified_gmt":"2023-12-30T17:07:32","slug":"berlin-saison-1-le-vienot-existe-t-il-a-paris","status":"publish","type":"post","link":"https:\/\/toukiela.com\/en\/berlin-saison-1-le-vienot-existe-t-il-a-paris\/","title":{"rendered":"Berlin Saison 1 : Le Vienot existe-t-il \u00e0 Paris ?"},"content":{"rendered":"<p><em><\/em><\/p>\n<div id=\"ez-toc-container\" class=\"ez-toc-v2_0_82_2 counter-hierarchy ez-toc-counter ez-toc-grey ez-toc-container-direction\">\n<p class=\"ez-toc-title\" style=\"cursor:inherit\">Contents<\/p>\n<label for=\"ez-toc-cssicon-toggle-item-69f1f130a86b8\" class=\"ez-toc-cssicon-toggle-label\"><span class=\"\"><span class=\"eztoc-hide\" style=\"display:none;\">Toggle<\/span><span class=\"ez-toc-icon-toggle-span\"><svg style=\"fill: #999;color:#999\" xmlns=\"http:\/\/www.w3.org\/2000\/svg\" class=\"list-377408\" width=\"20px\" height=\"20px\" viewbox=\"0 0 24 24\" fill=\"none\"><path d=\"M6 6H4v2h2V6zm14 0H8v2h12V6zM4 11h2v2H4v-2zm16 0H8v2h12v-2zM4 16h2v2H4v-2zm16 0H8v2h12v-2z\" fill=\"currentColor\"><\/path><\/svg><svg style=\"fill: #999;color:#999\" class=\"arrow-unsorted-368013\" xmlns=\"http:\/\/www.w3.org\/2000\/svg\" width=\"10px\" height=\"10px\" viewbox=\"0 0 24 24\" version=\"1.2\" baseprofile=\"tiny\"><path d=\"M18.2 9.3l-6.2-6.3-6.2 6.3c-.2.2-.3.4-.3.7s.1.5.3.7c.2.2.4.3.7.3h11c.3 0 .5-.1.7-.3.2-.2.3-.5.3-.7s-.1-.5-.3-.7zM5.8 14.7l6.2 6.3 6.2-6.3c.2-.2.3-.5.3-.7s-.1-.5-.3-.7c-.2-.2-.4-.3-.7-.3h-11c-.3 0-.5.1-.7.3-.2.2-.3.5-.3.7s.1.5.3.7z\"\/><\/svg><\/span><\/span><\/label><input type=\"checkbox\"  id=\"ez-toc-cssicon-toggle-item-69f1f130a86b8\"  aria-label=\"Toggle\" \/><nav><ul class='ez-toc-list ez-toc-list-level-1' ><li class='ez-toc-page-1 ez-toc-heading-level-2'><a class=\"ez-toc-link ez-toc-heading-1\" href=\"https:\/\/toukiela.com\/en\/berlin-saison-1-le-vienot-existe-t-il-a-paris\/#ARTICLES_EN_RELATION\" >RELATED ARTICLES<\/a><\/li><li class='ez-toc-page-1 ez-toc-heading-level-2'><a class=\"ez-toc-link ez-toc-heading-2\" href=\"https:\/\/toukiela.com\/en\/berlin-saison-1-le-vienot-existe-t-il-a-paris\/#Berlin_Saison_1_Cameron_est-elle_la_fille_de_Berlin\" >Berlin Saison 1 : Cameron est-elle la fille de Berlin ?<\/a><\/li><li class='ez-toc-page-1 ez-toc-heading-level-2'><a class=\"ez-toc-link ez-toc-heading-3\" href=\"https:\/\/toukiela.com\/en\/berlin-saison-1-le-vienot-existe-t-il-a-paris\/#What_If_Saison_2_Explication_de_la_fin_Strange_est-il_mort\" >What If Saison 2 : Explication de la fin ! Strange est-il mort ?<\/a><\/li><li class='ez-toc-page-1 ez-toc-heading-level-2'><a class=\"ez-toc-link ez-toc-heading-4\" href=\"https:\/\/toukiela.com\/en\/berlin-saison-1-le-vienot-existe-t-il-a-paris\/#What_If_Saison_2_Episode_10_Quelle_date_et_heure_de_sortie_Disney\" >What If Saison 2 \u00c9pisode 10 : Quelle date et heure de sortie Disney+ ?<\/a><\/li><li class='ez-toc-page-1 ez-toc-heading-level-2'><a class=\"ez-toc-link ez-toc-heading-5\" href=\"https:\/\/toukiela.com\/en\/berlin-saison-1-le-vienot-existe-t-il-a-paris\/#PLUS_DE_LAUTEUR\" >MORE FROM THE AUTHOR<\/a><\/li><\/ul><\/nav><\/div>\n<h2><span class=\"ez-toc-section\" id=\"ARTICLES_EN_RELATION\"><\/span>RELATED ARTICLES<span class=\"ez-toc-section-end\"><\/span><\/h2>\n<p><\/p>\n<div>\n<h2><span class=\"ez-toc-section\" id=\"Berlin_Saison_1_Cameron_est-elle_la_fille_de_Berlin\"><\/span>Berlin Saison 1 : Cameron est-elle la fille de Berlin ?<span class=\"ez-toc-section-end\"><\/span><\/h2>\n<p><\/p>\n<p>Dans la premi\u00e8re saison de la s\u00e9rie Berlin, de nombreuses questions se posent autour du personnage de Cameron. Certains fans se demandent si elle pourrait \u00eatre la fille de Berlin. Cette th\u00e9orie est bas\u00e9e sur plusieurs indices diss\u00e9min\u00e9s tout au long de la saison. Par exemple, il y a des similitudes frappantes entre les deux personnages, tant au niveau physique que dans leur fa\u00e7on d\u2019agir. De plus, Cameron semble avoir une connaissance approfondie du pass\u00e9 de Berlin, ce qui pourrait indiquer un lien familial. Cependant, rien n\u2019a \u00e9t\u00e9 confirm\u00e9 par les cr\u00e9ateurs de la s\u00e9rie, il faudra donc attendre la prochaine saison pour en savoir plus.<\/p>\n<p>\n<\/p><\/div>\n<div>\n<h2><span class=\"ez-toc-section\" id=\"What_If_Saison_2_Explication_de_la_fin_Strange_est-il_mort\"><\/span>What If Saison 2 : Explication de la fin ! Strange est-il mort ?<span class=\"ez-toc-section-end\"><\/span><\/h2>\n<p><\/p>\n<p>La deuxi\u00e8me saison de la s\u00e9rie What If a suscit\u00e9 de nombreuses interrogations chez les fans, notamment en ce qui concerne la fin de la saison. L\u2019un des personnages principaux, Strange, est confront\u00e9 \u00e0 une situation dangereuse qui laisse planer le doute sur son sort. Certains fans se demandent s\u2019il est mort ou s\u2019il a r\u00e9ussi \u00e0 s\u2019en sortir. Malheureusement, la r\u00e9ponse \u00e0 cette question reste encore incertaine. Les cr\u00e9ateurs de la s\u00e9rie ont d\u00e9lib\u00e9r\u00e9ment laiss\u00e9 la fin ouverte, laissant ainsi place \u00e0 de nombreuses th\u00e9ories et sp\u00e9culations de la part des fans. Il faudra donc attendre la prochaine saison pour obtenir une r\u00e9ponse d\u00e9finitive.<\/p>\n<p>\n<\/p><\/div>\n<div>\n<h2><span class=\"ez-toc-section\" id=\"What_If_Saison_2_Episode_10_Quelle_date_et_heure_de_sortie_Disney\"><\/span>What If Saison 2 \u00c9pisode 10 : Quelle date et heure de sortie Disney+ ?<span class=\"ez-toc-section-end\"><\/span><\/h2>\n<p><\/p>\n<p>La sortie du dixi\u00e8me \u00e9pisode de la deuxi\u00e8me saison de la s\u00e9rie What If est tr\u00e8s attendue par les fans. Cependant, la date et l\u2019heure de sortie sur Disney+ restent encore inconnues. Les cr\u00e9ateurs de la s\u00e9rie ont gard\u00e9 ces informations secr\u00e8tes afin de maintenir le suspense et l\u2019excitation chez les t\u00e9l\u00e9spectateurs. Cela a \u00e9galement pour but d\u2019\u00e9viter les spoilers et de laisser aux fans la possibilit\u00e9 de faire leurs propres pr\u00e9dictions sur le d\u00e9roulement de l\u2019\u00e9pisode. Il faudra donc rester patient et attentif aux annonces officielles pour conna\u00eetre la date et l\u2019heure de sortie de cet \u00e9pisode tant attendu.<\/p>\n<p>\n<\/p><\/div>\n<h2><span class=\"ez-toc-section\" id=\"PLUS_DE_LAUTEUR\"><\/span>MORE FROM THE AUTHOR<span class=\"ez-toc-section-end\"><\/span><\/h2>\n<p><\/p>\n<p>En dehors des articles en relation, l\u2019auteur a \u00e9galement \u00e9crit d\u2019autres contenus int\u00e9ressants. Vous pouvez consulter son profil pour d\u00e9couvrir plus de ses \u0153uvres. Il est toujours int\u00e9ressant de lire d\u2019autres articles de la m\u00eame personne, car cela permet de se familiariser avec son style d\u2019\u00e9criture et ses centres d\u2019int\u00e9r\u00eat. N\u2019h\u00e9sitez pas \u00e0 explorer davantage le travail de l\u2019auteur pour en apprendre davantage sur ses perspectives uniques.<\/p>","protected":false},"excerpt":{"rendered":"","protected":false},"author":1,"featured_media":9156,"comment_status":"open","ping_status":"open","sticky":false,"template":"","format":"standard","meta":{"_seopress_robots_primary_cat":"","_seopress_titles_title":"","_seopress_titles_desc":"","_seopress_robots_index":"","footnotes":""},"categories":[645],"tags":[],"class_list":["post-9154","post","type-post","status-publish","format-standard","has-post-thumbnail","hentry","category-netflix","generate-columns","tablet-grid-50","mobile-grid-100","grid-parent","grid-50"],"_links":{"self":[{"href":"https:\/\/toukiela.com\/en\/wp-json\/wp\/v2\/posts\/9154","targetHints":{"allow":["GET"]}}],"collection":[{"href":"https:\/\/toukiela.com\/en\/wp-json\/wp\/v2\/posts"}],"about":[{"href":"https:\/\/toukiela.com\/en\/wp-json\/wp\/v2\/types\/post"}],"author":[{"embeddable":true,"href":"https:\/\/toukiela.com\/en\/wp-json\/wp\/v2\/users\/1"}],"replies":[{"embeddable":true,"href":"https:\/\/toukiela.com\/en\/wp-json\/wp\/v2\/comments?post=9154"}],"version-history":[{"count":1,"href":"https:\/\/toukiela.com\/en\/wp-json\/wp\/v2\/posts\/9154\/revisions"}],"predecessor-version":[{"id":9155,"href":"https:\/\/toukiela.com\/en\/wp-json\/wp\/v2\/posts\/9154\/revisions\/9155"}],"wp:featuredmedia":[{"embeddable":true,"href":"https:\/\/toukiela.com\/en\/wp-json\/wp\/v2\/media\/9156"}],"wp:attachment":[{"href":"https:\/\/toukiela.com\/en\/wp-json\/wp\/v2\/media?parent=9154"}],"wp:term":[{"taxonomy":"category","embeddable":true,"href":"https:\/\/toukiela.com\/en\/wp-json\/wp\/v2\/categories?post=9154"},{"taxonomy":"post_tag","embeddable":true,"href":"https:\/\/toukiela.com\/en\/wp-json\/wp\/v2\/tags?post=9154"}],"curies":[{"name":"wp","href":"https:\/\/api.w.org\/{rel}","templated":true}]}}