{"id":6903,"date":"2023-10-17T01:20:15","date_gmt":"2023-10-16T23:20:15","guid":{"rendered":"https:\/\/toukiela.com\/alerte-de-lue-meta-sous-le-feu-des-critiques-pour-la-diffusion-illegale-de-contenus-et-de-desinformation-visant-la-guerre-israel-hamas\/"},"modified":"2023-10-17T01:20:16","modified_gmt":"2023-10-16T23:20:16","slug":"alerte-de-lue-meta-sous-le-feu-des-critiques-pour-la-diffusion-illegale-de-contenus-et-de-desinformation-visant-la-guerre-israel-hamas","status":"publish","type":"post","link":"https:\/\/toukiela.com\/en\/alerte-de-lue-meta-sous-le-feu-des-critiques-pour-la-diffusion-illegale-de-contenus-et-de-desinformation-visant-la-guerre-israel-hamas\/","title":{"rendered":"Alerte de l&rsquo;UE : M\u00e9ta sous le feu des critiques pour la diffusion ill\u00e9gale de contenus et de d\u00e9sinformation visant la guerre Isra\u00ebl-Hamas !"},"content":{"rendered":"<p><em><\/em><\/p>\n<h2>L\u2019Union europ\u00e9enne met en garde Meta contre la diffusion de contenus ill\u00e9gaux et de d\u00e9sinformation li\u00e9s \u00e0 la guerre entre Isra\u00ebl et le Hamas<\/h2>\n<p>L\u2019Union europ\u00e9enne a \u00e9largi ses avertissements concernant les contenus ill\u00e9gaux et la d\u00e9sinformation ciblant la guerre entre Isra\u00ebl et le Hamas circulant sur les plateformes de m\u00e9dias sociaux \u00e0 Meta, la soci\u00e9t\u00e9 m\u00e8re de Facebook et Instagram.<\/p>\n<p>Hier, le commissaire du march\u00e9 int\u00e9rieur du bloc, Thierry Breton, a publi\u00e9 une lettre urgente \u00e0 Elon Musk, propri\u00e9taire de X (anciennement Twitter), exprimant ses inqui\u00e9tudes quant \u00e0 l\u2019utilisation de la plateforme pour diffuser des contenus ill\u00e9gaux et propager potentiellement de la d\u00e9sinformation nuisible \u00e0 la suite des attaques surprises du Hamas contre Isra\u00ebl samedi dernier, bas\u00e9 dans la bande de Gaza.<\/p>\n<p>La lettre de Breton au fondateur de Meta, Mark Zuckerberg, qu\u2019il a \u00e9galement rendue publique via un article sur X, est un peu moins urgente que la missive d\u2019hier \u00e0 Musk. Mais le g\u00e9ant des m\u00e9dias sociaux dispose \u00e9galement de 24 heures pour r\u00e9pondre aux pr\u00e9occupations de l\u2019UE concernant les m\u00eames types de risques li\u00e9s aux contenus.<\/p>\n<p>\u00ab\u00a0Suite aux attaques terroristes perp\u00e9tr\u00e9es par le Hamas contre Isra\u00ebl, nous constatons une recrudescence de contenus ill\u00e9gaux et de d\u00e9sinformation diffus\u00e9s dans l\u2019UE via certaines plateformes\u00a0\u00bb, \u00e9crit le commissaire de l\u2019UE. \u00ab\u00a0Je vous demande d\u2019\u00eatre tr\u00e8s vigilant pour garantir le respect strict des r\u00e8gles du DSA (Digital Services Act) en mati\u00e8re de conditions d\u2019utilisation, de l\u2019obligation d\u2019une action rapide, diligente et objective suite aux signalements de contenus ill\u00e9gaux dans l\u2019UE, et de la n\u00e9cessit\u00e9 de mesures d\u2019att\u00e9nuation proportionn\u00e9es et efficaces.<\/p>\n<p>\u00ab\u00a0Je vous invite instamment \u00e0 vous assurer que vos syst\u00e8mes sont efficaces. Inutile de dire que je m\u2019attends \u00e9galement \u00e0 ce que vous soyez en contact avec les autorit\u00e9s comp\u00e9tentes charg\u00e9es de l\u2019application de la loi et Europol, et \u00e0 ce que vous r\u00e9pondiez rapidement \u00e0 toute demande.\u00a0\u00bb<\/p>\n<h2>Meta doit r\u00e9pondre aux pr\u00e9occupations de l\u2019UE<\/h2>\n<p>Meta a \u00e9t\u00e9 contact\u00e9 pour r\u00e9pondre \u00e0 l\u2019avertissement de Breton et pour conna\u00eetre les mesures qu\u2019il prend pour garantir une r\u00e9ponse efficace aux risques li\u00e9s aux contenus li\u00e9s aux \u00e9v\u00e9nements violents en Isra\u00ebl et \u00e0 Gaza, mais au moment de la r\u00e9daction de cet article, il n\u2019avait pas r\u00e9pondu.<\/p>\n<p><strong>Mise \u00e0 jour :<\/strong> Meta nous a maintenant envoy\u00e9 par e-mail cette d\u00e9claration, attribu\u00e9e \u00e0 un porte-parole de l\u2019entreprise :<\/p>\n<blockquote>\n<p style=\"font-weight: 400;\">Apr\u00e8s les attaques terroristes du Hamas contre Isra\u00ebl samedi, nous avons rapidement mis en place un centre d\u2019op\u00e9rations sp\u00e9cialis\u00e9, compos\u00e9 d\u2019experts, dont des personnes parlant couramment l\u2019h\u00e9breu et l\u2019arabe, pour surveiller de pr\u00e8s et r\u00e9pondre \u00e0 cette situation en \u00e9volution rapide. Nos \u00e9quipes travaillent jour et nuit pour assurer la s\u00e9curit\u00e9 de nos plates-formes, prendre des mesures contre les contenus qui violent nos politiques ou la loi locale et coop\u00e9rer avec des v\u00e9rificateurs de faits ind\u00e9pendants dans la r\u00e9gion pour limiter la diffusion de d\u00e9sinformation. Nous continuerons ce travail \u00e0 mesure que ce conflit \u00e9voluera.<\/p>\n<\/blockquote>\n<p><strong>Mise \u00e0 jour 2 :<\/strong> Meta a \u00e9galement publi\u00e9 un article de blog avec plus de d\u00e9tails sur les mesures qu\u2019il prend en r\u00e9ponse aux risques li\u00e9s \u00e0 la guerre entre Isra\u00ebl et le Hamas, tels que le blocage des hashtags et l\u2019imposition de restrictions sur Facebook Live et Instagram Live pour les personnes ayant d\u00e9j\u00e0 enfreint certaines politiques.<\/p>\n<p>\u00ab\u00a0Nous sommes \u00e9galement conscients des menaces du Hamas de diffuser des images des otages et nous prenons ces menaces extr\u00eamement au s\u00e9rieux\u00a0\u00bb, \u00e9crit \u00e9galement Meta. \u00ab\u00a0Nos \u00e9quipes surveillent cela de pr\u00e8s et supprimeront rapidement tout contenu de ce type (et les comptes qui le diffusent), en sauvegardant le contenu dans nos syst\u00e8mes pour emp\u00eacher qu\u2019il soit partag\u00e9 \u00e0 nouveau.\u00a0\u00bb<\/p>\n<p>Nous avons \u00e9galement contact\u00e9 la Commission pour savoir si elle avait des pr\u00e9occupations similaires concernant d\u2019autres plateformes de m\u00e9dias sociaux.<\/p>\n<p>Depuis les attaques sanglantes de samedi, des vid\u00e9os choquantes ont \u00e9t\u00e9 signal\u00e9es sur les plateformes de Meta. Dans un reportage \u00e0 la t\u00e9l\u00e9vision isra\u00e9lienne, qui a \u00e9t\u00e9 partag\u00e9 sur les r\u00e9seaux sociaux, une femme raconte comment elle et sa famille ont appris que sa grand-m\u00e8re avait \u00e9t\u00e9 assassin\u00e9e par des terroristes du Hamas apr\u00e8s qu\u2019ils aient film\u00e9 son corps sans vie avec son t\u00e9l\u00e9phone et l\u2019aient t\u00e9l\u00e9charg\u00e9 sur son compte Facebook.<\/p>\n<h2>Surveillance de la d\u00e9sinformation \u00e9lectorale<\/h2>\n<p>La lettre du bloc \u00e0 Meta ne se limite pas aux risques li\u00e9s \u00e0 la guerre entre Isra\u00ebl et le Hamas. Elle r\u00e9v\u00e8le \u00e9galement que la Commission s\u2019inqui\u00e8te du fait que Meta n\u2019en fait pas assez pour lutter contre la d\u00e9sinformation ciblant les \u00e9lections europ\u00e9ennes.<\/p>\n<p>\u00ab\u00a0Je vous ai personnellement attir\u00e9 l\u2019attention sur cette question lorsque nous nous sommes rencontr\u00e9s \u00e0 San Francisco en juin, en soulignant que Meta devrait accorder une attention particuli\u00e8re \u00e0 ce probl\u00e8me afin de se conformer au DSA, et le sujet a \u00e9t\u00e9 largement abord\u00e9 lors du test de r\u00e9sistance r\u00e9alis\u00e9 par nos \u00e9quipes en juillet\u00a0\u00bb, \u00e9crit Breton. \u00ab\u00a0Cependant, bien que nous ayons not\u00e9 les mesures prises par Meta pour renforcer les mesures d\u2019att\u00e9nuation avant les r\u00e9centes \u00e9lections en Slovaquie \u2013 telles qu\u2019une coop\u00e9ration accrue avec les autorit\u00e9s ind\u00e9pendantes, des am\u00e9liorations des d\u00e9lais de r\u00e9ponse et un renforcement de la v\u00e9rification des faits \u2013 nous avons \u00e9galement \u00e9t\u00e9 inform\u00e9s de rapports faisant \u00e9tat d\u2019un nombre significatif de deepfakes et de contenus manipul\u00e9s qui ont circul\u00e9 sur vos plateformes et qui sont encore visibles en ligne.\u00a0\u00bb<\/p>\n<p>\u00ab\u00a0Je vous rappelle que le DSA exige que le risque d\u2019amplification d\u2019images et de faits falsifi\u00e9s et manipul\u00e9s, g\u00e9n\u00e9r\u00e9s dans le but d\u2019influencer les \u00e9lections, soit pris extr\u00eamement au s\u00e9rieux dans le cadre des mesures d\u2019att\u00e9nuation\u00a0\u00bb, ajoute-t-il, demandant une r\u00e9ponse de Zuckerberg \u2013 \u00ab\u00a0sans d\u00e9lai\u00a0\u00bb \u2013 et contenant \u00ab\u00a0des d\u00e9tails sur les mesures que vous avez prises pour att\u00e9nuer de tels deepfakes, \u00e9galement \u00e0 la lumi\u00e8re des prochaines \u00e9lections en Pologne, aux Pays-Bas, en Lituanie, en Belgique, en Croatie, en Roumanie et en Autriche, ainsi que des \u00e9lections au Parlement europ\u00e9en\u00a0\u00bb.<\/p>\n<p>Le DSA, une r\u00e9glementation pan-europ\u00e9enne ax\u00e9e sur la mod\u00e9ration des contenus, impose les obligations les plus strictes et les contr\u00f4les de gouvernance aux plus grandes plateformes (les tr\u00e8s grandes plates-formes en ligne, ou VLOPs), dont 19 ont \u00e9t\u00e9 d\u00e9sign\u00e9es par la Commission en avril, dont Facebook et Instagram, propri\u00e9t\u00e9s de Meta, avec des exigences suppl\u00e9mentaires d\u2019\u00e9valuation et d\u2019att\u00e9nuation des risques syst\u00e9miques li\u00e9s \u00e0 l\u2019utilisation d\u2019algorithmes et d\u2019IA. Cela signifie que les VLOPs sont cens\u00e9s \u00eatre proactifs pour identifier et att\u00e9nuer les risques syst\u00e9miques tels que la d\u00e9sinformation politique, en plus de r\u00e9agir rapidement aux signalements de contenus ill\u00e9gaux tels que le terrorisme.<\/p>\n<p>Les p\u00e9nalit\u00e9s en cas de violation confirm\u00e9e du r\u00e9gime comprennent des amendes pouvant atteindre 6% du chiffre d\u2019affaires annuel mondial, ce qui, dans le cas de Meta, pourrait repr\u00e9senter plusieurs milliards d\u2019euros.<\/p>\n<p>Les deepfakes politiques sont devenus une pr\u00e9occupation particuli\u00e8re pour la Commission, car les avanc\u00e9es de l\u2019intelligence artificielle g\u00e9n\u00e9rative ont rendu moins co\u00fbteuse et plus facile la production de ce type de d\u00e9sinformation. Le mois dernier, le bloc a annonc\u00e9 qu\u2019il allait rencontrer le g\u00e9ant de l\u2019IA OpenAI pour discuter de la question. Mais le r\u00f4le que les plateformes de m\u00e9dias sociaux peuvent jouer dans la diffusion rapide et \u00e9tendue de ce type de faux est \u00e9galement clairement dans le viseur de l\u2019UE.<\/p>","protected":false},"excerpt":{"rendered":"","protected":false},"author":1,"featured_media":6905,"comment_status":"open","ping_status":"open","sticky":false,"template":"","format":"standard","meta":{"_seopress_robots_primary_cat":"","_seopress_titles_title":"","_seopress_titles_desc":"","_seopress_robots_index":"","footnotes":""},"categories":[608],"tags":[],"class_list":["post-6903","post","type-post","status-publish","format-standard","has-post-thumbnail","hentry","category-actualite-intelligence-artificielle","generate-columns","tablet-grid-50","mobile-grid-100","grid-parent","grid-50"],"_links":{"self":[{"href":"https:\/\/toukiela.com\/en\/wp-json\/wp\/v2\/posts\/6903","targetHints":{"allow":["GET"]}}],"collection":[{"href":"https:\/\/toukiela.com\/en\/wp-json\/wp\/v2\/posts"}],"about":[{"href":"https:\/\/toukiela.com\/en\/wp-json\/wp\/v2\/types\/post"}],"author":[{"embeddable":true,"href":"https:\/\/toukiela.com\/en\/wp-json\/wp\/v2\/users\/1"}],"replies":[{"embeddable":true,"href":"https:\/\/toukiela.com\/en\/wp-json\/wp\/v2\/comments?post=6903"}],"version-history":[{"count":1,"href":"https:\/\/toukiela.com\/en\/wp-json\/wp\/v2\/posts\/6903\/revisions"}],"predecessor-version":[{"id":6904,"href":"https:\/\/toukiela.com\/en\/wp-json\/wp\/v2\/posts\/6903\/revisions\/6904"}],"wp:featuredmedia":[{"embeddable":true,"href":"https:\/\/toukiela.com\/en\/wp-json\/wp\/v2\/media\/6905"}],"wp:attachment":[{"href":"https:\/\/toukiela.com\/en\/wp-json\/wp\/v2\/media?parent=6903"}],"wp:term":[{"taxonomy":"category","embeddable":true,"href":"https:\/\/toukiela.com\/en\/wp-json\/wp\/v2\/categories?post=6903"},{"taxonomy":"post_tag","embeddable":true,"href":"https:\/\/toukiela.com\/en\/wp-json\/wp\/v2\/tags?post=6903"}],"curies":[{"name":"wp","href":"https:\/\/api.w.org\/{rel}","templated":true}]}}