{"id":5788,"date":"2023-09-13T20:44:26","date_gmt":"2023-09-13T18:44:26","guid":{"rendered":"https:\/\/toukiela.com\/combien-depisodes-comptera-la-saison-3-de-the-morning-show\/"},"modified":"2023-09-13T20:44:27","modified_gmt":"2023-09-13T18:44:27","slug":"combien-depisodes-comptera-la-saison-3-de-the-morning-show","status":"publish","type":"post","link":"https:\/\/toukiela.com\/en\/combien-depisodes-comptera-la-saison-3-de-the-morning-show\/","title":{"rendered":"Combien d&rsquo;\u00e9pisodes comptera la Saison 3 de The Morning Show ?"},"content":{"rendered":"<p><em><\/em><\/p>\n<p> Vous \u00eates un grand fan de la s\u00e9rie \u00ab\u00a0The Morning Show\u00a0\u00bb et vous vous demandez combien d\u2019\u00e9pisodes seront diffus\u00e9s pour la troisi\u00e8me saison ? Vous \u00eates au bon endroit ! Nous allons vous d\u00e9voiler ce que vous pouvez attendre de cette nouvelle saison sur Apple TV+, et surtout, combien d\u2019\u00e9pisodes seront disponibles. <\/p>\n<h2> La troisi\u00e8me saison de The Morning Show : combien d\u2019\u00e9pisodes ? <\/h2>\n<p> Vous l\u2019attendiez avec impatience, la <strong>toute nouvelle saison de The Morning Show<\/strong> est enfin disponible sur Apple TV+ et elle s\u2019annonce tout aussi chaotique et d\u00e9licieusement perturbante que les pr\u00e9c\u00e9dentes. La question qui br\u00fble les l\u00e8vres de tous les fans est simple : <strong>combien d\u2019\u00e9pisodes la troisi\u00e8me saison de The Morning Show comprendra-t-elle ?<\/strong> <\/p>\n<p>La r\u00e9ponse est simple : cette troisi\u00e8me saison compte <strong>10 \u00e9pisodes<\/strong>. C\u2019est le m\u00eame nombre d\u2019\u00e9pisodes que pour les deux premi\u00e8res saisons. Le feuilleton a commenc\u00e9 le 13 septembre 2023 et un nouvel \u00e9pisode sera diffus\u00e9 chaque semaine jusqu\u2019\u00e0 la fin de la saison. <\/p>\n<h2> Que nous r\u00e9serve la troisi\u00e8me saison de The Morning Show ? <\/h2>\n<p> Cette troisi\u00e8me saison de la s\u00e9rie multi-r\u00e9compens\u00e9e aux Emmy Awards promet de vous tenir en haleine avec ses nouvelles intrigues ambitieuses, ses personnages passionnants et ses rebondissements inattendus. <\/p>\n<p> Selon le synopsis officiel d\u2019Apple TV, la <strong>tension monte d\u2019un cran dans la saison 3 de The Morning Show<\/strong>. L\u2019avenir de la cha\u00eene est en jeu et les loyaut\u00e9s sont mises \u00e0 rude \u00e9preuve lorsque une entreprise technologique s\u2019int\u00e9resse \u00e0 UBA. Des alliances inattendues se forment, des v\u00e9rit\u00e9s priv\u00e9es sont utilis\u00e9es comme des armes, et tout le monde est contraint de faire face \u00e0 ses valeurs fondamentales, tant \u00e0 l\u2019int\u00e9rieur qu\u2019\u00e0 l\u2019ext\u00e9rieur de la salle de r\u00e9daction. <\/p>\n<h2> The Morning Show : une s\u00e9rie qui s\u2019annonce toujours plus palpitante <\/h2>\n<p> En reprenant les mots du personnage Cory Ellison, interpr\u00e9t\u00e9 par Billy Crudup, dans la s\u00e9rie : \u00ab\u00a0Il est temps de tout casser et de tout briser. Br\u00fblons tout !\u00a0\u00bb C\u2019est donc une <strong>saison 3 de The Morning Show<\/strong> explosive qui vous attend, avec Alex Levy et Bradley Jackson que vous adorez, ainsi que de nouveaux personnages captivants. <\/p>\n<p> N\u2019attendez plus pour d\u00e9couvrir les nouveaux \u00e9pisodes de cette saison 3 de The Morning Show. Rendez-vous sur Apple TV+ ! <\/p>\n<p> Cet article vous a \u00e9t\u00e9 pr\u00e9sent\u00e9 par Toukiela. <\/p>","protected":false},"excerpt":{"rendered":"","protected":false},"author":1,"featured_media":5790,"comment_status":"open","ping_status":"open","sticky":false,"template":"","format":"standard","meta":{"_seopress_robots_primary_cat":"","_seopress_titles_title":"","_seopress_titles_desc":"","_seopress_robots_index":"","footnotes":""},"categories":[644],"tags":[],"class_list":["post-5788","post","type-post","status-publish","format-standard","has-post-thumbnail","hentry","category-series","generate-columns","tablet-grid-50","mobile-grid-100","grid-parent","grid-50"],"_links":{"self":[{"href":"https:\/\/toukiela.com\/en\/wp-json\/wp\/v2\/posts\/5788","targetHints":{"allow":["GET"]}}],"collection":[{"href":"https:\/\/toukiela.com\/en\/wp-json\/wp\/v2\/posts"}],"about":[{"href":"https:\/\/toukiela.com\/en\/wp-json\/wp\/v2\/types\/post"}],"author":[{"embeddable":true,"href":"https:\/\/toukiela.com\/en\/wp-json\/wp\/v2\/users\/1"}],"replies":[{"embeddable":true,"href":"https:\/\/toukiela.com\/en\/wp-json\/wp\/v2\/comments?post=5788"}],"version-history":[{"count":1,"href":"https:\/\/toukiela.com\/en\/wp-json\/wp\/v2\/posts\/5788\/revisions"}],"predecessor-version":[{"id":5789,"href":"https:\/\/toukiela.com\/en\/wp-json\/wp\/v2\/posts\/5788\/revisions\/5789"}],"wp:featuredmedia":[{"embeddable":true,"href":"https:\/\/toukiela.com\/en\/wp-json\/wp\/v2\/media\/5790"}],"wp:attachment":[{"href":"https:\/\/toukiela.com\/en\/wp-json\/wp\/v2\/media?parent=5788"}],"wp:term":[{"taxonomy":"category","embeddable":true,"href":"https:\/\/toukiela.com\/en\/wp-json\/wp\/v2\/categories?post=5788"},{"taxonomy":"post_tag","embeddable":true,"href":"https:\/\/toukiela.com\/en\/wp-json\/wp\/v2\/tags?post=5788"}],"curies":[{"name":"wp","href":"https:\/\/api.w.org\/{rel}","templated":true}]}}