{"id":5621,"date":"2023-09-10T13:37:16","date_gmt":"2023-09-10T11:37:16","guid":{"rendered":"https:\/\/toukiela.com\/devore-par-les-flammes-que-deviennent-les-filles-de-rosa-peral-aujourdhui\/"},"modified":"2023-09-10T13:37:35","modified_gmt":"2023-09-10T11:37:35","slug":"devore-par-les-flammes-que-deviennent-les-filles-de-rosa-peral-aujourdhui","status":"publish","type":"post","link":"https:\/\/toukiela.com\/en\/devore-par-les-flammes-que-deviennent-les-filles-de-rosa-peral-aujourdhui\/","title":{"rendered":"D\u00e9vor\u00e9 par les Flammes : Que deviennent les filles de Rosa Peral aujourd\u2019hui ?"},"content":{"rendered":"<p><em><\/em><\/p>\n<h2>D\u00e9couvrez ce que deviennent les filles de Rosa Peral aujourd\u2019hui apr\u00e8s D\u00e9vor\u00e9 par les Flammes sur Netflix !<\/h2>\n<p>D\u00e9vor\u00e9 par les Flammes est disponible sur Netflix ! Si vous souhaitez savoir ce que deviennent les filles de Rosa Peral aujourd\u2019hui, lisez la suite ! Lors de la fin de D\u00e9vor\u00e9 par les Flammes, Ester s\u2019est enfin exprim\u00e9e devant le tribunal, et les autorit\u00e9s et le jury ont consid\u00e9r\u00e9 que ses conclusions \u00e9taient les plus proches de la v\u00e9rit\u00e9, ce qui est \u00e9vident, puisque les d\u00e9clarations de Rosa et d\u2019Albert \u00e9taient extr\u00eamement suspectes.<\/p>\n<p>Dans le cas d\u2019Albert Lopez, sept des neuf membres du jury l\u2019ont reconnu coupable de meurtre avec pr\u00e9m\u00e9ditation. L\u2019homme a \u00e9t\u00e9 condamn\u00e9 \u00e0 vingt ans de prison pour ce crime. Dans le cas de Rosa Peral, huit des neuf membres du jury ont estim\u00e9 qu\u2019elle \u00e9tait coupable du meurtre de son petit ami, Pedro Rodriguez. Pour savoir ce que devient Albert Lopez, lisez ceci.<\/p>\n<p>La cour l\u2019a condamn\u00e9e \u00e0 une peine similaire de vingt ans de prison, \u00e0 laquelle elle a ajout\u00e9 cinq ans suppl\u00e9mentaires en raison du fait qu\u2019elle et Pedro \u00e9taient des amants dans une relation officielle. \u00c0 la fin, Rosa et Albert ont fait appel de la d\u00e9cision du tribunal, mais la Cour supr\u00eame a rejet\u00e9 les appels, Rosa pleurant d\u2019avoir perdue ses filles. Alors que deviennent les filles de Rosa Peral aujourd\u2019hui ?<\/p>\n<h2>Que deviennent les filles de Rosa Peral aujourd\u2019hui ?<\/h2>\n<p>L\u2019une des preuves les plus importantes pr\u00e9sent\u00e9es contre Rosa au cours de son proc\u00e8s \u00e9tait cens\u00e9e \u00eatre le t\u00e9moignage d\u2019Antonia, la compagne de Ruben \u00e0 l\u2019\u00e9poque. Le t\u00e9moin en question a affirm\u00e9 qu\u2019une des filles de Rosa Peral lui avait donn\u00e9 des informations qui impliquaient que Rosa Peral avait drogu\u00e9 Pedro la nuit de sa mort. Pour savoir si une saison 2 verra le jour, lisez ceci.<\/p>\n<p>Compte tenu de leur statut de mineures, l\u2019identit\u00e9 des filles de Rosa Peral n\u2019a pas \u00e9t\u00e9 r\u00e9v\u00e9l\u00e9e. Compte tenu de l\u2019attention port\u00e9e \u00e0 l\u2019affaire par les m\u00e9dias espagnols, il ne fait aucun doute que les filles de Rosa Peral auraient fait l\u2019objet d\u2019un examen minutieux. Rosa Peral ayant \u00e9t\u00e9 condamn\u00e9e \u00e0 25 ans de prison, il est probable que ses filles vivent d\u00e9sormais avec leur p\u00e8re, Ruben. Cependant, elles sont toujours en contact avec leur m\u00e8re et lui rendent visite chaque mois en compagnie de Francisco Peral, le p\u00e8re de Rosa.<\/p>\n<p>L\u2019article D\u00e9vor\u00e9 par les Flammes : Que deviennent les filles de Rosa Peral aujourd\u2019hui ? est apparu en premier sur .<\/p>","protected":false},"excerpt":{"rendered":"","protected":false},"author":1,"featured_media":5623,"comment_status":"open","ping_status":"open","sticky":false,"template":"","format":"standard","meta":{"_seopress_robots_primary_cat":"","_seopress_titles_title":"","_seopress_titles_desc":"","_seopress_robots_index":"","footnotes":""},"categories":[645],"tags":[],"class_list":["post-5621","post","type-post","status-publish","format-standard","has-post-thumbnail","hentry","category-netflix","generate-columns","tablet-grid-50","mobile-grid-100","grid-parent","grid-50"],"_links":{"self":[{"href":"https:\/\/toukiela.com\/en\/wp-json\/wp\/v2\/posts\/5621","targetHints":{"allow":["GET"]}}],"collection":[{"href":"https:\/\/toukiela.com\/en\/wp-json\/wp\/v2\/posts"}],"about":[{"href":"https:\/\/toukiela.com\/en\/wp-json\/wp\/v2\/types\/post"}],"author":[{"embeddable":true,"href":"https:\/\/toukiela.com\/en\/wp-json\/wp\/v2\/users\/1"}],"replies":[{"embeddable":true,"href":"https:\/\/toukiela.com\/en\/wp-json\/wp\/v2\/comments?post=5621"}],"version-history":[{"count":0,"href":"https:\/\/toukiela.com\/en\/wp-json\/wp\/v2\/posts\/5621\/revisions"}],"wp:featuredmedia":[{"embeddable":true,"href":"https:\/\/toukiela.com\/en\/wp-json\/wp\/v2\/media\/5623"}],"wp:attachment":[{"href":"https:\/\/toukiela.com\/en\/wp-json\/wp\/v2\/media?parent=5621"}],"wp:term":[{"taxonomy":"category","embeddable":true,"href":"https:\/\/toukiela.com\/en\/wp-json\/wp\/v2\/categories?post=5621"},{"taxonomy":"post_tag","embeddable":true,"href":"https:\/\/toukiela.com\/en\/wp-json\/wp\/v2\/tags?post=5621"}],"curies":[{"name":"wp","href":"https:\/\/api.w.org\/{rel}","templated":true}]}}