{"id":5134,"date":"2023-08-03T14:56:29","date_gmt":"2023-08-03T14:56:29","guid":{"rendered":"https:\/\/toukiela.com\/enfants-56-minutes-devant-un-ecran-des-2-ans-selon-etude-sante-publique-france-pas-decran-avant-3-ans-recommande\/"},"modified":"2023-08-03T14:56:40","modified_gmt":"2023-08-03T14:56:40","slug":"enfants-56-minutes-devant-un-ecran-des-2-ans-selon-etude-sante-publique-france-pas-decran-avant-3-ans-recommande","status":"publish","type":"post","link":"https:\/\/toukiela.com\/en\/enfants-56-minutes-devant-un-ecran-des-2-ans-selon-etude-sante-publique-france-pas-decran-avant-3-ans-recommande\/","title":{"rendered":"Children: 56 minutes in front of a screen from the age of 2, according to a Sant\u00e9 publique France study. No screens before age 3."},"content":{"rendered":"<p><em>D\u2019apr\u00e8s une enqu\u00eate r\u00e9alis\u00e9e par Sant\u00e9 publique France, il a \u00e9t\u00e9 constat\u00e9 qu\u2019\u00e0 partir de l\u2019\u00e2ge de deux ans, les enfants consacrent en moyenne 56 minutes par jour \u00e0 regarder un \u00e9cran. Les sp\u00e9cialistes recommandent de ne pas exposer les enfants de moins de trois ans aux \u00e9crans.<\/em><\/p>\n<p>\u00c9teindre la t\u00e9l\u00e9vision peut \u00eatre un geste difficile pour les plus jeunes. Selon une \u00e9tude men\u00e9e par Sant\u00e9 publique France, d\u00e8s l\u2019\u00e2ge de deux ans, un enfant passe en moyenne 56 minutes par jour devant un \u00e9cran. Cette dur\u00e9e augmente avec l\u2019\u00e2ge, passant \u00e0 1h20 par jour \u00e0 trois ans et demi, puis \u00e0 1h34 \u00e0 cinq ans et demi. De plus, il existe des disparit\u00e9s selon le niveau d\u2019\u00e9tudes des parents et la r\u00e9gion d\u2019habitation. Par exemple, \u00e0 trois ans et demi, un enfant dans les Hauts-de-France consomme en moyenne pr\u00e8s de 26 minutes d\u2019\u00e9cran de plus par jour qu\u2019un enfant en Bretagne. Cette disparit\u00e9 se confirme \u00e9galement \u00e0 l\u2019\u00e2ge de cinq ans et demi. <\/p>\n<p>En outre, les gar\u00e7ons seraient davantage expos\u00e9s aux \u00e9crans que les filles \u00e0 l\u2019\u00e2ge de cinq ans et demi, regardant en moyenne dix minutes de plus par jour. Cependant, cette utilisation excessive comporte des risques. Selon Karine de Leusse Schirtzinger, psychoth\u00e9rapeute et cyberaddictologue, cela peut conduire \u00e0 un enfant qui ne sait plus s\u2019amuser autrement et qui a du mal \u00e0 utiliser son imagination. C\u2019est pourquoi les professionnels recommandent de ne pas utiliser d\u2019\u00e9cran avant l\u2019\u00e2ge de trois ans.<\/p>","protected":false},"excerpt":{"rendered":"","protected":false},"author":15,"featured_media":5289,"comment_status":"open","ping_status":"open","sticky":false,"template":"","format":"standard","meta":{"_seopress_robots_primary_cat":"","_seopress_titles_title":"","_seopress_titles_desc":"","_seopress_robots_index":"","footnotes":""},"categories":[1],"tags":[614,620,619,613,612,320,39,616,37,611,618,617,621,416,615],"class_list":["post-5134","post","type-post","status-publish","format-standard","has-post-thumbnail","hentry","category-uncategorized","tag-ans","tag-avant","tag-decran","tag-des","tag-devant","tag-ecran","tag-enfants","tag-etude","tag-france","tag-minutes","tag-pas","tag-publique","tag-recommande","tag-sante","tag-selon","generate-columns","tablet-grid-50","mobile-grid-100","grid-parent","grid-50"],"_links":{"self":[{"href":"https:\/\/toukiela.com\/en\/wp-json\/wp\/v2\/posts\/5134","targetHints":{"allow":["GET"]}}],"collection":[{"href":"https:\/\/toukiela.com\/en\/wp-json\/wp\/v2\/posts"}],"about":[{"href":"https:\/\/toukiela.com\/en\/wp-json\/wp\/v2\/types\/post"}],"author":[{"embeddable":true,"href":"https:\/\/toukiela.com\/en\/wp-json\/wp\/v2\/users\/15"}],"replies":[{"embeddable":true,"href":"https:\/\/toukiela.com\/en\/wp-json\/wp\/v2\/comments?post=5134"}],"version-history":[{"count":0,"href":"https:\/\/toukiela.com\/en\/wp-json\/wp\/v2\/posts\/5134\/revisions"}],"wp:featuredmedia":[{"embeddable":true,"href":"https:\/\/toukiela.com\/en\/wp-json\/wp\/v2\/media\/5289"}],"wp:attachment":[{"href":"https:\/\/toukiela.com\/en\/wp-json\/wp\/v2\/media?parent=5134"}],"wp:term":[{"taxonomy":"category","embeddable":true,"href":"https:\/\/toukiela.com\/en\/wp-json\/wp\/v2\/categories?post=5134"},{"taxonomy":"post_tag","embeddable":true,"href":"https:\/\/toukiela.com\/en\/wp-json\/wp\/v2\/tags?post=5134"}],"curies":[{"name":"wp","href":"https:\/\/api.w.org\/{rel}","templated":true}]}}