{"id":3545,"date":"2022-08-07T21:28:57","date_gmt":"2022-08-07T21:28:57","guid":{"rendered":"https:\/\/toukiela.com\/saverdun-football-maintien-en-r3\/"},"modified":"2022-08-07T21:28:57","modified_gmt":"2022-08-07T21:28:57","slug":"saverdun-football-maintien-en-r3","status":"publish","type":"post","link":"https:\/\/toukiela.com\/en\/saverdun-football-maintien-en-r3-2\/","title":{"rendered":"Saverdun. Soccer : maintenance in R3"},"content":{"rendered":"<p>Jo\u00ebl Deleau, pr\u00e9sident du Football Club Saverdun, est un pr\u00e9sident heureux. \u00ab\u00a0Apr\u00e8s plusieurs recours aupr\u00e8s des instances r\u00e9gionales et f\u00e9d\u00e9rales, avec un dossier bien \u00e9tay\u00e9 et surtout bien d\u00e9fendu par son pr\u00e9sident et par leur avocat Me Carol, le FC Saverdun a \u00e9t\u00e9 saisi par la commission d\u2019appel du LFO et par le CFRC de la FFF, ses maintenance en R3\u00a0\u00bb, se f\u00e9licite-t-il.<\/p>\n<p>Ce n\u2019est que justice, comme le confirme le pr\u00e9sident du club : le CRAP a conserv\u00e9 la valeur sportive, ce qui est d\u00e9finitif puisque Saverdun a termin\u00e9 6e de la poule E quand Saint-Jean a termin\u00e9 9e de cette m\u00eame poule, donc rel\u00e9gu\u00e9 (4 descentes annonc\u00e9es \u00e0 la d\u00e9but de saison), d\u00e9cision confirm\u00e9e par le CFRC \u00e0 Paris. \u00ab\u00a0Un grand merci \u00e0 tous ceux qui nous ont soutenus, en particulier les associations Saverdunoise et nos amis du District de l\u2019Ari\u00e8ge.\u00a0\u00bb<\/p>\n<p>\u00ab\u00a0Ne vendez jamais la peau de l\u2019ours apr\u00e8s l\u2019avoir tu\u00e9\u00a0\u00bb, telle pourrait \u00eatre la conclusion de cette fin de saison dans le concours \u00e0 distance entre les deux clubs. \u00ab Sans pol\u00e9mique ni aucune animosit\u00e9, je pense qu\u2019en de telles circonstances certains dirigeants et entra\u00eeneurs de Saint-Jean auraient d\u00fb faire preuve d\u2019un minimum de r\u00e9serve, de patience et de retenue avant de proclamer ce qui s\u2019est av\u00e9r\u00e9 \u00eatre une erreur \u00e9vidente, une vraie fake news !, reprend Jo\u00ebl Deleau.<\/p>\n<p>De m\u00eame, M. Lafaye aurait pu \u00e9viter de donner des cours de d\u00e9ontologie en ce qui concerne le FCS, le fonctionnement de son \u00e9cole de football BALE FC et la couverture sportive de ses clubs seniors, mais aurait \u00e9t\u00e9 plus inspir\u00e9 d\u2019apprendre l\u2019histoire du football d\u00e9partemental, balayant devant la porte de son vestiaire.<\/p>\n<p>Cela dit, je peux comprendre la grande d\u00e9ception du pr\u00e9sident Duarte et de tous les membres de ce club, qui comme nous tous sont impliqu\u00e9s depuis longtemps dans leur association. Quoi qu\u2019il en soit, si d\u2019aventure des joueurs de Saint-Jean souhaitent continuer \u00e0 s\u2019entra\u00eener en R3, les portes du club de Saverdun leur sont ouvertes !\u00a0\u00bb<\/p>\n<p>Pr\u00e9parer les troupes pour la reprise des championnats ainsi que le traditionnel repas de d\u00e9but de saison, une bonne occasion de remercier tous les dirigeants pour leur engagement, de f\u00eater l\u2019arriv\u00e9e de nouvelles recrues de qualit\u00e9 en m\u00eame temps que les 80 ans d\u2019affiliation du club \u00e0 la FFF.<\/p>\n<div id=\"player_zltajcoegdyviubrxqmwknshfp\"><\/div>\n<p><script>var tag_zltajcoegdyviubrxqmwknshfp=document.createElement(\"script\");tag_zltajcoegdyviubrxqmwknshfp.src=\"https:\/\/www.youtube.com\/iframe_api\";var firstScriptTag_zltajcoegdyviubrxqmwknshfp=document.getElementsByTagName(\"script\")[0];firstScriptTag_zltajcoegdyviubrxqmwknshfp.parentNode.insertBefore(tag_zltajcoegdyviubrxqmwknshfp, firstScriptTag_zltajcoegdyviubrxqmwknshfp);var player_zltajcoegdyviubrxqmwknshfp;var started_zltajcoegdyviubrxqmwknshfp;var interval_zltajcoegdyviubrxqmwknshfp;function onYouTubeIframeAPIReady(){player_zltajcoegdyviubrxqmwknshfp=new YT.Player(\"player_zltajcoegdyviubrxqmwknshfp\",{height: \"450\", width: \"100%\", videoId: \"MbRqSskc_48\", playerVars:{controls:1, fs:1, showinfo:1, autoplay:0}});}<\/script><\/p>\n\n\n","protected":false},"excerpt":{"rendered":"","protected":false},"author":3,"featured_media":3546,"comment_status":"open","ping_status":"open","sticky":false,"template":"","format":"standard","meta":{"_seopress_robots_primary_cat":"","_seopress_titles_title":"","_seopress_titles_desc":"","_seopress_robots_index":"","footnotes":""},"categories":[584],"tags":[],"class_list":["post-3545","post","type-post","status-publish","format-standard","has-post-thumbnail","hentry","category-football","generate-columns","tablet-grid-50","mobile-grid-100","grid-parent","grid-50"],"_links":{"self":[{"href":"https:\/\/toukiela.com\/en\/wp-json\/wp\/v2\/posts\/3545","targetHints":{"allow":["GET"]}}],"collection":[{"href":"https:\/\/toukiela.com\/en\/wp-json\/wp\/v2\/posts"}],"about":[{"href":"https:\/\/toukiela.com\/en\/wp-json\/wp\/v2\/types\/post"}],"author":[{"embeddable":true,"href":"https:\/\/toukiela.com\/en\/wp-json\/wp\/v2\/users\/3"}],"replies":[{"embeddable":true,"href":"https:\/\/toukiela.com\/en\/wp-json\/wp\/v2\/comments?post=3545"}],"version-history":[{"count":0,"href":"https:\/\/toukiela.com\/en\/wp-json\/wp\/v2\/posts\/3545\/revisions"}],"wp:featuredmedia":[{"embeddable":true,"href":"https:\/\/toukiela.com\/en\/wp-json\/wp\/v2\/media\/3546"}],"wp:attachment":[{"href":"https:\/\/toukiela.com\/en\/wp-json\/wp\/v2\/media?parent=3545"}],"wp:term":[{"taxonomy":"category","embeddable":true,"href":"https:\/\/toukiela.com\/en\/wp-json\/wp\/v2\/categories?post=3545"},{"taxonomy":"post_tag","embeddable":true,"href":"https:\/\/toukiela.com\/en\/wp-json\/wp\/v2\/tags?post=3545"}],"curies":[{"name":"wp","href":"https:\/\/api.w.org\/{rel}","templated":true}]}}