{"id":3414,"date":"2022-08-06T20:24:33","date_gmt":"2022-08-06T20:24:33","guid":{"rendered":"https:\/\/toukiela.com\/grand-frais-montpellier\/"},"modified":"2022-08-30T10:49:50","modified_gmt":"2022-08-30T10:49:50","slug":"grand-frais-montpellier","status":"publish","type":"post","link":"https:\/\/toukiela.com\/en\/grand-frais-montpellier\/","title":{"rendered":"Grand Frais Montpellier"},"content":{"rendered":"<p><iframe title=\"catalogue GRAND FRAIS du 22 au 27 ao\u00fbt 2022 \ud83d\ude0d Arrivage - FRANCE\" width=\"1200\" height=\"675\" src=\"https:\/\/www.youtube-nocookie.com\/embed\/oWH5nvDXZpo?feature=oembed\" frameborder=\"0\" allow=\"accelerometer; autoplay; clipboard-write; encrypted-media; gyroscope; picture-in-picture; web-share\" allowfullscreen><\/iframe><\/p>\r\n<div id=\"ez-toc-container\" class=\"ez-toc-v2_0_82_2 counter-hierarchy ez-toc-counter ez-toc-grey ez-toc-container-direction\">\n<p class=\"ez-toc-title\" style=\"cursor:inherit\">Sommaire<\/p>\n<label for=\"ez-toc-cssicon-toggle-item-69f20eace069e\" class=\"ez-toc-cssicon-toggle-label\"><span class=\"\"><span class=\"eztoc-hide\" style=\"display:none;\">Toggle<\/span><span class=\"ez-toc-icon-toggle-span\"><svg style=\"fill: #999;color:#999\" xmlns=\"http:\/\/www.w3.org\/2000\/svg\" class=\"list-377408\" width=\"20px\" height=\"20px\" viewBox=\"0 0 24 24\" fill=\"none\"><path d=\"M6 6H4v2h2V6zm14 0H8v2h12V6zM4 11h2v2H4v-2zm16 0H8v2h12v-2zM4 16h2v2H4v-2zm16 0H8v2h12v-2z\" fill=\"currentColor\"><\/path><\/svg><svg style=\"fill: #999;color:#999\" class=\"arrow-unsorted-368013\" xmlns=\"http:\/\/www.w3.org\/2000\/svg\" width=\"10px\" height=\"10px\" viewBox=\"0 0 24 24\" version=\"1.2\" baseProfile=\"tiny\"><path d=\"M18.2 9.3l-6.2-6.3-6.2 6.3c-.2.2-.3.4-.3.7s.1.5.3.7c.2.2.4.3.7.3h11c.3 0 .5-.1.7-.3.2-.2.3-.5.3-.7s-.1-.5-.3-.7zM5.8 14.7l6.2 6.3 6.2-6.3c.2-.2.3-.5.3-.7s-.1-.5-.3-.7c-.2-.2-.4-.3-.7-.3h-11c-.3 0-.5.1-.7.3-.2.2-.3.5-.3.7s.1.5.3.7z\"\/><\/svg><\/span><\/span><\/label><input type=\"checkbox\"  id=\"ez-toc-cssicon-toggle-item-69f20eace069e\"  aria-label=\"Toggle\" \/><nav><ul class='ez-toc-list ez-toc-list-level-1 ' ><li class='ez-toc-page-1 ez-toc-heading-level-2'><a class=\"ez-toc-link ez-toc-heading-1\" href=\"https:\/\/toukiela.com\/en\/grand-frais-montpellier\/#Qui_se_cache_derriere_Grand_Frais\" >Qui se cache derri\u00e8re Grand Frais ?<\/a><ul class='ez-toc-list-level-3' ><li class='ez-toc-heading-level-3'><a class=\"ez-toc-link ez-toc-heading-2\" href=\"https:\/\/toukiela.com\/en\/grand-frais-montpellier\/#Pourquoi_Grand_Frais_ne_fait_pas_de_bio\" >Pourquoi Grand Frais ne fait pas de bio ?<\/a><\/li><li class='ez-toc-page-1 ez-toc-heading-level-3'><a class=\"ez-toc-link ez-toc-heading-3\" href=\"https:\/\/toukiela.com\/en\/grand-frais-montpellier\/#Qui_sont_les_freres_Bahadourian\" >Qui sont les fr\u00e8res Bahadourian ?<\/a><\/li><\/ul><\/li><li class='ez-toc-page-1 ez-toc-heading-level-2'><a class=\"ez-toc-link ez-toc-heading-4\" href=\"https:\/\/toukiela.com\/en\/grand-frais-montpellier\/#Est-ce_que_Marie_Blachere_fait_son_pain\" >Est-ce que Marie Blach\u00e8re fait son pain ?<\/a><ul class='ez-toc-list-level-3' ><li class='ez-toc-heading-level-3'><a class=\"ez-toc-link ez-toc-heading-5\" href=\"https:\/\/toukiela.com\/en\/grand-frais-montpellier\/#Ou_est_fabrique_le_pain_de_Marie_Blachere\" >O\u00f9 est fabriqu\u00e9 le pain de Marie Blach\u00e8re ?<\/a><\/li><li class='ez-toc-page-1 ez-toc-heading-level-3'><a class=\"ez-toc-link ez-toc-heading-6\" href=\"https:\/\/toukiela.com\/en\/grand-frais-montpellier\/#Quelle_est_la_qualite_du_pain_de_Marie_Blachere\" >Quelle est la qualit\u00e9 du pain de Marie Blach\u00e8re ?<\/a><\/li><\/ul><\/li><li class='ez-toc-page-1 ez-toc-heading-level-2'><a class=\"ez-toc-link ez-toc-heading-7\" href=\"https:\/\/toukiela.com\/en\/grand-frais-montpellier\/#Quel_est_lancien_nom_de_Grand_Frais\" >Quel est l\u2019ancien nom de Grand Frais ?<\/a><ul class='ez-toc-list-level-3' ><li class='ez-toc-heading-level-3'><a class=\"ez-toc-link ez-toc-heading-8\" href=\"https:\/\/toukiela.com\/en\/grand-frais-montpellier\/#Quelle_est_lorigine_des_magasins_Grand_Frais\" >Quelle est l\u2019origine des magasins Grand Frais ?<\/a><\/li><li class='ez-toc-page-1 ez-toc-heading-level-3'><a class=\"ez-toc-link ez-toc-heading-9\" href=\"https:\/\/toukiela.com\/en\/grand-frais-montpellier\/#Qui_est_proprietaire_des_magasins_Grand_Frais\" >Qui est propri\u00e9taire des magasins Grand Frais ?<\/a><\/li><\/ul><\/li><li class='ez-toc-page-1 ez-toc-heading-level-2'><a class=\"ez-toc-link ez-toc-heading-10\" href=\"https:\/\/toukiela.com\/en\/grand-frais-montpellier\/#Qui_a_rachete_Marie_Blachere\" >Qui a rachet\u00e9 Marie Blach\u00e8re ?<\/a><ul class='ez-toc-list-level-3' ><li class='ez-toc-heading-level-3'><a class=\"ez-toc-link ez-toc-heading-11\" href=\"https:\/\/toukiela.com\/en\/grand-frais-montpellier\/#Quel_est_le_chiffre_daffaire_de_Marie_Blachere\" >Quel est le chiffre d\u2019affaire de Marie Blach\u00e8re ?<\/a><\/li><li class='ez-toc-page-1 ez-toc-heading-level-3'><a class=\"ez-toc-link ez-toc-heading-12\" href=\"https:\/\/toukiela.com\/en\/grand-frais-montpellier\/#Est-ce_que_les_boulangeries_Marie_Blachere_sont_a_vendre\" >Est-ce que les boulangeries Marie Blach\u00e8re sont \u00e0 vendre ?<\/a><\/li><li class='ez-toc-page-1 ez-toc-heading-level-3'><a class=\"ez-toc-link ez-toc-heading-13\" href=\"https:\/\/toukiela.com\/en\/grand-frais-montpellier\/#Ou_est_fabrique_le_pain_de_Marie_Blachere-2\" >O\u00f9 est fabriqu\u00e9 le pain de Marie Blach\u00e8re ?<\/a><\/li><\/ul><\/li><\/ul><\/nav><\/div>\n<h2 class=\"wp-block-heading\"><span class=\"ez-toc-section\" id=\"Qui_se_cache_derriere_Grand_Frais\"><\/span>Qui se cache derri\u00e8re Grand Frais ?<span class=\"ez-toc-section-end\"><\/span><\/h2>\r\n\r\n\r\n\r\n<p>En pr\u00e8s de trente ans, le fondateur de Grand Frais Denis Dumont et les fr\u00e8res L\u00e9o et Patrick Bahadourian, \u00e0 la t\u00eate du rayon \u00e9picerie, ont accumul\u00e9 une grosse fortune. Et comme de nombreux multimillionnaires fran\u00e7ais, ils se sont install\u00e9s en Suisse.<\/p>\r\n\r\n\r\n\r\n<p>Qui rach\u00e8tera Grand Frais ? Maintenant c\u2019est fait. Prosol, principal acteur de la soci\u00e9t\u00e9 d\u2019exploitation Grand Frais (fruits et l\u00e9gumes, poissonnerie, lait) a finalis\u00e9 le rachat par Oc\u00e9alliance, premier grossiste fran\u00e7ais (220 M\u00e2\u00ac de chiffre d\u2019affaires).<\/p>\r\n\r\n\r\n\r\n<h3 class=\"wp-block-heading\"><span class=\"ez-toc-section\" id=\"Pourquoi_Grand_Frais_ne_fait_pas_de_bio\"><\/span>Pourquoi Grand Frais ne fait pas de bio ?<span class=\"ez-toc-section-end\"><\/span><\/h3>\r\n\r\n\r\n\r\n<p>Pourquoi n\u2019y a-t-il pas de bio \u00e0 Grand Frais ? Nous sommes particuli\u00e8rement soucieux de notre impact sur l\u2019environnement. L\u2019agriculture biologique est une r\u00e9ponse pour participer \u00e0 la transition agricole. HVE en est un aussi.<\/p>\r\n\r\n\r\n\r\n<h3 class=\"wp-block-heading\"><span class=\"ez-toc-section\" id=\"Qui_sont_les_freres_Bahadourian\"><\/span>Qui sont les fr\u00e8res Bahadourian ?<span class=\"ez-toc-section-end\"><\/span><\/h3>\r\n\r\n\r\n\r\n<p>H\u00e9ritiers de la dynastie des \u00e9piciers lyonnais, L\u00e9o et Patrick Bahadourian dirigent une lucrative affaire familiale de grossiste avec un certain app\u00e9tit pour les paradis fiscaux, le Luxembourg en t\u00eate.<\/p>\r\n\r\n\r\n\r\n<h2 class=\"wp-block-heading\"><span class=\"ez-toc-section\" id=\"Est-ce_que_Marie_Blachere_fait_son_pain\"><\/span>Est-ce que Marie Blach\u00e8re fait son pain ?<span class=\"ez-toc-section-end\"><\/span><\/h2>\r\n\r\n\r\n\r\n<p>Votre pain est-il un produit industriel ? Non, tous nos pains sont p\u00e9tris, fa\u00e7onn\u00e9s et cuits sur place, dans chacune de nos boulangeries et boulangers, en respectant scrupuleusement chaque \u00e9tape de fabrication.<\/p>\r\n\r\n\r\n\r\n<p>Comment faire du pain \u00e0 Marie Blach\u00e8re ? 5 ingr\u00e9dients, une recette unique et un go\u00fbt incomparable : notre Baguette de Marie est compos\u00e9e de farine de bl\u00e9 fran\u00e7ais, de levain fait sur place, d\u2019eau, de levure et de sel. Sa mie moelleuse et alv\u00e9ol\u00e9e et sa cro\u00fbte croustillante seront l\u2019alli\u00e9 parfait de tous vos repas !<\/p>\r\n\r\n\r\n\r\n<h3 class=\"wp-block-heading\"><span class=\"ez-toc-section\" id=\"Ou_est_fabrique_le_pain_de_Marie_Blachere\"><\/span>O\u00f9 est fabriqu\u00e9 le pain de Marie Blach\u00e8re ?<span class=\"ez-toc-section-end\"><\/span><\/h3>\r\n\r\n\r\n\r\n<p>Marie Blach\u00e8re roulera pour la premi\u00e8re fois dans les C\u00f4tes-d\u2019Armor en remplacement de Quick (Circle Coppens), habituellement cet \u00e9t\u00e9. Cela fait sensation parmi les artisans boulangers de Lannion, dont deux sont implant\u00e9s dans le quartier Saint-Marc.<\/p>\r\n\r\n\r\n\r\n<h3 class=\"wp-block-heading\"><span class=\"ez-toc-section\" id=\"Quelle_est_la_qualite_du_pain_de_Marie_Blachere\"><\/span>Quelle est la qualit\u00e9 du pain de Marie Blach\u00e8re ?<span class=\"ez-toc-section-end\"><\/span><\/h3>\r\n\r\n\r\n\r\n<p>Bons points. Le croustillant exceptionnel de la cro\u00fbte est une des caract\u00e9ristiques de la Baguette de Marie Marie Blach\u00e8re. De plus, la m\u00eame cro\u00fbte est caram\u00e9lis\u00e9e, ce qui donne \u00e0 la baguette un ar\u00f4me agr\u00e9able. Une autre singularit\u00e9 de la Baguette de Marie est son nid d\u2019abeille.<\/p>\r\n\r\n\r\n\r\n<h2 class=\"wp-block-heading\"><span class=\"ez-toc-section\" id=\"Quel_est_lancien_nom_de_Grand_Frais\"><\/span>Quel est l\u2019ancien nom de Grand Frais ?<span class=\"ez-toc-section-end\"><\/span><\/h2>\r\n\r\n\r\n\r\n<p>Prosol, la branche fruits et l\u00e9gumes de l\u2019enseigne, qui p\u00e8se \u00e0 elle seule plus de 3 milliards d\u2019euros, a lanc\u00e9 il y a un an Mon-march\u00e9.fr, une offre e-commerce de produits frais. C\u2019est Denis Dumont, le fondateur de Grand Frais, qui est \u00e0 l\u2019origine de cette nouvelle version de la marque.<\/p>\r\n\r\n\r\n\r\n<p>Pourquoi Marie Blach\u00e8re et Grand Frais ? Pour compl\u00e9ter son offre, la marque a sign\u00e9 un partenariat avec le groupe Marie-Blach\u00e8re afin de proposer des produits \u00e0 l\u2019image de Grand Frais : pains et viennoiseries compl\u00e8tent l\u2019espace.<\/p>\r\n\r\n\r\n\r\n<h3 class=\"wp-block-heading\"><span class=\"ez-toc-section\" id=\"Quelle_est_lorigine_des_magasins_Grand_Frais\"><\/span>Quelle est l\u2019origine des magasins Grand Frais ?<span class=\"ez-toc-section-end\"><\/span><\/h3>\r\n\r\n\r\n\r\n<p>Cr\u00e9\u00e9 en 1992 dans la r\u00e9gion lyonnaise par Denis Dumont, grossiste en fruits et l\u00e9gumes, Grand Frais est sp\u00e9cialis\u00e9 dans les primeurs, bouchers et produits laitiers et r\u00e9aliserait un chiffre d\u2019affaires d\u2019environ 1,8 milliard d\u2019euros.<\/p>\r\n\r\n\r\n\r\n<h3 class=\"wp-block-heading\"><span class=\"ez-toc-section\" id=\"Qui_est_proprietaire_des_magasins_Grand_Frais\"><\/span>Qui est propri\u00e9taire des magasins Grand Frais ?<span class=\"ez-toc-section-end\"><\/span><\/h3>\r\n\r\n\r\n\r\n<p>En 2020, les fr\u00e8res Bahadourian c\u00e8dent 60% d\u2019Euro Ethnic Foods, responsable du commerce de gros de Grand Frais, au fonds d\u2019investissement PAI Partners. Euro Ethnic Foods r\u00e9alisait alors un chiffre d\u2019affaires de 450 millions d\u2019euros.<\/p>\r\n\r\n\r\n\r\n<h2 class=\"wp-block-heading\"><span class=\"ez-toc-section\" id=\"Qui_a_rachete_Marie_Blachere\"><\/span>Qui a rachet\u00e9 Marie Blach\u00e8re ?<span class=\"ez-toc-section-end\"><\/span><\/h2>\r\n\r\n\r\n\r\n<p>L\u2019activit\u00e9 d\u2019\u00e9picerie, d\u00e9tenue par Euro Ethnic Foods, a \u00e9t\u00e9 rachet\u00e9e pour plus d\u2019un milliard d\u2019euros par PAI Partners fin 2020, tandis que Prosol \u2013 la division des fruits et l\u00e9gumes, du poisson et de la cr\u00e8me \u2013 a d\u00fb \u00eatre revendue. an.<\/p>\r\n\r\n\r\n\r\n<p>\u00c0 qui appartient Marie Blach\u00e8re ? En 2004, Bernard Blach\u00e8re et sa fille Marie, d\u00e9cident d\u2019ouvrir une boulangerie \u00e0 Salon de Provence, avec un concept diff\u00e9rent des autres : la pr\u00e9sentation des produits comme au march\u00e9. Le concept est int\u00e9ressant\u2026 Depuis, la boulangerie Marie Blach\u00e8re a travers\u00e9 l\u2019Atlantique et s\u00e9duit de nouveaux gourmands.<\/p>\r\n\r\n\r\n\r\n<h3 class=\"wp-block-heading\"><span class=\"ez-toc-section\" id=\"Quel_est_le_chiffre_daffaire_de_Marie_Blachere\"><\/span>Quel est le chiffre d\u2019affaire de Marie Blach\u00e8re ?<span class=\"ez-toc-section-end\"><\/span><\/h3>\r\n\r\n\r\n\r\n<p>Marie Blach\u00e8re devrait atteindre 650 unit\u00e9s d\u2019ici fin 2021 pour un chiffre d\u2019affaires d\u2019environ 780 M\u00e2\u00ac et pr\u00e8s de 10 000 salari\u00e9s.<\/p>\r\n\r\n\r\n\r\n<h3 class=\"wp-block-heading\"><span class=\"ez-toc-section\" id=\"Est-ce_que_les_boulangeries_Marie_Blachere_sont_a_vendre\"><\/span>Est-ce que les boulangeries Marie Blach\u00e8re sont \u00e0 vendre ?<span class=\"ez-toc-section-end\"><\/span><\/h3>\r\n\r\n\r\n\r\n<p>La nouvelle a eu un effet sismique sur le groupe familial et a provoqu\u00e9 un profond \u00e9moi dans l\u2019\u00e9quipe !<\/p>\r\n\r\n\r\n\r\n<h3 class=\"wp-block-heading\"><span class=\"ez-toc-section\" id=\"Ou_est_fabrique_le_pain_de_Marie_Blachere-2\"><\/span>O\u00f9 est fabriqu\u00e9 le pain de Marie Blach\u00e8re ?<span class=\"ez-toc-section-end\"><\/span><\/h3>\r\n\r\n\r\n\r\n<p>Marie Blach\u00e8re roulera pour la premi\u00e8re fois dans les C\u00f4tes-d\u2019Armor en remplacement de Quick (Circle Coppens), habituellement cet \u00e9t\u00e9. Cela fait sensation parmi les artisans boulangers de Lannion, dont deux sont implant\u00e9s dans le quartier Saint-Marc.<\/p>\r\n\r\n<p><script type=\"application\/ld+json\">{\"@context\":\"https:\/\/schema.org\",\"@type\":\"FAQPage\",\"mainEntity\":[{\"@type\":\"Question\",\"name\":\"Qui se cache derri&egrave;re Grand Frais ?\",\"acceptedAnswer\":{\"@type\":\"Answer\",\"text\":\"En pr&egrave;s de trente ans, le fondateur de Grand Frais Denis Dumont et les fr&egrave;res L&eacute;o et Patrick Bahadourian, &agrave; la t&ecirc;te du rayon &eacute;picerie, ont accumul&eacute; une grosse fortune. Et comme de nombreux multimillionnaires fran&ccedil;ais, ils se sont install&eacute;s en Suisse.Qui rach&egrave;tera Grand Frais ? Maintenant c'est fait. Prosol, principal acteur de la soci&eacute;t&eacute; d'exploitation Grand Frais (fruits et l&eacute;gumes, poissonnerie, lait) a finalis&eacute; le rachat par Oc&eacute;alliance, premier grossiste fran&ccedil;ais (220 M&acirc;&not; de chiffre d'affaires).\"}},{\"@type\":\"Question\",\"name\":\"Est-ce que Marie Blach&egrave;re fait son pain ?\",\"acceptedAnswer\":{\"@type\":\"Answer\",\"text\":\"Votre pain est-il un produit industriel ? Non, tous nos pains sont p&eacute;tris, fa&ccedil;onn&eacute;s et cuits sur place, dans chacune de nos boulangeries et boulangers, en respectant scrupuleusement chaque &eacute;tape de fabrication.Comment faire du pain &agrave; Marie Blach&egrave;re ? 5 ingr&eacute;dients, une recette unique et un go&ucirc;t incomparable : notre Baguette de Marie est compos&eacute;e de farine de bl&eacute; fran&ccedil;ais, de levain fait sur place, d'eau, de levure et de sel. Sa mie moelleuse et alv&eacute;ol&eacute;e et sa cro&ucirc;te croustillante seront l'alli&eacute; parfait de tous vos repas !\"}},{\"@type\":\"Question\",\"name\":\"Quel est l'ancien nom de Grand Frais ?\",\"acceptedAnswer\":{\"@type\":\"Answer\",\"text\":\"Prosol, la branche fruits et l&eacute;gumes de l'enseigne, qui p&egrave;se &agrave; elle seule plus de 3 milliards d'euros, a lanc&eacute; il y a un an Mon-march&eacute;.fr, une offre e-commerce de produits frais. C'est Denis Dumont, le fondateur de Grand Frais, qui est &agrave; l'origine de cette nouvelle version de la marque.Pourquoi Marie Blach&egrave;re et Grand Frais ? Pour compl&eacute;ter son offre, la marque a sign&eacute; un partenariat avec le groupe Marie-Blach&egrave;re afin de proposer des produits &agrave; l'image de Grand Frais : pains et viennoiseries compl&egrave;tent l'espace.\"}},{\"@type\":\"Question\",\"name\":\"Qui a rachet&eacute; Marie Blach&egrave;re ?\",\"acceptedAnswer\":{\"@type\":\"Answer\",\"text\":\"L'activit&eacute; d'&eacute;picerie, d&eacute;tenue par Euro Ethnic Foods, a &eacute;t&eacute; rachet&eacute;e pour plus d'un milliard d'euros par PAI Partners fin 2020, tandis que Prosol - la division des fruits et l&eacute;gumes, du poisson et de la cr&egrave;me - a d&ucirc; &ecirc;tre revendue. an.&Agrave; qui appartient Marie Blach&egrave;re ? En 2004, Bernard Blach&egrave;re et sa fille Marie, d&eacute;cident d'ouvrir une boulangerie &agrave; Salon de Provence, avec un concept diff&eacute;rent des autres : la pr&eacute;sentation des produits comme au march&eacute;. Le concept est int&eacute;ressant&hellip; Depuis, la boulangerie Marie Blach&egrave;re a travers&eacute; l'Atlantique et s&eacute;duit de nouveaux gourmands.\"}}]}<\/script><\/p>\n\n","protected":false},"excerpt":{"rendered":"","protected":false},"author":3,"featured_media":3415,"comment_status":"open","ping_status":"open","sticky":false,"template":"","format":"standard","meta":{"_seopress_robots_primary_cat":"none","_seopress_titles_title":"","_seopress_titles_desc":"","_seopress_robots_index":"","footnotes":""},"categories":[31],"tags":[],"class_list":["post-3414","post","type-post","status-publish","format-standard","has-post-thumbnail","hentry","category-life-style","generate-columns","tablet-grid-50","mobile-grid-100","grid-parent","grid-50"],"_links":{"self":[{"href":"https:\/\/toukiela.com\/en\/wp-json\/wp\/v2\/posts\/3414","targetHints":{"allow":["GET"]}}],"collection":[{"href":"https:\/\/toukiela.com\/en\/wp-json\/wp\/v2\/posts"}],"about":[{"href":"https:\/\/toukiela.com\/en\/wp-json\/wp\/v2\/types\/post"}],"author":[{"embeddable":true,"href":"https:\/\/toukiela.com\/en\/wp-json\/wp\/v2\/users\/3"}],"replies":[{"embeddable":true,"href":"https:\/\/toukiela.com\/en\/wp-json\/wp\/v2\/comments?post=3414"}],"version-history":[{"count":0,"href":"https:\/\/toukiela.com\/en\/wp-json\/wp\/v2\/posts\/3414\/revisions"}],"wp:featuredmedia":[{"embeddable":true,"href":"https:\/\/toukiela.com\/en\/wp-json\/wp\/v2\/media\/3415"}],"wp:attachment":[{"href":"https:\/\/toukiela.com\/en\/wp-json\/wp\/v2\/media?parent=3414"}],"wp:term":[{"taxonomy":"category","embeddable":true,"href":"https:\/\/toukiela.com\/en\/wp-json\/wp\/v2\/categories?post=3414"},{"taxonomy":"post_tag","embeddable":true,"href":"https:\/\/toukiela.com\/en\/wp-json\/wp\/v2\/tags?post=3414"}],"curies":[{"name":"wp","href":"https:\/\/api.w.org\/{rel}","templated":true}]}}