{"id":2560,"date":"2022-06-22T01:15:42","date_gmt":"2022-06-22T01:15:42","guid":{"rendered":"https:\/\/toukiela.com\/comment-revoir-toutes-les-saisons-de-plus-belle-la-vie-month-year\/"},"modified":"2022-08-30T12:49:11","modified_gmt":"2022-08-30T12:49:11","slug":"comment-revoir-toutes-les-saisons-de-plus-belle-la-vie-month-year","status":"publish","type":"post","link":"https:\/\/toukiela.com\/en\/how-to-see-all-seasons-of-more-beautiful-life-year\/","title":{"rendered":"Comment revoir toutes les saisons de Plus belle la vie ? April 2026"},"content":{"rendered":"<p><iframe title=\"Plus belle la vie en avance : r\u00e9sum\u00e9 de l'\u00e9pisode du mercredi 24 ao\u00fbt 2022 [SPOILERS]\" width=\"1200\" height=\"675\" src=\"https:\/\/www.youtube-nocookie.com\/embed\/cQ4pVXYReQg?feature=oembed\" frameborder=\"0\" allow=\"accelerometer; autoplay; clipboard-write; encrypted-media; gyroscope; picture-in-picture; web-share\" allowfullscreen><\/iframe><\/p>\r\n<p>Pour regarder toutes les saisons de Plus belle la vie, vous pouvez suivre les \u00e9tapes suivantes :<\/p>\r\n<p>1. Rendez-vous sur le site de Plus belle la vie.<\/p>\r\n<p>2. Cliquez sur \u00ab\u00a0\u00c9pisodes\u00a0\u00bb<\/p>\r\n<p>3. Faites d\u00e9filer la liste des saisons et cliquez sur celle que vous voulez regarder.<\/p>\r\n<p>4. Cliquez sur le bouton \u00ab\u00a0Play\u00a0\u00bb pour commencer \u00e0 regarder.<\/p>\r\n<p>Plus belle la vie est un feuilleton t\u00e9l\u00e9vis\u00e9 fran\u00e7ais diffus\u00e9 depuis 2004. Le feuilleton suit la vie des habitants de la ville fictive du Mistral, et est tr\u00e8s populaire en France, avec plus de six millions de t\u00e9l\u00e9spectateurs chaque semaine.<\/p>\r\n<div id=\"ez-toc-container\" class=\"ez-toc-v2_0_82_2 counter-hierarchy ez-toc-counter ez-toc-grey ez-toc-container-direction\">\n<p class=\"ez-toc-title\" style=\"cursor:inherit\">Sommaire<\/p>\n<label for=\"ez-toc-cssicon-toggle-item-69f1c64c8f0fa\" class=\"ez-toc-cssicon-toggle-label\"><span class=\"\"><span class=\"eztoc-hide\" style=\"display:none;\">Toggle<\/span><span class=\"ez-toc-icon-toggle-span\"><svg style=\"fill: #999;color:#999\" xmlns=\"http:\/\/www.w3.org\/2000\/svg\" class=\"list-377408\" width=\"20px\" height=\"20px\" viewBox=\"0 0 24 24\" fill=\"none\"><path d=\"M6 6H4v2h2V6zm14 0H8v2h12V6zM4 11h2v2H4v-2zm16 0H8v2h12v-2zM4 16h2v2H4v-2zm16 0H8v2h12v-2z\" fill=\"currentColor\"><\/path><\/svg><svg style=\"fill: #999;color:#999\" class=\"arrow-unsorted-368013\" xmlns=\"http:\/\/www.w3.org\/2000\/svg\" width=\"10px\" height=\"10px\" viewBox=\"0 0 24 24\" version=\"1.2\" baseProfile=\"tiny\"><path d=\"M18.2 9.3l-6.2-6.3-6.2 6.3c-.2.2-.3.4-.3.7s.1.5.3.7c.2.2.4.3.7.3h11c.3 0 .5-.1.7-.3.2-.2.3-.5.3-.7s-.1-.5-.3-.7zM5.8 14.7l6.2 6.3 6.2-6.3c.2-.2.3-.5.3-.7s-.1-.5-.3-.7c-.2-.2-.4-.3-.7-.3h-11c-.3 0-.5.1-.7.3-.2.2-.3.5-.3.7s.1.5.3.7z\"\/><\/svg><\/span><\/span><\/label><input type=\"checkbox\"  id=\"ez-toc-cssicon-toggle-item-69f1c64c8f0fa\"  aria-label=\"Toggle\" \/><nav><ul class='ez-toc-list ez-toc-list-level-1 ' ><li class='ez-toc-page-1 ez-toc-heading-level-2'><a class=\"ez-toc-link ez-toc-heading-1\" href=\"https:\/\/toukiela.com\/en\/how-to-see-all-seasons-of-more-beautiful-life-year\/#Pourquoi_je_ne_capte_plus_la_3\" >Pourquoi je ne capte plus la 3 ?<\/a><ul class='ez-toc-list-level-3' ><li class='ez-toc-heading-level-3'><a class=\"ez-toc-link ez-toc-heading-2\" href=\"https:\/\/toukiela.com\/en\/how-to-see-all-seasons-of-more-beautiful-life-year\/#Pourquoi_je_nai_pas_France_2_et_France_3\" >Pourquoi je n\u2019ai pas France 2 et France 3 ?<\/a><ul class='ez-toc-list-level-4' ><li class='ez-toc-heading-level-4'><a class=\"ez-toc-link ez-toc-heading-3\" href=\"https:\/\/toukiela.com\/en\/how-to-see-all-seasons-of-more-beautiful-life-year\/#Comment_capter_France_2\" >Comment capter France 2 ?<\/a><\/li><li class='ez-toc-page-1 ez-toc-heading-level-4'><a class=\"ez-toc-link ez-toc-heading-4\" href=\"https:\/\/toukiela.com\/en\/how-to-see-all-seasons-of-more-beautiful-life-year\/#Pourquoi_je_ne_recois_pas_les_chaines_France_television\" >Pourquoi je ne re\u00e7ois pas les cha\u00eenes France t\u00e9l\u00e9vision ?<\/a><\/li><\/ul><\/li><li class='ez-toc-page-1 ez-toc-heading-level-3'><a class=\"ez-toc-link ez-toc-heading-5\" href=\"https:\/\/toukiela.com\/en\/how-to-see-all-seasons-of-more-beautiful-life-year\/#Comment_faire_pour_avoir_la_chaine_3\" >Comment faire pour avoir la cha\u00eene 3 ?<\/a><ul class='ez-toc-list-level-4' ><li class='ez-toc-heading-level-4'><a class=\"ez-toc-link ez-toc-heading-6\" href=\"https:\/\/toukiela.com\/en\/how-to-see-all-seasons-of-more-beautiful-life-year\/#Comment_mettre_France_3_Occitanie\" >Comment mettre France 3 Occitanie ?<\/a><\/li><li class='ez-toc-page-1 ez-toc-heading-level-4'><a class=\"ez-toc-link ez-toc-heading-7\" href=\"https:\/\/toukiela.com\/en\/how-to-see-all-seasons-of-more-beautiful-life-year\/#Comment_regarder_la_3_en_direct\" >Comment regarder la 3 en direct ?<\/a><\/li><\/ul><\/li><li class='ez-toc-page-1 ez-toc-heading-level-3'><a class=\"ez-toc-link ez-toc-heading-8\" href=\"https:\/\/toukiela.com\/en\/how-to-see-all-seasons-of-more-beautiful-life-year\/#Pourquoi_je_nai_plus_toutes_les_chaines\" >Pourquoi je n\u2019ai plus toutes les cha\u00eenes ?<\/a><ul class='ez-toc-list-level-4' ><li class='ez-toc-heading-level-4'><a class=\"ez-toc-link ez-toc-heading-9\" href=\"https:\/\/toukiela.com\/en\/how-to-see-all-seasons-of-more-beautiful-life-year\/#Pourquoi_je_ne_recois_pas_la_chaine_21\" >Pourquoi je ne re\u00e7ois pas la chaine 21 ?<\/a><\/li><li class='ez-toc-page-1 ez-toc-heading-level-4'><a class=\"ez-toc-link ez-toc-heading-10\" href=\"https:\/\/toukiela.com\/en\/how-to-see-all-seasons-of-more-beautiful-life-year\/#Pourquoi_je_ne_capte_plus_la_5_6_7_9\" >Pourquoi je ne capte plus la 5 6 7 9 ?<\/a><\/li><\/ul><\/li><\/ul><\/li><li class='ez-toc-page-1 ez-toc-heading-level-2'><a class=\"ez-toc-link ez-toc-heading-11\" href=\"https:\/\/toukiela.com\/en\/how-to-see-all-seasons-of-more-beautiful-life-year\/#Quelle_est_la_plus_vieille_serie_au_monde\" >Quelle est la plus vieille s\u00e9rie au monde ?<\/a><ul class='ez-toc-list-level-3' ><li class='ez-toc-heading-level-3'><a class=\"ez-toc-link ez-toc-heading-12\" href=\"https:\/\/toukiela.com\/en\/how-to-see-all-seasons-of-more-beautiful-life-year\/#Quelle_est_la_plus_vieille_serie_TV_francaise\" >Quelle est la plus vieille s\u00e9rie TV fran\u00e7aise ?<\/a><ul class='ez-toc-list-level-4' ><li class='ez-toc-heading-level-4'><a class=\"ez-toc-link ez-toc-heading-13\" href=\"https:\/\/toukiela.com\/en\/how-to-see-all-seasons-of-more-beautiful-life-year\/#Quelle_est_la_plus_longue_serie_en_France\" >Quelle est la plus longue s\u00e9rie en France ?<\/a><\/li><li class='ez-toc-page-1 ez-toc-heading-level-4'><a class=\"ez-toc-link ez-toc-heading-14\" href=\"https:\/\/toukiela.com\/en\/how-to-see-all-seasons-of-more-beautiful-life-year\/#Quelle_a_ete_la_premiere_serie\" >Quelle a \u00e9t\u00e9 la premi\u00e8re s\u00e9rie ?<\/a><\/li><\/ul><\/li><li class='ez-toc-page-1 ez-toc-heading-level-3'><a class=\"ez-toc-link ez-toc-heading-15\" href=\"https:\/\/toukiela.com\/en\/how-to-see-all-seasons-of-more-beautiful-life-year\/#Quelle_serie_a_le_plus_grand_nombre_depisodes\" >Quelle s\u00e9rie a le plus grand nombre d\u2019\u00e9pisodes ?<\/a><ul class='ez-toc-list-level-4' ><li class='ez-toc-heading-level-4'><a class=\"ez-toc-link ez-toc-heading-16\" href=\"https:\/\/toukiela.com\/en\/how-to-see-all-seasons-of-more-beautiful-life-year\/#Quelle_est_la_plus_longue_serie_francaise\" >Quelle est la plus longue s\u00e9rie fran\u00e7aise ?<\/a><\/li><li class='ez-toc-page-1 ez-toc-heading-level-4'><a class=\"ez-toc-link ez-toc-heading-17\" href=\"https:\/\/toukiela.com\/en\/how-to-see-all-seasons-of-more-beautiful-life-year\/#Quel_est_la_serie_la_plus_regarde_de_tous_les_temps\" >Quel est la s\u00e9rie la plus regarde de tous les temps ?<\/a><\/li><\/ul><\/li><li class='ez-toc-page-1 ez-toc-heading-level-3'><a class=\"ez-toc-link ez-toc-heading-18\" href=\"https:\/\/toukiela.com\/en\/how-to-see-all-seasons-of-more-beautiful-life-year\/#Quel_est_la_premiere_serie_au_monde\" >Quel est la premi\u00e8re s\u00e9rie au monde ?<\/a><ul class='ez-toc-list-level-4' ><li class='ez-toc-heading-level-4'><a class=\"ez-toc-link ez-toc-heading-19\" href=\"https:\/\/toukiela.com\/en\/how-to-see-all-seasons-of-more-beautiful-life-year\/#Quelle_est_la_plus_vieille_serie_francaise\" >Quelle est la plus vieille s\u00e9rie fran\u00e7aise ?<\/a><\/li><li class='ez-toc-page-1 ez-toc-heading-level-4'><a class=\"ez-toc-link ez-toc-heading-20\" href=\"https:\/\/toukiela.com\/en\/how-to-see-all-seasons-of-more-beautiful-life-year\/#Quelle_est_la_serie_la_mieux_note\" >Quelle est la s\u00e9rie la mieux not\u00e9 ?<\/a><\/li><\/ul><\/li><\/ul><\/li><li class='ez-toc-page-1 ez-toc-heading-level-2'><a class=\"ez-toc-link ez-toc-heading-21\" href=\"https:\/\/toukiela.com\/en\/how-to-see-all-seasons-of-more-beautiful-life-year\/#Quelle_est_la_serie_avec_le_plus_grand_nombre_depisodes\" >Quelle est la s\u00e9rie avec le plus grand nombre d\u2019\u00e9pisodes ?<\/a><ul class='ez-toc-list-level-3' ><li class='ez-toc-heading-level-3'><a class=\"ez-toc-link ez-toc-heading-22\" href=\"https:\/\/toukiela.com\/en\/how-to-see-all-seasons-of-more-beautiful-life-year\/#Quelle_est_la_serie_ayant_le_plus_depisodes\" >Quelle est la s\u00e9rie ayant le plus d\u2019\u00e9pisodes ?<\/a><ul class='ez-toc-list-level-4' ><li class='ez-toc-heading-level-4'><a class=\"ez-toc-link ez-toc-heading-23\" href=\"https:\/\/toukiela.com\/en\/how-to-see-all-seasons-of-more-beautiful-life-year\/#Quelle_est_la_plus_longue_serie_francaise-2\" >Quelle est la plus longue s\u00e9rie fran\u00e7aise ?<\/a><\/li><li class='ez-toc-page-1 ez-toc-heading-level-4'><a class=\"ez-toc-link ez-toc-heading-24\" href=\"https:\/\/toukiela.com\/en\/how-to-see-all-seasons-of-more-beautiful-life-year\/#Quelle_est_la_serie_la_plus_aime_au_monde\" >Quelle est la s\u00e9rie la plus aim\u00e9 au monde ?<\/a><\/li><\/ul><\/li><li class='ez-toc-page-1 ez-toc-heading-level-3'><a class=\"ez-toc-link ez-toc-heading-25\" href=\"https:\/\/toukiela.com\/en\/how-to-see-all-seasons-of-more-beautiful-life-year\/#Quelle_est_la_plus_longue_serie_francaise-3\" >Quelle est la plus longue s\u00e9rie fran\u00e7aise ?<\/a><ul class='ez-toc-list-level-4' ><li class='ez-toc-heading-level-4'><a class=\"ez-toc-link ez-toc-heading-26\" href=\"https:\/\/toukiela.com\/en\/how-to-see-all-seasons-of-more-beautiful-life-year\/#Quelle_est_la_serie_la_plus_longue_en_France\" >Quelle est la s\u00e9rie la plus longue en France ?<\/a><\/li><li class='ez-toc-page-1 ez-toc-heading-level-4'><a class=\"ez-toc-link ez-toc-heading-27\" href=\"https:\/\/toukiela.com\/en\/how-to-see-all-seasons-of-more-beautiful-life-year\/#Quelle_est_la_plus_vieille_serie_TV_francaise-2\" >Quelle est la plus vieille s\u00e9rie TV fran\u00e7aise ?<\/a><\/li><\/ul><\/li><\/ul><\/li><li class='ez-toc-page-1 ez-toc-heading-level-2'><a class=\"ez-toc-link ez-toc-heading-28\" href=\"https:\/\/toukiela.com\/en\/how-to-see-all-seasons-of-more-beautiful-life-year\/#Est-ce_que_Baptiste_est_mort_plus_belle_la_vie\" >Est-ce que Baptiste est mort plus belle la vie ?<\/a><ul class='ez-toc-list-level-3' ><li class='ez-toc-heading-level-3'><a class=\"ez-toc-link ez-toc-heading-29\" href=\"https:\/\/toukiela.com\/en\/how-to-see-all-seasons-of-more-beautiful-life-year\/#Qui_menace_Jacob_dans_Plus_belle_la_vie\" >Qui menace Jacob dans Plus belle la vie ?<\/a><ul class='ez-toc-list-level-4' ><li class='ez-toc-heading-level-4'><a class=\"ez-toc-link ez-toc-heading-30\" href=\"https:\/\/toukiela.com\/en\/how-to-see-all-seasons-of-more-beautiful-life-year\/#Comment_Cesar_connait_Jacob\" >Comment C\u00e9sar conna\u00eet Jacob ?<\/a><\/li><li class='ez-toc-page-1 ez-toc-heading-level-4'><a class=\"ez-toc-link ez-toc-heading-31\" href=\"https:\/\/toukiela.com\/en\/how-to-see-all-seasons-of-more-beautiful-life-year\/#Qui_menace_Jacob\" >Qui menace Jacob ?<\/a><\/li><\/ul><\/li><li class='ez-toc-page-1 ez-toc-heading-level-3'><a class=\"ez-toc-link ez-toc-heading-32\" href=\"https:\/\/toukiela.com\/en\/how-to-see-all-seasons-of-more-beautiful-life-year\/#Qui_va_quitter_la_serie_Plus_belle_la_vie\" >Qui va quitter la s\u00e9rie Plus belle la vie ?<\/a><ul class='ez-toc-list-level-4' ><li class='ez-toc-heading-level-4'><a class=\"ez-toc-link ez-toc-heading-33\" href=\"https:\/\/toukiela.com\/en\/how-to-see-all-seasons-of-more-beautiful-life-year\/#Est-ce_que_Sacha_quitte_Plus_belle_la_vie\" >Est-ce que Sacha quitte Plus belle la vie ?<\/a><\/li><li class='ez-toc-page-1 ez-toc-heading-level-4'><a class=\"ez-toc-link ez-toc-heading-34\" href=\"https:\/\/toukiela.com\/en\/how-to-see-all-seasons-of-more-beautiful-life-year\/#Quand_se_termine_la_serie_Plus_belle_la_vie\" >Quand se termine la s\u00e9rie Plus belle la vie ?<\/a><\/li><\/ul><\/li><li class='ez-toc-page-1 ez-toc-heading-level-3'><a class=\"ez-toc-link ez-toc-heading-35\" href=\"https:\/\/toukiela.com\/en\/how-to-see-all-seasons-of-more-beautiful-life-year\/#Est-ce_que_Baptiste_est_vivant\" >Est-ce que Baptiste est vivant ?<\/a><ul class='ez-toc-list-level-4' ><li class='ez-toc-heading-level-4'><a class=\"ez-toc-link ez-toc-heading-36\" href=\"https:\/\/toukiela.com\/en\/how-to-see-all-seasons-of-more-beautiful-life-year\/#Quel_age_a_Baptiste_de_Plus_belle_la_vie\" >Quel \u00e2ge a Baptiste de Plus belle la vie ?<\/a><\/li><li class='ez-toc-page-1 ez-toc-heading-level-4'><a class=\"ez-toc-link ez-toc-heading-37\" href=\"https:\/\/toukiela.com\/en\/how-to-see-all-seasons-of-more-beautiful-life-year\/#Qui_est_le_pere_de_Baptiste_dans_Plus_belle_la_vie\" >Qui est le p\u00e8re de Baptiste dans Plus belle la vie ?<\/a><\/li><\/ul><\/li><\/ul><\/li><li class='ez-toc-page-1 ez-toc-heading-level-2'><a class=\"ez-toc-link ez-toc-heading-38\" href=\"https:\/\/toukiela.com\/en\/how-to-see-all-seasons-of-more-beautiful-life-year\/#Qui_est_la_fille_de_Franck_dans_Plus_belle_la_vie\" >Qui est la fille de Franck dans Plus belle la vie ?<\/a><ul class='ez-toc-list-level-3' ><li class='ez-toc-heading-level-3'><a class=\"ez-toc-link ez-toc-heading-39\" href=\"https:\/\/toukiela.com\/en\/how-to-see-all-seasons-of-more-beautiful-life-year\/#Qui_est_Alice_Marci_dans_Plus_belle_la_vie\" >Qui est Alice Marci dans Plus belle la vie ?<\/a><ul class='ez-toc-list-level-4' ><li class='ez-toc-heading-level-4'><a class=\"ez-toc-link ez-toc-heading-40\" href=\"https:\/\/toukiela.com\/en\/how-to-see-all-seasons-of-more-beautiful-life-year\/#Ou_est_passe_Emma_dans_Plus_belle_la_vie\" >O\u00f9 est pass\u00e9 Emma dans Plus belle la vie ?<\/a><\/li><li class='ez-toc-page-1 ez-toc-heading-level-4'><a class=\"ez-toc-link ez-toc-heading-41\" href=\"https:\/\/toukiela.com\/en\/how-to-see-all-seasons-of-more-beautiful-life-year\/#Pourquoi_Emma_nest_plus_dans_Plus_belle_la_vie\" >Pourquoi Emma n\u2019est plus dans Plus belle la vie ?<\/a><\/li><\/ul><\/li><li class='ez-toc-page-1 ez-toc-heading-level-3'><a class=\"ez-toc-link ez-toc-heading-42\" href=\"https:\/\/toukiela.com\/en\/how-to-see-all-seasons-of-more-beautiful-life-year\/#Qui_joue_le_role_de_Franck_dans_Plus_belle_la_vie\" >Qui joue le r\u00f4le de Franck dans Plus belle la vie ?<\/a><ul class='ez-toc-list-level-4' ><li class='ez-toc-heading-level-4'><a class=\"ez-toc-link ez-toc-heading-43\" href=\"https:\/\/toukiela.com\/en\/how-to-see-all-seasons-of-more-beautiful-life-year\/#Comment_sappelle_Franck_dans_Plus_belle_la_vie\" >Comment s\u2019appelle Franck dans Plus belle la vie ?<\/a><\/li><li class='ez-toc-page-1 ez-toc-heading-level-4'><a class=\"ez-toc-link ez-toc-heading-44\" href=\"https:\/\/toukiela.com\/en\/how-to-see-all-seasons-of-more-beautiful-life-year\/#Qui_est_le_nouvel_acteur_dans_Plus_belle_la_vie\" >Qui est le nouvel acteur dans Plus belle la vie ?<\/a><\/li><\/ul><\/li><li class='ez-toc-page-1 ez-toc-heading-level-3'><a class=\"ez-toc-link ez-toc-heading-45\" href=\"https:\/\/toukiela.com\/en\/how-to-see-all-seasons-of-more-beautiful-life-year\/#Quel_age_a_Franck_dans_Plus_belle_la_vie\" >Quel \u00e2ge a Franck dans Plus belle la vie ?<\/a><ul class='ez-toc-list-level-4' ><li class='ez-toc-heading-level-4'><a class=\"ez-toc-link ez-toc-heading-46\" href=\"https:\/\/toukiela.com\/en\/how-to-see-all-seasons-of-more-beautiful-life-year\/#Qui_joue_Lombard_Plus_belle_la_vie\" >Qui joue Lombard Plus belle la vie ?<\/a><\/li><\/ul><\/li><\/ul><\/li><\/ul><\/nav><\/div>\n<h2 class=\"wp-block-heading\"><span class=\"ez-toc-section\" id=\"Pourquoi_je_ne_capte_plus_la_3\"><\/span>Pourquoi je ne capte plus la 3 ?<span class=\"ez-toc-section-end\"><\/span><\/h2>\r\n\r\n\r\n\r\n<figure><img decoding=\"async\" class=\"attachment-full size-full\" src=\"https:\/\/toukiela.com\/wp-content\/uploads\/2022\/06\/Pourquoi-je-ne-capte-plus-la-3-.jpeg\" sizes=\"(max-width: 500px) 100vw, 500px\" srcset=\"https:\/\/i0.wp.com\/toukiela.com\/wp-content\/uploads\/2022\/06\/Pourquoi-je-ne-capte-plus-la-3-.jpeg?w=500&amp;ssl=1 500w, https:\/\/i0.wp.com\/toukiela.com\/wp-content\/uploads\/2022\/06\/Pourquoi-je-ne-capte-plus-la-3-.jpeg?resize=300%2C300&amp;ssl=1 300w, https:\/\/i0.wp.com\/toukiela.com\/wp-content\/uploads\/2022\/06\/Pourquoi-je-ne-capte-plus-la-3-.jpeg?resize=150%2C150&amp;ssl=1 150w, https:\/\/i0.wp.com\/toukiela.com\/wp-content\/uploads\/2022\/06\/Pourquoi-je-ne-capte-plus-la-3-.jpeg?resize=12%2C12&amp;ssl=1 12w, https:\/\/i0.wp.com\/toukiela.com\/wp-content\/uploads\/2022\/06\/Pourquoi-je-ne-capte-plus-la-3-.jpeg?resize=50%2C50&amp;ssl=1 50w, https:\/\/i0.wp.com\/toukiela.com\/wp-content\/uploads\/2022\/06\/Pourquoi-je-ne-capte-plus-la-3-.jpeg?resize=480%2C480&amp;ssl=1 480w\" alt=\"Pourquoi je ne capte plus la 3 ?\" width=\"500\" height=\"500\"><\/figure>\r\n\r\n\r\n\r\n<p>BONJOUR\u00a0: Antenne PB\u00a0! soit l\u2019antenne est mauvaise, soit l\u2019orientation est mauvaise, soit le c\u00e2ble coaxial est trop vieux.<\/p>\r\n\r\n\r\n\r\n<p>Pourquoi n\u2019ai-je plus les canaux 2 et 3 ? Choses \u00e0 v\u00e9rifier : &gt; Assurez-vous que votre c\u00e2ble d\u2019antenne n\u2019est pas d\u00e9connect\u00e9 du t\u00e9l\u00e9viseur de mani\u00e8re inattendue ; &gt; V\u00e9rifiez \u00e9galement les autres connexions et l\u2019\u00e9tat de vos c\u00e2bles ; Si tout va bien, vous pouvez lancer une recherche et m\u00e9moriser les cha\u00eenes.<\/p>\r\n\r\n\r\n\r\n<h3 class=\"wp-block-heading\"><span class=\"ez-toc-section\" id=\"Pourquoi_je_nai_pas_France_2_et_France_3\"><\/span>Pourquoi je n\u2019ai pas France 2 et France 3 ?<span class=\"ez-toc-section-end\"><\/span><\/h3>\r\n\r\n\r\n\r\n<p>Si le c\u00e2ble d\u2019antenne est de mauvaise qualit\u00e9 et s\u2019il est expos\u00e9 au rayonnement direct du TE, cela peut provoquer une att\u00e9nuation s\u00e9lective car le signal capt\u00e9 par le c\u00e2ble peut \u00eatre oppos\u00e9 au signal re\u00e7u par l\u2019antenne pour une fr\u00e9quence donn\u00e9e.<\/p>\r\n\r\n\r\n\r\n<h4 class=\"wp-block-heading\"><span class=\"ez-toc-section\" id=\"Comment_capter_France_2\"><\/span>Comment capter France 2 ?<span class=\"ez-toc-section-end\"><\/span><\/h4>\r\n\r\n\r\n\r\n<p>Pour recevoir France 2, il suffit d\u2019un d\u00e9codeur TNT et d\u2019une antenne compatible (int\u00e9rieure ou ext\u00e9rieure). Les nouveaux mod\u00e8les de t\u00e9l\u00e9viseurs sont le plus souvent compatibles avec la TNT.<\/p>\r\n\r\n\r\n\r\n<h4 class=\"wp-block-heading\"><span class=\"ez-toc-section\" id=\"Pourquoi_je_ne_recois_pas_les_chaines_France_television\"><\/span>Pourquoi je ne re\u00e7ois pas les cha\u00eenes France t\u00e9l\u00e9vision ?<span class=\"ez-toc-section-end\"><\/span><\/h4>\r\n\r\n\r\n\r\n<p>Vous devez appeler le centre d\u2019appel de la protection de l\u2019accueil de l\u2019Agence Nationale des Fr\u00e9quences (ANFR) au : 09 70 818 818 (du lundi au vendredi, de 9h \u00e0 12h et de 13h \u00e0 17h, co\u00fbt d\u2019un appel local) ou consulter le site r\u00e9cepteur .fr pour faire une demande d\u2019enqu\u00eate.<\/p>\r\n\r\n\r\n\r\n<h3 class=\"wp-block-heading\"><span class=\"ez-toc-section\" id=\"Comment_faire_pour_avoir_la_chaine_3\"><\/span>Comment faire pour avoir la cha\u00eene 3 ?<span class=\"ez-toc-section-end\"><\/span><\/h3>\r\n\r\n\r\n\r\n<p>Regardez la cha\u00eene France 3 en direct et en replay\u2026. Cha\u00eene de diffusion France 3<\/p>\r\n\r\n\r\n\r\n<ul class=\"wp-block-list\">\r\n<li>du canal 301 sur Orange.<\/li>\r\n<li>du canal 302 sur Free.<\/li>\r\n<li>depuis le canal 431 sur SFR.<\/li>\r\n<li>du canal 470 \u00e0 Bouygues.<\/li>\r\n<\/ul>\r\n\r\n\r\n\r\n<h4 class=\"wp-block-heading\"><span class=\"ez-toc-section\" id=\"Comment_mettre_France_3_Occitanie\"><\/span>Comment mettre France 3 Occitanie ?<span class=\"ez-toc-section-end\"><\/span><\/h4>\r\n\r\n\r\n\r\n<p>Pour visionner les programmes de France 3 et France 3 Midi-Pyr\u00e9n\u00e9es, le service de replay est accessible depuis la box internet. Ce programme de replay est \u00e9galement accessible depuis un smartphone ou une tablette.<\/p>\r\n\r\n\r\n\r\n<h4 class=\"wp-block-heading\"><span class=\"ez-toc-section\" id=\"Comment_regarder_la_3_en_direct\"><\/span>Comment regarder la 3 en direct ?<span class=\"ez-toc-section-end\"><\/span><\/h4>\r\n\r\n\r\n\r\n<p>La populaire \u00e9mission t\u00e9l\u00e9vis\u00e9e de France 3 est diffus\u00e9e en direct sur Molotov.<\/p>\r\n\r\n\r\n\r\n<h3 class=\"wp-block-heading\"><span class=\"ez-toc-section\" id=\"Pourquoi_je_nai_plus_toutes_les_chaines\"><\/span>Pourquoi je n\u2019ai plus toutes les cha\u00eenes ?<span class=\"ez-toc-section-end\"><\/span><\/h3>\r\n\r\n\r\n\r\n<p>V\u00e9rifiez que les connexions de vos \u00e9quipements sont bien faites et que vos c\u00e2bles sont en bon \u00e9tat : aucun c\u00e2ble n\u2019est coup\u00e9, compress\u00e9, trop pli\u00e9, etc. Si vous utilisez un adaptateur ou un enregistreur, v\u00e9rifiez \u00e9galement la connexion au t\u00e9l\u00e9viseur.<\/p>\r\n\r\n\r\n\r\n<h4 class=\"wp-block-heading\"><span class=\"ez-toc-section\" id=\"Pourquoi_je_ne_recois_pas_la_chaine_21\"><\/span>Pourquoi je ne re\u00e7ois pas la chaine 21 ?<span class=\"ez-toc-section-end\"><\/span><\/h4>\r\n\r\n\r\n\r\n<p>Plusieurs causes possibles : \u2013 Votre configuration d\u2019antenne n\u2019est pas bien adapt\u00e9e \u00e0 la r\u00e9ception du canal 42 diffusant le multiplex R7 supportant le canal que vous citez, et l\u2019\u00e9volution des conditions de propagation des ondes hertziennes peut entra\u00eener une perte de signal.<\/p>\r\n\r\n\r\n\r\n<h4 class=\"wp-block-heading\"><span class=\"ez-toc-section\" id=\"Pourquoi_je_ne_capte_plus_la_5_6_7_9\"><\/span>Pourquoi je ne capte plus la 5 6 7 9 ?<span class=\"ez-toc-section-end\"><\/span><\/h4>\r\n\r\n\r\n\r\n<p>La cause la plus fr\u00e9quente (perte de cha\u00eene) est le raccordement du p\u00f4le pr\u00e9ampli, alimentation, r\u00e9partiteur blind\u00e9 ou c\u00e2ble venant du boitier de communication au bo\u00eetier. Mais parce que c\u2019est un collectif, il faut un acrobate a\u00e9rien.<\/p>\r\n\r\n\r\n\r\n<h2 class=\"wp-block-heading\"><span class=\"ez-toc-section\" id=\"Quelle_est_la_plus_vieille_serie_au_monde\"><\/span>Quelle est la plus vieille s\u00e9rie au monde ?<span class=\"ez-toc-section-end\"><\/span><\/h2>\r\n\r\n\r\n\r\n<p>Au cours de ses 57 ann\u00e9es d\u2019existence, la s\u00e9rie Haine et Passion (Light Guides dans l\u2019original) a su fid\u00e9liser le public sur le long terme.<\/p>\r\n\r\n\r\n\r\n<p>Quelle est la s\u00e9rie la plus ancienne ? Record de la plus longue s\u00e9quence. Haine et Passion (ou Guide Light en original), avec 15 762 \u00e9pisodes et 56 saisons diffus\u00e9s de 1952 \u00e0 2009 sur la cha\u00eene am\u00e9ricaine CBS, soit 57 ans de son existence !<\/p>\r\n\r\n\r\n\r\n<h3 class=\"wp-block-heading\"><span class=\"ez-toc-section\" id=\"Quelle_est_la_plus_vieille_serie_TV_francaise\"><\/span>Quelle est la plus vieille s\u00e9rie TV fran\u00e7aise ?<span class=\"ez-toc-section-end\"><\/span><\/h3>\r\n\r\n\r\n\r\n<p>Le jury est une femme est la plus ancienne s\u00e9rie fran\u00e7aise encore diffus\u00e9e \u00e0 la t\u00e9l\u00e9vision. La petite bizarrerie reste la m\u00eame, puisqu\u2019elle a \u00e9t\u00e9 diffus\u00e9e en deux parties diff\u00e9rentes : Florence Larrieu entre 1993 et \u200b\u200b2002, puis Alice Nevers depuis 2002.<\/p>\r\n\r\n\r\n\r\n<h4 class=\"wp-block-heading\"><span class=\"ez-toc-section\" id=\"Quelle_est_la_plus_longue_serie_en_France\"><\/span>Quelle est la plus longue s\u00e9rie en France ?<span class=\"ez-toc-section-end\"><\/span><\/h4>\r\n\r\n\r\n\r\n<p>Avec un rythme de diffusion quotidien, France 3 Plus Belle la Vie est facilement la s\u00e9rie fran\u00e7aise avec le plus d\u2019\u00e9pisodes. Actuellement, il compte plus de 3340 \u00e9pisodes dont 19 \u00e9pisodes diffus\u00e9s en prime time.<\/p>\r\n\r\n\r\n\r\n<h4 class=\"wp-block-heading\"><span class=\"ez-toc-section\" id=\"Quelle_a_ete_la_premiere_serie\"><\/span>Quelle a \u00e9t\u00e9 la premi\u00e8re s\u00e9rie ?<span class=\"ez-toc-section-end\"><\/span><\/h4>\r\n\r\n\r\n\r\n<p>Diffus\u00e9e dans les ann\u00e9es 1950, I Love Lucy est une sitcom consid\u00e9r\u00e9e comme l\u2019anc\u00eatre des sitcoms que nous connaissons aujourd\u2019hui (comme Friends), qui a \u00e9t\u00e9 tourn\u00e9e devant un public et plusieurs cam\u00e9ras. Elle est \u00e9galement consid\u00e9r\u00e9e comme la premi\u00e8re s\u00e9rie moderne.<\/p>\r\n\r\n\r\n\r\n<h3 class=\"wp-block-heading\"><span class=\"ez-toc-section\" id=\"Quelle_serie_a_le_plus_grand_nombre_depisodes\"><\/span>Quelle s\u00e9rie a le plus grand nombre d\u2019\u00e9pisodes ?<span class=\"ez-toc-section-end\"><\/span><\/h3>\r\n\r\n\r\n\r\n<p>Avec plus de 13 100 \u00e9pisodes diffus\u00e9s, la s\u00e9rie Des jours et des vies d\u00e9tient le record absolu du nombre d\u2019\u00e9pisodes pour une s\u00e9rie encore en circulation. La s\u00e9rie compte actuellement 50 saisons et compte plus de 1 800 personnages en tant qu\u2019acteurs principaux ou secondaires depuis ses d\u00e9buts.<\/p>\r\n\r\n\r\n\r\n<h4 class=\"wp-block-heading\"><span class=\"ez-toc-section\" id=\"Quelle_est_la_plus_longue_serie_francaise\"><\/span>Quelle est la plus longue s\u00e9rie fran\u00e7aise ?<span class=\"ez-toc-section-end\"><\/span><\/h4>\r\n\r\n\r\n\r\n<p>La s\u00e9rie Sous le Soleil (12 ans) Malgr\u00e9 son g\u00e9n\u00e9rique culte, saviez-vous que Sous le Soleil est l\u2019une des s\u00e9ries les plus anciennes de l\u2019histoire de la t\u00e9l\u00e9vision ? Avec 480 \u00e9pisodes r\u00e9partis sur 12 ans entre 1996 et 2008, c\u2019est m\u00eame l\u2019un des mieux export\u00e9s au monde.<\/p>\r\n\r\n\r\n\r\n<h4 class=\"wp-block-heading\"><span class=\"ez-toc-section\" id=\"Quel_est_la_serie_la_plus_regarde_de_tous_les_temps\"><\/span>Quel est la s\u00e9rie la plus regarde de tous les temps ?<span class=\"ez-toc-section-end\"><\/span><\/h4>\r\n\r\n\r\n\r\n<p>Game of Thrones en t\u00eate des charts pour la cinqui\u00e8me fois cons\u00e9cutive !<\/p>\r\n\r\n\r\n\r\n<h3 class=\"wp-block-heading\"><span class=\"ez-toc-section\" id=\"Quel_est_la_premiere_serie_au_monde\"><\/span>Quel est la premi\u00e8re s\u00e9rie au monde ?<span class=\"ez-toc-section-end\"><\/span><\/h3>\r\n\r\n\r\n\r\n<p>Diffus\u00e9e dans les ann\u00e9es 1950, I Love Lucy est une sitcom consid\u00e9r\u00e9e comme l\u2019anc\u00eatre des sitcoms que nous connaissons aujourd\u2019hui (comme Friends), qui a \u00e9t\u00e9 tourn\u00e9e devant un public et plusieurs cam\u00e9ras. Elle est \u00e9galement consid\u00e9r\u00e9e comme la premi\u00e8re s\u00e9rie moderne.<\/p>\r\n\r\n\r\n\r\n<h4 class=\"wp-block-heading\"><span class=\"ez-toc-section\" id=\"Quelle_est_la_plus_vieille_serie_francaise\"><\/span>Quelle est la plus vieille s\u00e9rie fran\u00e7aise ?<span class=\"ez-toc-section-end\"><\/span><\/h4>\r\n\r\n\r\n\r\n<p>Ce jeudi soir, TF1 diffusera les deux derniers \u00e9pisodes de la plus ancienne s\u00e9rie t\u00e9l\u00e9vis\u00e9e de France : \u00ab\u00a0Alice Nevers\u00a0\u00bb. RTL est sur le tournage \u00e9mouvant de cet ultime \u00e9pisode.<\/p>\r\n\r\n\r\n\r\n<h4 class=\"wp-block-heading\"><span class=\"ez-toc-section\" id=\"Quelle_est_la_serie_la_mieux_note\"><\/span>Quelle est la s\u00e9rie la mieux not\u00e9 ?<span class=\"ez-toc-section-end\"><\/span><\/h4>\r\n\r\n\r\n\r\n<p>1- The Crown : la meilleure s\u00e9rie historique Une nouvelle saison en 2021. The Crown est une s\u00e9rie historique, inspir\u00e9e de faits r\u00e9els, qui plonge les t\u00e9l\u00e9spectateurs dans l\u2019histoire britannique du XXe si\u00e8cle.<\/p>\r\n\r\n\r\n\r\n<h2 class=\"wp-block-heading\"><span class=\"ez-toc-section\" id=\"Quelle_est_la_serie_avec_le_plus_grand_nombre_depisodes\"><\/span>Quelle est la s\u00e9rie avec le plus grand nombre d\u2019\u00e9pisodes ?<span class=\"ez-toc-section-end\"><\/span><\/h2>\r\n\r\n\r\n\r\n<figure><img decoding=\"async\" class=\"attachment-full size-full\" src=\"https:\/\/toukiela.com\/wp-content\/uploads\/2022\/06\/Quelle-est-la-serie-avec-le-plus-grand-nombre-depisodes-.jpeg\" sizes=\"(max-width: 600px) 100vw, 600px\" srcset=\"https:\/\/i0.wp.com\/toukiela.com\/wp-content\/uploads\/2022\/06\/Quelle-est-la-serie-avec-le-plus-grand-nombre-depisodes-.jpeg?w=600&amp;ssl=1 600w, https:\/\/i0.wp.com\/toukiela.com\/wp-content\/uploads\/2022\/06\/Quelle-est-la-serie-avec-le-plus-grand-nombre-depisodes-.jpeg?resize=300%2C200&amp;ssl=1 300w, https:\/\/i0.wp.com\/toukiela.com\/wp-content\/uploads\/2022\/06\/Quelle-est-la-serie-avec-le-plus-grand-nombre-depisodes-.jpeg?resize=18%2C12&amp;ssl=1 18w, https:\/\/i0.wp.com\/toukiela.com\/wp-content\/uploads\/2022\/06\/Quelle-est-la-serie-avec-le-plus-grand-nombre-depisodes-.jpeg?resize=50%2C33&amp;ssl=1 50w, https:\/\/i0.wp.com\/toukiela.com\/wp-content\/uploads\/2022\/06\/Quelle-est-la-serie-avec-le-plus-grand-nombre-depisodes-.jpeg?resize=480%2C320&amp;ssl=1 480w\" alt=\"Quelle est la s\u00e9rie avec le plus grand nombre d'\u00e9pisodes ?\" width=\"600\" height=\"400\"><\/figure>\r\n\r\n\r\n\r\n<p>Avec plus de 13 100 \u00e9pisodes diffus\u00e9s, la s\u00e9rie Des jours et des vies d\u00e9tient le record absolu du nombre d\u2019\u00e9pisodes pour une s\u00e9rie encore en circulation. La s\u00e9rie compte actuellement 50 saisons et compte plus de 1 800 personnages en tant qu\u2019acteurs principaux ou secondaires depuis ses d\u00e9buts.<\/p>\r\n\r\n\r\n\r\n<p>Quelle est la plus ancienne s\u00e9rie t\u00e9l\u00e9 fran\u00e7aise ? Poulet-a-doodle Doo\u00a0! Le jury est une femme est la plus ancienne s\u00e9rie fran\u00e7aise encore diffus\u00e9e \u00e0 la t\u00e9l\u00e9vision. La petite bizarrerie reste la m\u00eame, puisqu\u2019elle a \u00e9t\u00e9 diffus\u00e9e en deux parties diff\u00e9rentes : Florence Larrieu entre 1993 et \u200b\u200b2002, puis Alice Nevers depuis 2002.<\/p>\r\n\r\n\r\n\r\n<h3 class=\"wp-block-heading\"><span class=\"ez-toc-section\" id=\"Quelle_est_la_serie_ayant_le_plus_depisodes\"><\/span>Quelle est la s\u00e9rie ayant le plus d\u2019\u00e9pisodes ?<span class=\"ez-toc-section-end\"><\/span><\/h3>\r\n\r\n\r\n\r\n<p>Haine et passion (1952) Annotation : record de s\u00e9rie le plus long. Haine et Passion (ou Guide Light en original), avec 15 762 \u00e9pisodes et 56 saisons diffus\u00e9s de 1952 \u00e0 2009 sur la cha\u00eene am\u00e9ricaine CBS, soit 57 ans de son existence !<\/p>\r\n\r\n\r\n\r\n<h4 class=\"wp-block-heading\"><span class=\"ez-toc-section\" id=\"Quelle_est_la_plus_longue_serie_francaise-2\"><\/span>Quelle est la plus longue s\u00e9rie fran\u00e7aise ?<span class=\"ez-toc-section-end\"><\/span><\/h4>\r\n\r\n\r\n\r\n<p>La s\u00e9rie Sous le Soleil (12 ans) Malgr\u00e9 son g\u00e9n\u00e9rique culte, saviez-vous que Sous le Soleil est l\u2019une des s\u00e9ries les plus anciennes de l\u2019histoire de la t\u00e9l\u00e9vision ? Avec 480 \u00e9pisodes r\u00e9partis sur 12 ans entre 1996 et 2008, c\u2019est m\u00eame l\u2019un des mieux export\u00e9s au monde.<\/p>\r\n\r\n\r\n\r\n<h4 class=\"wp-block-heading\"><span class=\"ez-toc-section\" id=\"Quelle_est_la_serie_la_plus_aime_au_monde\"><\/span>Quelle est la s\u00e9rie la plus aim\u00e9 au monde ?<span class=\"ez-toc-section-end\"><\/span><\/h4>\r\n\r\n\r\n\r\n<p>De toute \u00e9vidence, Game of Thrones est le num\u00e9ro un. Avant de diffuser sa 7e saison, la s\u00e9rie \u00e9tait la 3e \u00e9mission de t\u00e9l\u00e9vision la plus populaire au monde, avec une demande par habitant de 10,23.<\/p>\r\n\r\n\r\n\r\n<h3 class=\"wp-block-heading\"><span class=\"ez-toc-section\" id=\"Quelle_est_la_plus_longue_serie_francaise-3\"><\/span>Quelle est la plus longue s\u00e9rie fran\u00e7aise ?<span class=\"ez-toc-section-end\"><\/span><\/h3>\r\n\r\n\r\n\r\n<p>La s\u00e9rie Sous le Soleil (12 ans) Malgr\u00e9 son g\u00e9n\u00e9rique culte, saviez-vous que Sous le Soleil est l\u2019une des s\u00e9ries les plus anciennes de l\u2019histoire de la t\u00e9l\u00e9vision ? Avec 480 \u00e9pisodes r\u00e9partis sur 12 ans entre 1996 et 2008, c\u2019est m\u00eame l\u2019un des mieux export\u00e9s au monde.<\/p>\r\n\r\n\r\n\r\n<h4 class=\"wp-block-heading\"><span class=\"ez-toc-section\" id=\"Quelle_est_la_serie_la_plus_longue_en_France\"><\/span>Quelle est la s\u00e9rie la plus longue en France ?<span class=\"ez-toc-section-end\"><\/span><\/h4>\r\n\r\n\r\n\r\n<p>depuis 1965. Avec plus de 13 100 \u00e9pisodes diffus\u00e9s, la s\u00e9rie Des jours et des vies d\u00e9tient le record absolu du nombre d\u2019\u00e9pisodes pour une s\u00e9rie encore en circulation. La s\u00e9rie compte actuellement 50 saisons et compte plus de 1 800 personnages en tant qu\u2019acteurs principaux ou secondaires depuis ses d\u00e9buts.<\/p>\r\n\r\n\r\n\r\n<h4 class=\"wp-block-heading\"><span class=\"ez-toc-section\" id=\"Quelle_est_la_plus_vieille_serie_TV_francaise-2\"><\/span>Quelle est la plus vieille s\u00e9rie TV fran\u00e7aise ?<span class=\"ez-toc-section-end\"><\/span><\/h4>\r\n\r\n\r\n\r\n<p>Le jury est une femme est la plus ancienne s\u00e9rie fran\u00e7aise encore diffus\u00e9e \u00e0 la t\u00e9l\u00e9vision. La petite bizarrerie reste la m\u00eame, puisqu\u2019elle a \u00e9t\u00e9 diffus\u00e9e en deux parties diff\u00e9rentes : Florence Larrieu entre 1993 et \u200b\u200b2002, puis Alice Nevers depuis 2002.<\/p>\r\n\r\n\r\n\r\n<h2 class=\"wp-block-heading\"><span class=\"ez-toc-section\" id=\"Est-ce_que_Baptiste_est_mort_plus_belle_la_vie\"><\/span>Est-ce que Baptiste est mort plus belle la vie ?<span class=\"ez-toc-section-end\"><\/span><\/h2>\r\n\r\n\r\n\r\n<figure><img decoding=\"async\" class=\"attachment-full size-full\" src=\"https:\/\/toukiela.com\/wp-content\/uploads\/2022\/06\/Est-ce-que-Baptiste-est-mort-plus-belle-la-vie-.jpeg\" sizes=\"(max-width: 800px) 100vw, 800px\" srcset=\"https:\/\/i0.wp.com\/toukiela.com\/wp-content\/uploads\/2022\/06\/Est-ce-que-Baptiste-est-mort-plus-belle-la-vie-.jpeg?w=800&amp;ssl=1 800w, https:\/\/i0.wp.com\/toukiela.com\/wp-content\/uploads\/2022\/06\/Est-ce-que-Baptiste-est-mort-plus-belle-la-vie-.jpeg?resize=300%2C198&amp;ssl=1 300w, https:\/\/i0.wp.com\/toukiela.com\/wp-content\/uploads\/2022\/06\/Est-ce-que-Baptiste-est-mort-plus-belle-la-vie-.jpeg?resize=768%2C506&amp;ssl=1 768w, https:\/\/i0.wp.com\/toukiela.com\/wp-content\/uploads\/2022\/06\/Est-ce-que-Baptiste-est-mort-plus-belle-la-vie-.jpeg?resize=18%2C12&amp;ssl=1 18w, https:\/\/i0.wp.com\/toukiela.com\/wp-content\/uploads\/2022\/06\/Est-ce-que-Baptiste-est-mort-plus-belle-la-vie-.jpeg?resize=50%2C33&amp;ssl=1 50w, https:\/\/i0.wp.com\/toukiela.com\/wp-content\/uploads\/2022\/06\/Est-ce-que-Baptiste-est-mort-plus-belle-la-vie-.jpeg?resize=480%2C316&amp;ssl=1 480w\" alt=\"Est-ce que Baptiste est mort plus belle la vie ?\" width=\"800\" height=\"527\"><\/figure>\r\n\r\n\r\n\r\n<p>Apr\u00e8s le choc final, une triste phrase est tomb\u00e9e sur Plus belle la vie : \u00ab\u00a0heure du d\u00e9c\u00e8s, 14h03\u00a0\u00bb. Le jeune p\u00e8re est mort\u2026<\/p>\r\n\r\n\r\n\r\n<p>Pourquoi tard Plus belle la vie ? C\u2019est-\u00e0-dire des audiences en berne depuis plusieurs ann\u00e9es. Alors qu\u2019en f\u00e9vrier, un article sur Figoaro indiquait que la fin de la s\u00e9rie avait \u00e9t\u00e9 enregistr\u00e9e, sans \u00eatre confirm\u00e9e par la cha\u00eene, les rumeurs enflaient. C\u2019est d\u00e9sormais confirm\u00e9, avec jeudi 5 mai, la diffusion du communiqu\u00e9 de presse du groupe public.<\/p>\r\n\r\n\r\n\r\n<h3 class=\"wp-block-heading\"><span class=\"ez-toc-section\" id=\"Qui_menace_Jacob_dans_Plus_belle_la_vie\"><\/span>Qui menace Jacob dans Plus belle la vie ?<span class=\"ez-toc-section-end\"><\/span><\/h3>\r\n\r\n\r\n\r\n<p>Ariane se rapproche de Jacob dans Plus belle la vie En effet, ce dernier pense que Jacob est toujours en vie, mais ses camarades ne le suivent pas dans son raisonnement. Jacob, se sentant menac\u00e9 par les soup\u00e7ons d\u2019Ariane, suit les conseils de la police.<\/p>\r\n\r\n\r\n\r\n<h4 class=\"wp-block-heading\"><span class=\"ez-toc-section\" id=\"Comment_Cesar_connait_Jacob\"><\/span>Comment C\u00e9sar conna\u00eet Jacob ?<span class=\"ez-toc-section-end\"><\/span><\/h4>\r\n\r\n\r\n\r\n<p>Claude Rochat vient voir C\u00e9sar pour une voiture, il souligne que son neveu est revenu \u00e0 son obsession pour Emma. Jacob entre dans la maison de Cesar pendant son absence et obtient la confirmation qu\u2019il est bien un ma\u00eetre chanteur. Il a enregistr\u00e9 le fichier sur la cl\u00e9 USB\u2026 mais C\u00e9sar l\u2019a surpris.<\/p>\r\n\r\n\r\n\r\n<h4 class=\"wp-block-heading\"><span class=\"ez-toc-section\" id=\"Qui_menace_Jacob\"><\/span>Qui menace Jacob ?<span class=\"ez-toc-section-end\"><\/span><\/h4>\r\n\r\n\r\n\r\n<p>Stars Actu vient de r\u00e9v\u00e9ler que C\u00e9sar (Grant Lawrence) est derri\u00e8re tout \u00e7a. Le jeune homme confronterait le criminel en le mena\u00e7ant de poster une vid\u00e9o de lui s\u2019il tentait de le tuer.<\/p>\r\n\r\n\r\n\r\n<h3 class=\"wp-block-heading\"><span class=\"ez-toc-section\" id=\"Qui_va_quitter_la_serie_Plus_belle_la_vie\"><\/span>Qui va quitter la s\u00e9rie Plus belle la vie ?<span class=\"ez-toc-section-end\"><\/span><\/h3>\r\n\r\n\r\n\r\n<p>Dans l\u2019\u00e9pisode Plus belle la vie du lundi 13 juin 2022, Romain d\u00e9cide de ne plus retourner \u00e0 Paris apr\u00e8s avoir lu une lettre de Fanny.<\/p>\r\n\r\n\r\n\r\n<h4 class=\"wp-block-heading\"><span class=\"ez-toc-section\" id=\"Est-ce_que_Sacha_quitte_Plus_belle_la_vie\"><\/span>Est-ce que Sacha quitte Plus belle la vie ?<span class=\"ez-toc-section-end\"><\/span><\/h4>\r\n\r\n\r\n\r\n<p>Avy Marciano avait en effet d\u00e9cid\u00e9 de quitter Plus belle la vie. Son personnage, Sacha, lui dit donc au revoir ce soir et part rejoindre Victoire \u00e0 Bordeaux. L\u2019acteur, en couple avec l\u2019actrice Diane Robert, partage ce qui a motiv\u00e9 sa d\u00e9cision.<\/p>\r\n\r\n\r\n\r\n<h4 class=\"wp-block-heading\"><span class=\"ez-toc-section\" id=\"Quand_se_termine_la_serie_Plus_belle_la_vie\"><\/span>Quand se termine la s\u00e9rie Plus belle la vie ?<span class=\"ez-toc-section-end\"><\/span><\/h4>\r\n\r\n\r\n\r\n<p>C\u2019est d\u00e9sormais confirm\u00e9, avec jeudi 5 mai, la diffusion du communiqu\u00e9 de presse du groupe public. \u00ab\u00a0Ce jeudi 5 mai 2022, la direction de France T\u00e9l\u00e9visions a annonc\u00e9 \u00e0 l\u2019\u00e9quipe de Plus belle la vie, \u00e0 Marseille, que cette saison sera la derni\u00e8re\u00a0\u00bb.<\/p>\r\n\r\n\r\n\r\n<h3 class=\"wp-block-heading\"><span class=\"ez-toc-section\" id=\"Est-ce_que_Baptiste_est_vivant\"><\/span>Est-ce que Baptiste est vivant ?<span class=\"ez-toc-section-end\"><\/span><\/h3>\r\n\r\n\r\n\r\n<p>A Plus belle la vie, Baptiste est enterr\u00e9 vivant, victime du machiav\u00e9lique Jacob. Le p\u00e8re de famille va-t-il mourir ? Des extraits de la s\u00e9rie montrent Emma compl\u00e8tement d\u00e9vast\u00e9e, ne sachant pas si son amie survivra.<\/p>\r\n\r\n\r\n\r\n<h4 class=\"wp-block-heading\"><span class=\"ez-toc-section\" id=\"Quel_age_a_Baptiste_de_Plus_belle_la_vie\"><\/span>Quel \u00e2ge a Baptiste de Plus belle la vie ?<span class=\"ez-toc-section-end\"><\/span><\/h4>\r\n\r\n\r\n\r\n<p>Bryan Tresor qui joue Baptiste a 19 ans. Virgile Bayle qui incarne Guillaume Leserman a 44 ans.<\/p>\r\n\r\n\r\n\r\n<h4 class=\"wp-block-heading\"><span class=\"ez-toc-section\" id=\"Qui_est_le_pere_de_Baptiste_dans_Plus_belle_la_vie\"><\/span>Qui est le p\u00e8re de Baptiste dans Plus belle la vie ?<span class=\"ez-toc-section-end\"><\/span><\/h4>\r\n\r\n\r\n\r\n<p>Quelques mois plus tard, Baptiste retrouve son p\u00e8re biologique Alpha Sidib\u00e9, ce dernier \u00e9tant marchand d\u2019art.<\/p>\r\n\r\n\r\n\r\n<h2 class=\"wp-block-heading\"><span class=\"ez-toc-section\" id=\"Qui_est_la_fille_de_Franck_dans_Plus_belle_la_vie\"><\/span>Qui est la fille de Franck dans Plus belle la vie ?<span class=\"ez-toc-section-end\"><\/span><\/h2>\r\n\r\n\r\n\r\n<figure><img decoding=\"async\" class=\"attachment-full size-full\" src=\"https:\/\/toukiela.com\/wp-content\/uploads\/2022\/06\/Qui-est-la-fille-de-Franck-dans-Plus-belle-la-vie-.jpeg\" sizes=\"(max-width: 640px) 100vw, 640px\" srcset=\"https:\/\/i0.wp.com\/toukiela.com\/wp-content\/uploads\/2022\/06\/Qui-est-la-fille-de-Franck-dans-Plus-belle-la-vie-.jpeg?w=640&amp;ssl=1 640w, https:\/\/i0.wp.com\/toukiela.com\/wp-content\/uploads\/2022\/06\/Qui-est-la-fille-de-Franck-dans-Plus-belle-la-vie-.jpeg?resize=218%2C300&amp;ssl=1 218w, https:\/\/i0.wp.com\/toukiela.com\/wp-content\/uploads\/2022\/06\/Qui-est-la-fille-de-Franck-dans-Plus-belle-la-vie-.jpeg?resize=9%2C12&amp;ssl=1 9w, https:\/\/i0.wp.com\/toukiela.com\/wp-content\/uploads\/2022\/06\/Qui-est-la-fille-de-Franck-dans-Plus-belle-la-vie-.jpeg?resize=36%2C50&amp;ssl=1 36w, https:\/\/i0.wp.com\/toukiela.com\/wp-content\/uploads\/2022\/06\/Qui-est-la-fille-de-Franck-dans-Plus-belle-la-vie-.jpeg?resize=480%2C659&amp;ssl=1 480w\" alt=\"Qui est la fille de Franck dans Plus belle la vie ?\" width=\"640\" height=\"879\"><\/figure>\r\n\r\n\r\n\r\n<p>Emma Rimez est un personnage r\u00e9current voire principal de Plus Belle La Vie. Emma arrive \u00e0 Mistral lors de la onzi\u00e8me saison de la s\u00e9rie ; La belle-fille de Franck Ruiz mari\u00e9e \u00e0 Alice Rimez est la m\u00e8re d\u2019Emma.<\/p>\r\n\r\n\r\n\r\n<p>Qui est Franck pour Emma Plus belle la vie ? Franck est \u00e9lectricien de m\u00e9tier, bel homme, \u00e0 l\u2019allure et au caract\u00e8re viril, Franck fera tourner le c\u0153ur de Marci, la prof de Blanche et finira en couple avec Blanche.<\/p>\r\n\r\n\r\n\r\n<h3 class=\"wp-block-heading\"><span class=\"ez-toc-section\" id=\"Qui_est_Alice_Marci_dans_Plus_belle_la_vie\"><\/span>Qui est Alice Marci dans Plus belle la vie ?<span class=\"ez-toc-section-end\"><\/span><\/h3>\r\n\r\n\r\n\r\n<p>M\u00e8re surprotectrice, abusive et castr\u00e9e, Alice a du mal \u00e0 entretenir de bonnes relations avec sa fille Emma Rimez, dont elle veut contr\u00f4ler la vie, alors qu\u2019elle est adolescente au lyc\u00e9e.<\/p>\r\n\r\n\r\n\r\n<h4 class=\"wp-block-heading\"><span class=\"ez-toc-section\" id=\"Ou_est_passe_Emma_dans_Plus_belle_la_vie\"><\/span>O\u00f9 est pass\u00e9 Emma dans Plus belle la vie ?<span class=\"ez-toc-section-end\"><\/span><\/h4>\r\n\r\n\r\n\r\n<p>Plus belle la vie (3 fran\u00e7ais) : Baptiste pr\u00eat \u00e0 quitter Emma pour Justine ? En f\u00e9vrier dernier, Emma est partie vivre en Australie au grand dam de Baptiste, pas franchement convaincu par cet \u00e9loignement. Beaucoup de choses se sont pass\u00e9es depuis, dont le rapprochement du pompier volontaire avec Justine.<\/p>\r\n\r\n\r\n\r\n<h4 class=\"wp-block-heading\"><span class=\"ez-toc-section\" id=\"Pourquoi_Emma_nest_plus_dans_Plus_belle_la_vie\"><\/span>Pourquoi Emma n\u2019est plus dans Plus belle la vie ?<span class=\"ez-toc-section-end\"><\/span><\/h4>\r\n\r\n\r\n\r\n<p>Je ne suis plus \u00e0 Plus belle la vie pour les m\u00eames raisons qu\u2019il y a quelques ann\u00e9es. Si je viens, c\u2019est pour me faire plaisir et c\u2019est \u00e7a. Je veux continuer \u00e0 m\u2019amuser avec lui.<\/p>\r\n\r\n\r\n\r\n<h3 class=\"wp-block-heading\"><span class=\"ez-toc-section\" id=\"Qui_joue_le_role_de_Franck_dans_Plus_belle_la_vie\"><\/span>Qui joue le r\u00f4le de Franck dans Plus belle la vie ?<span class=\"ez-toc-section-end\"><\/span><\/h3>\r\n\r\n\r\n\r\n<p>Jean-Charles Chagachbanian, qui incarnait Franck Vecchio-Ruiz dans Plus Belle la Vie, est en couple avec Juliette Ch\u00eane ! En effet, celle qui interpr\u00e8te Juliette Fr\u00e9mont dans le feuilleton de France 3 est tomb\u00e9e amoureuse de son compagnon de jeu depuis 2007.<\/p>\r\n\r\n\r\n\r\n<h4 class=\"wp-block-heading\"><span class=\"ez-toc-section\" id=\"Comment_sappelle_Franck_dans_Plus_belle_la_vie\"><\/span>Comment s\u2019appelle Franck dans Plus belle la vie ?<span class=\"ez-toc-section-end\"><\/span><\/h4>\r\n\r\n\r\n\r\n<p>Jean-Charles Chagachbanian, n\u00e9 le 26 janvier 1972 \u00e0 Villeneuve-l\u00e8s-Avignon, est un acteur fran\u00e7ais d\u2019origine arm\u00e9nienne surtout connu pour son r\u00f4le de Franck Ruiz dans Plus belle la vie.<\/p>\r\n\r\n\r\n\r\n<h4 class=\"wp-block-heading\"><span class=\"ez-toc-section\" id=\"Qui_est_le_nouvel_acteur_dans_Plus_belle_la_vie\"><\/span>Qui est le nouvel acteur dans Plus belle la vie ?<span class=\"ez-toc-section-end\"><\/span><\/h4>\r\n\r\n\r\n\r\n<p>Et ce mercredi 30 mars, le journal La Provence r\u00e9v\u00e9lait dans sa chronique que les deux acteurs allaient partir pour TF1. Le premier n\u2019\u00e9tait autre que Fran\u00e7ois-Dominique Blin. Dans la s\u00e9rie France 3, l\u2019acteur interpr\u00e9tait le r\u00f4le d\u2019Alexandre.<\/p>\r\n\r\n\r\n\r\n<h3 class=\"wp-block-heading\"><span class=\"ez-toc-section\" id=\"Quel_age_a_Franck_dans_Plus_belle_la_vie\"><\/span>Quel \u00e2ge a Franck dans Plus belle la vie ?<span class=\"ez-toc-section-end\"><\/span><\/h3>\r\n\r\n\r\n\r\n<p>Jean-Charles Chagachbanian, n\u00e9 le 26 janvier 1972 \u00e0 Villeneuve-l\u00e8s-Avignon, est un acteur fran\u00e7ais d\u2019origine arm\u00e9nienne surtout connu pour son r\u00f4le de Franck Ruiz dans Plus belle la vie.<\/p>\r\n\r\n\r\n\r\n<h4 class=\"wp-block-heading\"><span class=\"ez-toc-section\" id=\"Qui_joue_Lombard_Plus_belle_la_vie\"><\/span>Qui joue Lombard Plus belle la vie ?<span class=\"ez-toc-section-end\"><\/span><\/h4>\r\n\r\n\r\n\r\n<figure class=\"wp-block-table is-style-regular\">\r\n<table>\r\n<tbody>\r\n<tr>\r\n<th>Nationalit\u00e9<\/th>\r\n<th>France<\/th>\r\n<\/tr>\r\n<tr>\r\n<td>Travailler<\/td>\r\n<td>Acteur de cin\u00e9ma<\/td>\r\n<\/tr>\r\n<tr>\r\n<td>C\u00e9l\u00e8bre s\u00e9rie<\/td>\r\n<td>La vie est plus belle Baie des flamboyants<\/td>\r\n<\/tr>\r\n<\/tbody>\r\n<\/table>\r\n<\/figure>\r\n\r\n<p><script type=\"application\/ld+json\">{\"@context\":\"https:\/\/schema.org\",\"@type\":\"FAQPage\",\"mainEntity\":[{\"@type\":\"Question\",\"name\":\"Pourquoi je ne capte plus la 3 ?\",\"acceptedAnswer\":{\"@type\":\"Answer\",\"text\":\"BONJOUR&nbsp;: Antenne PB&nbsp;! soit l'antenne est mauvaise, soit l'orientation est mauvaise, soit le c&acirc;ble coaxial est trop vieux.Pourquoi n'ai-je plus les canaux 2 et 3 ? Choses &agrave; v&eacute;rifier : > Assurez-vous que votre c&acirc;ble d'antenne n'est pas d&eacute;connect&eacute; du t&eacute;l&eacute;viseur de mani&egrave;re inattendue ; > V&eacute;rifiez &eacute;galement les autres connexions et l'&eacute;tat de vos c&acirc;bles ; Si tout va bien, vous pouvez lancer une recherche et m&eacute;moriser les cha&icirc;nes.\"}},{\"@type\":\"Question\",\"name\":\"Quelle est la plus vieille s&eacute;rie au monde ?\",\"acceptedAnswer\":{\"@type\":\"Answer\",\"text\":\"Au cours de ses 57 ann&eacute;es d'existence, la s&eacute;rie Haine et Passion (Light Guides dans l'original) a su fid&eacute;liser le public sur le long terme.Quelle est la s&eacute;rie la plus ancienne ? Record de la plus longue s&eacute;quence. Haine et Passion (ou Guide Light en original), avec 15 762 &eacute;pisodes et 56 saisons diffus&eacute;s de 1952 &agrave; 2009 sur la cha&icirc;ne am&eacute;ricaine CBS, soit 57 ans de son existence !\"}},{\"@type\":\"Question\",\"name\":\"Quelle est la s&eacute;rie avec le plus grand nombre d'&eacute;pisodes ?\",\"acceptedAnswer\":{\"@type\":\"Answer\",\"text\":\"Avec plus de 13 100 &eacute;pisodes diffus&eacute;s, la s&eacute;rie Des jours et des vies d&eacute;tient le record absolu du nombre d'&eacute;pisodes pour une s&eacute;rie encore en circulation. La s&eacute;rie compte actuellement 50 saisons et compte plus de 1 800 personnages en tant qu'acteurs principaux ou secondaires depuis ses d&eacute;buts.Quelle est la plus ancienne s&eacute;rie t&eacute;l&eacute; fran&ccedil;aise ? Poulet-a-doodle Doo&nbsp;! Le jury est une femme est la plus ancienne s&eacute;rie fran&ccedil;aise encore diffus&eacute;e &agrave; la t&eacute;l&eacute;vision. La petite bizarrerie reste la m&ecirc;me, puisqu'elle a &eacute;t&eacute; diffus&eacute;e en deux parties diff&eacute;rentes : Florence Larrieu entre 1993 et &#8203;&#8203;2002, puis Alice Nevers depuis 2002.\"}},{\"@type\":\"Question\",\"name\":\"Est-ce que Baptiste est mort plus belle la vie ?\",\"acceptedAnswer\":{\"@type\":\"Answer\",\"text\":\"Apr&egrave;s le choc final, une triste phrase est tomb&eacute;e sur Plus belle la vie : \\\"heure du d&eacute;c&egrave;s, 14h03\\\". Le jeune p&egrave;re est mort...Pourquoi tard Plus belle la vie ? C'est-&agrave;-dire des audiences en berne depuis plusieurs ann&eacute;es. Alors qu'en f&eacute;vrier, un article sur Figoaro indiquait que la fin de la s&eacute;rie avait &eacute;t&eacute; enregistr&eacute;e, sans &ecirc;tre confirm&eacute;e par la cha&icirc;ne, les rumeurs enflaient. C'est d&eacute;sormais confirm&eacute;, avec jeudi 5 mai, la diffusion du communiqu&eacute; de presse du groupe public.\"}},{\"@type\":\"Question\",\"name\":\"Qui est la fille de Franck dans Plus belle la vie ?\",\"acceptedAnswer\":{\"@type\":\"Answer\",\"text\":\"Emma Rimez est un personnage r&eacute;current voire principal de Plus Belle La Vie. Emma arrive &agrave; Mistral lors de la onzi&egrave;me saison de la s&eacute;rie ; La belle-fille de Franck Ruiz mari&eacute;e &agrave; Alice Rimez est la m&egrave;re d'Emma.Qui est Franck pour Emma Plus belle la vie ? Franck est &eacute;lectricien de m&eacute;tier, bel homme, &agrave; l'allure et au caract&egrave;re viril, Franck fera tourner le c&oelig;ur de Marci, la prof de Blanche et finira en couple avec Blanche.\"}}]}<\/script><\/p>\n\n","protected":false},"excerpt":{"rendered":"","protected":false},"author":1,"featured_media":4740,"comment_status":"open","ping_status":"open","sticky":false,"template":"","format":"standard","meta":{"_seopress_robots_primary_cat":"none","_seopress_titles_title":"","_seopress_titles_desc":"","_seopress_robots_index":"","footnotes":""},"categories":[31],"tags":[451,456,455,37,454],"class_list":["post-2560","post","type-post","status-publish","format-standard","has-post-thumbnail","hentry","category-life-style","tag-belle","tag-emma","tag-episodes","tag-france","tag-serie","generate-columns","tablet-grid-50","mobile-grid-100","grid-parent","grid-50"],"_links":{"self":[{"href":"https:\/\/toukiela.com\/en\/wp-json\/wp\/v2\/posts\/2560","targetHints":{"allow":["GET"]}}],"collection":[{"href":"https:\/\/toukiela.com\/en\/wp-json\/wp\/v2\/posts"}],"about":[{"href":"https:\/\/toukiela.com\/en\/wp-json\/wp\/v2\/types\/post"}],"author":[{"embeddable":true,"href":"https:\/\/toukiela.com\/en\/wp-json\/wp\/v2\/users\/1"}],"replies":[{"embeddable":true,"href":"https:\/\/toukiela.com\/en\/wp-json\/wp\/v2\/comments?post=2560"}],"version-history":[{"count":0,"href":"https:\/\/toukiela.com\/en\/wp-json\/wp\/v2\/posts\/2560\/revisions"}],"wp:featuredmedia":[{"embeddable":true,"href":"https:\/\/toukiela.com\/en\/wp-json\/wp\/v2\/media\/4740"}],"wp:attachment":[{"href":"https:\/\/toukiela.com\/en\/wp-json\/wp\/v2\/media?parent=2560"}],"wp:term":[{"taxonomy":"category","embeddable":true,"href":"https:\/\/toukiela.com\/en\/wp-json\/wp\/v2\/categories?post=2560"},{"taxonomy":"post_tag","embeddable":true,"href":"https:\/\/toukiela.com\/en\/wp-json\/wp\/v2\/tags?post=2560"}],"curies":[{"name":"wp","href":"https:\/\/api.w.org\/{rel}","templated":true}]}}