{"id":2231,"date":"2022-06-22T00:48:13","date_gmt":"2022-06-22T00:48:13","guid":{"rendered":"https:\/\/toukiela.com\/est-ce-que-lhiver-2021-2022-sera-froid-month-year\/"},"modified":"2022-08-30T10:29:38","modified_gmt":"2022-08-30T10:29:38","slug":"est-ce-que-lhiver-2021-2022-sera-froid-month-year","status":"publish","type":"post","link":"https:\/\/toukiela.com\/en\/est-ce-que-lhiver-2021-2022-sera-froid-month-year\/","title":{"rendered":"Est-ce que l&rsquo;hiver 2021 2022 sera froid ? April 2026"},"content":{"rendered":"<p><iframe title=\"PR\u00c9VISIONS SAISONNI\u00c8RES \u2744\ufe0fHIVER\u2744\ufe0f 2022-2023 : VERS UN HIVER FROID? | Le 17\/07\/2022\" width=\"1200\" height=\"675\" src=\"https:\/\/www.youtube-nocookie.com\/embed\/uEHmVToby2Y?feature=oembed\" frameborder=\"0\" allow=\"accelerometer; autoplay; clipboard-write; encrypted-media; gyroscope; picture-in-picture; web-share\" allowfullscreen><\/iframe><\/p>\r\n<p><strong>Si vous envisagez de vous installer aux \u00c9tats-Unis, il y a certaines choses que vous devez savoir sur le syst\u00e8me de sant\u00e9. Les \u00c9tats-Unis ont l\u2019un des syst\u00e8mes de sant\u00e9 les plus co\u00fbteux au monde, et il n\u2019est pas rare que les gens s\u2019endettent pour payer leurs soins m\u00e9dicaux. Il y a \u00e9galement une p\u00e9nurie de m\u00e9decins de soins primaires, ce qui peut rendre difficile l\u2019obtention d\u2019un rendez-vous. Toutefois, le syst\u00e8me de sant\u00e9 am\u00e9ricain pr\u00e9sente \u00e9galement certains aspects positifs. Par exemple, de nombreux sp\u00e9cialistes sont disponibles et la qualit\u00e9 des soins est g\u00e9n\u00e9ralement \u00e9lev\u00e9e. Si vous avez des besoins sp\u00e9cifiques en mati\u00e8re de sant\u00e9, vous pourrez peut-\u00eatre trouver un m\u00e9decin sp\u00e9cialis\u00e9 dans votre cas. En outre, de nombreux h\u00f4pitaux aux \u00c9tats-Unis sont \u00e9quip\u00e9s de mat\u00e9riel de pointe et offrent une grande vari\u00e9t\u00e9 de services. Lorsque vous choisissez un r\u00e9gime de soins de sant\u00e9, il est important de comparer les diff\u00e9rentes options et de vous assurer que vous b\u00e9n\u00e9ficiez de la couverture dont vous avez besoin. Vous devez \u00e9galement \u00eatre conscient des diff\u00e9rences entre les r\u00e9gimes de soins de sant\u00e9 publics et priv\u00e9s. Les plans de sant\u00e9 priv\u00e9s ont g\u00e9n\u00e9ralement des primes plus \u00e9lev\u00e9es mais peuvent offrir une couverture plus compl\u00e8te. Le type de r\u00e9gime de soins de sant\u00e9 que vous choisirez d\u00e9pendra en d\u00e9finitive de vos besoins et de votre budgetLa neige sera au rendez-vous \u00e0 Lille comme dans le Nord et le Pas-de-Calais, et ce d\u00e8s ce jeudi 31 mars 2022. Faisons le point. Selon les derni\u00e8res pr\u00e9visions m\u00e9t\u00e9o de M\u00e9t\u00e9o France, il va vraiment neiger \u00e0 Lille et dans le Nord \u2013 Pas-de-Calais. Les premiers flocons de neige sont attendus ce jeudi 31 mars 2022.<\/strong><\/p>\r\n\r\n\r\n\r\n<div id=\"ez-toc-container\" class=\"ez-toc-v2_0_82_2 counter-hierarchy ez-toc-counter ez-toc-grey ez-toc-container-direction\">\n<p class=\"ez-toc-title\" style=\"cursor:inherit\">Sommaire<\/p>\n<label for=\"ez-toc-cssicon-toggle-item-69f1ebdc70da2\" class=\"ez-toc-cssicon-toggle-label\"><span class=\"\"><span class=\"eztoc-hide\" style=\"display:none;\">Toggle<\/span><span class=\"ez-toc-icon-toggle-span\"><svg style=\"fill: #999;color:#999\" xmlns=\"http:\/\/www.w3.org\/2000\/svg\" class=\"list-377408\" width=\"20px\" height=\"20px\" viewBox=\"0 0 24 24\" fill=\"none\"><path d=\"M6 6H4v2h2V6zm14 0H8v2h12V6zM4 11h2v2H4v-2zm16 0H8v2h12v-2zM4 16h2v2H4v-2zm16 0H8v2h12v-2z\" fill=\"currentColor\"><\/path><\/svg><svg style=\"fill: #999;color:#999\" class=\"arrow-unsorted-368013\" xmlns=\"http:\/\/www.w3.org\/2000\/svg\" width=\"10px\" height=\"10px\" viewBox=\"0 0 24 24\" version=\"1.2\" baseProfile=\"tiny\"><path d=\"M18.2 9.3l-6.2-6.3-6.2 6.3c-.2.2-.3.4-.3.7s.1.5.3.7c.2.2.4.3.7.3h11c.3 0 .5-.1.7-.3.2-.2.3-.5.3-.7s-.1-.5-.3-.7zM5.8 14.7l6.2 6.3 6.2-6.3c.2-.2.3-.5.3-.7s-.1-.5-.3-.7c-.2-.2-.4-.3-.7-.3h-11c-.3 0-.5.1-.7.3-.2.2-.3.5-.3.7s.1.5.3.7z\"\/><\/svg><\/span><\/span><\/label><input type=\"checkbox\"  id=\"ez-toc-cssicon-toggle-item-69f1ebdc70da2\"  aria-label=\"Toggle\" \/><nav><ul class='ez-toc-list ez-toc-list-level-1 ' ><li class='ez-toc-page-1 ez-toc-heading-level-2'><a class=\"ez-toc-link ez-toc-heading-1\" href=\"https:\/\/toukiela.com\/en\/est-ce-que-lhiver-2021-2022-sera-froid-month-year\/#Quelle_hiver_pour_2022\" >Quelle hiver pour 2022 ?<\/a><ul class='ez-toc-list-level-3' ><li class='ez-toc-heading-level-3'><a class=\"ez-toc-link ez-toc-heading-2\" href=\"https:\/\/toukiela.com\/en\/est-ce-que-lhiver-2021-2022-sera-froid-month-year\/#Quand_Va-t-il_neiger_2022\" >Quand Va-t-il neiger 2022 ?<\/a><ul class='ez-toc-list-level-4' ><li class='ez-toc-heading-level-4'><a class=\"ez-toc-link ez-toc-heading-3\" href=\"https:\/\/toukiela.com\/en\/est-ce-que-lhiver-2021-2022-sera-froid-month-year\/#Comment_va_etre_lhiver_2022\" >Comment va \u00eatre l\u2019hiver 2022 ?<\/a><\/li><li class='ez-toc-page-1 ez-toc-heading-level-4'><a class=\"ez-toc-link ez-toc-heading-4\" href=\"https:\/\/toukiela.com\/en\/est-ce-que-lhiver-2021-2022-sera-froid-month-year\/#Quand_Va-t-il_neiger_a_Paris_2022\" >Quand Va-t-il neiger \u00e0 Paris 2022 ?<\/a><\/li><\/ul><\/li><li class='ez-toc-page-1 ez-toc-heading-level-3'><a class=\"ez-toc-link ez-toc-heading-5\" href=\"https:\/\/toukiela.com\/en\/est-ce-que-lhiver-2021-2022-sera-froid-month-year\/#Est-ce_que_lhiver_2021-2022_sera_froid\" >Est-ce que l\u2019hiver 2021-2022 sera froid ?<\/a><ul class='ez-toc-list-level-4' ><li class='ez-toc-heading-level-4'><a class=\"ez-toc-link ez-toc-heading-6\" href=\"https:\/\/toukiela.com\/en\/est-ce-que-lhiver-2021-2022-sera-froid-month-year\/#Quel_temps_pour_lhiver_2021-2022\" >Quel temps pour l\u2019hiver 2021-2022 ?<\/a><\/li><li class='ez-toc-page-1 ez-toc-heading-level-4'><a class=\"ez-toc-link ez-toc-heading-7\" href=\"https:\/\/toukiela.com\/en\/est-ce-que-lhiver-2021-2022-sera-froid-month-year\/#Comment_va_etre_lhiver_2022-2\" >Comment va \u00eatre l\u2019hiver 2022 ?<\/a><\/li><\/ul><\/li><li class='ez-toc-page-1 ez-toc-heading-level-3'><a class=\"ez-toc-link ez-toc-heading-8\" href=\"https:\/\/toukiela.com\/en\/est-ce-que-lhiver-2021-2022-sera-froid-month-year\/#Comment_va_etre_lhiver_2022-3\" >Comment va \u00eatre l\u2019hiver 2022 ?<\/a><ul class='ez-toc-list-level-4' ><li class='ez-toc-heading-level-4'><a class=\"ez-toc-link ez-toc-heading-9\" href=\"https:\/\/toukiela.com\/en\/est-ce-que-lhiver-2021-2022-sera-froid-month-year\/#Comment_sera_lhiver_2022_en_France\" >Comment sera l\u2019hiver 2022 en France ?<\/a><\/li><li class='ez-toc-page-1 ez-toc-heading-level-4'><a class=\"ez-toc-link ez-toc-heading-10\" href=\"https:\/\/toukiela.com\/en\/est-ce-que-lhiver-2021-2022-sera-froid-month-year\/#Est-ce_que_lete_2022_sera_chaud\" >Est-ce que l\u2019\u00e9t\u00e9 2022 sera chaud ?<\/a><\/li><\/ul><\/li><\/ul><\/li><li class='ez-toc-page-1 ez-toc-heading-level-2'><a class=\"ez-toc-link ez-toc-heading-11\" href=\"https:\/\/toukiela.com\/en\/est-ce-que-lhiver-2021-2022-sera-froid-month-year\/#Quand_il_y_aura_de_la_neige_en_Belgique\" >Quand il y aura de la neige en Belgique ?<\/a><ul class='ez-toc-list-level-3' ><li class='ez-toc-heading-level-3'><a class=\"ez-toc-link ez-toc-heading-12\" href=\"https:\/\/toukiela.com\/en\/est-ce-que-lhiver-2021-2022-sera-froid-month-year\/#Comment_sera_lhiver_2021-2022_en_Belgique\" >Comment sera l\u2019hiver 2021-2022 en Belgique ?<\/a><ul class='ez-toc-list-level-4' ><li class='ez-toc-heading-level-4'><a class=\"ez-toc-link ez-toc-heading-13\" href=\"https:\/\/toukiela.com\/en\/est-ce-que-lhiver-2021-2022-sera-froid-month-year\/#Comment_sera_hiver_2022\" >Comment sera hiver 2022 ?<\/a><\/li><li class='ez-toc-page-1 ez-toc-heading-level-4'><a class=\"ez-toc-link ez-toc-heading-14\" href=\"https:\/\/toukiela.com\/en\/est-ce-que-lhiver-2021-2022-sera-froid-month-year\/#Est-ce_quil_va_neiger_en_2022\" >Est-ce qu\u2019il va neiger en 2022 ?<\/a><\/li><\/ul><\/li><li class='ez-toc-page-1 ez-toc-heading-level-3'><a class=\"ez-toc-link ez-toc-heading-15\" href=\"https:\/\/toukiela.com\/en\/est-ce-que-lhiver-2021-2022-sera-froid-month-year\/#Est-ce_que_lhiver_2021-2022_sera_froid-2\" >Est-ce que l\u2019hiver 2021-2022 sera froid ?<\/a><ul class='ez-toc-list-level-4' ><li class='ez-toc-heading-level-4'><a class=\"ez-toc-link ez-toc-heading-16\" href=\"https:\/\/toukiela.com\/en\/est-ce-que-lhiver-2021-2022-sera-froid-month-year\/#Comment_sera_lhiver_2022_en_France-2\" >Comment sera l\u2019hiver 2022 en France ?<\/a><\/li><li class='ez-toc-page-1 ez-toc-heading-level-4'><a class=\"ez-toc-link ez-toc-heading-17\" href=\"https:\/\/toukiela.com\/en\/est-ce-que-lhiver-2021-2022-sera-froid-month-year\/#Comment_va_etre_lhiver_2022-4\" >Comment va \u00eatre l\u2019hiver 2022 ?<\/a><\/li><\/ul><\/li><\/ul><\/li><li class='ez-toc-page-1 ez-toc-heading-level-2'><a class=\"ez-toc-link ez-toc-heading-18\" href=\"https:\/\/toukiela.com\/en\/est-ce-que-lhiver-2021-2022-sera-froid-month-year\/#Comment_sera_lete_2022_au_Quebec\" >Comment sera l\u2019\u00e9t\u00e9 2022 au Qu\u00e9bec ?<\/a><ul class='ez-toc-list-level-3' ><li class='ez-toc-heading-level-3'><a class=\"ez-toc-link ez-toc-heading-19\" href=\"https:\/\/toukiela.com\/en\/est-ce-que-lhiver-2021-2022-sera-froid-month-year\/#Comment_sera_lete_de_2022\" >Comment sera l\u2019\u00e9t\u00e9 de 2022 ?<\/a><ul class='ez-toc-list-level-4' ><li class='ez-toc-heading-level-4'><a class=\"ez-toc-link ez-toc-heading-20\" href=\"https:\/\/toukiela.com\/en\/est-ce-que-lhiver-2021-2022-sera-froid-month-year\/#Comment_sera_le_mois_de_juin_2022\" >Comment sera le mois de juin 2022 ?<\/a><\/li><li class='ez-toc-page-1 ez-toc-heading-level-4'><a class=\"ez-toc-link ez-toc-heading-21\" href=\"https:\/\/toukiela.com\/en\/est-ce-que-lhiver-2021-2022-sera-froid-month-year\/#Quel_temps_ete_2022\" >Quel temps \u00e9t\u00e9 2022 ?<\/a><\/li><\/ul><\/li><li class='ez-toc-page-1 ez-toc-heading-level-3'><a class=\"ez-toc-link ez-toc-heading-22\" href=\"https:\/\/toukiela.com\/en\/est-ce-que-lhiver-2021-2022-sera-froid-month-year\/#Quel_ete_Aurons-nous_en_2022\" >Quel \u00e9t\u00e9 Aurons-nous en 2022 ?<\/a><ul class='ez-toc-list-level-4' ><li class='ez-toc-heading-level-4'><a class=\"ez-toc-link ez-toc-heading-23\" href=\"https:\/\/toukiela.com\/en\/est-ce-que-lhiver-2021-2022-sera-froid-month-year\/#Quel_ete_auront_nous_en_2022\" >Quel \u00e9t\u00e9 auront nous en 2022 ?<\/a><\/li><li class='ez-toc-page-1 ez-toc-heading-level-4'><a class=\"ez-toc-link ez-toc-heading-24\" href=\"https:\/\/toukiela.com\/en\/est-ce-que-lhiver-2021-2022-sera-froid-month-year\/#Quel_hiver_Aurons-nous_en_2022\" >Quel hiver Aurons-nous en 2022 ?<\/a><\/li><\/ul><\/li><li class='ez-toc-page-1 ez-toc-heading-level-3'><a class=\"ez-toc-link ez-toc-heading-25\" href=\"https:\/\/toukiela.com\/en\/est-ce-que-lhiver-2021-2022-sera-froid-month-year\/#Quand_la_meteo_va_sameliorer_2022\" >Quand la m\u00e9t\u00e9o va s\u2019am\u00e9liorer 2022 ?<\/a><ul class='ez-toc-list-level-4' ><li class='ez-toc-heading-level-4'><a class=\"ez-toc-link ez-toc-heading-26\" href=\"https:\/\/toukiela.com\/en\/est-ce-que-lhiver-2021-2022-sera-froid-month-year\/#Quand_la_temperature_va_remonter_2022\" >Quand la temp\u00e9rature va remonter 2022 ?<\/a><\/li><\/ul><\/li><\/ul><\/li><li class='ez-toc-page-1 ez-toc-heading-level-2'><a class=\"ez-toc-link ez-toc-heading-27\" href=\"https:\/\/toukiela.com\/en\/est-ce-que-lhiver-2021-2022-sera-froid-month-year\/#Comment_sera_lete_2022_en_Bretagne\" >Comment sera l\u2019\u00e9t\u00e9 2022 en Bretagne ?<\/a><ul class='ez-toc-list-level-3' ><li class='ez-toc-heading-level-3'><a class=\"ez-toc-link ez-toc-heading-28\" href=\"https:\/\/toukiela.com\/en\/est-ce-que-lhiver-2021-2022-sera-froid-month-year\/#Est-ce_que_lete_2022_sera_chaud-2\" >Est-ce que l\u2019\u00e9t\u00e9 2022 sera chaud ?<\/a><ul class='ez-toc-list-level-4' ><li class='ez-toc-heading-level-4'><a class=\"ez-toc-link ez-toc-heading-29\" href=\"https:\/\/toukiela.com\/en\/est-ce-que-lhiver-2021-2022-sera-froid-month-year\/#Comment_sera_lete_2022_en_Belgique\" >Comment sera l\u2019\u00e9t\u00e9 2022 en Belgique ?<\/a><\/li><li class='ez-toc-page-1 ez-toc-heading-level-4'><a class=\"ez-toc-link ez-toc-heading-30\" href=\"https:\/\/toukiela.com\/en\/est-ce-que-lhiver-2021-2022-sera-froid-month-year\/#Quel_ete_Aurons-nous_en_2022-2\" >Quel \u00e9t\u00e9 Aurons-nous en 2022 ?<\/a><\/li><\/ul><\/li><li class='ez-toc-page-1 ez-toc-heading-level-3'><a class=\"ez-toc-link ez-toc-heading-31\" href=\"https:\/\/toukiela.com\/en\/est-ce-que-lhiver-2021-2022-sera-froid-month-year\/#Quel_temps_en_Bretagne_ete_2022\" >Quel temps en Bretagne \u00e9t\u00e9 2022 ?<\/a><ul class='ez-toc-list-level-4' ><li class='ez-toc-heading-level-4'><a class=\"ez-toc-link ez-toc-heading-32\" href=\"https:\/\/toukiela.com\/en\/est-ce-que-lhiver-2021-2022-sera-froid-month-year\/#Fait-il_chaud_en_Bretagne_lete\" >Fait-il chaud en Bretagne l\u2019\u00e9t\u00e9 ?<\/a><\/li><li class='ez-toc-page-1 ez-toc-heading-level-4'><a class=\"ez-toc-link ez-toc-heading-33\" href=\"https:\/\/toukiela.com\/en\/est-ce-que-lhiver-2021-2022-sera-froid-month-year\/#Quel_temps_Fera-t-il_en_aout_en_Bretagne\" >Quel temps Fera-t-il en ao\u00fbt en Bretagne ?<\/a><\/li><\/ul><\/li><li class='ez-toc-page-1 ez-toc-heading-level-3'><a class=\"ez-toc-link ez-toc-heading-34\" href=\"https:\/\/toukiela.com\/en\/est-ce-que-lhiver-2021-2022-sera-froid-month-year\/#Quelle_temperature_pour_lete_2022\" >Quelle temp\u00e9rature pour l\u2019\u00e9t\u00e9 2022 ?<\/a><ul class='ez-toc-list-level-4' ><li class='ez-toc-heading-level-4'><a class=\"ez-toc-link ez-toc-heading-35\" href=\"https:\/\/toukiela.com\/en\/est-ce-que-lhiver-2021-2022-sera-froid-month-year\/#Quel_temps_en_ete_2022\" >Quel temps en \u00e9t\u00e9 2022 ?<\/a><\/li><li class='ez-toc-page-1 ez-toc-heading-level-4'><a class=\"ez-toc-link ez-toc-heading-36\" href=\"https:\/\/toukiela.com\/en\/est-ce-que-lhiver-2021-2022-sera-froid-month-year\/#Quel_temps_pour_juillet_et_aout_2022\" >Quel temps pour juillet et ao\u00fbt 2022 ?<\/a><\/li><\/ul><\/li><\/ul><\/li><li class='ez-toc-page-1 ez-toc-heading-level-2'><a class=\"ez-toc-link ez-toc-heading-37\" href=\"https:\/\/toukiela.com\/en\/est-ce-que-lhiver-2021-2022-sera-froid-month-year\/#Comment_sera_lhiver_2021-2022_au_Quebec\" >Comment sera l\u2019hiver 2021-2022 au Qu\u00e9bec ?<\/a><ul class='ez-toc-list-level-3' ><li class='ez-toc-heading-level-3'><a class=\"ez-toc-link ez-toc-heading-38\" href=\"https:\/\/toukiela.com\/en\/est-ce-que-lhiver-2021-2022-sera-froid-month-year\/#Comment_va_etre_lhiver_2022-5\" >Comment va \u00eatre l\u2019hiver 2022 ?<\/a><ul class='ez-toc-list-level-4' ><li class='ez-toc-heading-level-4'><a class=\"ez-toc-link ez-toc-heading-39\" href=\"https:\/\/toukiela.com\/en\/est-ce-que-lhiver-2021-2022-sera-froid-month-year\/#Quand_il_va_neiger_en_2022\" >Quand il va neiger en 2022 ?<\/a><\/li><li class='ez-toc-page-1 ez-toc-heading-level-4'><a class=\"ez-toc-link ez-toc-heading-40\" href=\"https:\/\/toukiela.com\/en\/est-ce-que-lhiver-2021-2022-sera-froid-month-year\/#Est-ce_que_lete_2022_sera_chaud-3\" >Est-ce que l\u2019\u00e9t\u00e9 2022 sera chaud ?<\/a><\/li><\/ul><\/li><li class='ez-toc-page-1 ez-toc-heading-level-3'><a class=\"ez-toc-link ez-toc-heading-41\" href=\"https:\/\/toukiela.com\/en\/est-ce-que-lhiver-2021-2022-sera-froid-month-year\/#Est-ce_que_lhiver_2021-2022_sera_froid-3\" >Est-ce que l\u2019hiver 2021-2022 sera froid ?<\/a><ul class='ez-toc-list-level-4' ><li class='ez-toc-heading-level-4'><a class=\"ez-toc-link ez-toc-heading-42\" href=\"https:\/\/toukiela.com\/en\/est-ce-que-lhiver-2021-2022-sera-froid-month-year\/#Comment_sera_lhiver_2022_en_France-3\" >Comment sera l\u2019hiver 2022 en France ?<\/a><\/li><li class='ez-toc-page-1 ez-toc-heading-level-4'><a class=\"ez-toc-link ez-toc-heading-43\" href=\"https:\/\/toukiela.com\/en\/est-ce-que-lhiver-2021-2022-sera-froid-month-year\/#Quand_Va-t-il_neiger_2022-2\" >Quand Va-t-il neiger 2022 ?<\/a><\/li><\/ul><\/li><\/ul><\/li><li class='ez-toc-page-1 ez-toc-heading-level-2'><a class=\"ez-toc-link ez-toc-heading-44\" href=\"https:\/\/toukiela.com\/en\/est-ce-que-lhiver-2021-2022-sera-froid-month-year\/#Comment_sera_lhiver_2021\" >Comment sera l\u2019hiver 2021 ?<\/a><ul class='ez-toc-list-level-3' ><li class='ez-toc-heading-level-3'><a class=\"ez-toc-link ez-toc-heading-45\" href=\"https:\/\/toukiela.com\/en\/est-ce-que-lhiver-2021-2022-sera-froid-month-year\/#Est-ce_que_lhiver_va_etre_froid\" >Est-ce que l\u2019hiver va \u00eatre froid ?<\/a><ul class='ez-toc-list-level-4' ><li class='ez-toc-heading-level-4'><a class=\"ez-toc-link ez-toc-heading-46\" href=\"https:\/\/toukiela.com\/en\/est-ce-que-lhiver-2021-2022-sera-froid-month-year\/#Quand_Va-t-il_faire_froid_2021\" >Quand Va-t-il faire froid 2021 ?<\/a><\/li><li class='ez-toc-page-1 ez-toc-heading-level-4'><a class=\"ez-toc-link ez-toc-heading-47\" href=\"https:\/\/toukiela.com\/en\/est-ce-que-lhiver-2021-2022-sera-froid-month-year\/#Quel_temps_pour_lhiver_2021-2022-2\" >Quel temps pour l\u2019hiver 2021-2022 ?<\/a><\/li><\/ul><\/li><li class='ez-toc-page-1 ez-toc-heading-level-3'><a class=\"ez-toc-link ez-toc-heading-48\" href=\"https:\/\/toukiela.com\/en\/est-ce-que-lhiver-2021-2022-sera-froid-month-year\/#Est-ce_que_lhiver_2021-2022_sera_froid-4\" >Est-ce que l\u2019hiver 2021-2022 sera froid ?<\/a><ul class='ez-toc-list-level-4' ><li class='ez-toc-heading-level-4'><a class=\"ez-toc-link ez-toc-heading-49\" href=\"https:\/\/toukiela.com\/en\/est-ce-que-lhiver-2021-2022-sera-froid-month-year\/#Comment_va_etre_lhiver_2022-6\" >Comment va \u00eatre l\u2019hiver 2022 ?<\/a><\/li><li class='ez-toc-page-1 ez-toc-heading-level-4'><a class=\"ez-toc-link ez-toc-heading-50\" href=\"https:\/\/toukiela.com\/en\/est-ce-que-lhiver-2021-2022-sera-froid-month-year\/#Quel_temps_pour_lhiver_2021-2022-3\" >Quel temps pour l\u2019hiver 2021-2022 ?<\/a><\/li><\/ul><\/li><\/ul><\/li><\/ul><\/nav><\/div>\n<h2 class=\"wp-block-heading\"><span class=\"ez-toc-section\" id=\"Quelle_hiver_pour_2022\"><\/span>Quelle hiver pour 2022 ?<span class=\"ez-toc-section-end\"><\/span><\/h2>\r\n\r\n\r\n\r\n<figure><img decoding=\"async\" class=\"attachment-full size-full\" src=\"https:\/\/toukiela.com\/wp-content\/uploads\/2022\/06\/Quelle-hiver-pour-2022-.jpeg\" sizes=\"(max-width: 900px) 100vw, 900px\" srcset=\"https:\/\/i0.wp.com\/toukiela.com\/wp-content\/uploads\/2022\/06\/Quelle-hiver-pour-2022-.jpeg?w=900&amp;ssl=1 900w, https:\/\/i0.wp.com\/toukiela.com\/wp-content\/uploads\/2022\/06\/Quelle-hiver-pour-2022-.jpeg?resize=300%2C169&amp;ssl=1 300w, https:\/\/i0.wp.com\/toukiela.com\/wp-content\/uploads\/2022\/06\/Quelle-hiver-pour-2022-.jpeg?resize=768%2C432&amp;ssl=1 768w, https:\/\/i0.wp.com\/toukiela.com\/wp-content\/uploads\/2022\/06\/Quelle-hiver-pour-2022-.jpeg?resize=18%2C10&amp;ssl=1 18w, https:\/\/i0.wp.com\/toukiela.com\/wp-content\/uploads\/2022\/06\/Quelle-hiver-pour-2022-.jpeg?resize=50%2C28&amp;ssl=1 50w, https:\/\/i0.wp.com\/toukiela.com\/wp-content\/uploads\/2022\/06\/Quelle-hiver-pour-2022-.jpeg?resize=480%2C270&amp;ssl=1 480w\" alt=\"Quelle hiver pour 2022 ?\" width=\"900\" height=\"506\"><\/figure>\r\n\r\n\r\n\r\n<p>L\u2019arriv\u00e9e du temps hivernal 2022-2023 serait classique avec quelques averses (5% d\u2019anomalie) et des temp\u00e9ratures assez fra\u00eeches (-0,25\u00b0C).<\/p>\r\n\r\n\r\n\r\n<p>Est-ce qu\u2019il neige cet hiver 2022 ? Pour l\u2019instant, il n\u2019y a aucun signe de neige en plaine \u00e0 la fin de l\u2019hiver 2021-2022, mais n\u2019oublions pas que le froid et la neige peuvent encore appara\u00eetre en plaine jusqu\u2019en avril\u2026<\/p>\r\n\r\n\r\n\r\n<h3 class=\"wp-block-heading\"><span class=\"ez-toc-section\" id=\"Quand_Va-t-il_neiger_2022\"><\/span>Quand Va-t-il neiger 2022 ?<span class=\"ez-toc-section-end\"><\/span><\/h3>\r\n\r\n\r\n\r\n<p>Une \u00ab\u00a0offensive hivernale\u00a0\u00bb d\u00e9bute en France le 31 mars 2022. Elle doit s\u2019accompagner de chutes de neige, qui touchent plusieurs r\u00e9gions le 1er avril.<\/p>\r\n\r\n\r\n\r\n<h4 class=\"wp-block-heading\"><span class=\"ez-toc-section\" id=\"Comment_va_etre_lhiver_2022\"><\/span>Comment va \u00eatre l\u2019hiver 2022 ?<span class=\"ez-toc-section-end\"><\/span><\/h4>\r\n\r\n\r\n\r\n<p>De ce fait, l\u2019hiver 2022 ne sera \u00ab que \u00bb le 4e d\u2019une s\u00e9rie de saisons \u00e0 temp\u00e9rature anormalement \u00e9lev\u00e9e. Pour quelle raison ? Car la nouvelle normale (sur la p\u00e9riode 1991-2020) augmente de 0,4\u00b0C en hiver par rapport \u00e0 la p\u00e9riode pr\u00e9c\u00e9dente.<\/p>\r\n\r\n\r\n\r\n<h4 class=\"wp-block-heading\"><span class=\"ez-toc-section\" id=\"Quand_Va-t-il_neiger_a_Paris_2022\"><\/span>Quand Va-t-il neiger \u00e0 Paris 2022 ?<span class=\"ez-toc-section-end\"><\/span><\/h4>\r\n\r\n\r\n\r\n<p>Jusqu\u2019\u00e0 5 cm de neige attendus \u00e0 Paris vendredi \u00ab\u00a0Le jeudi 31 mars 2022, entre 1 et 3 cm de neige sont attendus \u00e0 Paris et en r\u00e9gion parisienne\u00a0\u00bb, a indiqu\u00e9 Fran\u00e7ois Gourand, pr\u00e9visionniste \u00e0 M\u00e9t\u00e9o-France. Jusqu\u2019\u00e0 5 cm de neige peuvent \u00eatre observ\u00e9s le matin du vendredi 1er avril.<\/p>\r\n\r\n\r\n\r\n<h3 class=\"wp-block-heading\"><span class=\"ez-toc-section\" id=\"Est-ce_que_lhiver_2021-2022_sera_froid\"><\/span>Est-ce que l\u2019hiver 2021-2022 sera froid ?<span class=\"ez-toc-section-end\"><\/span><\/h3>\r\n\r\n\r\n\r\n<p>Durant l\u2019hiver 2021-2022, les temp\u00e9ratures ont augment\u00e9 en moyenne de 1,3\u00b0C en France, une situation tr\u00e8s proche de l\u2019hiver dernier o\u00f9 l\u2019exc\u00e8s de temp\u00e9rature \u00e9tait de 1,2\u00b0C. C\u2019est le 9\u00e8me hiver cons\u00e9cutif o\u00f9 les temp\u00e9ratures sont sup\u00e9rieures \u00e0 la normale calcul\u00e9e sur la p\u00e9riode 1981-2010.<\/p>\r\n\r\n\r\n\r\n<h4 class=\"wp-block-heading\"><span class=\"ez-toc-section\" id=\"Quel_temps_pour_lhiver_2021-2022\"><\/span>Quel temps pour l\u2019hiver 2021-2022 ?<span class=\"ez-toc-section-end\"><\/span><\/h4>\r\n\r\n\r\n\r\n<p>Avec trois mois de surplus, l\u2019hiver 2021-2022 est donc tr\u00e8s ensoleill\u00e9 : 308 heures d\u2019ensoleillement en moyenne au niveau national pour une normale de 273 heures (13 % par rapport \u00e0 la norme).<\/p>\r\n\r\n\r\n\r\n<h4 class=\"wp-block-heading\"><span class=\"ez-toc-section\" id=\"Comment_va_etre_lhiver_2022-2\"><\/span>Comment va \u00eatre l\u2019hiver 2022 ?<span class=\"ez-toc-section-end\"><\/span><\/h4>\r\n\r\n\r\n\r\n<p>De ce fait, l\u2019hiver 2022 ne sera \u00ab que \u00bb le 4e d\u2019une s\u00e9rie de saisons \u00e0 temp\u00e9rature anormalement \u00e9lev\u00e9e. Pour quelle raison ? Car la nouvelle normale (sur la p\u00e9riode 1991-2020) augmente de 0,4\u00b0C en hiver par rapport \u00e0 la p\u00e9riode pr\u00e9c\u00e9dente.<\/p>\r\n\r\n\r\n\r\n<h3 class=\"wp-block-heading\"><span class=\"ez-toc-section\" id=\"Comment_va_etre_lhiver_2022-3\"><\/span>Comment va \u00eatre l\u2019hiver 2022 ?<span class=\"ez-toc-section-end\"><\/span><\/h3>\r\n\r\n\r\n\r\n<p>De ce fait, l\u2019hiver 2022 ne sera \u00ab que \u00bb le 4e d\u2019une s\u00e9rie de saisons \u00e0 temp\u00e9rature anormalement \u00e9lev\u00e9e. Pour quelle raison ? Car la nouvelle normale (sur la p\u00e9riode 1991-2020) augmente de 0,4\u00b0C en hiver par rapport \u00e0 la p\u00e9riode pr\u00e9c\u00e9dente.<\/p>\r\n\r\n\r\n\r\n<h4 class=\"wp-block-heading\"><span class=\"ez-toc-section\" id=\"Comment_sera_lhiver_2022_en_France\"><\/span>Comment sera l\u2019hiver 2022 en France ?<span class=\"ez-toc-section-end\"><\/span><\/h4>\r\n\r\n\r\n\r\n<p>L\u2019arriv\u00e9e du temps hivernal 2022-2023 serait classique avec quelques averses (5% d\u2019anomalie) et des temp\u00e9ratures assez fra\u00eeches (-0,25\u00b0C). Dans cette configuration, le soleil pourrait d\u00e9voiler ses rayons.<\/p>\r\n\r\n\r\n\r\n<h4 class=\"wp-block-heading\"><span class=\"ez-toc-section\" id=\"Est-ce_que_lete_2022_sera_chaud\"><\/span>Est-ce que l\u2019\u00e9t\u00e9 2022 sera chaud ?<span class=\"ez-toc-section-end\"><\/span><\/h4>\r\n\r\n\r\n\r\n<p>Un \u00e9t\u00e9 2022 plus chaud que la normale ? Enfin, la moyenne sur les trois mois de la m\u00e9t\u00e9o estivale nous montre un signal plut\u00f4t chaud, notamment dans le sud de la Loire, et plus encore dans l\u2019extr\u00eame sud. Il est \u00e9galement trop t\u00f4t pour donner une \u00e9ventuelle anomalie concernant cette \u00e9criture.<\/p>\r\n\r\n\r\n\r\n<h2 class=\"wp-block-heading\"><span class=\"ez-toc-section\" id=\"Quand_il_y_aura_de_la_neige_en_Belgique\"><\/span>Quand il y aura de la neige en Belgique ?<span class=\"ez-toc-section-end\"><\/span><\/h2>\r\n\r\n\r\n\r\n<figure><img decoding=\"async\" class=\"attachment-full size-full\" src=\"https:\/\/toukiela.com\/wp-content\/uploads\/2022\/06\/Quand-il-y-aura-de-la-neige-en-Belgique-.jpeg\" sizes=\"(max-width: 841px) 100vw, 841px\" srcset=\"https:\/\/i0.wp.com\/toukiela.com\/wp-content\/uploads\/2022\/06\/Quand-il-y-aura-de-la-neige-en-Belgique-.jpeg?w=841&amp;ssl=1 841w, https:\/\/i0.wp.com\/toukiela.com\/wp-content\/uploads\/2022\/06\/Quand-il-y-aura-de-la-neige-en-Belgique-.jpeg?resize=300%2C156&amp;ssl=1 300w, https:\/\/i0.wp.com\/toukiela.com\/wp-content\/uploads\/2022\/06\/Quand-il-y-aura-de-la-neige-en-Belgique-.jpeg?resize=768%2C400&amp;ssl=1 768w, https:\/\/i0.wp.com\/toukiela.com\/wp-content\/uploads\/2022\/06\/Quand-il-y-aura-de-la-neige-en-Belgique-.jpeg?resize=18%2C9&amp;ssl=1 18w, https:\/\/i0.wp.com\/toukiela.com\/wp-content\/uploads\/2022\/06\/Quand-il-y-aura-de-la-neige-en-Belgique-.jpeg?resize=50%2C26&amp;ssl=1 50w, https:\/\/i0.wp.com\/toukiela.com\/wp-content\/uploads\/2022\/06\/Quand-il-y-aura-de-la-neige-en-Belgique-.jpeg?resize=480%2C250&amp;ssl=1 480w\" alt=\"Quand il y aura de la neige en Belgique ?\" width=\"841\" height=\"438\"><\/figure>\r\n\r\n\r\n\r\n<p>Du 6 au 8 f\u00e9vrier a \u00e9t\u00e9 la seule p\u00e9riode avec de la neige (irr\u00e9guli\u00e8re) au sol dans la plupart des r\u00e9gions au cours de cet hiver qui, jusqu\u2019\u00e0 pr\u00e9sent, est le meilleur jamais enregistr\u00e9. \u00c7a valait bien une photo ! avec une part en Belgique moyenne.<\/p>\r\n\r\n\r\n\r\n<p>Quand neige-t-il en Belgique ? Du 6 au 8 f\u00e9vrier a \u00e9t\u00e9 la seule p\u00e9riode avec de la neige (irr\u00e9guli\u00e8re) au sol dans la plupart des r\u00e9gions au cours de cet hiver qui, jusqu\u2019\u00e0 pr\u00e9sent, est le meilleur jamais enregistr\u00e9.<\/p>\r\n\r\n\r\n\r\n<h3 class=\"wp-block-heading\"><span class=\"ez-toc-section\" id=\"Comment_sera_lhiver_2021-2022_en_Belgique\"><\/span>Comment sera l\u2019hiver 2021-2022 en Belgique ?<span class=\"ez-toc-section-end\"><\/span><\/h3>\r\n\r\n\r\n\r\n<p>Commentaire. L\u2019hiver 2021-22 aura \u00e9t\u00e9 tr\u00e8s anormalement chaud, avec un peu moins d\u2019ensoleillement et un peu trop de pr\u00e9cipitations en quantit\u00e9, mais il reste tout de m\u00eame dans les normes. La fr\u00e9quence des pr\u00e9cipitations est normale (station de r\u00e9f\u00e9rence : Uccle).<\/p>\r\n\r\n\r\n\r\n<h4 class=\"wp-block-heading\"><span class=\"ez-toc-section\" id=\"Comment_sera_hiver_2022\"><\/span>Comment sera hiver 2022 ?<span class=\"ez-toc-section-end\"><\/span><\/h4>\r\n\r\n\r\n\r\n<p>De ce fait, l\u2019hiver 2022 ne sera \u00ab que \u00bb le 4e d\u2019une s\u00e9rie de saisons \u00e0 temp\u00e9rature anormalement \u00e9lev\u00e9e. Pour quelle raison ? Car la nouvelle normale (sur la p\u00e9riode 1991-2020) augmente de 0,4\u00b0C en hiver par rapport \u00e0 la p\u00e9riode pr\u00e9c\u00e9dente.<\/p>\r\n\r\n\r\n\r\n<h4 class=\"wp-block-heading\"><span class=\"ez-toc-section\" id=\"Est-ce_quil_va_neiger_en_2022\"><\/span>Est-ce qu\u2019il va neiger en 2022 ?<span class=\"ez-toc-section-end\"><\/span><\/h4>\r\n\r\n\r\n\r\n<p>Une \u00ab\u00a0offensive hivernale\u00a0\u00bb d\u00e9bute en France le 31 mars 2022. Elle doit s\u2019accompagner de chutes de neige, qui touchent plusieurs r\u00e9gions le 1er avril. Mais comment peut-on avoir de la neige en France en ce moment ? Le mois de mars 2022 se termine par une forte baisse des temp\u00e9ratures en France.<\/p>\r\n\r\n\r\n\r\n<h3 class=\"wp-block-heading\"><span class=\"ez-toc-section\" id=\"Est-ce_que_lhiver_2021-2022_sera_froid-2\"><\/span>Est-ce que l\u2019hiver 2021-2022 sera froid ?<span class=\"ez-toc-section-end\"><\/span><\/h3>\r\n\r\n\r\n\r\n<p>Durant l\u2019hiver 2021-2022, les temp\u00e9ratures ont augment\u00e9 en moyenne de 1,3\u00b0C en France, une situation tr\u00e8s proche de l\u2019hiver dernier o\u00f9 l\u2019exc\u00e8s de temp\u00e9rature \u00e9tait de 1,2\u00b0C. C\u2019est le 9\u00e8me hiver cons\u00e9cutif o\u00f9 les temp\u00e9ratures sont sup\u00e9rieures \u00e0 la normale calcul\u00e9e sur la p\u00e9riode 1981-2010.<\/p>\r\n\r\n\r\n\r\n<h4 class=\"wp-block-heading\"><span class=\"ez-toc-section\" id=\"Comment_sera_lhiver_2022_en_France-2\"><\/span>Comment sera l\u2019hiver 2022 en France ?<span class=\"ez-toc-section-end\"><\/span><\/h4>\r\n\r\n\r\n\r\n<p>L\u2019arriv\u00e9e du temps hivernal 2022-2023 serait classique avec quelques averses (5% d\u2019anomalie) et des temp\u00e9ratures assez fra\u00eeches (-0,25\u00b0C). Dans cette configuration, le soleil pourrait d\u00e9voiler ses rayons.<\/p>\r\n\r\n\r\n\r\n<h4 class=\"wp-block-heading\"><span class=\"ez-toc-section\" id=\"Comment_va_etre_lhiver_2022-4\"><\/span>Comment va \u00eatre l\u2019hiver 2022 ?<span class=\"ez-toc-section-end\"><\/span><\/h4>\r\n\r\n\r\n\r\n<p>De ce fait, l\u2019hiver 2022 ne sera \u00ab que \u00bb le 4e d\u2019une s\u00e9rie de saisons \u00e0 temp\u00e9rature anormalement \u00e9lev\u00e9e. Pour quelle raison ? Car la nouvelle normale (sur la p\u00e9riode 1991-2020) augmente de 0,4\u00b0C en hiver par rapport \u00e0 la p\u00e9riode pr\u00e9c\u00e9dente.<\/p>\r\n\r\n\r\n\r\n<h2 class=\"wp-block-heading\"><span class=\"ez-toc-section\" id=\"Comment_sera_lete_2022_au_Quebec\"><\/span>Comment sera l\u2019\u00e9t\u00e9 2022 au Qu\u00e9bec ?<span class=\"ez-toc-section-end\"><\/span><\/h2>\r\n\r\n\r\n\r\n<figure><img decoding=\"async\" class=\"attachment-full size-full\" src=\"https:\/\/toukiela.com\/wp-content\/uploads\/2022\/06\/Comment-sera-lete-2022-au-Quebec-.png\" sizes=\"(max-width: 718px) 100vw, 718px\" srcset=\"https:\/\/i0.wp.com\/toukiela.com\/wp-content\/uploads\/2022\/06\/Comment-sera-lete-2022-au-Quebec-.png?w=718&amp;ssl=1 718w, https:\/\/i0.wp.com\/toukiela.com\/wp-content\/uploads\/2022\/06\/Comment-sera-lete-2022-au-Quebec-.png?resize=300%2C218&amp;ssl=1 300w, https:\/\/i0.wp.com\/toukiela.com\/wp-content\/uploads\/2022\/06\/Comment-sera-lete-2022-au-Quebec-.png?resize=18%2C12&amp;ssl=1 18w, https:\/\/i0.wp.com\/toukiela.com\/wp-content\/uploads\/2022\/06\/Comment-sera-lete-2022-au-Quebec-.png?resize=50%2C36&amp;ssl=1 50w, https:\/\/i0.wp.com\/toukiela.com\/wp-content\/uploads\/2022\/06\/Comment-sera-lete-2022-au-Quebec-.png?resize=480%2C349&amp;ssl=1 480w\" alt=\"Comment sera l'\u00e9t\u00e9 2022 au Qu\u00e9bec ?\" width=\"718\" height=\"522\"><\/figure>\r\n\r\n\r\n\r\n<p>Mardi 31 mai 2022 \u00e0 05h40 \u2013 M\u00e9t\u00e9oM\u00e9dia pr\u00e9dit un \u00e9t\u00e9 unique, instable et collant. La chaleur risque d\u2019\u00eatre abondante, mais des acteurs importants la font ressortir. La saison aura plus d\u2019un tour dans son sac pour surprendre les Qu\u00e9b\u00e9cois.<\/p>\r\n\r\n\r\n\r\n<p>L\u2019\u00e9t\u00e9 2022 sera-t-il chaud ? Des temp\u00e9ratures sup\u00e9rieures \u00e0 40\u00b0C sont attendues en France ce jeudi 16 juin et vendredi 17 juin 2022. Une saison de chaleur automnale vraiment pr\u00e9coce pour la saison. Une vingtaine de d\u00e9partements sont plac\u00e9s en vigilance orange pour canicule. La France va surchauffer.<\/p>\r\n\r\n\r\n\r\n<h3 class=\"wp-block-heading\"><span class=\"ez-toc-section\" id=\"Comment_sera_lete_de_2022\"><\/span>Comment sera l\u2019\u00e9t\u00e9 de 2022 ?<span class=\"ez-toc-section-end\"><\/span><\/h3>\r\n\r\n\r\n\r\n<p>Apr\u00e8s un printemps exceptionnellement chaud, avec des records de temp\u00e9ratures atteints dans de nombreuses villes, l\u2019\u00e9t\u00e9 2022 devrait \u00e9galement \u00eatre marqu\u00e9 par des temp\u00e9ratures sup\u00e9rieures \u00e0 la normale. La s\u00e9cheresse et les incendies de for\u00eat pourraient perturber les r\u00e9coltes agricoles dans certaines r\u00e9gions.<\/p>\r\n\r\n\r\n\r\n<h4 class=\"wp-block-heading\"><span class=\"ez-toc-section\" id=\"Comment_sera_le_mois_de_juin_2022\"><\/span>Comment sera le mois de juin 2022 ?<span class=\"ez-toc-section-end\"><\/span><\/h4>\r\n\r\n\r\n\r\n<p>Une ambiance estivale qui dure Enfin, \u00e0 l\u2019\u00e9chelle du mois et du pays, les pr\u00e9cipitations pourraient \u00e9galement \u00eatre faibles, mais tr\u00e8s h\u00e9t\u00e9rog\u00e8nes, notamment en cas d\u2019orages entre le Sud-Ouest et le Nord-Est. La r\u00e9currence s\u00e8che devrait se poursuivre pr\u00e8s de la M\u00e9diterran\u00e9e.<\/p>\r\n\r\n\r\n\r\n<h4 class=\"wp-block-heading\"><span class=\"ez-toc-section\" id=\"Quel_temps_ete_2022\"><\/span>Quel temps \u00e9t\u00e9 2022 ?<span class=\"ez-toc-section-end\"><\/span><\/h4>\r\n\r\n\r\n\r\n<p>Pour la semaine du 11 au 17 juillet 2022, La Cha\u00eene M\u00e9t\u00e9o travaille sur plusieurs sc\u00e9narios. La premi\u00e8re et la plus probable de ces pr\u00e9visions est un m\u00e9lange de nuages \u200b\u200bet de soleil (42% de probabilit\u00e9), avec des temp\u00e9ratures comprises entre 13 et 22\u00b0C.<\/p>\r\n\r\n\r\n\r\n<h3 class=\"wp-block-heading\"><span class=\"ez-toc-section\" id=\"Quel_ete_Aurons-nous_en_2022\"><\/span>Quel \u00e9t\u00e9 Aurons-nous en 2022 ?<span class=\"ez-toc-section-end\"><\/span><\/h3>\r\n\r\n\r\n\r\n<p>Un \u00e9t\u00e9 2022 plus chaud que la normale ? Enfin, la moyenne sur les trois mois de la m\u00e9t\u00e9o estivale nous montre un signal plut\u00f4t chaud, notamment dans le sud de la Loire, et plus encore dans l\u2019extr\u00eame sud. Il est \u00e9galement trop t\u00f4t pour donner une \u00e9ventuelle anomalie concernant cette \u00e9criture.<\/p>\r\n\r\n\r\n\r\n<h4 class=\"wp-block-heading\"><span class=\"ez-toc-section\" id=\"Quel_ete_auront_nous_en_2022\"><\/span>Quel \u00e9t\u00e9 auront nous en 2022 ?<span class=\"ez-toc-section-end\"><\/span><\/h4>\r\n\r\n\r\n\r\n<p>Depuis dimanche en France il fait d\u00e9j\u00e0 tr\u00e8s doux. Certains ont d\u00e9j\u00e0 enlev\u00e9 leur veste, au moins apr\u00e8s midi. Et cela pourrait durer jusqu\u2019\u00e0 fin mai.<\/p>\r\n\r\n\r\n\r\n<h4 class=\"wp-block-heading\"><span class=\"ez-toc-section\" id=\"Quel_hiver_Aurons-nous_en_2022\"><\/span>Quel hiver Aurons-nous en 2022 ?<span class=\"ez-toc-section-end\"><\/span><\/h4>\r\n\r\n\r\n\r\n<p>L\u2019arriv\u00e9e du temps hivernal 2022-2023 serait classique avec quelques averses (5% d\u2019anomalie) et des temp\u00e9ratures assez fra\u00eeches (-0,25\u00b0C). Dans cette configuration, le soleil pourrait d\u00e9voiler ses rayons.<\/p>\r\n\r\n\r\n\r\n<h3 class=\"wp-block-heading\"><span class=\"ez-toc-section\" id=\"Quand_la_meteo_va_sameliorer_2022\"><\/span>Quand la m\u00e9t\u00e9o va s\u2019am\u00e9liorer 2022 ?<span class=\"ez-toc-section-end\"><\/span><\/h3>\r\n\r\n\r\n\r\n<p>Au final, le trimestre mars-avril-mai, soit le printemps 2022, devrait \u00eatre plus doux que la normale avec un exc\u00e8s estim\u00e9 entre 0,4 degr\u00e9 et 1 degr\u00e9. Le soleil pourrait \u00eatre proche de la normale et les pr\u00e9cipitations manqueraient un peu.<\/p>\r\n\r\n\r\n\r\n<h4 class=\"wp-block-heading\"><span class=\"ez-toc-section\" id=\"Quand_la_temperature_va_remonter_2022\"><\/span>Quand la temp\u00e9rature va remonter 2022 ?<span class=\"ez-toc-section-end\"><\/span><\/h4>\r\n\r\n\r\n\r\n<p>Selon M\u00e9t\u00e9o-France, les temp\u00e9ratures ne commenceront \u00e0 baisser qu\u2019en d\u00e9but de semaine prochaine. En moyenne sur l\u2019ensemble de la France, la journ\u00e9e la plus chaude devrait \u00eatre le samedi 18 juin 2022 avec une moyenne moyenne de 36 degr\u00e9s sur l\u2019ensemble du territoire.<\/p>\r\n\r\n\r\n\r\n<h2 class=\"wp-block-heading\"><span class=\"ez-toc-section\" id=\"Comment_sera_lete_2022_en_Bretagne\"><\/span>Comment sera l\u2019\u00e9t\u00e9 2022 en Bretagne ?<span class=\"ez-toc-section-end\"><\/span><\/h2>\r\n\r\n\r\n\r\n<figure><img decoding=\"async\" class=\"attachment-full size-full\" src=\"https:\/\/toukiela.com\/wp-content\/uploads\/2022\/06\/Comment-sera-lete-2022-en-Bretagne-.jpeg\" sizes=\"(max-width: 1280px) 100vw, 1280px\" srcset=\"https:\/\/i0.wp.com\/toukiela.com\/wp-content\/uploads\/2022\/06\/Comment-sera-lete-2022-en-Bretagne-.jpeg?w=1280&amp;ssl=1 1280w, https:\/\/i0.wp.com\/toukiela.com\/wp-content\/uploads\/2022\/06\/Comment-sera-lete-2022-en-Bretagne-.jpeg?resize=300%2C169&amp;ssl=1 300w, https:\/\/i0.wp.com\/toukiela.com\/wp-content\/uploads\/2022\/06\/Comment-sera-lete-2022-en-Bretagne-.jpeg?resize=1024%2C576&amp;ssl=1 1024w, https:\/\/i0.wp.com\/toukiela.com\/wp-content\/uploads\/2022\/06\/Comment-sera-lete-2022-en-Bretagne-.jpeg?resize=768%2C432&amp;ssl=1 768w, https:\/\/i0.wp.com\/toukiela.com\/wp-content\/uploads\/2022\/06\/Comment-sera-lete-2022-en-Bretagne-.jpeg?resize=18%2C10&amp;ssl=1 18w, https:\/\/i0.wp.com\/toukiela.com\/wp-content\/uploads\/2022\/06\/Comment-sera-lete-2022-en-Bretagne-.jpeg?resize=50%2C28&amp;ssl=1 50w, https:\/\/i0.wp.com\/toukiela.com\/wp-content\/uploads\/2022\/06\/Comment-sera-lete-2022-en-Bretagne-.jpeg?resize=1080%2C608&amp;ssl=1 1080w, https:\/\/i0.wp.com\/toukiela.com\/wp-content\/uploads\/2022\/06\/Comment-sera-lete-2022-en-Bretagne-.jpeg?resize=980%2C551&amp;ssl=1 980w, https:\/\/i0.wp.com\/toukiela.com\/wp-content\/uploads\/2022\/06\/Comment-sera-lete-2022-en-Bretagne-.jpeg?resize=480%2C270&amp;ssl=1 480w\" alt=\"Comment sera l'\u00e9t\u00e9 2022 en Bretagne ?\" width=\"1280\" height=\"720\"><\/figure>\r\n\r\n\r\n\r\n<p>On peut compter 17 jours ensoleill\u00e9s mais il faut attendre 19% du temps sous la menace de pluies g\u00e9n\u00e9ralement abondantes. Pour le mois de juillet, les temp\u00e9ratures moyennes sont de 17\u00b0C et les temp\u00e9ratures moyennes sont de 21\u00b0C.<\/p>\r\n\r\n\r\n\r\n<p>\u00c0 quoi ressemblera l\u2019\u00e9t\u00e9 2022 ? Apr\u00e8s un printemps exceptionnellement chaud, avec des records de temp\u00e9ratures atteints dans de nombreuses villes, l\u2019\u00e9t\u00e9 2022 devrait \u00e9galement \u00eatre marqu\u00e9 par des temp\u00e9ratures sup\u00e9rieures \u00e0 la normale. La s\u00e9cheresse et les incendies de for\u00eat pourraient perturber les r\u00e9coltes agricoles dans certaines r\u00e9gions.<\/p>\r\n\r\n\r\n\r\n<h3 class=\"wp-block-heading\"><span class=\"ez-toc-section\" id=\"Est-ce_que_lete_2022_sera_chaud-2\"><\/span>Est-ce que l\u2019\u00e9t\u00e9 2022 sera chaud ?<span class=\"ez-toc-section-end\"><\/span><\/h3>\r\n\r\n\r\n\r\n<p>Un \u00e9t\u00e9 2022 plus chaud que la normale ? Enfin, la moyenne sur les trois mois de la m\u00e9t\u00e9o estivale nous montre un signal plut\u00f4t chaud, notamment dans le sud de la Loire, et plus encore dans l\u2019extr\u00eame sud. Il est \u00e9galement trop t\u00f4t pour donner une \u00e9ventuelle anomalie concernant cette \u00e9criture.<\/p>\r\n\r\n\r\n\r\n<h4 class=\"wp-block-heading\"><span class=\"ez-toc-section\" id=\"Comment_sera_lete_2022_en_Belgique\"><\/span>Comment sera l\u2019\u00e9t\u00e9 2022 en Belgique ?<span class=\"ez-toc-section-end\"><\/span><\/h4>\r\n\r\n\r\n\r\n<p>On peut compter sur 16 jours de soleil mais il faut attendre 35% du temps sous la menace de pluies g\u00e9n\u00e9ralement abondantes. Pour le mois de juillet, les temp\u00e9ratures moyennes sont de 16\u00b0C et les maximales sont de 24\u00b0C.<\/p>\r\n\r\n\r\n\r\n<h4 class=\"wp-block-heading\"><span class=\"ez-toc-section\" id=\"Quel_ete_Aurons-nous_en_2022-2\"><\/span>Quel \u00e9t\u00e9 Aurons-nous en 2022 ?<span class=\"ez-toc-section-end\"><\/span><\/h4>\r\n\r\n\r\n\r\n<p>Juillet 2022 : Ce mois devrait \u00eatre similaire \u00e0 juin avec des temp\u00e9ratures assez \u00e9lev\u00e9es et quelques orages. Ao\u00fbt 2022 : A noter que le temps devrait \u00eatre plus humide, mais toujours avec une temp\u00e9rature sup\u00e9rieure de 0,5\u00b0 \u00e0 1\u00b0C par rapport aux normales saisonni\u00e8res.<\/p>\r\n\r\n\r\n\r\n<h3 class=\"wp-block-heading\"><span class=\"ez-toc-section\" id=\"Quel_temps_en_Bretagne_ete_2022\"><\/span>Quel temps en Bretagne \u00e9t\u00e9 2022 ?<span class=\"ez-toc-section-end\"><\/span><\/h3>\r\n\r\n\r\n\r\n<p>Pr\u00e9vision m\u00e9t\u00e9o Bretagne juillet 2022 En juillet, la Bretagne conna\u00eet des temp\u00e9ratures allant jusqu\u2019\u00e0 13\u00b0C et des temp\u00e9ratures jusqu\u2019\u00e0 23\u00b0C. En juillet c\u2019est d\u00e9finitivement plus sucr\u00e9, mais c\u2019est une bonne id\u00e9e d\u2019apporter une couche suppl\u00e9mentaire au cas o\u00f9.<\/p>\r\n\r\n\r\n\r\n<h4 class=\"wp-block-heading\"><span class=\"ez-toc-section\" id=\"Fait-il_chaud_en_Bretagne_lete\"><\/span>Fait-il chaud en Bretagne l\u2019\u00e9t\u00e9 ?<span class=\"ez-toc-section-end\"><\/span><\/h4>\r\n\r\n\r\n\r\n<p>La Bretagne b\u00e9n\u00e9ficie d\u2019un climat oc\u00e9anique temp\u00e9r\u00e9. En moyenne, la temp\u00e9rature approche les 20 \u00e0 25\u00b0C l\u2019apr\u00e8s-midi en \u00e9t\u00e9 et descend parfois en dessous de z\u00e9ro en hiver (il y a entre 10 et 30 jours de froid par an). Les vents, fr\u00e9quents et souvent forts, sont principalement orient\u00e9s au sud-ouest ou au nord-est.<\/p>\r\n\r\n\r\n\r\n<h4 class=\"wp-block-heading\"><span class=\"ez-toc-section\" id=\"Quel_temps_Fera-t-il_en_aout_en_Bretagne\"><\/span>Quel temps Fera-t-il en ao\u00fbt en Bretagne ?<span class=\"ez-toc-section-end\"><\/span><\/h4>\r\n\r\n\r\n\r\n<p>Ao\u00fbt est le mois le plus froid, avec des temp\u00e9ratures moyennes de 17\u00b0C et des temp\u00e9ratures maximales : 21\u00b0C.<\/p>\r\n\r\n\r\n\r\n<h3 class=\"wp-block-heading\"><span class=\"ez-toc-section\" id=\"Quelle_temperature_pour_lete_2022\"><\/span>Quelle temp\u00e9rature pour l\u2019\u00e9t\u00e9 2022 ?<span class=\"ez-toc-section-end\"><\/span><\/h3>\r\n\r\n\r\n\r\n<p>Selon les chiffres de La Cha\u00eene M\u00e9t\u00e9o, juillet compte g\u00e9n\u00e9ralement 21 jours de soleil et 6 jours de pluie. \u00ab\u00a0Pour ce mois de juillet, les temp\u00e9ratures minimales sont en moyenne de 17\u00b0C et les maximales de 25\u00b0C\u00a0\u00bb en France, d\u00e9taille le site sp\u00e9cialis\u00e9 dans la m\u00e9t\u00e9orologie.<\/p>\r\n\r\n\r\n\r\n<h4 class=\"wp-block-heading\"><span class=\"ez-toc-section\" id=\"Quel_temps_en_ete_2022\"><\/span>Quel temps en \u00e9t\u00e9 2022 ?<span class=\"ez-toc-section-end\"><\/span><\/h4>\r\n\r\n\r\n\r\n<p>Juillet 2022 : Ce mois devrait \u00eatre similaire \u00e0 juin avec des temp\u00e9ratures assez \u00e9lev\u00e9es et quelques orages. Ao\u00fbt 2022 : A noter que le temps devrait \u00eatre plus humide, mais toujours avec une temp\u00e9rature sup\u00e9rieure de 0,5\u00b0 \u00e0 1\u00b0C par rapport aux normales saisonni\u00e8res.<\/p>\r\n\r\n\r\n\r\n<h4 class=\"wp-block-heading\"><span class=\"ez-toc-section\" id=\"Quel_temps_pour_juillet_et_aout_2022\"><\/span>Quel temps pour juillet et ao\u00fbt 2022 ?<span class=\"ez-toc-section-end\"><\/span><\/h4>\r\n\r\n\r\n\r\n<p>En France : Ao\u00fbt 2022 devrait revenir \u00e0 des conditions m\u00e9t\u00e9orologiques estivales avec le retour des hautes pressions en France. La chaleur serait bien install\u00e9e sur le pays, parfois forte. Un risque de canicule est \u00e0 pr\u00e9voir.<\/p>\r\n\r\n\r\n\r\n<h2 class=\"wp-block-heading\"><span class=\"ez-toc-section\" id=\"Comment_sera_lhiver_2021-2022_au_Quebec\"><\/span>Comment sera l\u2019hiver 2021-2022 au Qu\u00e9bec ?<span class=\"ez-toc-section-end\"><\/span><\/h2>\r\n\r\n\r\n\r\n<figure><img decoding=\"async\" class=\"attachment-full size-full\" src=\"https:\/\/toukiela.com\/wp-content\/uploads\/2022\/06\/Comment-sera-lhiver-2021-2022-au-Quebec-.png\" sizes=\"(max-width: 1296px) 100vw, 1296px\" srcset=\"https:\/\/i0.wp.com\/toukiela.com\/wp-content\/uploads\/2022\/06\/Comment-sera-lhiver-2021-2022-au-Quebec-.png?w=1296&amp;ssl=1 1296w, https:\/\/i0.wp.com\/toukiela.com\/wp-content\/uploads\/2022\/06\/Comment-sera-lhiver-2021-2022-au-Quebec-.png?resize=300%2C294&amp;ssl=1 300w, https:\/\/i0.wp.com\/toukiela.com\/wp-content\/uploads\/2022\/06\/Comment-sera-lhiver-2021-2022-au-Quebec-.png?resize=1024%2C1002&amp;ssl=1 1024w, https:\/\/i0.wp.com\/toukiela.com\/wp-content\/uploads\/2022\/06\/Comment-sera-lhiver-2021-2022-au-Quebec-.png?resize=768%2C751&amp;ssl=1 768w, https:\/\/i0.wp.com\/toukiela.com\/wp-content\/uploads\/2022\/06\/Comment-sera-lhiver-2021-2022-au-Quebec-.png?resize=12%2C12&amp;ssl=1 12w, https:\/\/i0.wp.com\/toukiela.com\/wp-content\/uploads\/2022\/06\/Comment-sera-lhiver-2021-2022-au-Quebec-.png?resize=50%2C50&amp;ssl=1 50w, https:\/\/i0.wp.com\/toukiela.com\/wp-content\/uploads\/2022\/06\/Comment-sera-lhiver-2021-2022-au-Quebec-.png?resize=1080%2C1057&amp;ssl=1 1080w, https:\/\/i0.wp.com\/toukiela.com\/wp-content\/uploads\/2022\/06\/Comment-sera-lhiver-2021-2022-au-Quebec-.png?resize=1280%2C1252&amp;ssl=1 1280w, https:\/\/i0.wp.com\/toukiela.com\/wp-content\/uploads\/2022\/06\/Comment-sera-lhiver-2021-2022-au-Quebec-.png?resize=980%2C959&amp;ssl=1 980w, https:\/\/i0.wp.com\/toukiela.com\/wp-content\/uploads\/2022\/06\/Comment-sera-lhiver-2021-2022-au-Quebec-.png?resize=480%2C470&amp;ssl=1 480w\" alt=\"Comment sera l'hiver 2021-2022 au Qu\u00e9bec ?\" width=\"1296\" height=\"1268\"><\/figure>\r\n\r\n\r\n\r\n<p>Le d\u00e9but de l\u2019ann\u00e9e 2022 verra le desserrage des freins sur nos dos au Qu\u00e9bec, puisque 7 creux records ont \u00e9t\u00e9 enregistr\u00e9s tout au long du mois, en plus des avertissements de froid extr\u00eame \u00e9mis par Environnement Canada. Le temps sec a \u00e9galement \u00e9t\u00e9 de mise, ce qui a contribu\u00e9 \u00e0 accentuer le d\u00e9ficit de neige dans la r\u00e9gion.<\/p>\r\n\r\n\r\n\r\n<p>Quelles sont les pr\u00e9visions pour l\u2019hiver 2021-2022 ? Outre l\u2019absence de neige, c\u2019est aussi l\u2019absence de vague de froid qui a \u00e9t\u00e9 perceptible durant cet hiver 2021-2022. De mani\u00e8re g\u00e9n\u00e9rale, la temp\u00e9rature moyenne a \u00e9t\u00e9 sup\u00e9rieure \u00e0 la normale sur la majeure partie du territoire durant l\u2019hiver avec un bilan thermique national de 1,2\u00b0C.<\/p>\r\n\r\n\r\n\r\n<h3 class=\"wp-block-heading\"><span class=\"ez-toc-section\" id=\"Comment_va_etre_lhiver_2022-5\"><\/span>Comment va \u00eatre l\u2019hiver 2022 ?<span class=\"ez-toc-section-end\"><\/span><\/h3>\r\n\r\n\r\n\r\n<p>De ce fait, l\u2019hiver 2022 ne sera \u00ab que \u00bb le 4e d\u2019une s\u00e9rie de saisons \u00e0 temp\u00e9rature anormalement \u00e9lev\u00e9e. Pour quelle raison ? Car la nouvelle normale (sur la p\u00e9riode 1991-2020) augmente de 0,4\u00b0C en hiver par rapport \u00e0 la p\u00e9riode pr\u00e9c\u00e9dente.<\/p>\r\n\r\n\r\n\r\n<h4 class=\"wp-block-heading\"><span class=\"ez-toc-section\" id=\"Quand_il_va_neiger_en_2022\"><\/span>Quand il va neiger en 2022 ?<span class=\"ez-toc-section-end\"><\/span><\/h4>\r\n\r\n\r\n\r\n<p>Une \u00ab\u00a0offensive hivernale\u00a0\u00bb d\u00e9bute en France le 31 mars 2022. Elle doit s\u2019accompagner de chutes de neige, qui touchent plusieurs r\u00e9gions le 1er avril.<\/p>\r\n\r\n\r\n\r\n<h4 class=\"wp-block-heading\"><span class=\"ez-toc-section\" id=\"Est-ce_que_lete_2022_sera_chaud-3\"><\/span>Est-ce que l\u2019\u00e9t\u00e9 2022 sera chaud ?<span class=\"ez-toc-section-end\"><\/span><\/h4>\r\n\r\n\r\n\r\n<p>Un \u00e9t\u00e9 2022 plus chaud que la normale ? Enfin, la moyenne sur les trois mois de la m\u00e9t\u00e9o estivale nous montre un signal plut\u00f4t chaud, notamment dans le sud de la Loire, et plus encore dans l\u2019extr\u00eame sud. Il est \u00e9galement trop t\u00f4t pour donner une \u00e9ventuelle anomalie concernant cette \u00e9criture.<\/p>\r\n\r\n\r\n\r\n<h3 class=\"wp-block-heading\"><span class=\"ez-toc-section\" id=\"Est-ce_que_lhiver_2021-2022_sera_froid-3\"><\/span>Est-ce que l\u2019hiver 2021-2022 sera froid ?<span class=\"ez-toc-section-end\"><\/span><\/h3>\r\n\r\n\r\n\r\n<p>Durant l\u2019hiver 2021-2022, les temp\u00e9ratures ont augment\u00e9 en moyenne de 1,3\u00b0C en France, une situation tr\u00e8s proche de l\u2019hiver dernier o\u00f9 l\u2019exc\u00e8s de temp\u00e9rature \u00e9tait de 1,2\u00b0C. C\u2019est le 9\u00e8me hiver cons\u00e9cutif o\u00f9 les temp\u00e9ratures sont sup\u00e9rieures \u00e0 la normale calcul\u00e9e sur la p\u00e9riode 1981-2010.<\/p>\r\n\r\n\r\n\r\n<h4 class=\"wp-block-heading\"><span class=\"ez-toc-section\" id=\"Comment_sera_lhiver_2022_en_France-3\"><\/span>Comment sera l\u2019hiver 2022 en France ?<span class=\"ez-toc-section-end\"><\/span><\/h4>\r\n\r\n\r\n\r\n<p>L\u2019arriv\u00e9e du temps hivernal 2022-2023 serait classique avec quelques averses (5% d\u2019anomalie) et des temp\u00e9ratures assez fra\u00eeches (-0,25\u00b0C). Dans cette configuration, le soleil pourrait d\u00e9voiler ses rayons.<\/p>\r\n\r\n\r\n\r\n<h4 class=\"wp-block-heading\"><span class=\"ez-toc-section\" id=\"Quand_Va-t-il_neiger_2022-2\"><\/span>Quand Va-t-il neiger 2022 ?<span class=\"ez-toc-section-end\"><\/span><\/h4>\r\n\r\n\r\n\r\n<p>Une \u00ab\u00a0offensive hivernale\u00a0\u00bb d\u00e9bute en France le 31 mars 2022. Elle doit s\u2019accompagner de chutes de neige, qui touchent plusieurs r\u00e9gions le 1er avril.<\/p>\r\n\r\n\r\n\r\n<h2 class=\"wp-block-heading\"><span class=\"ez-toc-section\" id=\"Comment_sera_lhiver_2021\"><\/span>Comment sera l\u2019hiver 2021 ?<span class=\"ez-toc-section-end\"><\/span><\/h2>\r\n\r\n\r\n\r\n<p>Et si l\u2019on assiste depuis quelques ann\u00e9es \u00e0 une hausse g\u00e9n\u00e9ralis\u00e9e des temp\u00e9ratures, les climatologues estiment que d\u2019ici cet hiver 2021, le mercure devrait globalement rester dans les normales saisonni\u00e8res en France m\u00e9tropolitaine.<\/p>\r\n\r\n\r\n\r\n<p>Est-ce qu\u2019il neige cet hiver 2021 ? De fortes gel\u00e9es possibles, et si vous vous demandez s\u2019il va neiger en janvier 2021 ? La r\u00e9ponse est OUI, surtout dans la moiti\u00e9 nord de la France. Des pluies fr\u00e9quentes sont \u00e9galement attendues \u2013 en dehors du sud.<\/p>\r\n\r\n\r\n\r\n<h3 class=\"wp-block-heading\"><span class=\"ez-toc-section\" id=\"Est-ce_que_lhiver_va_etre_froid\"><\/span>Est-ce que l\u2019hiver va \u00eatre froid ?<span class=\"ez-toc-section-end\"><\/span><\/h3>\r\n\r\n\r\n\r\n<p>Malheureusement, la donne a chang\u00e9 depuis avec une douceur record pour les derniers jours de 2021, la barre des 15\u00b0C a \u00e9t\u00e9 franchie \u00e0 1500 m\u00e8tres d\u2019altitude. Il faut m\u00eame grimper jusqu\u2019\u00e0 4000 m\u00e8tres pour trouver des temp\u00e9ratures n\u00e9gatives !<\/p>\r\n\r\n\r\n\r\n<h4 class=\"wp-block-heading\"><span class=\"ez-toc-section\" id=\"Quand_Va-t-il_faire_froid_2021\"><\/span>Quand Va-t-il faire froid 2021 ?<span class=\"ez-toc-section-end\"><\/span><\/h4>\r\n\r\n\r\n\r\n<p>Ces derniers jours, les 20\u00b0C sont arriv\u00e9s plusieurs jours de suite dans de nombreuses r\u00e9gions fran\u00e7aises\u2026 comme en 2021. Je comprends : le mod\u00e8le 2021 se r\u00e9p\u00e8te cette ann\u00e9e. Une violente baisse d\u2019air froid est attendue \u00e0 partir du 1er avril.<\/p>\r\n\r\n\r\n\r\n<h4 class=\"wp-block-heading\"><span class=\"ez-toc-section\" id=\"Quel_temps_pour_lhiver_2021-2022-2\"><\/span>Quel temps pour l\u2019hiver 2021-2022 ?<span class=\"ez-toc-section-end\"><\/span><\/h4>\r\n\r\n\r\n\r\n<p>Avec trois mois de surplus, l\u2019hiver 2021-2022 est donc tr\u00e8s ensoleill\u00e9 : 308 heures d\u2019ensoleillement en moyenne au niveau national pour une normale de 273 heures (13 % par rapport \u00e0 la norme).<\/p>\r\n\r\n\r\n\r\n<h3 class=\"wp-block-heading\"><span class=\"ez-toc-section\" id=\"Est-ce_que_lhiver_2021-2022_sera_froid-4\"><\/span>Est-ce que l\u2019hiver 2021-2022 sera froid ?<span class=\"ez-toc-section-end\"><\/span><\/h3>\r\n\r\n\r\n\r\n<p>Durant l\u2019hiver 2021-2022, les temp\u00e9ratures ont augment\u00e9 en moyenne de 1,3\u00b0C en France, une situation tr\u00e8s proche de l\u2019hiver dernier o\u00f9 l\u2019exc\u00e8s de temp\u00e9rature \u00e9tait de 1,2\u00b0C. C\u2019est le 9\u00e8me hiver cons\u00e9cutif o\u00f9 les temp\u00e9ratures sont sup\u00e9rieures \u00e0 la normale calcul\u00e9e sur la p\u00e9riode 1981-2010.<\/p>\r\n\r\n\r\n\r\n<h4 class=\"wp-block-heading\"><span class=\"ez-toc-section\" id=\"Comment_va_etre_lhiver_2022-6\"><\/span>Comment va \u00eatre l\u2019hiver 2022 ?<span class=\"ez-toc-section-end\"><\/span><\/h4>\r\n\r\n\r\n\r\n<p>De ce fait, l\u2019hiver 2022 ne sera \u00ab que \u00bb le 4e d\u2019une s\u00e9rie de saisons \u00e0 temp\u00e9rature anormalement \u00e9lev\u00e9e. Pour quelle raison ? Car la nouvelle normale (sur la p\u00e9riode 1991-2020) augmente de 0,4\u00b0C en hiver par rapport \u00e0 la p\u00e9riode pr\u00e9c\u00e9dente.<\/p>\r\n\r\n\r\n\r\n<h4 class=\"wp-block-heading\"><span class=\"ez-toc-section\" id=\"Quel_temps_pour_lhiver_2021-2022-3\"><\/span>Quel temps pour l\u2019hiver 2021-2022 ?<span class=\"ez-toc-section-end\"><\/span><\/h4>\r\n\r\n\r\n\r\n<p>Avec trois mois de surplus, l\u2019hiver 2021-2022 est donc tr\u00e8s ensoleill\u00e9 : 308 heures d\u2019ensoleillement en moyenne nationale pour une normale de 273 heures (13 % par rapport \u00e0 la norme).<\/p>\r\n\r\n<p><script type=\"application\/ld+json\">{\"@context\":\"https:\/\/schema.org\",\"@type\":\"FAQPage\",\"mainEntity\":[{\"@type\":\"Question\",\"name\":\"Quelle hiver pour 2022 ?\",\"acceptedAnswer\":{\"@type\":\"Answer\",\"text\":\"L'arriv&eacute;e du temps hivernal 2022-2023 serait classique avec quelques averses (5% d'anomalie) et des temp&eacute;ratures assez fra&icirc;ches (-0,25&deg;C).Est-ce qu'il neige cet hiver 2022 ? Pour l'instant, il n'y a aucun signe de neige en plaine &agrave; la fin de l'hiver 2021-2022, mais n'oublions pas que le froid et la neige peuvent encore appara&icirc;tre en plaine jusqu'en avril...\"}},{\"@type\":\"Question\",\"name\":\"Quand il y aura de la neige en Belgique ?\",\"acceptedAnswer\":{\"@type\":\"Answer\",\"text\":\"Du 6 au 8 f&eacute;vrier a &eacute;t&eacute; la seule p&eacute;riode avec de la neige (irr&eacute;guli&egrave;re) au sol dans la plupart des r&eacute;gions au cours de cet hiver qui, jusqu'&agrave; pr&eacute;sent, est le meilleur jamais enregistr&eacute;. &Ccedil;a valait bien une photo ! avec une part en Belgique moyenne.Quand neige-t-il en Belgique ? Du 6 au 8 f&eacute;vrier a &eacute;t&eacute; la seule p&eacute;riode avec de la neige (irr&eacute;guli&egrave;re) au sol dans la plupart des r&eacute;gions au cours de cet hiver qui, jusqu'&agrave; pr&eacute;sent, est le meilleur jamais enregistr&eacute;.\"}},{\"@type\":\"Question\",\"name\":\"Comment sera l'&eacute;t&eacute; 2022 au Qu&eacute;bec ?\",\"acceptedAnswer\":{\"@type\":\"Answer\",\"text\":\"Mardi 31 mai 2022 &agrave; 05h40 - M&eacute;t&eacute;oM&eacute;dia pr&eacute;dit un &eacute;t&eacute; unique, instable et collant. La chaleur risque d'&ecirc;tre abondante, mais des acteurs importants la font ressortir. La saison aura plus d'un tour dans son sac pour surprendre les Qu&eacute;b&eacute;cois.L'&eacute;t&eacute; 2022 sera-t-il chaud ? Des temp&eacute;ratures sup&eacute;rieures &agrave; 40&deg;C sont attendues en France ce jeudi 16 juin et vendredi 17 juin 2022. Une saison de chaleur automnale vraiment pr&eacute;coce pour la saison. Une vingtaine de d&eacute;partements sont plac&eacute;s en vigilance orange pour canicule. La France va surchauffer.\"}},{\"@type\":\"Question\",\"name\":\"Comment sera l'&eacute;t&eacute; 2022 en Bretagne ?\",\"acceptedAnswer\":{\"@type\":\"Answer\",\"text\":\"On peut compter 17 jours ensoleill&eacute;s mais il faut attendre 19% du temps sous la menace de pluies g&eacute;n&eacute;ralement abondantes. Pour le mois de juillet, les temp&eacute;ratures moyennes sont de 17&deg;C et les temp&eacute;ratures moyennes sont de 21&deg;C.&Agrave; quoi ressemblera l'&eacute;t&eacute; 2022 ? Apr&egrave;s un printemps exceptionnellement chaud, avec des records de temp&eacute;ratures atteints dans de nombreuses villes, l'&eacute;t&eacute; 2022 devrait &eacute;galement &ecirc;tre marqu&eacute; par des temp&eacute;ratures sup&eacute;rieures &agrave; la normale. La s&eacute;cheresse et les incendies de for&ecirc;t pourraient perturber les r&eacute;coltes agricoles dans certaines r&eacute;gions.\"}},{\"@type\":\"Question\",\"name\":\"Comment sera l'hiver 2021-2022 au Qu&eacute;bec ?\",\"acceptedAnswer\":{\"@type\":\"Answer\",\"text\":\"Le d&eacute;but de l'ann&eacute;e 2022 verra le desserrage des freins sur nos dos au Qu&eacute;bec, puisque 7 creux records ont &eacute;t&eacute; enregistr&eacute;s tout au long du mois, en plus des avertissements de froid extr&ecirc;me &eacute;mis par Environnement Canada. Le temps sec a &eacute;galement &eacute;t&eacute; de mise, ce qui a contribu&eacute; &agrave; accentuer le d&eacute;ficit de neige dans la r&eacute;gion.Quelles sont les pr&eacute;visions pour l'hiver 2021-2022 ? Outre l'absence de neige, c'est aussi l'absence de vague de froid qui a &eacute;t&eacute; perceptible durant cet hiver 2021-2022. De mani&egrave;re g&eacute;n&eacute;rale, la temp&eacute;rature moyenne a &eacute;t&eacute; sup&eacute;rieure &agrave; la normale sur la majeure partie du territoire durant l'hiver avec un bilan thermique national de 1,2&deg;C.\"}},{\"@type\":\"Question\",\"name\":\"Comment sera l'hiver 2021 ?\",\"acceptedAnswer\":{\"@type\":\"Answer\",\"text\":\"Et si l'on assiste depuis quelques ann&eacute;es &agrave; une hausse g&eacute;n&eacute;ralis&eacute;e des temp&eacute;ratures, les climatologues estiment que d'ici cet hiver 2021, le mercure devrait globalement rester dans les normales saisonni&egrave;res en France m&eacute;tropolitaine.Est-ce qu'il neige cet hiver 2021 ? De fortes gel&eacute;es possibles, et si vous vous demandez s'il va neiger en janvier 2021 ? La r&eacute;ponse est OUI, surtout dans la moiti&eacute; nord de la France. Des pluies fr&eacute;quentes sont &eacute;galement attendues - en dehors du sud.\"}}]}<\/script><\/p>\n\n","protected":false},"excerpt":{"rendered":"","protected":false},"author":1,"featured_media":2232,"comment_status":"open","ping_status":"open","sticky":false,"template":"","format":"standard","meta":{"_seopress_robots_primary_cat":"none","_seopress_titles_title":"","_seopress_titles_desc":"","_seopress_robots_index":"","footnotes":""},"categories":[31],"tags":[37,301,335,336,331],"class_list":["post-2231","post","type-post","status-publish","format-standard","has-post-thumbnail","hentry","category-life-style","tag-france","tag-hiver","tag-normale","tag-periode","tag-temperatures","generate-columns","tablet-grid-50","mobile-grid-100","grid-parent","grid-50"],"_links":{"self":[{"href":"https:\/\/toukiela.com\/en\/wp-json\/wp\/v2\/posts\/2231","targetHints":{"allow":["GET"]}}],"collection":[{"href":"https:\/\/toukiela.com\/en\/wp-json\/wp\/v2\/posts"}],"about":[{"href":"https:\/\/toukiela.com\/en\/wp-json\/wp\/v2\/types\/post"}],"author":[{"embeddable":true,"href":"https:\/\/toukiela.com\/en\/wp-json\/wp\/v2\/users\/1"}],"replies":[{"embeddable":true,"href":"https:\/\/toukiela.com\/en\/wp-json\/wp\/v2\/comments?post=2231"}],"version-history":[{"count":0,"href":"https:\/\/toukiela.com\/en\/wp-json\/wp\/v2\/posts\/2231\/revisions"}],"wp:featuredmedia":[{"embeddable":true,"href":"https:\/\/toukiela.com\/en\/wp-json\/wp\/v2\/media\/2232"}],"wp:attachment":[{"href":"https:\/\/toukiela.com\/en\/wp-json\/wp\/v2\/media?parent=2231"}],"wp:term":[{"taxonomy":"category","embeddable":true,"href":"https:\/\/toukiela.com\/en\/wp-json\/wp\/v2\/categories?post=2231"},{"taxonomy":"post_tag","embeddable":true,"href":"https:\/\/toukiela.com\/en\/wp-json\/wp\/v2\/tags?post=2231"}],"curies":[{"name":"wp","href":"https:\/\/api.w.org\/{rel}","templated":true}]}}