{"id":11515,"date":"2024-03-14T19:33:19","date_gmt":"2024-03-14T17:33:19","guid":{"rendered":"https:\/\/toukiela.com\/bandidos-saison-1-ou-a-t-elle-ete-filmee-lieux-de-tournage\/"},"modified":"2024-03-14T19:33:20","modified_gmt":"2024-03-14T17:33:20","slug":"bandidos-saison-1-ou-a-t-elle-ete-filmee-lieux-de-tournage","status":"publish","type":"post","link":"https:\/\/toukiela.com\/en\/bandidos-saison-1-ou-a-t-elle-ete-filmee-lieux-de-tournage\/","title":{"rendered":"Bandidos Saison 1 : O\u00f9 a-t-elle \u00e9t\u00e9 film\u00e9e ? Lieux de tournage !"},"content":{"rendered":"<p><em><\/em><\/p>\n<div id=\"ez-toc-container\" class=\"ez-toc-v2_0_82_2 counter-hierarchy ez-toc-counter ez-toc-grey ez-toc-container-direction\">\n<p class=\"ez-toc-title\" style=\"cursor:inherit\">Contents<\/p>\n<label for=\"ez-toc-cssicon-toggle-item-69f1ebbb85e5e\" class=\"ez-toc-cssicon-toggle-label\"><span class=\"\"><span class=\"eztoc-hide\" style=\"display:none;\">Toggle<\/span><span class=\"ez-toc-icon-toggle-span\"><svg style=\"fill: #999;color:#999\" xmlns=\"http:\/\/www.w3.org\/2000\/svg\" class=\"list-377408\" width=\"20px\" height=\"20px\" viewbox=\"0 0 24 24\" fill=\"none\"><path d=\"M6 6H4v2h2V6zm14 0H8v2h12V6zM4 11h2v2H4v-2zm16 0H8v2h12v-2zM4 16h2v2H4v-2zm16 0H8v2h12v-2z\" fill=\"currentColor\"><\/path><\/svg><svg style=\"fill: #999;color:#999\" class=\"arrow-unsorted-368013\" xmlns=\"http:\/\/www.w3.org\/2000\/svg\" width=\"10px\" height=\"10px\" viewbox=\"0 0 24 24\" version=\"1.2\" baseprofile=\"tiny\"><path d=\"M18.2 9.3l-6.2-6.3-6.2 6.3c-.2.2-.3.4-.3.7s.1.5.3.7c.2.2.4.3.7.3h11c.3 0 .5-.1.7-.3.2-.2.3-.5.3-.7s-.1-.5-.3-.7zM5.8 14.7l6.2 6.3 6.2-6.3c.2-.2.3-.5.3-.7s-.1-.5-.3-.7c-.2-.2-.4-.3-.7-.3h-11c-.3 0-.5.1-.7.3-.2.2-.3.5-.3.7s.1.5.3.7z\"\/><\/svg><\/span><\/span><\/label><input type=\"checkbox\"  id=\"ez-toc-cssicon-toggle-item-69f1ebbb85e5e\"  aria-label=\"Toggle\" \/><nav><ul class='ez-toc-list ez-toc-list-level-1' ><li class='ez-toc-page-1 ez-toc-heading-level-2'><a class=\"ez-toc-link ez-toc-heading-1\" href=\"https:\/\/toukiela.com\/en\/bandidos-saison-1-ou-a-t-elle-ete-filmee-lieux-de-tournage\/#Articles_en_relation\" >Related articles<\/a><\/li><li class='ez-toc-page-1 ez-toc-heading-level-2'><a class=\"ez-toc-link ez-toc-heading-2\" href=\"https:\/\/toukiela.com\/en\/bandidos-saison-1-ou-a-t-elle-ete-filmee-lieux-de-tournage\/#Bandidos_Saison_1_Explication_de_la_fin_Qui_est_mort\" >Bandidos Saison 1 : Explication de la fin ! Qui est mort ?<\/a><\/li><li class='ez-toc-page-1 ez-toc-heading-level-2'><a class=\"ez-toc-link ez-toc-heading-3\" href=\"https:\/\/toukiela.com\/en\/bandidos-saison-1-ou-a-t-elle-ete-filmee-lieux-de-tournage\/#Bandidos_Saison_2_Quelle_date_de_sortie_sur_Netflix\" >Bandidos Saison 2 : Quelle date de sortie sur Netflix ?<\/a><\/li><li class='ez-toc-page-1 ez-toc-heading-level-2'><a class=\"ez-toc-link ez-toc-heading-4\" href=\"https:\/\/toukiela.com\/en\/bandidos-saison-1-ou-a-t-elle-ete-filmee-lieux-de-tournage\/#Constellation_Episode_7_Quelle_date_et_heure_de_sortie_Apple_TV\" >Constellation \u00c9pisode 7 : Quelle date et heure de sortie Apple TV+ ?<\/a><\/li><\/ul><\/nav><\/div>\n<h2><span class=\"ez-toc-section\" id=\"Articles_en_relation\"><\/span>Related articles<span class=\"ez-toc-section-end\"><\/span><\/h2>\n<p><\/p>\n<p>Dans cet article, nous allons discuter de la fin de la saison 1 de la s\u00e9rie Bandidos et de la question de savoir qui est mort. La premi\u00e8re saison de Bandidos a \u00e9t\u00e9 un \u00e9norme succ\u00e8s et a laiss\u00e9 de nombreux t\u00e9l\u00e9spectateurs se demander ce qui allait arriver ensuite. Nous allons essayer de r\u00e9pondre \u00e0 cette question en analysant les \u00e9v\u00e9nements de la derni\u00e8re saison et en sp\u00e9culant sur ce qui pourrait arriver dans la prochaine saison.<\/p>\n<h2><span class=\"ez-toc-section\" id=\"Bandidos_Saison_1_Explication_de_la_fin_Qui_est_mort\"><\/span>Bandidos Saison 1 : Explication de la fin ! Qui est mort ?<span class=\"ez-toc-section-end\"><\/span><\/h2>\n<p><\/p>\n<p>La fin de la premi\u00e8re saison de Bandidos a laiss\u00e9 les fans bouche b\u00e9e. De nombreux personnages ont \u00e9t\u00e9 tu\u00e9s dans les derniers \u00e9pisodes, mais il y a un personnage en particulier dont la mort a vraiment choqu\u00e9 les t\u00e9l\u00e9spectateurs. Dans cet article, nous allons examiner qui est mort \u00e0 la fin de la saison 1 et pourquoi cela pourrait avoir un impact sur la suite de la s\u00e9rie. Nous allons \u00e9galement discuter des diff\u00e9rentes th\u00e9ories sur l\u2019identit\u00e9 de l\u2019assassin et de ce que cela signifie pour les personnages restants.<\/p>\n<h2><span class=\"ez-toc-section\" id=\"Bandidos_Saison_2_Quelle_date_de_sortie_sur_Netflix\"><\/span>Bandidos Saison 2 : Quelle date de sortie sur Netflix ?<span class=\"ez-toc-section-end\"><\/span><\/h2>\n<p><\/p>\n<p>La deuxi\u00e8me saison de Bandidos est tr\u00e8s attendue par les fans de la s\u00e9rie. Apr\u00e8s le cliffhanger de la premi\u00e8re saison, de nombreux t\u00e9l\u00e9spectateurs sont impatients de savoir ce qui va arriver \u00e0 leurs personnages pr\u00e9f\u00e9r\u00e9s. Dans cet article, nous allons discuter de la date de sortie pr\u00e9vue de la saison 2 sur Netflix et des diff\u00e9rentes sp\u00e9culations sur l\u2019intrigue de cette nouvelle saison. Nous allons \u00e9galement examiner les rumeurs concernant de nouveaux personnages et les d\u00e9veloppements potentiels de l\u2019histoire.<\/p>\n<h2><span class=\"ez-toc-section\" id=\"Constellation_Episode_7_Quelle_date_et_heure_de_sortie_Apple_TV\"><\/span>Constellation \u00c9pisode 7 : Quelle date et heure de sortie Apple TV+ ?<span class=\"ez-toc-section-end\"><\/span><\/h2>\n<p><\/p>\n<p>La s\u00e9rie Constellation a \u00e9t\u00e9 un succ\u00e8s instantan\u00e9 sur Apple TV+. Les t\u00e9l\u00e9spectateurs sont impatients de conna\u00eetre la date de sortie de l\u2019\u00e9pisode 7 et l\u2019heure \u00e0 laquelle il sera disponible. Dans cet article, nous allons discuter de la date et de l\u2019heure de sortie pr\u00e9vues de l\u2019\u00e9pisode 7 de Constellation sur Apple TV+. Nous allons \u00e9galement examiner les d\u00e9veloppements de l\u2019intrigue jusqu\u2019\u00e0 pr\u00e9sent et les th\u00e9ories sur ce qui pourrait arriver dans cet \u00e9pisode tr\u00e8s attendu.<\/p>","protected":false},"excerpt":{"rendered":"","protected":false},"author":1,"featured_media":11517,"comment_status":"open","ping_status":"open","sticky":false,"template":"","format":"standard","meta":{"_seopress_robots_primary_cat":"","_seopress_titles_title":"","_seopress_titles_desc":"","_seopress_robots_index":"","footnotes":""},"categories":[645],"tags":[],"class_list":["post-11515","post","type-post","status-publish","format-standard","has-post-thumbnail","hentry","category-netflix","generate-columns","tablet-grid-50","mobile-grid-100","grid-parent","grid-50"],"_links":{"self":[{"href":"https:\/\/toukiela.com\/en\/wp-json\/wp\/v2\/posts\/11515","targetHints":{"allow":["GET"]}}],"collection":[{"href":"https:\/\/toukiela.com\/en\/wp-json\/wp\/v2\/posts"}],"about":[{"href":"https:\/\/toukiela.com\/en\/wp-json\/wp\/v2\/types\/post"}],"author":[{"embeddable":true,"href":"https:\/\/toukiela.com\/en\/wp-json\/wp\/v2\/users\/1"}],"replies":[{"embeddable":true,"href":"https:\/\/toukiela.com\/en\/wp-json\/wp\/v2\/comments?post=11515"}],"version-history":[{"count":1,"href":"https:\/\/toukiela.com\/en\/wp-json\/wp\/v2\/posts\/11515\/revisions"}],"predecessor-version":[{"id":11516,"href":"https:\/\/toukiela.com\/en\/wp-json\/wp\/v2\/posts\/11515\/revisions\/11516"}],"wp:featuredmedia":[{"embeddable":true,"href":"https:\/\/toukiela.com\/en\/wp-json\/wp\/v2\/media\/11517"}],"wp:attachment":[{"href":"https:\/\/toukiela.com\/en\/wp-json\/wp\/v2\/media?parent=11515"}],"wp:term":[{"taxonomy":"category","embeddable":true,"href":"https:\/\/toukiela.com\/en\/wp-json\/wp\/v2\/categories?post=11515"},{"taxonomy":"post_tag","embeddable":true,"href":"https:\/\/toukiela.com\/en\/wp-json\/wp\/v2\/tags?post=11515"}],"curies":[{"name":"wp","href":"https:\/\/api.w.org\/{rel}","templated":true}]}}