{"id":11390,"date":"2024-03-09T13:07:43","date_gmt":"2024-03-09T11:07:43","guid":{"rendered":"https:\/\/toukiela.com\/la-demoiselle-et-le-dragon-explication-de-la-fin-qui-a-perdu-la-vie\/"},"modified":"2024-03-09T13:07:44","modified_gmt":"2024-03-09T11:07:44","slug":"la-demoiselle-et-le-dragon-explication-de-la-fin-qui-a-perdu-la-vie","status":"publish","type":"post","link":"https:\/\/toukiela.com\/en\/la-demoiselle-et-le-dragon-explication-de-la-fin-qui-a-perdu-la-vie\/","title":{"rendered":"La Demoiselle et le Dragon : Explication de la fin ! Qui a perdu la vie ?"},"content":{"rendered":"<p><em><\/em><\/p>\n<div id=\"ez-toc-container\" class=\"ez-toc-v2_0_82_2 counter-hierarchy ez-toc-counter ez-toc-grey ez-toc-container-direction\">\n<p class=\"ez-toc-title\" style=\"cursor:inherit\">Contents<\/p>\n<label for=\"ez-toc-cssicon-toggle-item-69f1fc07c0cea\" class=\"ez-toc-cssicon-toggle-label\"><span class=\"\"><span class=\"eztoc-hide\" style=\"display:none;\">Toggle<\/span><span class=\"ez-toc-icon-toggle-span\"><svg style=\"fill: #999;color:#999\" xmlns=\"http:\/\/www.w3.org\/2000\/svg\" class=\"list-377408\" width=\"20px\" height=\"20px\" viewbox=\"0 0 24 24\" fill=\"none\"><path d=\"M6 6H4v2h2V6zm14 0H8v2h12V6zM4 11h2v2H4v-2zm16 0H8v2h12v-2zM4 16h2v2H4v-2zm16 0H8v2h12v-2z\" fill=\"currentColor\"><\/path><\/svg><svg style=\"fill: #999;color:#999\" class=\"arrow-unsorted-368013\" xmlns=\"http:\/\/www.w3.org\/2000\/svg\" width=\"10px\" height=\"10px\" viewbox=\"0 0 24 24\" version=\"1.2\" baseprofile=\"tiny\"><path d=\"M18.2 9.3l-6.2-6.3-6.2 6.3c-.2.2-.3.4-.3.7s.1.5.3.7c.2.2.4.3.7.3h11c.3 0 .5-.1.7-.3.2-.2.3-.5.3-.7s-.1-.5-.3-.7zM5.8 14.7l6.2 6.3 6.2-6.3c.2-.2.3-.5.3-.7s-.1-.5-.3-.7c-.2-.2-.4-.3-.7-.3h-11c-.3 0-.5.1-.7.3-.2.2-.3.5-.3.7s.1.5.3.7z\"\/><\/svg><\/span><\/span><\/label><input type=\"checkbox\"  id=\"ez-toc-cssicon-toggle-item-69f1fc07c0cea\"  aria-label=\"Toggle\" \/><nav><ul class='ez-toc-list ez-toc-list-level-1' ><li class='ez-toc-page-1 ez-toc-heading-level-2'><a class=\"ez-toc-link ez-toc-heading-1\" href=\"https:\/\/toukiela.com\/en\/la-demoiselle-et-le-dragon-explication-de-la-fin-qui-a-perdu-la-vie\/#Articles_en_relation\" >Related articles<\/a><ul class='ez-toc-list-level-3' ><li class='ez-toc-heading-level-3'><a class=\"ez-toc-link ez-toc-heading-2\" href=\"https:\/\/toukiela.com\/en\/la-demoiselle-et-le-dragon-explication-de-la-fin-qui-a-perdu-la-vie\/#La_Demoiselle_et_le_Dragon_A_partir_de_quel_age_pour_les_enfants\" >La Demoiselle et le Dragon : A partir de quel \u00e2ge pour les enfants ?<\/a><\/li><li class='ez-toc-page-1 ez-toc-heading-level-3'><a class=\"ez-toc-link ez-toc-heading-3\" href=\"https:\/\/toukiela.com\/en\/la-demoiselle-et-le-dragon-explication-de-la-fin-qui-a-perdu-la-vie\/#The_Gentlemen_Saison_1_Geoffrey_est_il_le_pere_de_Charly\" >The Gentlemen Saison 1 : Geoffrey est il le p\u00e8re de Charly ?<\/a><\/li><li class='ez-toc-page-1 ez-toc-heading-level-3'><a class=\"ez-toc-link ez-toc-heading-4\" href=\"https:\/\/toukiela.com\/en\/la-demoiselle-et-le-dragon-explication-de-la-fin-qui-a-perdu-la-vie\/#La_Demoiselle_et_le_Dragon_Ou_a_til_ete_filme_Lieux_de_tournage\" >La Demoiselle et le Dragon : O\u00f9 a t\u2019il \u00e9t\u00e9 film\u00e9 ? Lieux de tournage !<\/a><\/li><\/ul><\/li><li class='ez-toc-page-1 ez-toc-heading-level-2'><a class=\"ez-toc-link ez-toc-heading-5\" href=\"https:\/\/toukiela.com\/en\/la-demoiselle-et-le-dragon-explication-de-la-fin-qui-a-perdu-la-vie\/#Plus_de_lauteur\" >More from the author<\/a><\/li><\/ul><\/nav><\/div>\n<h2><span class=\"ez-toc-section\" id=\"Articles_en_relation\"><\/span>Related articles<span class=\"ez-toc-section-end\"><\/span><\/h2>\n<div class=\"td-related-row\">\n<div class=\"td-related-span4\">\n<div class=\"td_module_related_posts td-animation-stack td_mod_related_posts\">\n<div class=\"td-module-image\">\n<div class=\"td-module-thumb\">\n               <a href=\"https:\/\/\/la-demoiselle-et-le-dragon-age\/\" rel=\"bookmark\" class=\"td-image-wrap\" title=\"La Demoiselle et le Dragon : A partir de quel \u00e2ge pour les enfants ?\"><br>\n                  <img decoding=\"async\" width=\"218\" height=\"150\" class=\"entry-thumb\" src=\"https:\/\/\/wp-content\/plugins\/td-composer\/legacy\/Newspaper\/assets\/images\/no-thumb\/td_218x150.png\" alt=\"\"><br>\n               <\/a>\n            <\/div>\n<p>\n         <\/p><\/div>\n<p><\/p>\n<div class=\"item-details\">\n<h3 class=\"entry-title td-module-title\"><span class=\"ez-toc-section\" id=\"La_Demoiselle_et_le_Dragon_A_partir_de_quel_age_pour_les_enfants\"><\/span>\n               <a href=\"https:\/\/\/la-demoiselle-et-le-dragon-age\/\" rel=\"bookmark\" title=\"La Demoiselle et le Dragon : A partir de quel \u00e2ge pour les enfants ?\">La Demoiselle et le Dragon : A partir de quel \u00e2ge pour les enfants ?<\/a><br>\n            <span class=\"ez-toc-section-end\"><\/span><\/h3>\n<p>\n         <\/p><\/div>\n<p>\n      <\/p><\/div>\n<p>\n   <\/p><\/div>\n<div class=\"td-related-span4\">\n<div class=\"td_module_related_posts td-animation-stack td_mod_related_posts\">\n<div class=\"td-module-image\">\n<div class=\"td-module-thumb\">\n               <a href=\"https:\/\/\/the-gentlemen-geoffrey-charly\/\" rel=\"bookmark\" class=\"td-image-wrap\" title=\"The Gentlemen Saison 1 : Geoffrey est il le p\u00e8re de Charly ?\"><br>\n                  <img decoding=\"async\" width=\"218\" height=\"150\" class=\"entry-thumb\" src=\"https:\/\/\/wp-content\/uploads\/2024\/03\/the-gentlemen-geoffrey-charly-218x150.jpg\" alt=\"the gentlemen geoffrey charly\"><br>\n               <\/a>\n            <\/div>\n<p>\n         <\/p><\/div>\n<p><\/p>\n<div class=\"item-details\">\n<h3 class=\"entry-title td-module-title\"><span class=\"ez-toc-section\" id=\"The_Gentlemen_Saison_1_Geoffrey_est_il_le_pere_de_Charly\"><\/span>\n               <a href=\"https:\/\/\/the-gentlemen-geoffrey-charly\/\" rel=\"bookmark\" title=\"The Gentlemen Saison 1 : Geoffrey est il le p\u00e8re de Charly ?\">The Gentlemen Saison 1 : Geoffrey est il le p\u00e8re de Charly ?<\/a><br>\n            <span class=\"ez-toc-section-end\"><\/span><\/h3>\n<p>\n         <\/p><\/div>\n<p>\n      <\/p><\/div>\n<p>\n   <\/p><\/div>\n<div class=\"td-related-span4\">\n<div class=\"td_module_related_posts td-animation-stack td_mod_related_posts\">\n<div class=\"td-module-image\">\n<div class=\"td-module-thumb\">\n               <a href=\"https:\/\/\/ou-a-ete-filme-la-demoiselle-et-le-dragon\/\" rel=\"bookmark\" class=\"td-image-wrap\" title=\"La Demoiselle et le Dragon : O\u00f9 a t\u2019il \u00e9t\u00e9 film\u00e9 ? Lieux de tournage !\"><br>\n                  <img decoding=\"async\" width=\"218\" height=\"150\" class=\"entry-thumb\" src=\"https:\/\/\/wp-content\/uploads\/2024\/03\/ou-a-ete-filme-la-demoiselle-et-le-dragon-218x150.jpg\" alt=\"ou a ete filme la demoiselle et le dragon\"><br>\n               <\/a>\n            <\/div>\n<p>\n         <\/p><\/div>\n<p><\/p>\n<div class=\"item-details\">\n<h3 class=\"entry-title td-module-title\"><span class=\"ez-toc-section\" id=\"La_Demoiselle_et_le_Dragon_Ou_a_til_ete_filme_Lieux_de_tournage\"><\/span>\n               <a href=\"https:\/\/\/ou-a-ete-filme-la-demoiselle-et-le-dragon\/\" rel=\"bookmark\" title=\"La Demoiselle et le Dragon : O\u00f9 a t\u2019il \u00e9t\u00e9 film\u00e9 ? Lieux de tournage !\">La Demoiselle et le Dragon : O\u00f9 a t\u2019il \u00e9t\u00e9 film\u00e9 ? Lieux de tournage !<\/a><br>\n            <span class=\"ez-toc-section-end\"><\/span><\/h3>\n<p>\n         <\/p><\/div>\n<p>\n      <\/p><\/div>\n<p>\n   <\/p><\/div>\n<p>\n<\/p><\/div>\n<h2><span class=\"ez-toc-section\" id=\"Plus_de_lauteur\"><\/span>More from the author<span class=\"ez-toc-section-end\"><\/span><\/h2>","protected":false},"excerpt":{"rendered":"","protected":false},"author":1,"featured_media":11392,"comment_status":"open","ping_status":"open","sticky":false,"template":"","format":"standard","meta":{"_seopress_robots_primary_cat":"","_seopress_titles_title":"","_seopress_titles_desc":"","_seopress_robots_index":"","footnotes":""},"categories":[645],"tags":[],"class_list":["post-11390","post","type-post","status-publish","format-standard","has-post-thumbnail","hentry","category-netflix","generate-columns","tablet-grid-50","mobile-grid-100","grid-parent","grid-50"],"_links":{"self":[{"href":"https:\/\/toukiela.com\/en\/wp-json\/wp\/v2\/posts\/11390","targetHints":{"allow":["GET"]}}],"collection":[{"href":"https:\/\/toukiela.com\/en\/wp-json\/wp\/v2\/posts"}],"about":[{"href":"https:\/\/toukiela.com\/en\/wp-json\/wp\/v2\/types\/post"}],"author":[{"embeddable":true,"href":"https:\/\/toukiela.com\/en\/wp-json\/wp\/v2\/users\/1"}],"replies":[{"embeddable":true,"href":"https:\/\/toukiela.com\/en\/wp-json\/wp\/v2\/comments?post=11390"}],"version-history":[{"count":1,"href":"https:\/\/toukiela.com\/en\/wp-json\/wp\/v2\/posts\/11390\/revisions"}],"predecessor-version":[{"id":11391,"href":"https:\/\/toukiela.com\/en\/wp-json\/wp\/v2\/posts\/11390\/revisions\/11391"}],"wp:featuredmedia":[{"embeddable":true,"href":"https:\/\/toukiela.com\/en\/wp-json\/wp\/v2\/media\/11392"}],"wp:attachment":[{"href":"https:\/\/toukiela.com\/en\/wp-json\/wp\/v2\/media?parent=11390"}],"wp:term":[{"taxonomy":"category","embeddable":true,"href":"https:\/\/toukiela.com\/en\/wp-json\/wp\/v2\/categories?post=11390"},{"taxonomy":"post_tag","embeddable":true,"href":"https:\/\/toukiela.com\/en\/wp-json\/wp\/v2\/tags?post=11390"}],"curies":[{"name":"wp","href":"https:\/\/api.w.org\/{rel}","templated":true}]}}