{"id":11309,"date":"2024-03-06T15:46:22","date_gmt":"2024-03-06T13:46:22","guid":{"rendered":"https:\/\/toukiela.com\/enorme-coup-de-filet-contre-pirate-iptv-co-et-sept-employes-des-amendes-records-infligees-apres-huit-ans-de-traque\/"},"modified":"2024-03-06T15:46:27","modified_gmt":"2024-03-06T13:46:27","slug":"enorme-coup-de-filet-contre-pirate-iptv-co-et-sept-employes-des-amendes-records-infligees-apres-huit-ans-de-traque","status":"publish","type":"post","link":"https:\/\/toukiela.com\/en\/enorme-coup-de-filet-contre-pirate-iptv-co-et-sept-employes-des-amendes-records-infligees-apres-huit-ans-de-traque\/","title":{"rendered":"\u00c9norme coup de filet contre Pirate IPTV Co. et sept employ\u00e9s : des amendes records inflig\u00e9es apr\u00e8s huit ans de traque !"},"content":{"rendered":"<p><em><\/em><\/p>\n<div id=\"ez-toc-container\" class=\"ez-toc-v2_0_82_2 counter-hierarchy ez-toc-counter ez-toc-grey ez-toc-container-direction\">\n<p class=\"ez-toc-title\" style=\"cursor:inherit\">Contents<\/p>\n<label for=\"ez-toc-cssicon-toggle-item-69f1d0a479db0\" class=\"ez-toc-cssicon-toggle-label\"><span class=\"\"><span class=\"eztoc-hide\" style=\"display:none;\">Toggle<\/span><span class=\"ez-toc-icon-toggle-span\"><svg style=\"fill: #999;color:#999\" xmlns=\"http:\/\/www.w3.org\/2000\/svg\" class=\"list-377408\" width=\"20px\" height=\"20px\" viewbox=\"0 0 24 24\" fill=\"none\"><path d=\"M6 6H4v2h2V6zm14 0H8v2h12V6zM4 11h2v2H4v-2zm16 0H8v2h12v-2zM4 16h2v2H4v-2zm16 0H8v2h12v-2z\" fill=\"currentColor\"><\/path><\/svg><svg style=\"fill: #999;color:#999\" class=\"arrow-unsorted-368013\" xmlns=\"http:\/\/www.w3.org\/2000\/svg\" width=\"10px\" height=\"10px\" viewbox=\"0 0 24 24\" version=\"1.2\" baseprofile=\"tiny\"><path d=\"M18.2 9.3l-6.2-6.3-6.2 6.3c-.2.2-.3.4-.3.7s.1.5.3.7c.2.2.4.3.7.3h11c.3 0 .5-.1.7-.3.2-.2.3-.5.3-.7s-.1-.5-.3-.7zM5.8 14.7l6.2 6.3 6.2-6.3c.2-.2.3-.5.3-.7s-.1-.5-.3-.7c-.2-.2-.4-.3-.7-.3h-11c-.3 0-.5.1-.7.3-.2.2-.3.5-.3.7s.1.5.3.7z\"\/><\/svg><\/span><\/span><\/label><input type=\"checkbox\"  id=\"ez-toc-cssicon-toggle-item-69f1d0a479db0\"  aria-label=\"Toggle\" \/><nav><ul class='ez-toc-list ez-toc-list-level-1' ><li class='ez-toc-page-1 ez-toc-heading-level-2'><a class=\"ez-toc-link ez-toc-heading-1\" href=\"https:\/\/toukiela.com\/en\/enorme-coup-de-filet-contre-pirate-iptv-co-et-sept-employes-des-amendes-records-infligees-apres-huit-ans-de-traque\/#Une_entreprise_espagnole_condamnee_pour_piratage_IPTV\" >Une entreprise espagnole condamn\u00e9e pour piratage IPTV<\/a><\/li><li class='ez-toc-page-1 ez-toc-heading-level-2'><a class=\"ez-toc-link ez-toc-heading-2\" href=\"https:\/\/toukiela.com\/en\/enorme-coup-de-filet-contre-pirate-iptv-co-et-sept-employes-des-amendes-records-infligees-apres-huit-ans-de-traque\/#Des_amendes_historiques_pour_les_acteurs_corporatifs\" >Des amendes historiques pour les acteurs corporatifs<\/a><\/li><li class='ez-toc-page-1 ez-toc-heading-level-2'><a class=\"ez-toc-link ez-toc-heading-3\" href=\"https:\/\/toukiela.com\/en\/enorme-coup-de-filet-contre-pirate-iptv-co-et-sept-employes-des-amendes-records-infligees-apres-huit-ans-de-traque\/#Une_operation_de_piratage_IPTV_internationale\" >Une op\u00e9ration de piratage IPTV internationale<\/a><\/li><li class='ez-toc-page-1 ez-toc-heading-level-2'><a class=\"ez-toc-link ez-toc-heading-4\" href=\"https:\/\/toukiela.com\/en\/enorme-coup-de-filet-contre-pirate-iptv-co-et-sept-employes-des-amendes-records-infligees-apres-huit-ans-de-traque\/#La_police_espagnole_et_allemande_assistees_par_EuropolEurojust\" >La police espagnole et allemande assist\u00e9es par Europol\/Eurojust<\/a><\/li><li class='ez-toc-page-1 ez-toc-heading-level-2'><a class=\"ez-toc-link ez-toc-heading-5\" href=\"https:\/\/toukiela.com\/en\/enorme-coup-de-filet-contre-pirate-iptv-co-et-sept-employes-des-amendes-records-infligees-apres-huit-ans-de-traque\/#Un_avion_prive_10_vehicules_de_luxe_authentiques_1_contrefacon\" >Un avion priv\u00e9, 10 v\u00e9hicules de luxe authentiques, 1 contrefa\u00e7on<\/a><\/li><\/ul><\/nav><\/div>\n<h2><span class=\"ez-toc-section\" id=\"Une_entreprise_espagnole_condamnee_pour_piratage_IPTV\"><\/span>Une entreprise espagnole condamn\u00e9e pour piratage IPTV<span class=\"ez-toc-section-end\"><\/span><\/h2>\n<p><\/p>\n<p>Une entreprise en Espagne et sept de ses employ\u00e9s ont \u00e9t\u00e9 condamn\u00e9s \u00e0 des amendes allant de 540 \u00e0 673 000 euros pour leur r\u00f4le dans une op\u00e9ration internationale de piratage IPTV qui a \u00e9t\u00e9 ferm\u00e9e par les autorit\u00e9s il y a pr\u00e8s de huit ans. Les peines sont qualifi\u00e9es d\u2019\u00ab historiques \u00bb car elles visent des acteurs corporatifs plut\u00f4t que des particuliers. Cependant, le contexte de l\u2019affaire rend cette affaire historique pour des raisons totalement diff\u00e9rentes.<\/p>\n<h2><span class=\"ez-toc-section\" id=\"Des_amendes_historiques_pour_les_acteurs_corporatifs\"><\/span>Des amendes historiques pour les acteurs corporatifs<span class=\"ez-toc-section-end\"><\/span><\/h2>\n<p><\/p>\n<p>La Cour provinciale de Pontevedra a inflig\u00e9 de lourdes amendes aux personnes impliqu\u00e9es dans une vaste op\u00e9ration de piratage IPTV, selon un article de ElMundo publi\u00e9 mardi. Sept employ\u00e9s et gestionnaires de l\u2019entreprise espagnole Engel Systems SL ont re\u00e7u des amendes allant de 540 euros \u00e0 7290 euros pour leur participation \u00e0 la vente de d\u00e9codeurs pirates, ainsi que de bo\u00eetiers IPTV et de services, par le biais de leur entreprise il y a plus de huit ans.<\/p>\n<p>Engel Systems en tant qu\u2019entreprise a \u00e9t\u00e9 la plus durement touch\u00e9e ; une amende de 673 000 euros selon le rapport d\u2019El Mundo, ainsi qu\u2019une interdiction totale de vente de d\u00e9codeurs \u00e0 l\u2019avenir. Les directeurs de l\u2019entreprise ont \u00e9t\u00e9 disqualifi\u00e9s pendant sept ans, mais apr\u00e8s le paiement d\u2019une certaine compensation et compte tenu du retard prolong\u00e9 de la poursuite, aucun des condamn\u00e9s n\u2019a \u00e9t\u00e9 condamn\u00e9 \u00e0 une peine de prison.<\/p>\n<p>\u00c9tant donn\u00e9 le contexte, c\u2019est d\u00e9j\u00e0 historique en soi.<\/p>\n<h2><span class=\"ez-toc-section\" id=\"Une_operation_de_piratage_IPTV_internationale\"><\/span>Une op\u00e9ration de piratage IPTV internationale<span class=\"ez-toc-section-end\"><\/span><\/h2>\n<p><\/p>\n<p>Entre 2010 et 2016, Engel Systems a vendu divers appareils permettant d\u2019acc\u00e9der ill\u00e9galement \u00e0 des contenus TV pirat\u00e9s. L\u2019entreprise vendait initialement des d\u00e9codeurs TV reposant sur des syst\u00e8mes de partage de cartes diffus\u00e9s sur Internet, avant de passer \u00e0 des services IPTV pirates offrant un acc\u00e8s \u00e0 environ 1 600 cha\u00eenes. Engel Systems travaillait avec des partenaires internationaux, notamment en Allemagne et en Lituanie, o\u00f9 se trouvaient au moins certains de ses serveurs.<\/p>\n<p>Une d\u00e9claration d\u2019Europol datant de 2016 sugg\u00e9rait que cette op\u00e9ration illicite est apparue sur le radar des forces de l\u2019ordre lorsqu\u2019un \u00ab fournisseur espagnol l\u00e9gitime de d\u00e9codeurs TV a port\u00e9 plainte contre une autre entreprise pour contrefa\u00e7on et vente de leurs d\u00e9codeurs \u00bb.<\/p>\n<p>Des informations plus r\u00e9centes indiquent que le groupe de lutte contre le piratage EGEDA, Mediapro et Movistar Plus+ ont \u00ab h\u00e9rit\u00e9 \u00bb de l\u2019affaire gr\u00e2ce \u00e0 l\u2019acquisition par le propri\u00e9taire Telef\u00f3nica du diffuseur satellite (et plaignant) Digital+. Les entreprises ont depuis per\u00e7u environ 300 000 euros de compensation de la part d\u2019Engel. Plus de 300 700 euros devraient \u00eatre rembours\u00e9s au cours des deux prochaines ann\u00e9es, gr\u00e2ce \u00e0 une vaste op\u00e9ration des forces de l\u2019ordre en mai 2016.<\/p>\n<h2><span class=\"ez-toc-section\" id=\"La_police_espagnole_et_allemande_assistees_par_EuropolEurojust\"><\/span>La police espagnole et allemande assist\u00e9es par Europol\/Eurojust<span class=\"ez-toc-section-end\"><\/span><\/h2>\n<p><\/p>\n<p>L\u2019op\u00e9ration FAKE a commenc\u00e9 comme une enqu\u00eate conjointe de la police nationale et des autorit\u00e9s fiscales espagnoles, avec le soutien de la police allemande, d\u2019Europol et d\u2019Eurojust, et a culmin\u00e9 le matin du 18 mai 2016.<\/p>\n<p>Europol a d\u00e9ploy\u00e9 des unit\u00e9s d\u2019enqu\u00eate mobiles dans les bureaux d\u2019Engel Systems \u00e0 Barcelone, permettant aux experts d\u2019analyser en temps r\u00e9el les informations et d\u2019extraire les donn\u00e9es des t\u00e9l\u00e9phones portables et des dispositifs de stockage sur place.<\/p>\n<p>Des raids simultan\u00e9s dans sept villes espagnoles ont cibl\u00e9 38 domiciles. Un total de 30 suspects ont \u00e9t\u00e9 arr\u00eat\u00e9s en Espagne et les autorit\u00e9s ont annonc\u00e9 la saisie de 48 800 d\u00e9codeurs import\u00e9s de Chine. On disait qu\u2019ils contenaient un micrologiciel personnalis\u00e9 cr\u00e9\u00e9 par l\u2019\u00e9quipe en Espagne. Le butin comprenait \u00e9galement 183 200 euros en esp\u00e8ces, des documents financiers et de l\u2019\u00e9quipement informatique, ainsi que d\u2019autres objets d\u2019int\u00e9r\u00eat.<\/p>\n<h2><span class=\"ez-toc-section\" id=\"Un_avion_prive_10_vehicules_de_luxe_authentiques_1_contrefacon\"><\/span>Un avion priv\u00e9, 10 v\u00e9hicules de luxe authentiques, 1 contrefa\u00e7on<span class=\"ez-toc-section-end\"><\/span><\/h2>\n<p><\/p>\n<p>La nature des 10 v\u00e9hicules de luxe saisis et de l\u2019avion priv\u00e9 n\u2019a pas \u00e9t\u00e9 d\u00e9taill\u00e9e \u00e0 l\u2019\u00e9poque, tandis que la contrefa\u00e7on de v\u00e9hicule de luxe aurait pu \u00eatre presque n\u2019importe quoi.<\/p>\n<p><\/p>\n<p>Cependant, lors du Sommet international sur la protection des contenus en Pologne en 2018, l\u2019inspectrice en chef M\u00f3nica Dopico Mart\u00ednez, chef de la section de la propri\u00e9t\u00e9 intellectuelle de la police nationale espagnole, a r\u00e9v\u00e9l\u00e9 la marque de la voiture, ainsi que d\u2019autres d\u00e9tails mineurs\u2026<\/p>\n<p>\n<\/p><center href=\"%5C%22https:\/\/torrentfreak.com\/images\/operation-fake.png%5C%22\">\n<p>Une image publi\u00e9e par Europol montre du mat\u00e9riel saisi provenant de l\u2019op\u00e9ration de minage de bitcoins s\u2019\u00e9tendant \u00e0 perte de vue. C\u2019est une image extr\u00eamement impressionnante, mais vue \u00e0 travers le prisme des prix de l\u2019\u00e9lectricit\u00e9 d\u2019aujourd\u2019hui, c\u2019est surtout terrifiant.<\/p>\n<p>\n<\/p><center><\/center><br>\n<\/center>","protected":false},"excerpt":{"rendered":"","protected":false},"author":1,"featured_media":11311,"comment_status":"open","ping_status":"open","sticky":false,"template":"","format":"standard","meta":{"_seopress_robots_primary_cat":"","_seopress_titles_title":"","_seopress_titles_desc":"","_seopress_robots_index":"","footnotes":""},"categories":[586],"tags":[],"class_list":["post-11309","post","type-post","status-publish","format-standard","has-post-thumbnail","hentry","category-actu-tech","generate-columns","tablet-grid-50","mobile-grid-100","grid-parent","grid-50"],"_links":{"self":[{"href":"https:\/\/toukiela.com\/en\/wp-json\/wp\/v2\/posts\/11309","targetHints":{"allow":["GET"]}}],"collection":[{"href":"https:\/\/toukiela.com\/en\/wp-json\/wp\/v2\/posts"}],"about":[{"href":"https:\/\/toukiela.com\/en\/wp-json\/wp\/v2\/types\/post"}],"author":[{"embeddable":true,"href":"https:\/\/toukiela.com\/en\/wp-json\/wp\/v2\/users\/1"}],"replies":[{"embeddable":true,"href":"https:\/\/toukiela.com\/en\/wp-json\/wp\/v2\/comments?post=11309"}],"version-history":[{"count":1,"href":"https:\/\/toukiela.com\/en\/wp-json\/wp\/v2\/posts\/11309\/revisions"}],"predecessor-version":[{"id":11310,"href":"https:\/\/toukiela.com\/en\/wp-json\/wp\/v2\/posts\/11309\/revisions\/11310"}],"wp:featuredmedia":[{"embeddable":true,"href":"https:\/\/toukiela.com\/en\/wp-json\/wp\/v2\/media\/11311"}],"wp:attachment":[{"href":"https:\/\/toukiela.com\/en\/wp-json\/wp\/v2\/media?parent=11309"}],"wp:term":[{"taxonomy":"category","embeddable":true,"href":"https:\/\/toukiela.com\/en\/wp-json\/wp\/v2\/categories?post=11309"},{"taxonomy":"post_tag","embeddable":true,"href":"https:\/\/toukiela.com\/en\/wp-json\/wp\/v2\/tags?post=11309"}],"curies":[{"name":"wp","href":"https:\/\/api.w.org\/{rel}","templated":true}]}}