{"id":9958,"date":"2024-01-26T07:22:11","date_gmt":"2024-01-26T05:22:11","guid":{"rendered":"https:\/\/toukiela.com\/griselda-saison-1-quest-il-advenu-de-papo-mejia-aujourdhui\/"},"modified":"2024-01-26T07:22:12","modified_gmt":"2024-01-26T05:22:12","slug":"griselda-saison-1-quest-il-advenu-de-papo-mejia-aujourdhui","status":"publish","type":"post","link":"https:\/\/toukiela.com\/de\/griselda-saison-1-quest-il-advenu-de-papo-mejia-aujourdhui\/","title":{"rendered":"Griselda Saison 1 : Qu&rsquo;est-il advenu de Papo Mejia aujourd&rsquo;hui ?"},"content":{"rendered":"<p><em><\/em><\/p>\n<div id=\"ez-toc-container\" class=\"ez-toc-v2_0_82_2 counter-hierarchy ez-toc-counter ez-toc-grey ez-toc-container-direction\">\n<p class=\"ez-toc-title\" style=\"cursor:inherit\">Inhaltsverzeichnis<\/p>\n<label for=\"ez-toc-cssicon-toggle-item-69f1e45be4836\" class=\"ez-toc-cssicon-toggle-label\"><span class=\"\"><span class=\"eztoc-hide\" style=\"display:none;\">Toggle<\/span><span class=\"ez-toc-icon-toggle-span\"><svg style=\"fill: #999;color:#999\" xmlns=\"http:\/\/www.w3.org\/2000\/svg\" class=\"list-377408\" width=\"20px\" height=\"20px\" viewbox=\"0 0 24 24\" fill=\"none\"><path d=\"M6 6H4v2h2V6zm14 0H8v2h12V6zM4 11h2v2H4v-2zm16 0H8v2h12v-2zM4 16h2v2H4v-2zm16 0H8v2h12v-2z\" fill=\"currentColor\"><\/path><\/svg><svg style=\"fill: #999;color:#999\" class=\"arrow-unsorted-368013\" xmlns=\"http:\/\/www.w3.org\/2000\/svg\" width=\"10px\" height=\"10px\" viewbox=\"0 0 24 24\" version=\"1.2\" baseprofile=\"tiny\"><path d=\"M18.2 9.3l-6.2-6.3-6.2 6.3c-.2.2-.3.4-.3.7s.1.5.3.7c.2.2.4.3.7.3h11c.3 0 .5-.1.7-.3.2-.2.3-.5.3-.7s-.1-.5-.3-.7zM5.8 14.7l6.2 6.3 6.2-6.3c.2-.2.3-.5.3-.7s-.1-.5-.3-.7c-.2-.2-.4-.3-.7-.3h-11c-.3 0-.5.1-.7.3-.2.2-.3.5-.3.7s.1.5.3.7z\"\/><\/svg><\/span><\/span><\/label><input type=\"checkbox\"  id=\"ez-toc-cssicon-toggle-item-69f1e45be4836\"  aria-label=\"Toggle\" \/><nav><ul class='ez-toc-list ez-toc-list-level-1' ><li class='ez-toc-page-1 ez-toc-heading-level-2'><a class=\"ez-toc-link ez-toc-heading-1\" href=\"https:\/\/toukiela.com\/de\/griselda-saison-1-quest-il-advenu-de-papo-mejia-aujourdhui\/#Que_sont_devenus_les_personnages_de_la_serie_Griselda\" >Que sont devenus les personnages de la s\u00e9rie Griselda ?<\/a><\/li><li class='ez-toc-page-1 ez-toc-heading-level-2'><a class=\"ez-toc-link ez-toc-heading-2\" href=\"https:\/\/toukiela.com\/de\/griselda-saison-1-quest-il-advenu-de-papo-mejia-aujourdhui\/#Amilcar_alias_Rafo_Rodriguez\" >Amilcar alias Rafo Rodriguez<\/a><\/li><li class='ez-toc-page-1 ez-toc-heading-level-2'><a class=\"ez-toc-link ez-toc-heading-3\" href=\"https:\/\/toukiela.com\/de\/griselda-saison-1-quest-il-advenu-de-papo-mejia-aujourdhui\/#Michael_Corleone_Blanco\" >Michael Corleone Blanco<\/a><\/li><li class='ez-toc-page-1 ez-toc-heading-level-2'><a class=\"ez-toc-link ez-toc-heading-4\" href=\"https:\/\/toukiela.com\/de\/griselda-saison-1-quest-il-advenu-de-papo-mejia-aujourdhui\/#Jorge_Ayala_alias_%C2%AB_Rivi_%C2%BB\" >Jorge Ayala alias \u00ab\u00a0Rivi\u00a0\u00bb<\/a><\/li><li class='ez-toc-page-1 ez-toc-heading-level-2'><a class=\"ez-toc-link ez-toc-heading-5\" href=\"https:\/\/toukiela.com\/de\/griselda-saison-1-quest-il-advenu-de-papo-mejia-aujourdhui\/#Conclusion\" >Schlussfolgerung<\/a><\/li><\/ul><\/nav><\/div>\n<h2><span class=\"ez-toc-section\" id=\"Que_sont_devenus_les_personnages_de_la_serie_Griselda\"><\/span>Que sont devenus les personnages de la s\u00e9rie Griselda ?<span class=\"ez-toc-section-end\"><\/span><\/h2>\n<p><\/p>\n<p>La s\u00e9rie Griselda a captiv\u00e9 les t\u00e9l\u00e9spectateurs avec son histoire palpitante sur le cartel de Medell\u00edn. Mais que sont devenus les personnages principaux de la s\u00e9rie ?<\/p>\n<h2><span class=\"ez-toc-section\" id=\"Amilcar_alias_Rafo_Rodriguez\"><\/span>Amilcar alias Rafo Rodriguez<span class=\"ez-toc-section-end\"><\/span><\/h2>\n<p><\/p>\n<p>Amilcar, jou\u00e9 par Rafo Rodriguez, \u00e9tait un membre important du cartel de Medell\u00edn dans la s\u00e9rie Griselda. Mais que devient-il aujourd\u2019hui ?<\/p>\n<p><\/p>\n<p>Amilcar a connu un destin tragique dans la s\u00e9rie, mais dans la r\u00e9alit\u00e9, l\u2019acteur Rafo Rodriguez poursuit sa carri\u00e8re dans le monde du cin\u00e9ma et de la t\u00e9l\u00e9vision. Il a notamment jou\u00e9 dans plusieurs films \u00e0 succ\u00e8s et continue de faire parler de lui.<\/p>\n<h2><span class=\"ez-toc-section\" id=\"Michael_Corleone_Blanco\"><\/span>Michael Corleone Blanco<span class=\"ez-toc-section-end\"><\/span><\/h2>\n<p><\/p>\n<p>Michael Corleone Blanco \u00e9tait un personnage embl\u00e9matique de la s\u00e9rie Griselda. Mais que devient-il aujourd\u2019hui ?<\/p>\n<p><\/p>\n<p>Dans la s\u00e9rie, Michael Corleone Blanco \u00e9tait un membre influent du cartel de Medell\u00edn. Dans la r\u00e9alit\u00e9, il m\u00e8ne une vie plus discr\u00e8te et se consacre \u00e0 ses activit\u00e9s personnelles. Il est connu pour \u00eatre le fils de Griselda Blanco, la c\u00e9l\u00e8bre trafiquante de drogue colombienne.<\/p>\n<h2><span class=\"ez-toc-section\" id=\"Jorge_Ayala_alias_%C2%AB_Rivi_%C2%BB\"><\/span>Jorge Ayala alias \u00ab\u00a0Rivi\u00a0\u00bb<span class=\"ez-toc-section-end\"><\/span><\/h2>\n<p><\/p>\n<p>Jorge Ayala, surnomm\u00e9 \u00ab\u00a0Rivi\u00a0\u00bb, \u00e9tait un personnage complexe de la s\u00e9rie Griselda. Mais que devient-il aujourd\u2019hui ?<\/p>\n<p><\/p>\n<p>Dans la s\u00e9rie, Jorge Ayala \u00e9tait un membre du cartel de Medell\u00edn et un proche collaborateur de Griselda Blanco. Dans la r\u00e9alit\u00e9, peu d\u2019informations sont disponibles sur son parcours apr\u00e8s la fin du cartel. Il est probable qu\u2019il ait pris ses distances avec le monde du crime et m\u00e8ne d\u00e9sormais une vie plus tranquille.<\/p>\n<h2><span class=\"ez-toc-section\" id=\"Conclusion\"><\/span>Schlussfolgerung<span class=\"ez-toc-section-end\"><\/span><\/h2>\n<p><\/p>\n<p>Les personnages de la s\u00e9rie Griselda ont tous connu des destins diff\u00e9rents dans la r\u00e9alit\u00e9. Certains ont poursuivi leur carri\u00e8re dans le milieu du cin\u00e9ma, tandis que d\u2019autres ont choisi de se retirer de la vie publique. Quoi qu\u2019il en soit, la s\u00e9rie continue de fasciner les spectateurs avec son histoire captivante sur le cartel de Medell\u00edn.<\/p>","protected":false},"excerpt":{"rendered":"","protected":false},"author":1,"featured_media":9960,"comment_status":"open","ping_status":"open","sticky":false,"template":"","format":"standard","meta":{"_seopress_robots_primary_cat":"","_seopress_titles_title":"","_seopress_titles_desc":"","_seopress_robots_index":"","footnotes":""},"categories":[645],"tags":[],"class_list":["post-9958","post","type-post","status-publish","format-standard","has-post-thumbnail","hentry","category-netflix","generate-columns","tablet-grid-50","mobile-grid-100","grid-parent","grid-50"],"_links":{"self":[{"href":"https:\/\/toukiela.com\/de\/wp-json\/wp\/v2\/posts\/9958","targetHints":{"allow":["GET"]}}],"collection":[{"href":"https:\/\/toukiela.com\/de\/wp-json\/wp\/v2\/posts"}],"about":[{"href":"https:\/\/toukiela.com\/de\/wp-json\/wp\/v2\/types\/post"}],"author":[{"embeddable":true,"href":"https:\/\/toukiela.com\/de\/wp-json\/wp\/v2\/users\/1"}],"replies":[{"embeddable":true,"href":"https:\/\/toukiela.com\/de\/wp-json\/wp\/v2\/comments?post=9958"}],"version-history":[{"count":1,"href":"https:\/\/toukiela.com\/de\/wp-json\/wp\/v2\/posts\/9958\/revisions"}],"predecessor-version":[{"id":9959,"href":"https:\/\/toukiela.com\/de\/wp-json\/wp\/v2\/posts\/9958\/revisions\/9959"}],"wp:featuredmedia":[{"embeddable":true,"href":"https:\/\/toukiela.com\/de\/wp-json\/wp\/v2\/media\/9960"}],"wp:attachment":[{"href":"https:\/\/toukiela.com\/de\/wp-json\/wp\/v2\/media?parent=9958"}],"wp:term":[{"taxonomy":"category","embeddable":true,"href":"https:\/\/toukiela.com\/de\/wp-json\/wp\/v2\/categories?post=9958"},{"taxonomy":"post_tag","embeddable":true,"href":"https:\/\/toukiela.com\/de\/wp-json\/wp\/v2\/tags?post=9958"}],"curies":[{"name":"wp","href":"https:\/\/api.w.org\/{rel}","templated":true}]}}