{"id":9955,"date":"2024-01-26T07:08:40","date_gmt":"2024-01-26T05:08:40","guid":{"rendered":"https:\/\/toukiela.com\/griselda-saison-2-quand-sera-t-elle-disponible-sur-netflix-une-suite-est-elle-prevue\/"},"modified":"2024-01-26T07:08:42","modified_gmt":"2024-01-26T05:08:42","slug":"griselda-saison-2-quand-sera-t-elle-disponible-sur-netflix-une-suite-est-elle-prevue","status":"publish","type":"post","link":"https:\/\/toukiela.com\/de\/griselda-saison-2-quand-sera-t-elle-disponible-sur-netflix-une-suite-est-elle-prevue\/","title":{"rendered":"Griselda Saison 2 : Quand sera-t-elle disponible sur Netflix ? Une suite est-elle pr\u00e9vue ?"},"content":{"rendered":"<p><em><\/em><\/p>\n<p> Vous voulez en savoir plus sur les personnages de votre s\u00e9rie pr\u00e9f\u00e9r\u00e9e \u00ab\u00a0Griselda\u00a0\u00bb et leur vie actuelle ? Vous \u00eates au bon endroit ! Dans cet article, nous allons vous donner un aper\u00e7u de ce qui est arriv\u00e9 \u00e0 certains des personnages principaux de la s\u00e9rie apr\u00e8s la fin de la premi\u00e8re saison. Alors, installez-vous confortablement et pr\u00e9parez-vous \u00e0 plonger dans les vies de Papo Mejia, Amilcar alias Rafo Rodriguez, et Michael Corleone Blanco. <\/p>\n<div id=\"ez-toc-container\" class=\"ez-toc-v2_0_82_2 counter-hierarchy ez-toc-counter ez-toc-grey ez-toc-container-direction\">\n<p class=\"ez-toc-title\" style=\"cursor:inherit\">Inhaltsverzeichnis<\/p>\n<label for=\"ez-toc-cssicon-toggle-item-69f1d7905736a\" class=\"ez-toc-cssicon-toggle-label\"><span class=\"\"><span class=\"eztoc-hide\" style=\"display:none;\">Toggle<\/span><span class=\"ez-toc-icon-toggle-span\"><svg style=\"fill: #999;color:#999\" xmlns=\"http:\/\/www.w3.org\/2000\/svg\" class=\"list-377408\" width=\"20px\" height=\"20px\" viewbox=\"0 0 24 24\" fill=\"none\"><path d=\"M6 6H4v2h2V6zm14 0H8v2h12V6zM4 11h2v2H4v-2zm16 0H8v2h12v-2zM4 16h2v2H4v-2zm16 0H8v2h12v-2z\" fill=\"currentColor\"><\/path><\/svg><svg style=\"fill: #999;color:#999\" class=\"arrow-unsorted-368013\" xmlns=\"http:\/\/www.w3.org\/2000\/svg\" width=\"10px\" height=\"10px\" viewbox=\"0 0 24 24\" version=\"1.2\" baseprofile=\"tiny\"><path d=\"M18.2 9.3l-6.2-6.3-6.2 6.3c-.2.2-.3.4-.3.7s.1.5.3.7c.2.2.4.3.7.3h11c.3 0 .5-.1.7-.3.2-.2.3-.5.3-.7s-.1-.5-.3-.7zM5.8 14.7l6.2 6.3 6.2-6.3c.2-.2.3-.5.3-.7s-.1-.5-.3-.7c-.2-.2-.4-.3-.7-.3h-11c-.3 0-.5.1-.7.3-.2.2-.3.5-.3.7s.1.5.3.7z\"\/><\/svg><\/span><\/span><\/label><input type=\"checkbox\"  id=\"ez-toc-cssicon-toggle-item-69f1d7905736a\"  aria-label=\"Toggle\" \/><nav><ul class='ez-toc-list ez-toc-list-level-1' ><li class='ez-toc-page-1 ez-toc-heading-level-2'><a class=\"ez-toc-link ez-toc-heading-1\" href=\"https:\/\/toukiela.com\/de\/griselda-saison-2-quand-sera-t-elle-disponible-sur-netflix-une-suite-est-elle-prevue\/#Que_sont_devenus_les_personnages_de_Griselda\" >Que sont devenus les personnages de Griselda ?<\/a><\/li><li class='ez-toc-page-1 ez-toc-heading-level-2'><a class=\"ez-toc-link ez-toc-heading-2\" href=\"https:\/\/toukiela.com\/de\/griselda-saison-2-quand-sera-t-elle-disponible-sur-netflix-une-suite-est-elle-prevue\/#Le_destin_de_Papo_Mejia\" >Le destin de Papo Mejia<\/a><\/li><li class='ez-toc-page-1 ez-toc-heading-level-2'><a class=\"ez-toc-link ez-toc-heading-3\" href=\"https:\/\/toukiela.com\/de\/griselda-saison-2-quand-sera-t-elle-disponible-sur-netflix-une-suite-est-elle-prevue\/#Le_parcours_dAmilcar_alias_Rafo_Rodriguez\" >Le parcours d\u2019Amilcar alias Rafo Rodriguez<\/a><\/li><li class='ez-toc-page-1 ez-toc-heading-level-2'><a class=\"ez-toc-link ez-toc-heading-4\" href=\"https:\/\/toukiela.com\/de\/griselda-saison-2-quand-sera-t-elle-disponible-sur-netflix-une-suite-est-elle-prevue\/#La_vie_de_Michael_Corleone_Blanco_apres_Griselda\" >La vie de Michael Corleone Blanco apr\u00e8s Griselda<\/a><\/li><\/ul><\/nav><\/div>\n<h2><span class=\"ez-toc-section\" id=\"Que_sont_devenus_les_personnages_de_Griselda\"><\/span> Que sont devenus les personnages de Griselda ? <span class=\"ez-toc-section-end\"><\/span><\/h2>\n<p> Griselda est une s\u00e9rie qui a captiv\u00e9 les spectateurs avec ses personnages intrigants et ses r\u00e9cits captivants. Mais qu\u2019est-il arriv\u00e9 \u00e0 ces personnages apr\u00e8s la fin de la premi\u00e8re saison ? C\u2019est ce que nous allons d\u00e9couvrir. <\/p>\n<h2><span class=\"ez-toc-section\" id=\"Le_destin_de_Papo_Mejia\"><\/span> Le destin de Papo Mejia <span class=\"ez-toc-section-end\"><\/span><\/h2>\n<p> Un des personnages les plus marquants de la premi\u00e8re saison de Griselda est sans aucun doute <strong> Papo Mejia <\/strong>. Ce personnage complexe a laiss\u00e9 une empreinte ind\u00e9l\u00e9bile dans l\u2019esprit des spectateurs. Mais que fait-il aujourd\u2019hui ? C\u2019est une question qui taraude de nombreux fans de la s\u00e9rie. <\/p>\n<h2><span class=\"ez-toc-section\" id=\"Le_parcours_dAmilcar_alias_Rafo_Rodriguez\"><\/span> Le parcours d\u2019Amilcar alias Rafo Rodriguez <span class=\"ez-toc-section-end\"><\/span><\/h2>\n<p> Un autre personnage qui a marqu\u00e9 la s\u00e9rie est <strong> Amilcar <\/strong>, mieux connu sous son alias de Rafo Rodriguez. Son parcours et son \u00e9volution tout au long de la s\u00e9rie ont \u00e9t\u00e9 fascinants \u00e0 observer. Mais o\u00f9 se trouve-t-il maintenant ? C\u2019est ce que nous allons d\u00e9couvrir. <\/p>\n<h2><span class=\"ez-toc-section\" id=\"La_vie_de_Michael_Corleone_Blanco_apres_Griselda\"><\/span> La vie de Michael Corleone Blanco apr\u00e8s Griselda <span class=\"ez-toc-section-end\"><\/span><\/h2>\n<p> Enfin, nous avons <strong> Michael Corleone Blanco <\/strong>, un personnage qui a su captiver l\u2019attention des spectateurs par son charisme et son histoire unique. Mais que fait-il aujourd\u2019hui, apr\u00e8s la fin de la premi\u00e8re saison de Griselda ? L\u00e0 encore, nous avons fait des recherches pour vous fournir les r\u00e9ponses. <\/p>\n<p> Alors, \u00eates-vous pr\u00eat \u00e0 d\u00e9couvrir ce que sont devenus vos personnages pr\u00e9f\u00e9r\u00e9s de Griselda ? Accrochez-vous, car ce voyage pourrait vous r\u00e9server quelques surprises ! <\/p>","protected":false},"excerpt":{"rendered":"","protected":false},"author":1,"featured_media":9957,"comment_status":"open","ping_status":"open","sticky":false,"template":"","format":"standard","meta":{"_seopress_robots_primary_cat":"","_seopress_titles_title":"","_seopress_titles_desc":"","_seopress_robots_index":"","footnotes":""},"categories":[644],"tags":[],"class_list":["post-9955","post","type-post","status-publish","format-standard","has-post-thumbnail","hentry","category-series","generate-columns","tablet-grid-50","mobile-grid-100","grid-parent","grid-50"],"_links":{"self":[{"href":"https:\/\/toukiela.com\/de\/wp-json\/wp\/v2\/posts\/9955","targetHints":{"allow":["GET"]}}],"collection":[{"href":"https:\/\/toukiela.com\/de\/wp-json\/wp\/v2\/posts"}],"about":[{"href":"https:\/\/toukiela.com\/de\/wp-json\/wp\/v2\/types\/post"}],"author":[{"embeddable":true,"href":"https:\/\/toukiela.com\/de\/wp-json\/wp\/v2\/users\/1"}],"replies":[{"embeddable":true,"href":"https:\/\/toukiela.com\/de\/wp-json\/wp\/v2\/comments?post=9955"}],"version-history":[{"count":1,"href":"https:\/\/toukiela.com\/de\/wp-json\/wp\/v2\/posts\/9955\/revisions"}],"predecessor-version":[{"id":9956,"href":"https:\/\/toukiela.com\/de\/wp-json\/wp\/v2\/posts\/9955\/revisions\/9956"}],"wp:featuredmedia":[{"embeddable":true,"href":"https:\/\/toukiela.com\/de\/wp-json\/wp\/v2\/media\/9957"}],"wp:attachment":[{"href":"https:\/\/toukiela.com\/de\/wp-json\/wp\/v2\/media?parent=9955"}],"wp:term":[{"taxonomy":"category","embeddable":true,"href":"https:\/\/toukiela.com\/de\/wp-json\/wp\/v2\/categories?post=9955"},{"taxonomy":"post_tag","embeddable":true,"href":"https:\/\/toukiela.com\/de\/wp-json\/wp\/v2\/tags?post=9955"}],"curies":[{"name":"wp","href":"https:\/\/api.w.org\/{rel}","templated":true}]}}